{"id":22048,"date":"2022-06-30T19:34:29","date_gmt":"2022-06-30T17:34:29","guid":{"rendered":"https:\/\/7culture.ci\/?p=22048"},"modified":"2022-07-15T12:03:36","modified_gmt":"2022-07-15T10:03:36","slug":"justin-stanislas-est-decede","status":"publish","type":"post","link":"https:\/\/7culture.ci\/index.php\/2022\/06\/30\/justin-stanislas-est-decede\/","title":{"rendered":"Justin Stanislas est d\u00e9c\u00e9d\u00e9\u00a0!"},"content":{"rendered":"\n<p>Encore une page noire pour le show-biz ivoirien g\u00e9n\u00e9ral et la musique ivoirienne en particulier. Justin Stanislas est d\u00e9c\u00e9d\u00e9 ce jeudi 30 juin \u00e0 Paris en France. Juste une semaine jour pour apr\u00e8s le d\u00e9c\u00e8s du chanteur couper-d\u00e9caler Brico DJ. Le doyen surnomm\u00e9 \u00e9galement \u2018\u2019JR\u2019\u2019 pour Justin Rabet souffrait depuis quelques temps et se d\u00e9pla\u00e7ait en fauteuil roulant. Ce qui l\u2019avait \u00e9loign\u00e9 de la sc\u00e8ne. Le mois dernier, son \u00e9pouse Yvonne dite La Marraine de Clignancourt lui avait d\u00e9di\u00e9 une soir\u00e9e d\u2019hommage pour toute sa carri\u00e8re. En 2018, il avait f\u00eat\u00e9 ses 50 ans de musique. Un Jubil\u00e9 d\u2019or c\u00e9l\u00e9br\u00e9 \u00e0 Paris et Abidjan. Pour son cinquantenaire dans la musique, le crooner Justin Stanislas avait sorti un maxi-single baptis\u00e9 &#8220;<em>Merci Seigneur<\/em>&#8220;.<\/p>\n\n\n\n<div class=\"wp-block-image\"><figure class=\"aligncenter size-full is-resized\"><img loading=\"lazy\" decoding=\"async\" src=\"https:\/\/7culture.ci\/wp-content\/uploads\/2022\/06\/justinstanislas1.jpg\" alt=\"\" class=\"wp-image-22050\" width=\"739\" height=\"326\" srcset=\"https:\/\/7culture.ci\/wp-content\/uploads\/2022\/06\/justinstanislas1.jpg 784w, https:\/\/7culture.ci\/wp-content\/uploads\/2022\/06\/justinstanislas1-300x132.jpg 300w, https:\/\/7culture.ci\/wp-content\/uploads\/2022\/06\/justinstanislas1-768x339.jpg 768w\" sizes=\"(max-width: 739px) 100vw, 739px\" \/><\/figure><\/div>\n\n\n\n<p>Justin Stanislas \u00e9tait l\u2019une des meilleures voix de la C\u00f4te d\u2019Ivoire. Bon chanteur \u00e0 l\u2019allure de rocker ou de country-man, on le d\u00e9crivait comme un \u2018\u2019parolier hors-pair\u2019\u2019. Sa carri\u00e8re d\u00e9bute au Liberia avant de s\u2019illustrer en C\u00f4te d\u2019Ivoire avec sa chanson, \u2018<em>\u2019Atomoly-Glac\u00e9<\/em>\u2019\u2019, qui contribuera \u00e0 sa renomm\u00e9e en Afrique de l\u2019ouest entre 1970 et 1971. Justin Stanislas dit \u2018\u2019Ato Bidy\u2019\u2019 fait partie des artistes qui ont impos\u00e9 le Made in C\u00f4te d\u2019Ivoire.<\/p>\n\n\n\n<p>Il est d\u00e9couvert par un membre du label Philips au cours d\u2019une soir\u00e9e des \u00e9tudiants ivoiriens \u00e0 Paris. Philips produit son premier opus, \u2018\u2019<em>Gnia Yohou\u2019\u2019<\/em>, en 1972. Suivront deux autres albums avec la m\u00eame maison de disques qui sont \u2018<em>\u2019Adji ama y\u00e9r\u00e9\u2019\u2019<\/em> et \u2018<em>\u2019Kanon Bra\u2019\u2019<\/em>. Justin Stanislas cr\u00e9e en 1979 son propre label d\u00e9nomm\u00e9 <em>Zomadre Production<\/em>. Le succ\u00e8s est au rendez-vous avec les albums \u2018\u2019Agban\u00e9mi\u2019\u2019 et \u2019\u2019Daloa\u2019\u2019. Il participe \u00e0 de nombreux concerts et divers galas qui cr\u00e9ent le contact avec Robert Nahounou Kor\u00e9 alias Ronako. Ce dernier qui produit le disque \u2018\u2019Hommage \u00e0 Ernesto Dj\u00e9dj\u00e9\u2019\u2019.<\/p>\n\n\n\n<figure class=\"wp-block-image size-full\"><img loading=\"lazy\" decoding=\"async\" width=\"225\" height=\"225\" src=\"https:\/\/7culture.ci\/wp-content\/uploads\/2022\/06\/justinstanislas2.jpg\" alt=\"\" class=\"wp-image-22051\" srcset=\"https:\/\/7culture.ci\/wp-content\/uploads\/2022\/06\/justinstanislas2.jpg 225w, https:\/\/7culture.ci\/wp-content\/uploads\/2022\/06\/justinstanislas2-150x150.jpg 150w\" sizes=\"(max-width: 225px) 100vw, 225px\" \/><\/figure>\n\n\n\n<p>Au d\u00e9but des ann\u00e9es 1990, le crooner rencontre Yvonne Bidy Wassia Rabet dite \u2018\u2019La marraine de Clignancourt\u2019\u2019 qui devient quelque temps son \u00e9pouse. Mais cette rencontre donne un second souffle au chanteur de charme. Le couple monte la structure \u2018\u2019Stanyvo Production\u2019\u2019 et produit les albums \u2018\u2019<em>Dr\u00e9bablini<\/em>\u2019\u2019, \u2018\u2019<em>Ph\u00e9nix<\/em>\u2019\u2019 et \u2018\u2019Le retour de Ph\u00e9nix\u2019\u2019 (en 2010).<\/p>\n\n\n\n<div class=\"wp-block-image\"><figure class=\"aligncenter size-full\"><img loading=\"lazy\" decoding=\"async\" width=\"400\" height=\"400\" src=\"https:\/\/7culture.ci\/wp-content\/uploads\/2022\/06\/justinstanislas4.jpg\" alt=\"\" class=\"wp-image-22052\" srcset=\"https:\/\/7culture.ci\/wp-content\/uploads\/2022\/06\/justinstanislas4.jpg 400w, https:\/\/7culture.ci\/wp-content\/uploads\/2022\/06\/justinstanislas4-300x300.jpg 300w, https:\/\/7culture.ci\/wp-content\/uploads\/2022\/06\/justinstanislas4-150x150.jpg 150w\" sizes=\"(max-width: 400px) 100vw, 400px\" \/><\/figure><\/div>\n\n\n\n<p>Le 23 juillet 2014, l\u2019\u00e9tat de C\u00f4te d\u2019Ivoire \u00e9l\u00e8ve Justin Stanislas au grade de Commandeur de l&#8217;Ordre du m\u00e9rite culturel. Avec son d\u00e9c\u00e8s, la C\u00f4te d\u2019Ivoire perd et le monde culturel perd d\u2019un de leur meilleur ambassadeur.<\/p>\n\n\n\n<p>Par Omar AK<\/p>\n","protected":false},"excerpt":{"rendered":"<p>Encore une page noire pour le show-biz ivoirien g\u00e9n\u00e9ral et la musique ivoirienne en particulier. Justin Stanislas est d\u00e9c\u00e9d\u00e9 ce jeudi 30 juin \u00e0 Paris en France. Juste une semaine jour pour apr\u00e8s le d\u00e9c\u00e8s du chanteur couper-d\u00e9caler Brico DJ. Le doyen surnomm\u00e9 \u00e9galement \u2018\u2019JR\u2019\u2019 pour Justin Rabet souffrait depuis quelques temps et se d\u00e9pla\u00e7ait &hellip;<\/p>\n<p class=\"read-more\"> <a class=\"\" href=\"https:\/\/7culture.ci\/index.php\/2022\/06\/30\/justin-stanislas-est-decede\/\"> <span class=\"screen-reader-text\">Justin Stanislas est d\u00e9c\u00e9d\u00e9\u00a0!<\/span> Lire la suite\u00a0\u00bb<\/a><\/p>\n","protected":false},"author":1,"featured_media":22051,"comment_status":"open","ping_status":"open","sticky":false,"template":"","format":"standard","meta":{"_mi_skip_tracking":false,"_monsterinsights_sitenote_active":false,"_monsterinsights_sitenote_note":"","_monsterinsights_sitenote_category":0,"site-sidebar-layout":"default","site-content-layout":"default","ast-global-header-display":"","ast-main-header-display":"","ast-hfb-above-header-display":"","ast-hfb-below-header-display":"","ast-hfb-mobile-header-display":"","site-post-title":"","ast-breadcrumbs-content":"","ast-featured-img":"","footer-sml-layout":"","theme-transparent-header-meta":"","adv-header-id-meta":"","stick-header-meta":"","header-above-stick-meta":"","header-main-stick-meta":"","header-below-stick-meta":"","footnotes":"","jetpack_publicize_message":"","jetpack_is_tweetstorm":false,"jetpack_publicize_feature_enabled":true},"categories":[1],"tags":[],"jetpack_publicize_connections":[],"acf":[],"aioseo_notices":[],"yoast_head":"<!-- This site is optimized with the Yoast SEO plugin v19.6.1 - https:\/\/yoast.com\/wordpress\/plugins\/seo\/ -->\n<title>Justin Stanislas est d\u00e9c\u00e9d\u00e9\u00a0! -<\/title>\n<meta name=\"robots\" content=\"index, follow, max-snippet:-1, max-image-preview:large, max-video-preview:-1\" \/>\n<link rel=\"canonical\" href=\"https:\/\/7culture.ci\/index.php\/2022\/06\/30\/justin-stanislas-est-decede\/\" \/>\n<meta property=\"og:locale\" content=\"fr_FR\" \/>\n<meta property=\"og:type\" content=\"article\" \/>\n<meta property=\"og:title\" content=\"Justin Stanislas est d\u00e9c\u00e9d\u00e9\u00a0! -\" \/>\n<meta property=\"og:description\" content=\"Encore une page noire pour le show-biz ivoirien g\u00e9n\u00e9ral et la musique ivoirienne en particulier. Justin Stanislas est d\u00e9c\u00e9d\u00e9 ce jeudi 30 juin \u00e0 Paris en France. Juste une semaine jour pour apr\u00e8s le d\u00e9c\u00e8s du chanteur couper-d\u00e9caler Brico DJ. Le doyen surnomm\u00e9 \u00e9galement \u2018\u2019JR\u2019\u2019 pour Justin Rabet souffrait depuis quelques temps et se d\u00e9pla\u00e7ait &hellip; Justin Stanislas est d\u00e9c\u00e9d\u00e9\u00a0! Lire la suite\u00a0\u00bb\" \/>\n<meta property=\"og:url\" content=\"https:\/\/7culture.ci\/index.php\/2022\/06\/30\/justin-stanislas-est-decede\/\" \/>\n<meta property=\"og:site_name\" content=\"7culture\" \/>\n<meta property=\"article:publisher\" content=\"https:\/\/www.facebook.com\/redchefclaude\" \/>\n<meta property=\"article:published_time\" content=\"2022-06-30T17:34:29+00:00\" \/>\n<meta property=\"article:modified_time\" content=\"2022-07-15T10:03:36+00:00\" \/>\n<meta property=\"og:image\" content=\"http:\/\/7culture.ci\/wp-content\/uploads\/2022\/06\/justinstanislas2.jpg\" \/>\n\t<meta property=\"og:image:width\" content=\"225\" \/>\n\t<meta property=\"og:image:height\" content=\"225\" \/>\n\t<meta property=\"og:image:type\" content=\"image\/jpeg\" \/>\n<meta name=\"author\" content=\"7culture2020\" \/>\n<meta name=\"twitter:card\" content=\"summary_large_image\" \/>\n<meta name=\"twitter:creator\" content=\"@7culturec\" \/>\n<meta name=\"twitter:site\" content=\"@7culturec\" \/>\n<meta name=\"twitter:label1\" content=\"\u00c9crit par\" \/>\n\t<meta name=\"twitter:data1\" content=\"7culture2020\" \/>\n\t<meta name=\"twitter:label2\" content=\"Dur\u00e9e de lecture estim\u00e9e\" \/>\n\t<meta name=\"twitter:data2\" content=\"3 minutes\" \/>\n<script type=\"application\/ld+json\" class=\"yoast-schema-graph\">{\"@context\":\"https:\/\/schema.org\",\"@graph\":[{\"@type\":\"Article\",\"@id\":\"https:\/\/7culture.ci\/index.php\/2022\/06\/30\/justin-stanislas-est-decede\/#article\",\"isPartOf\":{\"@id\":\"https:\/\/7culture.ci\/index.php\/2022\/06\/30\/justin-stanislas-est-decede\/\"},\"author\":{\"name\":\"7culture2020\",\"@id\":\"https:\/\/7culture.ci\/#\/schema\/person\/16150d28d7ef66ba788c1f87f28c4426\"},\"headline\":\"Justin Stanislas est d\u00e9c\u00e9d\u00e9\u00a0!\",\"datePublished\":\"2022-06-30T17:34:29+00:00\",\"dateModified\":\"2022-07-15T10:03:36+00:00\",\"mainEntityOfPage\":{\"@id\":\"https:\/\/7culture.ci\/index.php\/2022\/06\/30\/justin-stanislas-est-decede\/\"},\"wordCount\":431,\"commentCount\":0,\"publisher\":{\"@id\":\"https:\/\/7culture.ci\/#organization\"},\"inLanguage\":\"fr-FR\",\"potentialAction\":[{\"@type\":\"CommentAction\",\"name\":\"Comment\",\"target\":[\"https:\/\/7culture.ci\/index.php\/2022\/06\/30\/justin-stanislas-est-decede\/#respond\"]}]},{\"@type\":\"WebPage\",\"@id\":\"https:\/\/7culture.ci\/index.php\/2022\/06\/30\/justin-stanislas-est-decede\/\",\"url\":\"https:\/\/7culture.ci\/index.php\/2022\/06\/30\/justin-stanislas-est-decede\/\",\"name\":\"Justin Stanislas est d\u00e9c\u00e9d\u00e9\u00a0! -\",\"isPartOf\":{\"@id\":\"https:\/\/7culture.ci\/#website\"},\"datePublished\":\"2022-06-30T17:34:29+00:00\",\"dateModified\":\"2022-07-15T10:03:36+00:00\",\"breadcrumb\":{\"@id\":\"https:\/\/7culture.ci\/index.php\/2022\/06\/30\/justin-stanislas-est-decede\/#breadcrumb\"},\"inLanguage\":\"fr-FR\",\"potentialAction\":[{\"@type\":\"ReadAction\",\"target\":[\"https:\/\/7culture.ci\/index.php\/2022\/06\/30\/justin-stanislas-est-decede\/\"]}]},{\"@type\":\"BreadcrumbList\",\"@id\":\"https:\/\/7culture.ci\/index.php\/2022\/06\/30\/justin-stanislas-est-decede\/#breadcrumb\",\"itemListElement\":[{\"@type\":\"ListItem\",\"position\":1,\"name\":\"Accueil\",\"item\":\"https:\/\/7culture.ci\/\"},{\"@type\":\"ListItem\",\"position\":2,\"name\":\"Justin Stanislas est d\u00e9c\u00e9d\u00e9\u00a0!\"}]},{\"@type\":\"WebSite\",\"@id\":\"https:\/\/7culture.ci\/#website\",\"url\":\"https:\/\/7culture.ci\/\",\"name\":\"7culture\",\"description\":\"Tout sur l&#039;actualit\u00e9\",\"publisher\":{\"@id\":\"https:\/\/7culture.ci\/#organization\"},\"potentialAction\":[{\"@type\":\"SearchAction\",\"target\":{\"@type\":\"EntryPoint\",\"urlTemplate\":\"https:\/\/7culture.ci\/?s={search_term_string}\"},\"query-input\":\"required name=search_term_string\"}],\"inLanguage\":\"fr-FR\"},{\"@type\":\"Organization\",\"@id\":\"https:\/\/7culture.ci\/#organization\",\"name\":\"7culture\",\"url\":\"https:\/\/7culture.ci\/\",\"sameAs\":[\"https:\/\/www.facebook.com\/redchefclaude\",\"https:\/\/twitter.com\/7culturec\"],\"logo\":{\"@type\":\"ImageObject\",\"inLanguage\":\"fr-FR\",\"@id\":\"https:\/\/7culture.ci\/#\/schema\/logo\/image\/\",\"url\":\"https:\/\/7culture.ci\/wp-content\/uploads\/2021\/12\/S1a-1.png\",\"contentUrl\":\"https:\/\/7culture.ci\/wp-content\/uploads\/2021\/12\/S1a-1.png\",\"width\":588,\"height\":192,\"caption\":\"7culture\"},\"image\":{\"@id\":\"https:\/\/7culture.ci\/#\/schema\/logo\/image\/\"}},{\"@type\":\"Person\",\"@id\":\"https:\/\/7culture.ci\/#\/schema\/person\/16150d28d7ef66ba788c1f87f28c4426\",\"name\":\"7culture2020\",\"image\":{\"@type\":\"ImageObject\",\"inLanguage\":\"fr-FR\",\"@id\":\"https:\/\/7culture.ci\/#\/schema\/person\/image\/\",\"url\":\"https:\/\/secure.gravatar.com\/avatar\/9a0784f951306c37bcd065f52844ef95?s=96&d=mm&r=g\",\"contentUrl\":\"https:\/\/secure.gravatar.com\/avatar\/9a0784f951306c37bcd065f52844ef95?s=96&d=mm&r=g\",\"caption\":\"7culture2020\"},\"sameAs\":[\"http:\/\/7culture.ci\",\"Claude.kipre\"],\"url\":\"https:\/\/7culture.ci\/index.php\/author\/7culture2020\/\"}]}<\/script>\n<!-- \/ Yoast SEO plugin. -->","yoast_head_json":{"title":"Justin Stanislas est d\u00e9c\u00e9d\u00e9\u00a0! -","robots":{"index":"index","follow":"follow","max-snippet":"max-snippet:-1","max-image-preview":"max-image-preview:large","max-video-preview":"max-video-preview:-1"},"canonical":"https:\/\/7culture.ci\/index.php\/2022\/06\/30\/justin-stanislas-est-decede\/","og_locale":"fr_FR","og_type":"article","og_title":"Justin Stanislas est d\u00e9c\u00e9d\u00e9\u00a0! -","og_description":"Encore une page noire pour le show-biz ivoirien g\u00e9n\u00e9ral et la musique ivoirienne en particulier. Justin Stanislas est d\u00e9c\u00e9d\u00e9 ce jeudi 30 juin \u00e0 Paris en France. Juste une semaine jour pour apr\u00e8s le d\u00e9c\u00e8s du chanteur couper-d\u00e9caler Brico DJ. Le doyen surnomm\u00e9 \u00e9galement \u2018\u2019JR\u2019\u2019 pour Justin Rabet souffrait depuis quelques temps et se d\u00e9pla\u00e7ait &hellip; Justin Stanislas est d\u00e9c\u00e9d\u00e9\u00a0! Lire la suite\u00a0\u00bb","og_url":"https:\/\/7culture.ci\/index.php\/2022\/06\/30\/justin-stanislas-est-decede\/","og_site_name":"7culture","article_publisher":"https:\/\/www.facebook.com\/redchefclaude","article_published_time":"2022-06-30T17:34:29+00:00","article_modified_time":"2022-07-15T10:03:36+00:00","og_image":[{"width":225,"height":225,"url":"http:\/\/7culture.ci\/wp-content\/uploads\/2022\/06\/justinstanislas2.jpg","type":"image\/jpeg"}],"author":"7culture2020","twitter_card":"summary_large_image","twitter_creator":"@7culturec","twitter_site":"@7culturec","twitter_misc":{"\u00c9crit par":"7culture2020","Dur\u00e9e de lecture estim\u00e9e":"3 minutes"},"schema":{"@context":"https:\/\/schema.org","@graph":[{"@type":"Article","@id":"https:\/\/7culture.ci\/index.php\/2022\/06\/30\/justin-stanislas-est-decede\/#article","isPartOf":{"@id":"https:\/\/7culture.ci\/index.php\/2022\/06\/30\/justin-stanislas-est-decede\/"},"author":{"name":"7culture2020","@id":"https:\/\/7culture.ci\/#\/schema\/person\/16150d28d7ef66ba788c1f87f28c4426"},"headline":"Justin Stanislas est d\u00e9c\u00e9d\u00e9\u00a0!","datePublished":"2022-06-30T17:34:29+00:00","dateModified":"2022-07-15T10:03:36+00:00","mainEntityOfPage":{"@id":"https:\/\/7culture.ci\/index.php\/2022\/06\/30\/justin-stanislas-est-decede\/"},"wordCount":431,"commentCount":0,"publisher":{"@id":"https:\/\/7culture.ci\/#organization"},"inLanguage":"fr-FR","potentialAction":[{"@type":"CommentAction","name":"Comment","target":["https:\/\/7culture.ci\/index.php\/2022\/06\/30\/justin-stanislas-est-decede\/#respond"]}]},{"@type":"WebPage","@id":"https:\/\/7culture.ci\/index.php\/2022\/06\/30\/justin-stanislas-est-decede\/","url":"https:\/\/7culture.ci\/index.php\/2022\/06\/30\/justin-stanislas-est-decede\/","name":"Justin Stanislas est d\u00e9c\u00e9d\u00e9\u00a0! -","isPartOf":{"@id":"https:\/\/7culture.ci\/#website"},"datePublished":"2022-06-30T17:34:29+00:00","dateModified":"2022-07-15T10:03:36+00:00","breadcrumb":{"@id":"https:\/\/7culture.ci\/index.php\/2022\/06\/30\/justin-stanislas-est-decede\/#breadcrumb"},"inLanguage":"fr-FR","potentialAction":[{"@type":"ReadAction","target":["https:\/\/7culture.ci\/index.php\/2022\/06\/30\/justin-stanislas-est-decede\/"]}]},{"@type":"BreadcrumbList","@id":"https:\/\/7culture.ci\/index.php\/2022\/06\/30\/justin-stanislas-est-decede\/#breadcrumb","itemListElement":[{"@type":"ListItem","position":1,"name":"Accueil","item":"https:\/\/7culture.ci\/"},{"@type":"ListItem","position":2,"name":"Justin Stanislas est d\u00e9c\u00e9d\u00e9\u00a0!"}]},{"@type":"WebSite","@id":"https:\/\/7culture.ci\/#website","url":"https:\/\/7culture.ci\/","name":"7culture","description":"Tout sur l&#039;actualit\u00e9","publisher":{"@id":"https:\/\/7culture.ci\/#organization"},"potentialAction":[{"@type":"SearchAction","target":{"@type":"EntryPoint","urlTemplate":"https:\/\/7culture.ci\/?s={search_term_string}"},"query-input":"required name=search_term_string"}],"inLanguage":"fr-FR"},{"@type":"Organization","@id":"https:\/\/7culture.ci\/#organization","name":"7culture","url":"https:\/\/7culture.ci\/","sameAs":["https:\/\/www.facebook.com\/redchefclaude","https:\/\/twitter.com\/7culturec"],"logo":{"@type":"ImageObject","inLanguage":"fr-FR","@id":"https:\/\/7culture.ci\/#\/schema\/logo\/image\/","url":"https:\/\/7culture.ci\/wp-content\/uploads\/2021\/12\/S1a-1.png","contentUrl":"https:\/\/7culture.ci\/wp-content\/uploads\/2021\/12\/S1a-1.png","width":588,"height":192,"caption":"7culture"},"image":{"@id":"https:\/\/7culture.ci\/#\/schema\/logo\/image\/"}},{"@type":"Person","@id":"https:\/\/7culture.ci\/#\/schema\/person\/16150d28d7ef66ba788c1f87f28c4426","name":"7culture2020","image":{"@type":"ImageObject","inLanguage":"fr-FR","@id":"https:\/\/7culture.ci\/#\/schema\/person\/image\/","url":"https:\/\/secure.gravatar.com\/avatar\/9a0784f951306c37bcd065f52844ef95?s=96&d=mm&r=g","contentUrl":"https:\/\/secure.gravatar.com\/avatar\/9a0784f951306c37bcd065f52844ef95?s=96&d=mm&r=g","caption":"7culture2020"},"sameAs":["http:\/\/7culture.ci","Claude.kipre"],"url":"https:\/\/7culture.ci\/index.php\/author\/7culture2020\/"}]}},"jetpack_featured_media_url":"https:\/\/7culture.ci\/wp-content\/uploads\/2022\/06\/justinstanislas2.jpg","jetpack_likes_enabled":true,"jetpack_sharing_enabled":true,"_links":{"self":[{"href":"https:\/\/7culture.ci\/index.php\/wp-json\/wp\/v2\/posts\/22048"}],"collection":[{"href":"https:\/\/7culture.ci\/index.php\/wp-json\/wp\/v2\/posts"}],"about":[{"href":"https:\/\/7culture.ci\/index.php\/wp-json\/wp\/v2\/types\/post"}],"author":[{"embeddable":true,"href":"https:\/\/7culture.ci\/index.php\/wp-json\/wp\/v2\/users\/1"}],"replies":[{"embeddable":true,"href":"https:\/\/7culture.ci\/index.php\/wp-json\/wp\/v2\/comments?post=22048"}],"version-history":[{"count":0,"href":"https:\/\/7culture.ci\/index.php\/wp-json\/wp\/v2\/posts\/22048\/revisions"}],"wp:featuredmedia":[{"embeddable":true,"href":"https:\/\/7culture.ci\/index.php\/wp-json\/wp\/v2\/media\/22051"}],"wp:attachment":[{"href":"https:\/\/7culture.ci\/index.php\/wp-json\/wp\/v2\/media?parent=22048"}],"wp:term":[{"taxonomy":"category","embeddable":true,"href":"https:\/\/7culture.ci\/index.php\/wp-json\/wp\/v2\/categories?post=22048"},{"taxonomy":"post_tag","embeddable":true,"href":"https:\/\/7culture.ci\/index.php\/wp-json\/wp\/v2\/tags?post=22048"}],"curies":[{"name":"wp","href":"https:\/\/api.w.org\/{rel}","templated":true}]}}