{"id":22039,"date":"2022-06-30T12:40:05","date_gmt":"2022-06-30T10:40:05","guid":{"rendered":"https:\/\/7culture.ci\/?p=22039"},"modified":"2022-06-30T19:35:35","modified_gmt":"2022-06-30T17:35:35","slug":"etats-unis-la-descente-aux-enfers-pour-r-kelly","status":"publish","type":"post","link":"https:\/\/7culture.ci\/index.php\/2022\/06\/30\/etats-unis-la-descente-aux-enfers-pour-r-kelly\/","title":{"rendered":"\u00c9tats-Unis : la descente aux enfers pour R. Kelly"},"content":{"rendered":"\n<p><strong><em>D\u00c9CH\u00c9ANCE: Il a \u00e9t\u00e9 condamn\u00e9 \u00e0 30 ans de prison pour des faits qui se sont produits entre 1994 et 2018<\/em><\/strong><\/p>\n\n\n\n<p>La star am\u00e9ricaine d\u00e9chue du R&amp;B, R. Kelly, reconnue coupable en septembre 2021 \u00e0 New York d\u2019avoir dirig\u00e9 pendant des ann\u00e9es un \u2018\u2019syst\u00e8me\u2019\u2019 d\u2019exploitation sexuelle de jeunes, dont des adolescentes, a \u00e9t\u00e9 condamn\u00e9e mercredi \u00e0 trente ans de prison.<\/p>\n\n\n\n<p>Cette lourde peine contre le chanteur de 55 ans a \u00e9t\u00e9 prononc\u00e9e par le tribunal f\u00e9d\u00e9ral de Brooklyn, l\u00e0 o\u00f9 son proc\u00e8s il y a neuf mois avait lev\u00e9 le voile sur la question des crimes sexuels au sein de la communaut\u00e9 noire aux Etats-Unis.<\/p>\n\n\n\n<p>D\u2019apr\u00e8s des journalistes pr\u00e9sents \u00e0 l\u2019audience, le chanteur mondialement connu pour son tube \u2018<em>\u2019I Believe I Can Fly\u2019\u2019<\/em> n\u2019a pas dit un mot \u00e0 l\u2019\u00e9nonc\u00e9 du verdict.<\/p>\n\n\n\n<p>Dans leur dernier r\u00e9quisitoire, les procureurs f\u00e9d\u00e9raux r\u00e9clamaient au moins vingt-cinq ann\u00e9es de r\u00e9clusion criminelle en raison du \u2018\u2019danger\u2019\u2019 que repr\u00e9senterait R. Kelly, de son vrai nom Robert Kelly, pour ses victimes et pour l\u2019opinion publique. Le parquet am\u00e9ricain a estim\u00e9 qu\u2019il \u00e9tait \u00ab <strong><em>un impudent, un manipulateur, dans le contr\u00f4le et la coercition, ne montrant aucun signe de remords ou de respect de la loi<\/em><\/strong> \u00bb.<\/p>\n\n\n\n<div class=\"wp-block-image\"><figure class=\"aligncenter size-full is-resized\"><img loading=\"lazy\" decoding=\"async\" src=\"https:\/\/7culture.ci\/wp-content\/uploads\/2022\/06\/r-kelly1.jpg\" alt=\"\" class=\"wp-image-22042\" width=\"791\" height=\"399\"\/><\/figure><\/div>\n\n\n\n<p><strong>\u00ab Un pr\u00e9dateur \u00bb<\/strong><\/p>\n\n\n\n<p>Durant les six semaines de proc\u00e8s en ao\u00fbt et septembre derniers, le chanteur d\u00e9chu avait \u00e9t\u00e9 d\u00e9peint par l\u2019accusation en \u00ab <strong><em>criminel, pr\u00e9dateur<\/em><\/strong> \u00bb. Neuf femmes et deux hommes l\u2019avaient accus\u00e9 d\u2019avoir abus\u00e9 d\u2019eux sexuellement, d\u00e9crivant des viols, des prises de drogues forc\u00e9es, des situations d\u2019emprisonnement ou encore des faits de p\u00e9dopornographie.<\/p>\n\n\n\n<p>L\u2019homme, qui a racont\u00e9 avoir \u00e9t\u00e9 viol\u00e9 quand il avait huit ans, a \u00e9t\u00e9 reconnu coupable fin septembre 2021 de tous les chefs d\u2019inculpation : extorsion, exploitation sexuelle de mineur, enl\u00e8vement, trafic, corruption et travail forc\u00e9, sur une p\u00e9riode allant de 1994 \u00e0 2018.<\/p>\n\n\n\n<div class=\"wp-block-image\"><figure class=\"aligncenter size-large is-resized\"><img loading=\"lazy\" decoding=\"async\" src=\"https:\/\/7culture.ci\/wp-content\/uploads\/2022\/06\/r-kelly3-1024x683.jpg\" alt=\"\" class=\"wp-image-22043\" width=\"579\" height=\"386\" srcset=\"https:\/\/7culture.ci\/wp-content\/uploads\/2022\/06\/r-kelly3-1024x683.jpg 1024w, https:\/\/7culture.ci\/wp-content\/uploads\/2022\/06\/r-kelly3-300x200.jpg 300w, https:\/\/7culture.ci\/wp-content\/uploads\/2022\/06\/r-kelly3-768x512.jpg 768w, https:\/\/7culture.ci\/wp-content\/uploads\/2022\/06\/r-kelly3-1536x1024.jpg 1536w, https:\/\/7culture.ci\/wp-content\/uploads\/2022\/06\/r-kelly3-2048x1366.jpg 2048w\" sizes=\"(max-width: 579px) 100vw, 579px\" \/><\/figure><\/div>\n\n\n\n<p><strong>Face aux accusations, le silence<\/strong><\/p>\n\n\n\n<p>Tout au long de son proc\u00e8s, l\u2019ex-\u00e9toile afro-am\u00e9ricaine du R&amp;B \u00e9tait rest\u00e9e mutique, et n\u2019avait pas manifest\u00e9 d\u2019\u00e9motion particuli\u00e8re \u00e0 l\u2019\u00e9nonc\u00e9 de sa culpabilit\u00e9, se contentant de baisser la t\u00eate et de fermer les yeux. D\u00e9j\u00e0 en d\u00e9tention et dans l\u2019attente d\u2019un autre proc\u00e8s f\u00e9d\u00e9ral \u00e0 Chicago en ao\u00fbt, R. Kelly esp\u00e9rait via ses avocats une peine maximale \u00e0 New York de dix-sept ans de r\u00e9clusion.<\/p>\n\n\n\n<p>Ce proc\u00e8s a \u00e9t\u00e9 consid\u00e9r\u00e9 comme une \u00e9tape majeure du mouvement #MeToo : c\u2019\u00e9tait la premi\u00e8re fois\u2026 La suite <strong><a href=\"https:\/\/www.20minutes.fr\/monde\/3317887-20220629-etats-unis-chanteur-r-kelly-condamne-trente-ans-prison-crimes-sexuels\">ICI.<\/a><\/strong><\/p>\n","protected":false},"excerpt":{"rendered":"<p>D\u00c9CH\u00c9ANCE: Il a \u00e9t\u00e9 condamn\u00e9 \u00e0 30 ans de prison pour des faits qui se sont produits entre 1994 et 2018 La star am\u00e9ricaine d\u00e9chue du R&amp;B, R. Kelly, reconnue coupable en septembre 2021 \u00e0 New York d\u2019avoir dirig\u00e9 pendant des ann\u00e9es un \u2018\u2019syst\u00e8me\u2019\u2019 d\u2019exploitation sexuelle de jeunes, dont des adolescentes, a \u00e9t\u00e9 condamn\u00e9e mercredi &hellip;<\/p>\n<p class=\"read-more\"> <a class=\"\" href=\"https:\/\/7culture.ci\/index.php\/2022\/06\/30\/etats-unis-la-descente-aux-enfers-pour-r-kelly\/\"> <span class=\"screen-reader-text\">\u00c9tats-Unis : la descente aux enfers pour R. Kelly<\/span> Lire la suite\u00a0\u00bb<\/a><\/p>\n","protected":false},"author":1,"featured_media":22041,"comment_status":"open","ping_status":"open","sticky":false,"template":"","format":"standard","meta":{"_mi_skip_tracking":false,"_monsterinsights_sitenote_active":false,"_monsterinsights_sitenote_note":"","_monsterinsights_sitenote_category":0,"site-sidebar-layout":"default","site-content-layout":"default","ast-global-header-display":"","ast-main-header-display":"","ast-hfb-above-header-display":"","ast-hfb-below-header-display":"","ast-hfb-mobile-header-display":"","site-post-title":"","ast-breadcrumbs-content":"","ast-featured-img":"","footer-sml-layout":"","theme-transparent-header-meta":"","adv-header-id-meta":"","stick-header-meta":"","header-above-stick-meta":"","header-main-stick-meta":"","header-below-stick-meta":"","footnotes":"","jetpack_publicize_message":"","jetpack_is_tweetstorm":false,"jetpack_publicize_feature_enabled":true},"categories":[22],"tags":[],"jetpack_publicize_connections":[],"acf":[],"aioseo_notices":[],"yoast_head":"<!-- This site is optimized with the Yoast SEO plugin v19.6.1 - https:\/\/yoast.com\/wordpress\/plugins\/seo\/ -->\n<title>\u00c9tats-Unis : la descente aux enfers pour R. Kelly -<\/title>\n<meta name=\"robots\" content=\"index, follow, max-snippet:-1, max-image-preview:large, max-video-preview:-1\" \/>\n<link rel=\"canonical\" href=\"https:\/\/7culture.ci\/index.php\/2022\/06\/30\/etats-unis-la-descente-aux-enfers-pour-r-kelly\/\" \/>\n<meta property=\"og:locale\" content=\"fr_FR\" \/>\n<meta property=\"og:type\" content=\"article\" \/>\n<meta property=\"og:title\" content=\"\u00c9tats-Unis : la descente aux enfers pour R. Kelly -\" \/>\n<meta property=\"og:description\" content=\"D\u00c9CH\u00c9ANCE: Il a \u00e9t\u00e9 condamn\u00e9 \u00e0 30 ans de prison pour des faits qui se sont produits entre 1994 et 2018 La star am\u00e9ricaine d\u00e9chue du R&amp;B, R. Kelly, reconnue coupable en septembre 2021 \u00e0 New York d\u2019avoir dirig\u00e9 pendant des ann\u00e9es un \u2018\u2019syst\u00e8me\u2019\u2019 d\u2019exploitation sexuelle de jeunes, dont des adolescentes, a \u00e9t\u00e9 condamn\u00e9e mercredi &hellip; \u00c9tats-Unis : la descente aux enfers pour R. Kelly Lire la suite\u00a0\u00bb\" \/>\n<meta property=\"og:url\" content=\"https:\/\/7culture.ci\/index.php\/2022\/06\/30\/etats-unis-la-descente-aux-enfers-pour-r-kelly\/\" \/>\n<meta property=\"og:site_name\" content=\"7culture\" \/>\n<meta property=\"article:publisher\" content=\"https:\/\/www.facebook.com\/redchefclaude\" \/>\n<meta property=\"article:published_time\" content=\"2022-06-30T10:40:05+00:00\" \/>\n<meta property=\"article:modified_time\" content=\"2022-06-30T17:35:35+00:00\" \/>\n<meta property=\"og:image\" content=\"http:\/\/7culture.ci\/wp-content\/uploads\/2022\/06\/r-kelly2.jpg\" \/>\n\t<meta property=\"og:image:width\" content=\"1198\" \/>\n\t<meta property=\"og:image:height\" content=\"680\" \/>\n\t<meta property=\"og:image:type\" content=\"image\/jpeg\" \/>\n<meta name=\"author\" content=\"7culture2020\" \/>\n<meta name=\"twitter:card\" content=\"summary_large_image\" \/>\n<meta name=\"twitter:creator\" content=\"@7culturec\" \/>\n<meta name=\"twitter:site\" content=\"@7culturec\" \/>\n<meta name=\"twitter:label1\" content=\"\u00c9crit par\" \/>\n\t<meta name=\"twitter:data1\" content=\"7culture2020\" \/>\n\t<meta name=\"twitter:label2\" content=\"Dur\u00e9e de lecture estim\u00e9e\" \/>\n\t<meta name=\"twitter:data2\" content=\"3 minutes\" \/>\n<script type=\"application\/ld+json\" class=\"yoast-schema-graph\">{\"@context\":\"https:\/\/schema.org\",\"@graph\":[{\"@type\":\"Article\",\"@id\":\"https:\/\/7culture.ci\/index.php\/2022\/06\/30\/etats-unis-la-descente-aux-enfers-pour-r-kelly\/#article\",\"isPartOf\":{\"@id\":\"https:\/\/7culture.ci\/index.php\/2022\/06\/30\/etats-unis-la-descente-aux-enfers-pour-r-kelly\/\"},\"author\":{\"name\":\"7culture2020\",\"@id\":\"https:\/\/7culture.ci\/#\/schema\/person\/16150d28d7ef66ba788c1f87f28c4426\"},\"headline\":\"\u00c9tats-Unis : la descente aux enfers pour R. Kelly\",\"datePublished\":\"2022-06-30T10:40:05+00:00\",\"dateModified\":\"2022-06-30T17:35:35+00:00\",\"mainEntityOfPage\":{\"@id\":\"https:\/\/7culture.ci\/index.php\/2022\/06\/30\/etats-unis-la-descente-aux-enfers-pour-r-kelly\/\"},\"wordCount\":449,\"commentCount\":0,\"publisher\":{\"@id\":\"https:\/\/7culture.ci\/#organization\"},\"articleSection\":[\"Actualit\u00e9\"],\"inLanguage\":\"fr-FR\",\"potentialAction\":[{\"@type\":\"CommentAction\",\"name\":\"Comment\",\"target\":[\"https:\/\/7culture.ci\/index.php\/2022\/06\/30\/etats-unis-la-descente-aux-enfers-pour-r-kelly\/#respond\"]}]},{\"@type\":\"WebPage\",\"@id\":\"https:\/\/7culture.ci\/index.php\/2022\/06\/30\/etats-unis-la-descente-aux-enfers-pour-r-kelly\/\",\"url\":\"https:\/\/7culture.ci\/index.php\/2022\/06\/30\/etats-unis-la-descente-aux-enfers-pour-r-kelly\/\",\"name\":\"\u00c9tats-Unis : la descente aux enfers pour R. Kelly -\",\"isPartOf\":{\"@id\":\"https:\/\/7culture.ci\/#website\"},\"datePublished\":\"2022-06-30T10:40:05+00:00\",\"dateModified\":\"2022-06-30T17:35:35+00:00\",\"breadcrumb\":{\"@id\":\"https:\/\/7culture.ci\/index.php\/2022\/06\/30\/etats-unis-la-descente-aux-enfers-pour-r-kelly\/#breadcrumb\"},\"inLanguage\":\"fr-FR\",\"potentialAction\":[{\"@type\":\"ReadAction\",\"target\":[\"https:\/\/7culture.ci\/index.php\/2022\/06\/30\/etats-unis-la-descente-aux-enfers-pour-r-kelly\/\"]}]},{\"@type\":\"BreadcrumbList\",\"@id\":\"https:\/\/7culture.ci\/index.php\/2022\/06\/30\/etats-unis-la-descente-aux-enfers-pour-r-kelly\/#breadcrumb\",\"itemListElement\":[{\"@type\":\"ListItem\",\"position\":1,\"name\":\"Accueil\",\"item\":\"https:\/\/7culture.ci\/\"},{\"@type\":\"ListItem\",\"position\":2,\"name\":\"\u00c9tats-Unis : la descente aux enfers pour R. Kelly\"}]},{\"@type\":\"WebSite\",\"@id\":\"https:\/\/7culture.ci\/#website\",\"url\":\"https:\/\/7culture.ci\/\",\"name\":\"7culture\",\"description\":\"Tout sur l&#039;actualit\u00e9\",\"publisher\":{\"@id\":\"https:\/\/7culture.ci\/#organization\"},\"potentialAction\":[{\"@type\":\"SearchAction\",\"target\":{\"@type\":\"EntryPoint\",\"urlTemplate\":\"https:\/\/7culture.ci\/?s={search_term_string}\"},\"query-input\":\"required name=search_term_string\"}],\"inLanguage\":\"fr-FR\"},{\"@type\":\"Organization\",\"@id\":\"https:\/\/7culture.ci\/#organization\",\"name\":\"7culture\",\"url\":\"https:\/\/7culture.ci\/\",\"sameAs\":[\"https:\/\/www.facebook.com\/redchefclaude\",\"https:\/\/twitter.com\/7culturec\"],\"logo\":{\"@type\":\"ImageObject\",\"inLanguage\":\"fr-FR\",\"@id\":\"https:\/\/7culture.ci\/#\/schema\/logo\/image\/\",\"url\":\"https:\/\/7culture.ci\/wp-content\/uploads\/2021\/12\/S1a-1.png\",\"contentUrl\":\"https:\/\/7culture.ci\/wp-content\/uploads\/2021\/12\/S1a-1.png\",\"width\":588,\"height\":192,\"caption\":\"7culture\"},\"image\":{\"@id\":\"https:\/\/7culture.ci\/#\/schema\/logo\/image\/\"}},{\"@type\":\"Person\",\"@id\":\"https:\/\/7culture.ci\/#\/schema\/person\/16150d28d7ef66ba788c1f87f28c4426\",\"name\":\"7culture2020\",\"image\":{\"@type\":\"ImageObject\",\"inLanguage\":\"fr-FR\",\"@id\":\"https:\/\/7culture.ci\/#\/schema\/person\/image\/\",\"url\":\"https:\/\/secure.gravatar.com\/avatar\/9a0784f951306c37bcd065f52844ef95?s=96&d=mm&r=g\",\"contentUrl\":\"https:\/\/secure.gravatar.com\/avatar\/9a0784f951306c37bcd065f52844ef95?s=96&d=mm&r=g\",\"caption\":\"7culture2020\"},\"sameAs\":[\"http:\/\/7culture.ci\",\"Claude.kipre\"],\"url\":\"https:\/\/7culture.ci\/index.php\/author\/7culture2020\/\"}]}<\/script>\n<!-- \/ Yoast SEO plugin. -->","yoast_head_json":{"title":"\u00c9tats-Unis : la descente aux enfers pour R. Kelly -","robots":{"index":"index","follow":"follow","max-snippet":"max-snippet:-1","max-image-preview":"max-image-preview:large","max-video-preview":"max-video-preview:-1"},"canonical":"https:\/\/7culture.ci\/index.php\/2022\/06\/30\/etats-unis-la-descente-aux-enfers-pour-r-kelly\/","og_locale":"fr_FR","og_type":"article","og_title":"\u00c9tats-Unis : la descente aux enfers pour R. Kelly -","og_description":"D\u00c9CH\u00c9ANCE: Il a \u00e9t\u00e9 condamn\u00e9 \u00e0 30 ans de prison pour des faits qui se sont produits entre 1994 et 2018 La star am\u00e9ricaine d\u00e9chue du R&amp;B, R. Kelly, reconnue coupable en septembre 2021 \u00e0 New York d\u2019avoir dirig\u00e9 pendant des ann\u00e9es un \u2018\u2019syst\u00e8me\u2019\u2019 d\u2019exploitation sexuelle de jeunes, dont des adolescentes, a \u00e9t\u00e9 condamn\u00e9e mercredi &hellip; \u00c9tats-Unis : la descente aux enfers pour R. Kelly Lire la suite\u00a0\u00bb","og_url":"https:\/\/7culture.ci\/index.php\/2022\/06\/30\/etats-unis-la-descente-aux-enfers-pour-r-kelly\/","og_site_name":"7culture","article_publisher":"https:\/\/www.facebook.com\/redchefclaude","article_published_time":"2022-06-30T10:40:05+00:00","article_modified_time":"2022-06-30T17:35:35+00:00","og_image":[{"width":1198,"height":680,"url":"http:\/\/7culture.ci\/wp-content\/uploads\/2022\/06\/r-kelly2.jpg","type":"image\/jpeg"}],"author":"7culture2020","twitter_card":"summary_large_image","twitter_creator":"@7culturec","twitter_site":"@7culturec","twitter_misc":{"\u00c9crit par":"7culture2020","Dur\u00e9e de lecture estim\u00e9e":"3 minutes"},"schema":{"@context":"https:\/\/schema.org","@graph":[{"@type":"Article","@id":"https:\/\/7culture.ci\/index.php\/2022\/06\/30\/etats-unis-la-descente-aux-enfers-pour-r-kelly\/#article","isPartOf":{"@id":"https:\/\/7culture.ci\/index.php\/2022\/06\/30\/etats-unis-la-descente-aux-enfers-pour-r-kelly\/"},"author":{"name":"7culture2020","@id":"https:\/\/7culture.ci\/#\/schema\/person\/16150d28d7ef66ba788c1f87f28c4426"},"headline":"\u00c9tats-Unis : la descente aux enfers pour R. Kelly","datePublished":"2022-06-30T10:40:05+00:00","dateModified":"2022-06-30T17:35:35+00:00","mainEntityOfPage":{"@id":"https:\/\/7culture.ci\/index.php\/2022\/06\/30\/etats-unis-la-descente-aux-enfers-pour-r-kelly\/"},"wordCount":449,"commentCount":0,"publisher":{"@id":"https:\/\/7culture.ci\/#organization"},"articleSection":["Actualit\u00e9"],"inLanguage":"fr-FR","potentialAction":[{"@type":"CommentAction","name":"Comment","target":["https:\/\/7culture.ci\/index.php\/2022\/06\/30\/etats-unis-la-descente-aux-enfers-pour-r-kelly\/#respond"]}]},{"@type":"WebPage","@id":"https:\/\/7culture.ci\/index.php\/2022\/06\/30\/etats-unis-la-descente-aux-enfers-pour-r-kelly\/","url":"https:\/\/7culture.ci\/index.php\/2022\/06\/30\/etats-unis-la-descente-aux-enfers-pour-r-kelly\/","name":"\u00c9tats-Unis : la descente aux enfers pour R. Kelly -","isPartOf":{"@id":"https:\/\/7culture.ci\/#website"},"datePublished":"2022-06-30T10:40:05+00:00","dateModified":"2022-06-30T17:35:35+00:00","breadcrumb":{"@id":"https:\/\/7culture.ci\/index.php\/2022\/06\/30\/etats-unis-la-descente-aux-enfers-pour-r-kelly\/#breadcrumb"},"inLanguage":"fr-FR","potentialAction":[{"@type":"ReadAction","target":["https:\/\/7culture.ci\/index.php\/2022\/06\/30\/etats-unis-la-descente-aux-enfers-pour-r-kelly\/"]}]},{"@type":"BreadcrumbList","@id":"https:\/\/7culture.ci\/index.php\/2022\/06\/30\/etats-unis-la-descente-aux-enfers-pour-r-kelly\/#breadcrumb","itemListElement":[{"@type":"ListItem","position":1,"name":"Accueil","item":"https:\/\/7culture.ci\/"},{"@type":"ListItem","position":2,"name":"\u00c9tats-Unis : la descente aux enfers pour R. Kelly"}]},{"@type":"WebSite","@id":"https:\/\/7culture.ci\/#website","url":"https:\/\/7culture.ci\/","name":"7culture","description":"Tout sur l&#039;actualit\u00e9","publisher":{"@id":"https:\/\/7culture.ci\/#organization"},"potentialAction":[{"@type":"SearchAction","target":{"@type":"EntryPoint","urlTemplate":"https:\/\/7culture.ci\/?s={search_term_string}"},"query-input":"required name=search_term_string"}],"inLanguage":"fr-FR"},{"@type":"Organization","@id":"https:\/\/7culture.ci\/#organization","name":"7culture","url":"https:\/\/7culture.ci\/","sameAs":["https:\/\/www.facebook.com\/redchefclaude","https:\/\/twitter.com\/7culturec"],"logo":{"@type":"ImageObject","inLanguage":"fr-FR","@id":"https:\/\/7culture.ci\/#\/schema\/logo\/image\/","url":"https:\/\/7culture.ci\/wp-content\/uploads\/2021\/12\/S1a-1.png","contentUrl":"https:\/\/7culture.ci\/wp-content\/uploads\/2021\/12\/S1a-1.png","width":588,"height":192,"caption":"7culture"},"image":{"@id":"https:\/\/7culture.ci\/#\/schema\/logo\/image\/"}},{"@type":"Person","@id":"https:\/\/7culture.ci\/#\/schema\/person\/16150d28d7ef66ba788c1f87f28c4426","name":"7culture2020","image":{"@type":"ImageObject","inLanguage":"fr-FR","@id":"https:\/\/7culture.ci\/#\/schema\/person\/image\/","url":"https:\/\/secure.gravatar.com\/avatar\/9a0784f951306c37bcd065f52844ef95?s=96&d=mm&r=g","contentUrl":"https:\/\/secure.gravatar.com\/avatar\/9a0784f951306c37bcd065f52844ef95?s=96&d=mm&r=g","caption":"7culture2020"},"sameAs":["http:\/\/7culture.ci","Claude.kipre"],"url":"https:\/\/7culture.ci\/index.php\/author\/7culture2020\/"}]}},"jetpack_featured_media_url":"https:\/\/7culture.ci\/wp-content\/uploads\/2022\/06\/r-kelly2.jpg","jetpack_likes_enabled":true,"jetpack_sharing_enabled":true,"_links":{"self":[{"href":"https:\/\/7culture.ci\/index.php\/wp-json\/wp\/v2\/posts\/22039"}],"collection":[{"href":"https:\/\/7culture.ci\/index.php\/wp-json\/wp\/v2\/posts"}],"about":[{"href":"https:\/\/7culture.ci\/index.php\/wp-json\/wp\/v2\/types\/post"}],"author":[{"embeddable":true,"href":"https:\/\/7culture.ci\/index.php\/wp-json\/wp\/v2\/users\/1"}],"replies":[{"embeddable":true,"href":"https:\/\/7culture.ci\/index.php\/wp-json\/wp\/v2\/comments?post=22039"}],"version-history":[{"count":0,"href":"https:\/\/7culture.ci\/index.php\/wp-json\/wp\/v2\/posts\/22039\/revisions"}],"wp:featuredmedia":[{"embeddable":true,"href":"https:\/\/7culture.ci\/index.php\/wp-json\/wp\/v2\/media\/22041"}],"wp:attachment":[{"href":"https:\/\/7culture.ci\/index.php\/wp-json\/wp\/v2\/media?parent=22039"}],"wp:term":[{"taxonomy":"category","embeddable":true,"href":"https:\/\/7culture.ci\/index.php\/wp-json\/wp\/v2\/categories?post=22039"},{"taxonomy":"post_tag","embeddable":true,"href":"https:\/\/7culture.ci\/index.php\/wp-json\/wp\/v2\/tags?post=22039"}],"curies":[{"name":"wp","href":"https:\/\/api.w.org\/{rel}","templated":true}]}}