{"id":22007,"date":"2022-06-29T12:38:18","date_gmt":"2022-06-29T10:38:18","guid":{"rendered":"https:\/\/7culture.ci\/?p=22007"},"modified":"2022-06-29T17:37:57","modified_gmt":"2022-06-29T15:37:57","slug":"le-rappeur-francais-kaaris-quitte-sa-femme","status":"publish","type":"post","link":"https:\/\/7culture.ci\/index.php\/2022\/06\/29\/le-rappeur-francais-kaaris-quitte-sa-femme\/","title":{"rendered":"Le rappeur fran\u00e7ais Kaaris quitte sa femme"},"content":{"rendered":"\n<p>Apr\u00e8s 14 ans de vie commune, le rappeur fran\u00e7ais d\u2019origine ivoirienne, Kaaris quitte sa femme pour la m\u00e8re de son deuxi\u00e8me enfant.&nbsp;<\/p>\n\n\n\n<p>Alors que l\u2019information fait pol\u00e9mique sur la toile, Linda est sortie de son silence pour d\u00e9noncer ce qu\u2019elle endure depuis quelques ann\u00e9es. <strong>\u00ab C\u2019est triste de voir qu\u2019apr\u00e8s tant de mois et tant de patience et suite \u00e0 une \u00e9ni\u00e8me manipulation, je me vois obliger, aujourd\u2019hui, de d\u00e9fendre mes droits et mon honneur. Il s\u2019est pass\u00e9 \u00e9norm\u00e9ment de choses si vous saviez. J\u2019ai pr\u00e9serv\u00e9 les int\u00e9r\u00eats et la carri\u00e8re de quelqu\u2019un qui n\u2019a jamais eu le moindre respect pour la m\u00e8re de sa fille, malgr\u00e9 presque 14 ans pass\u00e9s avec lui. J\u2019ai \u00e9t\u00e9 forc\u00e9e de garder le silence \u00e0 cause de l\u2019entourage, les menaces et la pression familiale&nbsp;\u00bb,<\/strong> a-t-elle indiqu\u00e9 sur son compte Snapchat.<\/p>\n\n\n\n<div class=\"wp-block-image\"><figure class=\"aligncenter size-full is-resized\"><img loading=\"lazy\" decoding=\"async\" src=\"https:\/\/7culture.ci\/wp-content\/uploads\/2022\/06\/kaaris1-2.jpeg\" alt=\"\" class=\"wp-image-22009\" width=\"532\" height=\"578\" srcset=\"https:\/\/7culture.ci\/wp-content\/uploads\/2022\/06\/kaaris1-2.jpeg 720w, https:\/\/7culture.ci\/wp-content\/uploads\/2022\/06\/kaaris1-2-277x300.jpeg 277w\" sizes=\"(max-width: 532px) 100vw, 532px\" \/><figcaption>Linda<\/figcaption><\/figure><\/div>\n\n\n\n<p>Selon certaines sources proches, l\u2019artiste s\u2019est comport\u00e9 ainsi parce que sa femme aurait eu une relation extra conjugale avec l\u2019un de ses amis. Un b\u00e9guin qui datant de 2018 alors qu\u2019il \u00e9tait en prison suite \u00e0 une bagarre avec le rappeur Booba \u00e0 l\u2019a\u00e9roport d\u2019Orly.&nbsp;<\/p>\n\n\n\n<p>Cette situation l\u2019emm\u00e8ne, \u00e0 &nbsp;son tour, a tromp\u00e9 sa femme au point&nbsp; d\u2019avoir un enfant avec une certaine Manon.<\/p>\n\n\n\n<p>Kaaris et Lynda \u00e9taient en couple depuis pr\u00e8s de quatorze ans. Ensemble, ils ont eu une fille nomm\u00e9e Brooklyn Amra Okou.<\/p>\n\n\n\n<p>Thierry Samuel<\/p>\n","protected":false},"excerpt":{"rendered":"<p>Apr\u00e8s 14 ans de vie commune, le rappeur fran\u00e7ais d\u2019origine ivoirienne, Kaaris quitte sa femme pour la m\u00e8re de son deuxi\u00e8me enfant.&nbsp; Alors que l\u2019information fait pol\u00e9mique sur la toile, Linda est sortie de son silence pour d\u00e9noncer ce qu\u2019elle endure depuis quelques ann\u00e9es. \u00ab C\u2019est triste de voir qu\u2019apr\u00e8s tant de mois et tant &hellip;<\/p>\n<p class=\"read-more\"> <a class=\"\" href=\"https:\/\/7culture.ci\/index.php\/2022\/06\/29\/le-rappeur-francais-kaaris-quitte-sa-femme\/\"> <span class=\"screen-reader-text\">Le rappeur fran\u00e7ais Kaaris quitte sa femme<\/span> Lire la suite\u00a0\u00bb<\/a><\/p>\n","protected":false},"author":1,"featured_media":22011,"comment_status":"open","ping_status":"open","sticky":false,"template":"","format":"standard","meta":{"_mi_skip_tracking":false,"_monsterinsights_sitenote_active":false,"_monsterinsights_sitenote_note":"","_monsterinsights_sitenote_category":0,"site-sidebar-layout":"default","site-content-layout":"default","ast-global-header-display":"","ast-main-header-display":"","ast-hfb-above-header-display":"","ast-hfb-below-header-display":"","ast-hfb-mobile-header-display":"","site-post-title":"","ast-breadcrumbs-content":"","ast-featured-img":"","footer-sml-layout":"","theme-transparent-header-meta":"","adv-header-id-meta":"","stick-header-meta":"","header-above-stick-meta":"","header-main-stick-meta":"","header-below-stick-meta":"","footnotes":"","jetpack_publicize_message":"","jetpack_is_tweetstorm":false,"jetpack_publicize_feature_enabled":true},"categories":[22],"tags":[],"jetpack_publicize_connections":[],"acf":[],"aioseo_notices":[],"yoast_head":"<!-- This site is optimized with the Yoast SEO plugin v19.6.1 - https:\/\/yoast.com\/wordpress\/plugins\/seo\/ -->\n<title>Le rappeur fran\u00e7ais Kaaris quitte sa femme -<\/title>\n<meta name=\"robots\" content=\"index, follow, max-snippet:-1, max-image-preview:large, max-video-preview:-1\" \/>\n<link rel=\"canonical\" href=\"https:\/\/7culture.ci\/index.php\/2022\/06\/29\/le-rappeur-francais-kaaris-quitte-sa-femme\/\" \/>\n<meta property=\"og:locale\" content=\"fr_FR\" \/>\n<meta property=\"og:type\" content=\"article\" \/>\n<meta property=\"og:title\" content=\"Le rappeur fran\u00e7ais Kaaris quitte sa femme -\" \/>\n<meta property=\"og:description\" content=\"Apr\u00e8s 14 ans de vie commune, le rappeur fran\u00e7ais d\u2019origine ivoirienne, Kaaris quitte sa femme pour la m\u00e8re de son deuxi\u00e8me enfant.&nbsp; Alors que l\u2019information fait pol\u00e9mique sur la toile, Linda est sortie de son silence pour d\u00e9noncer ce qu\u2019elle endure depuis quelques ann\u00e9es. \u00ab C\u2019est triste de voir qu\u2019apr\u00e8s tant de mois et tant &hellip; Le rappeur fran\u00e7ais Kaaris quitte sa femme Lire la suite\u00a0\u00bb\" \/>\n<meta property=\"og:url\" content=\"https:\/\/7culture.ci\/index.php\/2022\/06\/29\/le-rappeur-francais-kaaris-quitte-sa-femme\/\" \/>\n<meta property=\"og:site_name\" content=\"7culture\" \/>\n<meta property=\"article:publisher\" content=\"https:\/\/www.facebook.com\/redchefclaude\" \/>\n<meta property=\"article:published_time\" content=\"2022-06-29T10:38:18+00:00\" \/>\n<meta property=\"article:modified_time\" content=\"2022-06-29T15:37:57+00:00\" \/>\n<meta property=\"og:image\" content=\"http:\/\/7culture.ci\/wp-content\/uploads\/2022\/06\/kaaris3.jpeg\" \/>\n\t<meta property=\"og:image:width\" content=\"720\" \/>\n\t<meta property=\"og:image:height\" content=\"505\" \/>\n\t<meta property=\"og:image:type\" content=\"image\/jpeg\" \/>\n<meta name=\"author\" content=\"7culture2020\" \/>\n<meta name=\"twitter:card\" content=\"summary_large_image\" \/>\n<meta name=\"twitter:creator\" content=\"@7culturec\" \/>\n<meta name=\"twitter:site\" content=\"@7culturec\" \/>\n<meta name=\"twitter:label1\" content=\"\u00c9crit par\" \/>\n\t<meta name=\"twitter:data1\" content=\"7culture2020\" \/>\n\t<meta name=\"twitter:label2\" content=\"Dur\u00e9e de lecture estim\u00e9e\" \/>\n\t<meta name=\"twitter:data2\" content=\"2 minutes\" \/>\n<script type=\"application\/ld+json\" class=\"yoast-schema-graph\">{\"@context\":\"https:\/\/schema.org\",\"@graph\":[{\"@type\":\"Article\",\"@id\":\"https:\/\/7culture.ci\/index.php\/2022\/06\/29\/le-rappeur-francais-kaaris-quitte-sa-femme\/#article\",\"isPartOf\":{\"@id\":\"https:\/\/7culture.ci\/index.php\/2022\/06\/29\/le-rappeur-francais-kaaris-quitte-sa-femme\/\"},\"author\":{\"name\":\"7culture2020\",\"@id\":\"https:\/\/7culture.ci\/#\/schema\/person\/16150d28d7ef66ba788c1f87f28c4426\"},\"headline\":\"Le rappeur fran\u00e7ais Kaaris quitte sa femme\",\"datePublished\":\"2022-06-29T10:38:18+00:00\",\"dateModified\":\"2022-06-29T15:37:57+00:00\",\"mainEntityOfPage\":{\"@id\":\"https:\/\/7culture.ci\/index.php\/2022\/06\/29\/le-rappeur-francais-kaaris-quitte-sa-femme\/\"},\"wordCount\":271,\"commentCount\":0,\"publisher\":{\"@id\":\"https:\/\/7culture.ci\/#organization\"},\"articleSection\":[\"Actualit\u00e9\"],\"inLanguage\":\"fr-FR\",\"potentialAction\":[{\"@type\":\"CommentAction\",\"name\":\"Comment\",\"target\":[\"https:\/\/7culture.ci\/index.php\/2022\/06\/29\/le-rappeur-francais-kaaris-quitte-sa-femme\/#respond\"]}]},{\"@type\":\"WebPage\",\"@id\":\"https:\/\/7culture.ci\/index.php\/2022\/06\/29\/le-rappeur-francais-kaaris-quitte-sa-femme\/\",\"url\":\"https:\/\/7culture.ci\/index.php\/2022\/06\/29\/le-rappeur-francais-kaaris-quitte-sa-femme\/\",\"name\":\"Le rappeur fran\u00e7ais Kaaris quitte sa femme -\",\"isPartOf\":{\"@id\":\"https:\/\/7culture.ci\/#website\"},\"datePublished\":\"2022-06-29T10:38:18+00:00\",\"dateModified\":\"2022-06-29T15:37:57+00:00\",\"breadcrumb\":{\"@id\":\"https:\/\/7culture.ci\/index.php\/2022\/06\/29\/le-rappeur-francais-kaaris-quitte-sa-femme\/#breadcrumb\"},\"inLanguage\":\"fr-FR\",\"potentialAction\":[{\"@type\":\"ReadAction\",\"target\":[\"https:\/\/7culture.ci\/index.php\/2022\/06\/29\/le-rappeur-francais-kaaris-quitte-sa-femme\/\"]}]},{\"@type\":\"BreadcrumbList\",\"@id\":\"https:\/\/7culture.ci\/index.php\/2022\/06\/29\/le-rappeur-francais-kaaris-quitte-sa-femme\/#breadcrumb\",\"itemListElement\":[{\"@type\":\"ListItem\",\"position\":1,\"name\":\"Accueil\",\"item\":\"https:\/\/7culture.ci\/\"},{\"@type\":\"ListItem\",\"position\":2,\"name\":\"Le rappeur fran\u00e7ais Kaaris quitte sa femme\"}]},{\"@type\":\"WebSite\",\"@id\":\"https:\/\/7culture.ci\/#website\",\"url\":\"https:\/\/7culture.ci\/\",\"name\":\"7culture\",\"description\":\"Tout sur l&#039;actualit\u00e9\",\"publisher\":{\"@id\":\"https:\/\/7culture.ci\/#organization\"},\"potentialAction\":[{\"@type\":\"SearchAction\",\"target\":{\"@type\":\"EntryPoint\",\"urlTemplate\":\"https:\/\/7culture.ci\/?s={search_term_string}\"},\"query-input\":\"required name=search_term_string\"}],\"inLanguage\":\"fr-FR\"},{\"@type\":\"Organization\",\"@id\":\"https:\/\/7culture.ci\/#organization\",\"name\":\"7culture\",\"url\":\"https:\/\/7culture.ci\/\",\"sameAs\":[\"https:\/\/www.facebook.com\/redchefclaude\",\"https:\/\/twitter.com\/7culturec\"],\"logo\":{\"@type\":\"ImageObject\",\"inLanguage\":\"fr-FR\",\"@id\":\"https:\/\/7culture.ci\/#\/schema\/logo\/image\/\",\"url\":\"https:\/\/7culture.ci\/wp-content\/uploads\/2021\/12\/S1a-1.png\",\"contentUrl\":\"https:\/\/7culture.ci\/wp-content\/uploads\/2021\/12\/S1a-1.png\",\"width\":588,\"height\":192,\"caption\":\"7culture\"},\"image\":{\"@id\":\"https:\/\/7culture.ci\/#\/schema\/logo\/image\/\"}},{\"@type\":\"Person\",\"@id\":\"https:\/\/7culture.ci\/#\/schema\/person\/16150d28d7ef66ba788c1f87f28c4426\",\"name\":\"7culture2020\",\"image\":{\"@type\":\"ImageObject\",\"inLanguage\":\"fr-FR\",\"@id\":\"https:\/\/7culture.ci\/#\/schema\/person\/image\/\",\"url\":\"https:\/\/secure.gravatar.com\/avatar\/9a0784f951306c37bcd065f52844ef95?s=96&d=mm&r=g\",\"contentUrl\":\"https:\/\/secure.gravatar.com\/avatar\/9a0784f951306c37bcd065f52844ef95?s=96&d=mm&r=g\",\"caption\":\"7culture2020\"},\"sameAs\":[\"http:\/\/7culture.ci\",\"Claude.kipre\"],\"url\":\"https:\/\/7culture.ci\/index.php\/author\/7culture2020\/\"}]}<\/script>\n<!-- \/ Yoast SEO plugin. -->","yoast_head_json":{"title":"Le rappeur fran\u00e7ais Kaaris quitte sa femme -","robots":{"index":"index","follow":"follow","max-snippet":"max-snippet:-1","max-image-preview":"max-image-preview:large","max-video-preview":"max-video-preview:-1"},"canonical":"https:\/\/7culture.ci\/index.php\/2022\/06\/29\/le-rappeur-francais-kaaris-quitte-sa-femme\/","og_locale":"fr_FR","og_type":"article","og_title":"Le rappeur fran\u00e7ais Kaaris quitte sa femme -","og_description":"Apr\u00e8s 14 ans de vie commune, le rappeur fran\u00e7ais d\u2019origine ivoirienne, Kaaris quitte sa femme pour la m\u00e8re de son deuxi\u00e8me enfant.&nbsp; Alors que l\u2019information fait pol\u00e9mique sur la toile, Linda est sortie de son silence pour d\u00e9noncer ce qu\u2019elle endure depuis quelques ann\u00e9es. \u00ab C\u2019est triste de voir qu\u2019apr\u00e8s tant de mois et tant &hellip; Le rappeur fran\u00e7ais Kaaris quitte sa femme Lire la suite\u00a0\u00bb","og_url":"https:\/\/7culture.ci\/index.php\/2022\/06\/29\/le-rappeur-francais-kaaris-quitte-sa-femme\/","og_site_name":"7culture","article_publisher":"https:\/\/www.facebook.com\/redchefclaude","article_published_time":"2022-06-29T10:38:18+00:00","article_modified_time":"2022-06-29T15:37:57+00:00","og_image":[{"width":720,"height":505,"url":"http:\/\/7culture.ci\/wp-content\/uploads\/2022\/06\/kaaris3.jpeg","type":"image\/jpeg"}],"author":"7culture2020","twitter_card":"summary_large_image","twitter_creator":"@7culturec","twitter_site":"@7culturec","twitter_misc":{"\u00c9crit par":"7culture2020","Dur\u00e9e de lecture estim\u00e9e":"2 minutes"},"schema":{"@context":"https:\/\/schema.org","@graph":[{"@type":"Article","@id":"https:\/\/7culture.ci\/index.php\/2022\/06\/29\/le-rappeur-francais-kaaris-quitte-sa-femme\/#article","isPartOf":{"@id":"https:\/\/7culture.ci\/index.php\/2022\/06\/29\/le-rappeur-francais-kaaris-quitte-sa-femme\/"},"author":{"name":"7culture2020","@id":"https:\/\/7culture.ci\/#\/schema\/person\/16150d28d7ef66ba788c1f87f28c4426"},"headline":"Le rappeur fran\u00e7ais Kaaris quitte sa femme","datePublished":"2022-06-29T10:38:18+00:00","dateModified":"2022-06-29T15:37:57+00:00","mainEntityOfPage":{"@id":"https:\/\/7culture.ci\/index.php\/2022\/06\/29\/le-rappeur-francais-kaaris-quitte-sa-femme\/"},"wordCount":271,"commentCount":0,"publisher":{"@id":"https:\/\/7culture.ci\/#organization"},"articleSection":["Actualit\u00e9"],"inLanguage":"fr-FR","potentialAction":[{"@type":"CommentAction","name":"Comment","target":["https:\/\/7culture.ci\/index.php\/2022\/06\/29\/le-rappeur-francais-kaaris-quitte-sa-femme\/#respond"]}]},{"@type":"WebPage","@id":"https:\/\/7culture.ci\/index.php\/2022\/06\/29\/le-rappeur-francais-kaaris-quitte-sa-femme\/","url":"https:\/\/7culture.ci\/index.php\/2022\/06\/29\/le-rappeur-francais-kaaris-quitte-sa-femme\/","name":"Le rappeur fran\u00e7ais Kaaris quitte sa femme -","isPartOf":{"@id":"https:\/\/7culture.ci\/#website"},"datePublished":"2022-06-29T10:38:18+00:00","dateModified":"2022-06-29T15:37:57+00:00","breadcrumb":{"@id":"https:\/\/7culture.ci\/index.php\/2022\/06\/29\/le-rappeur-francais-kaaris-quitte-sa-femme\/#breadcrumb"},"inLanguage":"fr-FR","potentialAction":[{"@type":"ReadAction","target":["https:\/\/7culture.ci\/index.php\/2022\/06\/29\/le-rappeur-francais-kaaris-quitte-sa-femme\/"]}]},{"@type":"BreadcrumbList","@id":"https:\/\/7culture.ci\/index.php\/2022\/06\/29\/le-rappeur-francais-kaaris-quitte-sa-femme\/#breadcrumb","itemListElement":[{"@type":"ListItem","position":1,"name":"Accueil","item":"https:\/\/7culture.ci\/"},{"@type":"ListItem","position":2,"name":"Le rappeur fran\u00e7ais Kaaris quitte sa femme"}]},{"@type":"WebSite","@id":"https:\/\/7culture.ci\/#website","url":"https:\/\/7culture.ci\/","name":"7culture","description":"Tout sur l&#039;actualit\u00e9","publisher":{"@id":"https:\/\/7culture.ci\/#organization"},"potentialAction":[{"@type":"SearchAction","target":{"@type":"EntryPoint","urlTemplate":"https:\/\/7culture.ci\/?s={search_term_string}"},"query-input":"required name=search_term_string"}],"inLanguage":"fr-FR"},{"@type":"Organization","@id":"https:\/\/7culture.ci\/#organization","name":"7culture","url":"https:\/\/7culture.ci\/","sameAs":["https:\/\/www.facebook.com\/redchefclaude","https:\/\/twitter.com\/7culturec"],"logo":{"@type":"ImageObject","inLanguage":"fr-FR","@id":"https:\/\/7culture.ci\/#\/schema\/logo\/image\/","url":"https:\/\/7culture.ci\/wp-content\/uploads\/2021\/12\/S1a-1.png","contentUrl":"https:\/\/7culture.ci\/wp-content\/uploads\/2021\/12\/S1a-1.png","width":588,"height":192,"caption":"7culture"},"image":{"@id":"https:\/\/7culture.ci\/#\/schema\/logo\/image\/"}},{"@type":"Person","@id":"https:\/\/7culture.ci\/#\/schema\/person\/16150d28d7ef66ba788c1f87f28c4426","name":"7culture2020","image":{"@type":"ImageObject","inLanguage":"fr-FR","@id":"https:\/\/7culture.ci\/#\/schema\/person\/image\/","url":"https:\/\/secure.gravatar.com\/avatar\/9a0784f951306c37bcd065f52844ef95?s=96&d=mm&r=g","contentUrl":"https:\/\/secure.gravatar.com\/avatar\/9a0784f951306c37bcd065f52844ef95?s=96&d=mm&r=g","caption":"7culture2020"},"sameAs":["http:\/\/7culture.ci","Claude.kipre"],"url":"https:\/\/7culture.ci\/index.php\/author\/7culture2020\/"}]}},"jetpack_featured_media_url":"https:\/\/7culture.ci\/wp-content\/uploads\/2022\/06\/kaaris3.jpeg","jetpack_likes_enabled":true,"jetpack_sharing_enabled":true,"_links":{"self":[{"href":"https:\/\/7culture.ci\/index.php\/wp-json\/wp\/v2\/posts\/22007"}],"collection":[{"href":"https:\/\/7culture.ci\/index.php\/wp-json\/wp\/v2\/posts"}],"about":[{"href":"https:\/\/7culture.ci\/index.php\/wp-json\/wp\/v2\/types\/post"}],"author":[{"embeddable":true,"href":"https:\/\/7culture.ci\/index.php\/wp-json\/wp\/v2\/users\/1"}],"replies":[{"embeddable":true,"href":"https:\/\/7culture.ci\/index.php\/wp-json\/wp\/v2\/comments?post=22007"}],"version-history":[{"count":0,"href":"https:\/\/7culture.ci\/index.php\/wp-json\/wp\/v2\/posts\/22007\/revisions"}],"wp:featuredmedia":[{"embeddable":true,"href":"https:\/\/7culture.ci\/index.php\/wp-json\/wp\/v2\/media\/22011"}],"wp:attachment":[{"href":"https:\/\/7culture.ci\/index.php\/wp-json\/wp\/v2\/media?parent=22007"}],"wp:term":[{"taxonomy":"category","embeddable":true,"href":"https:\/\/7culture.ci\/index.php\/wp-json\/wp\/v2\/categories?post=22007"},{"taxonomy":"post_tag","embeddable":true,"href":"https:\/\/7culture.ci\/index.php\/wp-json\/wp\/v2\/tags?post=22007"}],"curies":[{"name":"wp","href":"https:\/\/api.w.org\/{rel}","templated":true}]}}