{"id":21977,"date":"2022-06-28T13:01:11","date_gmt":"2022-06-28T11:01:11","guid":{"rendered":"https:\/\/7culture.ci\/?p=21977"},"modified":"2022-06-28T13:03:14","modified_gmt":"2022-06-28T11:03:14","slug":"show-dhumour-avec-booder-le-public-na-pas-boude-son-plaisir","status":"publish","type":"post","link":"https:\/\/7culture.ci\/index.php\/2022\/06\/28\/show-dhumour-avec-booder-le-public-na-pas-boude-son-plaisir\/","title":{"rendered":"Show d\u2019humour\u00a0avec Booder\u00a0: Le public n\u2019a pas boud\u00e9 son plaisir\u00a0!"},"content":{"rendered":"\n<p>C\u2019est un Booder des grands soirs qui a atterri samedi 25 juin dans la salle Lougah-Dj\u00e9dj\u00e9 du palais de la culture d\u2019Abidjan-Treichville. Devant un parterre d\u2019invit\u00e9s venus majoritairement des milieux ais\u00e9s et surtout libanais et europ\u00e9ens, l\u2019humoriste franco-marocain a tout simplement d\u00e9roul\u00e9. Le petit plus avec ce bout d\u2019homme (1,6m), c\u2019est qu\u2019il force pas en reprenant l\u2019expression populaire \u00e0 Abidjan du chanteur Obam&#8217;s. Booder est naturel et il sait faire interagir son auditoire, son monde qu\u2019il dompte \u00e0 chaque blague et d\u2019un sujet \u00e0 un autre.<\/p>\n\n\n\n<p>Dans \u2018\u2019Booder is back\u2019\u2019, le titre de son spectacle donn\u00e9 samedi dernier dans la capitale \u00e9conomique ivoirienne, il a tourn\u00e9 en d\u00e9rision le public autour de sa vie (son exp\u00e9rience professionnelle, son physique peu avantageux, ses rencontres, son fils\u2026). \u00ab&nbsp;<strong><em>Mon fils a huit ans. Quand il est n\u00e9, il n\u2019a pas pleur\u00e9. Quand je suis arriv\u00e9 et que je l\u2019ai prix dans mes bras, il a regard\u00e9 mon visage et il a commenc\u00e9 \u00e0 crier. C\u2019est s\u00fbr qu\u2019il s\u2019est dit quoi \u00e7a&nbsp;?<\/em><\/strong>\u00bb, raconte-t-il et la salle applaudit quand il encha\u00eene&nbsp;: \u00ab&nbsp;<strong><em>Apr\u00e8s la naissance de mon fils, la sage-femme a demand\u00e9 \u00e0 voir son papa alors que j\u2019\u00e9tais l\u00e0. J\u2019ai dit, c\u2019est moi. Elle s\u2019est \u00e9tonn\u00e9e<\/em><\/strong>&nbsp;\u00bb.<\/p>\n\n\n\n<figure class=\"wp-block-image size-large is-resized\"><img loading=\"lazy\" decoding=\"async\" src=\"https:\/\/7culture.ci\/wp-content\/uploads\/2022\/06\/1-1-1024x683.jpeg\" alt=\"\" class=\"wp-image-21979\" width=\"636\" height=\"424\" srcset=\"https:\/\/7culture.ci\/wp-content\/uploads\/2022\/06\/1-1-1024x683.jpeg 1024w, https:\/\/7culture.ci\/wp-content\/uploads\/2022\/06\/1-1-300x200.jpeg 300w, https:\/\/7culture.ci\/wp-content\/uploads\/2022\/06\/1-1-768x512.jpeg 768w, https:\/\/7culture.ci\/wp-content\/uploads\/2022\/06\/1-1.jpeg 1080w\" sizes=\"(max-width: 636px) 100vw, 636px\" \/><\/figure>\n\n\n\n<p>Plus tard, il r\u00e9v\u00e8le qu\u2019il voulait \u00eatre footballeur mais \u2018<strong><em>\u2019je ne savais pas que j\u2019allais \u00eatre plus tard dans un fort \u00e0 apporter des clefs pour ouvrir des portes<\/em><\/strong>\u2019\u2019. \u00ab&nbsp;<strong><em>Et vous, que faites-vous&nbsp;dans la vie?<\/em><\/strong>\u00bb, demande-t-il \u00e0 un spectateur. \u00ab&nbsp;<strong><em>Je suis directeur de soci\u00e9t\u00e9<\/em><\/strong>&nbsp;\u00bb et un autre de dire&nbsp;: \u00ab&nbsp;<strong><em>Je suis entrepreneur<\/em><\/strong>&nbsp;\u00bb. \u00ab&nbsp;<strong><em>C\u2019est dire que tout le monde est riche ici&nbsp;<\/em><\/strong>\u00bb, r\u00e9plique l\u2019artiste. Puis de poursuivre&nbsp;: \u00ab&nbsp;<strong><em>Et vous, que faites-vous&nbsp;?<\/em><\/strong>&nbsp;\u00bb. \u00ab&nbsp;<strong><em>Footballeur&nbsp;!<\/em><\/strong>&nbsp;\u00bb. \u00ab&nbsp;<strong><em>Ah, Maxwell&nbsp;! C\u2019est Maxwel Cornet&nbsp;! Merci d\u2019\u00eatre l\u00e0 ce soir<\/em><\/strong>&nbsp;\u00bb. Mais, Booder ne s\u2019arr\u00eate pas l\u00e0. Il demande au voisin du c\u00e9l\u00e8bre footballeur ce qu\u2019il voudrait faire quand il \u00e9tait enfant. Ce dernier n\u2019a pas eu le temps de r\u00e9pondre que l\u2019humoriste coupe net&nbsp;: \u00ab&nbsp;<strong><em>o\u00f9 bien tu voulais \u00eatre suiveur de footballeur&nbsp;?<\/em><\/strong>&nbsp;\u00bb. La salle se tord de rire.<\/p>\n\n\n\n<p>Et \u00e7a a \u00e9t\u00e9 comme \u00e7a durant une heure et demie que Booder a tenu en haleine le public abidjanais. Dans un de ses num\u00e9ros qui a marqu\u00e9&nbsp; les spectateurs, il demande \u00e0 une gamine de bonne famille ce qu\u2019elle voudrait faire plus tard. \u00ab&nbsp;<strong><em>Je vais \u00eatre chanteuse<\/em><\/strong>&nbsp;\u00bb. Du pain b\u00e9ni pour Booder qui l\u2019invite sur le podium d\u00e9cor\u00e9 d\u2019un lit, d\u2019une table \u00e0 manquer et d\u2019un s\u00e9jour. Il joue le maitre de c\u00e9r\u00e9monie et la pr\u00e9sente comme une star en spectacle \u00e0 Las Vegas. Apr\u00e8s il demande celui qui veut produire \u2018<strong><em>\u2019la future C\u00e9line Dion<\/em><\/strong>\u2019\u2019. Un spectateur se d\u00e9signe&nbsp;: \u00ab&nbsp;<strong><em>Non, pas vous. La derni\u00e8re fois, vous m\u2019avez produit un spectacle et je n\u2019ai pas re\u00e7u un rond. Je n\u2019ai pas oubli\u00e9 hein<\/em><\/strong>&nbsp;\u00bb, tranche-t-il et continue l\u2019air de rien&nbsp;: \u00ab&nbsp;<strong><em>le m\u00e9tier que nous faisons est difficile<\/em><\/strong>&nbsp;\u00bb.<\/p>\n\n\n\n<figure class=\"wp-block-gallery has-nested-images columns-default is-cropped wp-block-gallery-1 is-layout-flex wp-block-gallery-is-layout-flex\">\n<figure class=\"wp-block-image size-large\"><img loading=\"lazy\" decoding=\"async\" width=\"1024\" height=\"683\" data-id=\"21980\" src=\"https:\/\/7culture.ci\/wp-content\/uploads\/2022\/06\/3-1-1024x683.jpeg\" alt=\"\" class=\"wp-image-21980\" srcset=\"https:\/\/7culture.ci\/wp-content\/uploads\/2022\/06\/3-1-1024x683.jpeg 1024w, https:\/\/7culture.ci\/wp-content\/uploads\/2022\/06\/3-1-300x200.jpeg 300w, https:\/\/7culture.ci\/wp-content\/uploads\/2022\/06\/3-1-768x512.jpeg 768w, https:\/\/7culture.ci\/wp-content\/uploads\/2022\/06\/3-1.jpeg 1080w\" sizes=\"(max-width: 1024px) 100vw, 1024px\" \/><\/figure>\n\n\n\n<figure class=\"wp-block-image size-large\"><img loading=\"lazy\" decoding=\"async\" width=\"1024\" height=\"683\" data-id=\"21981\" src=\"https:\/\/7culture.ci\/wp-content\/uploads\/2022\/06\/4-1024x683.jpeg\" alt=\"\" class=\"wp-image-21981\" srcset=\"https:\/\/7culture.ci\/wp-content\/uploads\/2022\/06\/4-1024x683.jpeg 1024w, https:\/\/7culture.ci\/wp-content\/uploads\/2022\/06\/4-300x200.jpeg 300w, https:\/\/7culture.ci\/wp-content\/uploads\/2022\/06\/4-768x512.jpeg 768w, https:\/\/7culture.ci\/wp-content\/uploads\/2022\/06\/4.jpeg 1080w\" sizes=\"(max-width: 1024px) 100vw, 1024px\" \/><\/figure>\n\n\n\n<figure class=\"wp-block-image size-large\"><img loading=\"lazy\" decoding=\"async\" width=\"1024\" height=\"683\" data-id=\"21982\" src=\"https:\/\/7culture.ci\/wp-content\/uploads\/2022\/06\/5-1024x683.jpeg\" alt=\"\" class=\"wp-image-21982\" srcset=\"https:\/\/7culture.ci\/wp-content\/uploads\/2022\/06\/5-1024x683.jpeg 1024w, https:\/\/7culture.ci\/wp-content\/uploads\/2022\/06\/5-300x200.jpeg 300w, https:\/\/7culture.ci\/wp-content\/uploads\/2022\/06\/5-768x512.jpeg 768w, https:\/\/7culture.ci\/wp-content\/uploads\/2022\/06\/5.jpeg 1080w\" sizes=\"(max-width: 1024px) 100vw, 1024px\" \/><\/figure>\n<\/figure>\n\n\n\n<p>A la fin du show in\u00e9dit, Booder s\u2019excuse aupr\u00e8s des fans. C\u2019est l\u2019un des spectacles o\u00f9 le public en redemande alors que c\u2019est fini. \u00ab&nbsp;<strong><em>J\u2019aurai aim\u00e9 faire des photos avec vous \u00e0 la sortie. Mais ce n\u2019est pas possible \u00e0 cause de la maladie, la covid-19. Ou bien quelqu\u2019un veut-il prendre ma maladie&nbsp;?<\/em><\/strong>\u00bb, questionne-t-il. \u00ab&nbsp;<strong><em>Oui&nbsp;!<\/em><\/strong>&nbsp;\u00bb, r\u00e9pond une voix. \u00ab&nbsp;<strong><em>Ah, non, merci, moi, je ne veux pas prendre va maladies surtout que vous \u00eates nombreux<\/em><\/strong>&nbsp;\u00bb, la salle \u00e9clate de rire une derni\u00e8re fois quand les lumi\u00e8res commencent \u00e0 s\u2019\u00e9teindre et que Booder traduit ses amiti\u00e9s et sa reconnaissance au public ivoirien.<\/p>\n\n\n\n<p>Ce n\u2019\u00e9tait pas trop long et pas ennuyant. Booder a rempli son contrat. Aussi, disons merci au promoteur ivoirien Chris Alex qui a os\u00e9 produire ce spectacle.<\/p>\n\n\n\n<p>Par Omar AK<\/p>\n","protected":false},"excerpt":{"rendered":"<p>C\u2019est un Booder des grands soirs qui a atterri samedi 25 juin dans la salle Lougah-Dj\u00e9dj\u00e9 du palais de la culture d\u2019Abidjan-Treichville. Devant un parterre d\u2019invit\u00e9s venus majoritairement des milieux ais\u00e9s et surtout libanais et europ\u00e9ens, l\u2019humoriste franco-marocain a tout simplement d\u00e9roul\u00e9. Le petit plus avec ce bout d\u2019homme (1,6m), c\u2019est qu\u2019il force pas en &hellip;<\/p>\n<p class=\"read-more\"> <a class=\"\" href=\"https:\/\/7culture.ci\/index.php\/2022\/06\/28\/show-dhumour-avec-booder-le-public-na-pas-boude-son-plaisir\/\"> <span class=\"screen-reader-text\">Show d\u2019humour\u00a0avec Booder\u00a0: Le public n\u2019a pas boud\u00e9 son plaisir\u00a0!<\/span> Lire la suite\u00a0\u00bb<\/a><\/p>\n","protected":false},"author":1,"featured_media":21978,"comment_status":"open","ping_status":"open","sticky":false,"template":"","format":"standard","meta":{"_mi_skip_tracking":false,"_monsterinsights_sitenote_active":false,"_monsterinsights_sitenote_note":"","_monsterinsights_sitenote_category":0,"site-sidebar-layout":"default","site-content-layout":"default","ast-global-header-display":"","ast-main-header-display":"","ast-hfb-above-header-display":"","ast-hfb-below-header-display":"","ast-hfb-mobile-header-display":"","site-post-title":"","ast-breadcrumbs-content":"","ast-featured-img":"","footer-sml-layout":"","theme-transparent-header-meta":"","adv-header-id-meta":"","stick-header-meta":"","header-above-stick-meta":"","header-main-stick-meta":"","header-below-stick-meta":"","footnotes":"","jetpack_publicize_message":"","jetpack_is_tweetstorm":false,"jetpack_publicize_feature_enabled":true},"categories":[49],"tags":[],"jetpack_publicize_connections":[],"acf":[],"aioseo_notices":[],"yoast_head":"<!-- This site is optimized with the Yoast SEO plugin v19.6.1 - https:\/\/yoast.com\/wordpress\/plugins\/seo\/ -->\n<title>Show d\u2019humour\u00a0avec Booder\u00a0: Le public n\u2019a pas boud\u00e9 son plaisir\u00a0! -<\/title>\n<meta name=\"robots\" content=\"index, follow, max-snippet:-1, max-image-preview:large, max-video-preview:-1\" \/>\n<link rel=\"canonical\" href=\"https:\/\/7culture.ci\/index.php\/2022\/06\/28\/show-dhumour-avec-booder-le-public-na-pas-boude-son-plaisir\/\" \/>\n<meta property=\"og:locale\" content=\"fr_FR\" \/>\n<meta property=\"og:type\" content=\"article\" \/>\n<meta property=\"og:title\" content=\"Show d\u2019humour\u00a0avec Booder\u00a0: Le public n\u2019a pas boud\u00e9 son plaisir\u00a0! -\" \/>\n<meta property=\"og:description\" content=\"C\u2019est un Booder des grands soirs qui a atterri samedi 25 juin dans la salle Lougah-Dj\u00e9dj\u00e9 du palais de la culture d\u2019Abidjan-Treichville. Devant un parterre d\u2019invit\u00e9s venus majoritairement des milieux ais\u00e9s et surtout libanais et europ\u00e9ens, l\u2019humoriste franco-marocain a tout simplement d\u00e9roul\u00e9. Le petit plus avec ce bout d\u2019homme (1,6m), c\u2019est qu\u2019il force pas en &hellip; Show d\u2019humour\u00a0avec Booder\u00a0: Le public n\u2019a pas boud\u00e9 son plaisir\u00a0! Lire la suite\u00a0\u00bb\" \/>\n<meta property=\"og:url\" content=\"https:\/\/7culture.ci\/index.php\/2022\/06\/28\/show-dhumour-avec-booder-le-public-na-pas-boude-son-plaisir\/\" \/>\n<meta property=\"og:site_name\" content=\"7culture\" \/>\n<meta property=\"article:publisher\" content=\"https:\/\/www.facebook.com\/redchefclaude\" \/>\n<meta property=\"article:published_time\" content=\"2022-06-28T11:01:11+00:00\" \/>\n<meta property=\"article:modified_time\" content=\"2022-06-28T11:03:14+00:00\" \/>\n<meta property=\"og:image\" content=\"http:\/\/7culture.ci\/wp-content\/uploads\/2022\/06\/2-1.jpeg\" \/>\n\t<meta property=\"og:image:width\" content=\"1080\" \/>\n\t<meta property=\"og:image:height\" content=\"720\" \/>\n\t<meta property=\"og:image:type\" content=\"image\/jpeg\" \/>\n<meta name=\"author\" content=\"7culture2020\" \/>\n<meta name=\"twitter:card\" content=\"summary_large_image\" \/>\n<meta name=\"twitter:creator\" content=\"@7culturec\" \/>\n<meta name=\"twitter:site\" content=\"@7culturec\" \/>\n<meta name=\"twitter:label1\" content=\"\u00c9crit par\" \/>\n\t<meta name=\"twitter:data1\" content=\"7culture2020\" \/>\n\t<meta name=\"twitter:label2\" content=\"Dur\u00e9e de lecture estim\u00e9e\" \/>\n\t<meta name=\"twitter:data2\" content=\"5 minutes\" \/>\n<script type=\"application\/ld+json\" class=\"yoast-schema-graph\">{\"@context\":\"https:\/\/schema.org\",\"@graph\":[{\"@type\":\"Article\",\"@id\":\"https:\/\/7culture.ci\/index.php\/2022\/06\/28\/show-dhumour-avec-booder-le-public-na-pas-boude-son-plaisir\/#article\",\"isPartOf\":{\"@id\":\"https:\/\/7culture.ci\/index.php\/2022\/06\/28\/show-dhumour-avec-booder-le-public-na-pas-boude-son-plaisir\/\"},\"author\":{\"name\":\"7culture2020\",\"@id\":\"https:\/\/7culture.ci\/#\/schema\/person\/16150d28d7ef66ba788c1f87f28c4426\"},\"headline\":\"Show d\u2019humour\u00a0avec Booder\u00a0: Le public n\u2019a pas boud\u00e9 son plaisir\u00a0!\",\"datePublished\":\"2022-06-28T11:01:11+00:00\",\"dateModified\":\"2022-06-28T11:03:14+00:00\",\"mainEntityOfPage\":{\"@id\":\"https:\/\/7culture.ci\/index.php\/2022\/06\/28\/show-dhumour-avec-booder-le-public-na-pas-boude-son-plaisir\/\"},\"wordCount\":726,\"commentCount\":0,\"publisher\":{\"@id\":\"https:\/\/7culture.ci\/#organization\"},\"articleSection\":[\"Humour\"],\"inLanguage\":\"fr-FR\",\"potentialAction\":[{\"@type\":\"CommentAction\",\"name\":\"Comment\",\"target\":[\"https:\/\/7culture.ci\/index.php\/2022\/06\/28\/show-dhumour-avec-booder-le-public-na-pas-boude-son-plaisir\/#respond\"]}]},{\"@type\":\"WebPage\",\"@id\":\"https:\/\/7culture.ci\/index.php\/2022\/06\/28\/show-dhumour-avec-booder-le-public-na-pas-boude-son-plaisir\/\",\"url\":\"https:\/\/7culture.ci\/index.php\/2022\/06\/28\/show-dhumour-avec-booder-le-public-na-pas-boude-son-plaisir\/\",\"name\":\"Show d\u2019humour\u00a0avec Booder\u00a0: Le public n\u2019a pas boud\u00e9 son plaisir\u00a0! -\",\"isPartOf\":{\"@id\":\"https:\/\/7culture.ci\/#website\"},\"datePublished\":\"2022-06-28T11:01:11+00:00\",\"dateModified\":\"2022-06-28T11:03:14+00:00\",\"breadcrumb\":{\"@id\":\"https:\/\/7culture.ci\/index.php\/2022\/06\/28\/show-dhumour-avec-booder-le-public-na-pas-boude-son-plaisir\/#breadcrumb\"},\"inLanguage\":\"fr-FR\",\"potentialAction\":[{\"@type\":\"ReadAction\",\"target\":[\"https:\/\/7culture.ci\/index.php\/2022\/06\/28\/show-dhumour-avec-booder-le-public-na-pas-boude-son-plaisir\/\"]}]},{\"@type\":\"BreadcrumbList\",\"@id\":\"https:\/\/7culture.ci\/index.php\/2022\/06\/28\/show-dhumour-avec-booder-le-public-na-pas-boude-son-plaisir\/#breadcrumb\",\"itemListElement\":[{\"@type\":\"ListItem\",\"position\":1,\"name\":\"Accueil\",\"item\":\"https:\/\/7culture.ci\/\"},{\"@type\":\"ListItem\",\"position\":2,\"name\":\"Show d\u2019humour\u00a0avec Booder\u00a0: Le public n\u2019a pas boud\u00e9 son plaisir\u00a0!\"}]},{\"@type\":\"WebSite\",\"@id\":\"https:\/\/7culture.ci\/#website\",\"url\":\"https:\/\/7culture.ci\/\",\"name\":\"7culture\",\"description\":\"Tout sur l&#039;actualit\u00e9\",\"publisher\":{\"@id\":\"https:\/\/7culture.ci\/#organization\"},\"potentialAction\":[{\"@type\":\"SearchAction\",\"target\":{\"@type\":\"EntryPoint\",\"urlTemplate\":\"https:\/\/7culture.ci\/?s={search_term_string}\"},\"query-input\":\"required name=search_term_string\"}],\"inLanguage\":\"fr-FR\"},{\"@type\":\"Organization\",\"@id\":\"https:\/\/7culture.ci\/#organization\",\"name\":\"7culture\",\"url\":\"https:\/\/7culture.ci\/\",\"sameAs\":[\"https:\/\/www.facebook.com\/redchefclaude\",\"https:\/\/twitter.com\/7culturec\"],\"logo\":{\"@type\":\"ImageObject\",\"inLanguage\":\"fr-FR\",\"@id\":\"https:\/\/7culture.ci\/#\/schema\/logo\/image\/\",\"url\":\"https:\/\/7culture.ci\/wp-content\/uploads\/2021\/12\/S1a-1.png\",\"contentUrl\":\"https:\/\/7culture.ci\/wp-content\/uploads\/2021\/12\/S1a-1.png\",\"width\":588,\"height\":192,\"caption\":\"7culture\"},\"image\":{\"@id\":\"https:\/\/7culture.ci\/#\/schema\/logo\/image\/\"}},{\"@type\":\"Person\",\"@id\":\"https:\/\/7culture.ci\/#\/schema\/person\/16150d28d7ef66ba788c1f87f28c4426\",\"name\":\"7culture2020\",\"image\":{\"@type\":\"ImageObject\",\"inLanguage\":\"fr-FR\",\"@id\":\"https:\/\/7culture.ci\/#\/schema\/person\/image\/\",\"url\":\"https:\/\/secure.gravatar.com\/avatar\/9a0784f951306c37bcd065f52844ef95?s=96&d=mm&r=g\",\"contentUrl\":\"https:\/\/secure.gravatar.com\/avatar\/9a0784f951306c37bcd065f52844ef95?s=96&d=mm&r=g\",\"caption\":\"7culture2020\"},\"sameAs\":[\"http:\/\/7culture.ci\",\"Claude.kipre\"],\"url\":\"https:\/\/7culture.ci\/index.php\/author\/7culture2020\/\"}]}<\/script>\n<!-- \/ Yoast SEO plugin. -->","yoast_head_json":{"title":"Show d\u2019humour\u00a0avec Booder\u00a0: Le public n\u2019a pas boud\u00e9 son plaisir\u00a0! -","robots":{"index":"index","follow":"follow","max-snippet":"max-snippet:-1","max-image-preview":"max-image-preview:large","max-video-preview":"max-video-preview:-1"},"canonical":"https:\/\/7culture.ci\/index.php\/2022\/06\/28\/show-dhumour-avec-booder-le-public-na-pas-boude-son-plaisir\/","og_locale":"fr_FR","og_type":"article","og_title":"Show d\u2019humour\u00a0avec Booder\u00a0: Le public n\u2019a pas boud\u00e9 son plaisir\u00a0! -","og_description":"C\u2019est un Booder des grands soirs qui a atterri samedi 25 juin dans la salle Lougah-Dj\u00e9dj\u00e9 du palais de la culture d\u2019Abidjan-Treichville. Devant un parterre d\u2019invit\u00e9s venus majoritairement des milieux ais\u00e9s et surtout libanais et europ\u00e9ens, l\u2019humoriste franco-marocain a tout simplement d\u00e9roul\u00e9. Le petit plus avec ce bout d\u2019homme (1,6m), c\u2019est qu\u2019il force pas en &hellip; Show d\u2019humour\u00a0avec Booder\u00a0: Le public n\u2019a pas boud\u00e9 son plaisir\u00a0! Lire la suite\u00a0\u00bb","og_url":"https:\/\/7culture.ci\/index.php\/2022\/06\/28\/show-dhumour-avec-booder-le-public-na-pas-boude-son-plaisir\/","og_site_name":"7culture","article_publisher":"https:\/\/www.facebook.com\/redchefclaude","article_published_time":"2022-06-28T11:01:11+00:00","article_modified_time":"2022-06-28T11:03:14+00:00","og_image":[{"width":1080,"height":720,"url":"http:\/\/7culture.ci\/wp-content\/uploads\/2022\/06\/2-1.jpeg","type":"image\/jpeg"}],"author":"7culture2020","twitter_card":"summary_large_image","twitter_creator":"@7culturec","twitter_site":"@7culturec","twitter_misc":{"\u00c9crit par":"7culture2020","Dur\u00e9e de lecture estim\u00e9e":"5 minutes"},"schema":{"@context":"https:\/\/schema.org","@graph":[{"@type":"Article","@id":"https:\/\/7culture.ci\/index.php\/2022\/06\/28\/show-dhumour-avec-booder-le-public-na-pas-boude-son-plaisir\/#article","isPartOf":{"@id":"https:\/\/7culture.ci\/index.php\/2022\/06\/28\/show-dhumour-avec-booder-le-public-na-pas-boude-son-plaisir\/"},"author":{"name":"7culture2020","@id":"https:\/\/7culture.ci\/#\/schema\/person\/16150d28d7ef66ba788c1f87f28c4426"},"headline":"Show d\u2019humour\u00a0avec Booder\u00a0: Le public n\u2019a pas boud\u00e9 son plaisir\u00a0!","datePublished":"2022-06-28T11:01:11+00:00","dateModified":"2022-06-28T11:03:14+00:00","mainEntityOfPage":{"@id":"https:\/\/7culture.ci\/index.php\/2022\/06\/28\/show-dhumour-avec-booder-le-public-na-pas-boude-son-plaisir\/"},"wordCount":726,"commentCount":0,"publisher":{"@id":"https:\/\/7culture.ci\/#organization"},"articleSection":["Humour"],"inLanguage":"fr-FR","potentialAction":[{"@type":"CommentAction","name":"Comment","target":["https:\/\/7culture.ci\/index.php\/2022\/06\/28\/show-dhumour-avec-booder-le-public-na-pas-boude-son-plaisir\/#respond"]}]},{"@type":"WebPage","@id":"https:\/\/7culture.ci\/index.php\/2022\/06\/28\/show-dhumour-avec-booder-le-public-na-pas-boude-son-plaisir\/","url":"https:\/\/7culture.ci\/index.php\/2022\/06\/28\/show-dhumour-avec-booder-le-public-na-pas-boude-son-plaisir\/","name":"Show d\u2019humour\u00a0avec Booder\u00a0: Le public n\u2019a pas boud\u00e9 son plaisir\u00a0! -","isPartOf":{"@id":"https:\/\/7culture.ci\/#website"},"datePublished":"2022-06-28T11:01:11+00:00","dateModified":"2022-06-28T11:03:14+00:00","breadcrumb":{"@id":"https:\/\/7culture.ci\/index.php\/2022\/06\/28\/show-dhumour-avec-booder-le-public-na-pas-boude-son-plaisir\/#breadcrumb"},"inLanguage":"fr-FR","potentialAction":[{"@type":"ReadAction","target":["https:\/\/7culture.ci\/index.php\/2022\/06\/28\/show-dhumour-avec-booder-le-public-na-pas-boude-son-plaisir\/"]}]},{"@type":"BreadcrumbList","@id":"https:\/\/7culture.ci\/index.php\/2022\/06\/28\/show-dhumour-avec-booder-le-public-na-pas-boude-son-plaisir\/#breadcrumb","itemListElement":[{"@type":"ListItem","position":1,"name":"Accueil","item":"https:\/\/7culture.ci\/"},{"@type":"ListItem","position":2,"name":"Show d\u2019humour\u00a0avec Booder\u00a0: Le public n\u2019a pas boud\u00e9 son plaisir\u00a0!"}]},{"@type":"WebSite","@id":"https:\/\/7culture.ci\/#website","url":"https:\/\/7culture.ci\/","name":"7culture","description":"Tout sur l&#039;actualit\u00e9","publisher":{"@id":"https:\/\/7culture.ci\/#organization"},"potentialAction":[{"@type":"SearchAction","target":{"@type":"EntryPoint","urlTemplate":"https:\/\/7culture.ci\/?s={search_term_string}"},"query-input":"required name=search_term_string"}],"inLanguage":"fr-FR"},{"@type":"Organization","@id":"https:\/\/7culture.ci\/#organization","name":"7culture","url":"https:\/\/7culture.ci\/","sameAs":["https:\/\/www.facebook.com\/redchefclaude","https:\/\/twitter.com\/7culturec"],"logo":{"@type":"ImageObject","inLanguage":"fr-FR","@id":"https:\/\/7culture.ci\/#\/schema\/logo\/image\/","url":"https:\/\/7culture.ci\/wp-content\/uploads\/2021\/12\/S1a-1.png","contentUrl":"https:\/\/7culture.ci\/wp-content\/uploads\/2021\/12\/S1a-1.png","width":588,"height":192,"caption":"7culture"},"image":{"@id":"https:\/\/7culture.ci\/#\/schema\/logo\/image\/"}},{"@type":"Person","@id":"https:\/\/7culture.ci\/#\/schema\/person\/16150d28d7ef66ba788c1f87f28c4426","name":"7culture2020","image":{"@type":"ImageObject","inLanguage":"fr-FR","@id":"https:\/\/7culture.ci\/#\/schema\/person\/image\/","url":"https:\/\/secure.gravatar.com\/avatar\/9a0784f951306c37bcd065f52844ef95?s=96&d=mm&r=g","contentUrl":"https:\/\/secure.gravatar.com\/avatar\/9a0784f951306c37bcd065f52844ef95?s=96&d=mm&r=g","caption":"7culture2020"},"sameAs":["http:\/\/7culture.ci","Claude.kipre"],"url":"https:\/\/7culture.ci\/index.php\/author\/7culture2020\/"}]}},"jetpack_featured_media_url":"https:\/\/7culture.ci\/wp-content\/uploads\/2022\/06\/2-1.jpeg","jetpack_likes_enabled":true,"jetpack_sharing_enabled":true,"_links":{"self":[{"href":"https:\/\/7culture.ci\/index.php\/wp-json\/wp\/v2\/posts\/21977"}],"collection":[{"href":"https:\/\/7culture.ci\/index.php\/wp-json\/wp\/v2\/posts"}],"about":[{"href":"https:\/\/7culture.ci\/index.php\/wp-json\/wp\/v2\/types\/post"}],"author":[{"embeddable":true,"href":"https:\/\/7culture.ci\/index.php\/wp-json\/wp\/v2\/users\/1"}],"replies":[{"embeddable":true,"href":"https:\/\/7culture.ci\/index.php\/wp-json\/wp\/v2\/comments?post=21977"}],"version-history":[{"count":0,"href":"https:\/\/7culture.ci\/index.php\/wp-json\/wp\/v2\/posts\/21977\/revisions"}],"wp:featuredmedia":[{"embeddable":true,"href":"https:\/\/7culture.ci\/index.php\/wp-json\/wp\/v2\/media\/21978"}],"wp:attachment":[{"href":"https:\/\/7culture.ci\/index.php\/wp-json\/wp\/v2\/media?parent=21977"}],"wp:term":[{"taxonomy":"category","embeddable":true,"href":"https:\/\/7culture.ci\/index.php\/wp-json\/wp\/v2\/categories?post=21977"},{"taxonomy":"post_tag","embeddable":true,"href":"https:\/\/7culture.ci\/index.php\/wp-json\/wp\/v2\/tags?post=21977"}],"curies":[{"name":"wp","href":"https:\/\/api.w.org\/{rel}","templated":true}]}}