{"id":21971,"date":"2022-06-28T12:10:46","date_gmt":"2022-06-28T10:10:46","guid":{"rendered":"https:\/\/7culture.ci\/?p=21971"},"modified":"2022-06-28T15:33:59","modified_gmt":"2022-06-28T13:33:59","slug":"relations-coupables-entre-serey-die-et-josey-la-chanteuse-se-confesse-et-demande-pardon","status":"publish","type":"post","link":"https:\/\/7culture.ci\/index.php\/2022\/06\/28\/relations-coupables-entre-serey-die-et-josey-la-chanteuse-se-confesse-et-demande-pardon\/","title":{"rendered":"Relations coupables entre Serey Di\u00e9 et Josey\u00a0: la chanteuse se confesse et demande pardon"},"content":{"rendered":"\n<p>C\u2019est un post qui a enflamm\u00e9 la toile ce lundi 27 juin. Accus\u00e9e \u00e0 tort ou \u00e0 raison d\u2019entretenir une relation coupable avec le footballeur international ivoirien Serey Di\u00e9 apr\u00e8s la naissance de leur 2<sup>e<\/sup> enfant, Josey a jug\u00e9 bon de le jouer profil bas au lieu d\u2019entretenir la pol\u00e9mique. \u00ab <strong><em>L\u2019erreur est humaine et le pardon divin<\/em><\/strong> \u00bb, \u00e9crit-elle dans un courrier qu\u2019elle a publi\u00e9 le mercredi 27 juin 2020 dans la soir\u00e9e. Puis elle se confesse en ces termes&nbsp;: \u00ab&nbsp;<strong><em>La v\u00e9rit\u00e9 est que j\u2019ai suivi mon c\u0153ur<\/em><\/strong>\u00bb.&nbsp; Et enfin, elle demande \u00ab&nbsp;<strong><em>Pardon \u00e0 mes fans, \u00e0 mes parents, aux membres de ma communaut\u00e9 religieuse ainsi qu\u2019\u00e0 tous les chr\u00e9tiens.&nbsp;<\/em><\/strong>\u00bb Les critiques contre Josey et Serey Di\u00e9 se sont amplifi\u00e9es lorsque l\u2019ancien capitaine des El\u00e9phants de C\u00f4te d\u2019Ivoire a pass\u00e9 \u00e0 l\u2019\u00e9mission Life-Week-end du 24 juin sur la chaine priv\u00e9e Life TV &nbsp;et a avou\u00e9 ceci&nbsp;: \u00ab&nbsp;<strong><em>J&#8217;ai 38 ans. Je suis mari\u00e9 l\u00e9galement et j&#8217;ai cinq enfants avec Aline. J\u2019ai aussi deux enfants avec Josey et enfin, j&#8217;ai un enfant avec Dolina qui est sur Paris&nbsp;<\/em><\/strong>\u00bb.<\/p>\n\n\n\n<p>Depuis la sortie de son compagnon, Josey s\u2019\u00e9tait montr\u00e9e discr\u00e8te malgr\u00e9 la foule de r\u00e9actions qui l\u2019accablait. Jusqu\u2019\u00e0 hier o\u00f9 elle a publi\u00e9 une lettre sur cette affaire et que nous reproduisons in extenso.<\/p>\n\n\n\n<figure class=\"wp-block-gallery has-nested-images columns-default is-cropped wp-block-gallery-1 is-layout-flex wp-block-gallery-is-layout-flex\">\n<figure class=\"wp-block-image size-large\"><img loading=\"lazy\" decoding=\"async\" width=\"480\" height=\"449\" data-id=\"21973\" src=\"https:\/\/7culture.ci\/wp-content\/uploads\/2022\/06\/Josey2.jpg\" alt=\"\" class=\"wp-image-21973\" srcset=\"https:\/\/7culture.ci\/wp-content\/uploads\/2022\/06\/Josey2.jpg 480w, https:\/\/7culture.ci\/wp-content\/uploads\/2022\/06\/Josey2-300x281.jpg 300w\" sizes=\"(max-width: 480px) 100vw, 480px\" \/><\/figure>\n\n\n\n<figure class=\"wp-block-image size-large\"><img loading=\"lazy\" decoding=\"async\" width=\"1024\" height=\"537\" data-id=\"21974\" src=\"https:\/\/7culture.ci\/wp-content\/uploads\/2022\/06\/serey-die-1024x537.jpg\" alt=\"\" class=\"wp-image-21974\" srcset=\"https:\/\/7culture.ci\/wp-content\/uploads\/2022\/06\/serey-die-1024x537.jpg 1024w, https:\/\/7culture.ci\/wp-content\/uploads\/2022\/06\/serey-die-300x157.jpg 300w, https:\/\/7culture.ci\/wp-content\/uploads\/2022\/06\/serey-die-768x402.jpg 768w, https:\/\/7culture.ci\/wp-content\/uploads\/2022\/06\/serey-die-1536x805.jpg 1536w, https:\/\/7culture.ci\/wp-content\/uploads\/2022\/06\/serey-die.jpg 2048w\" sizes=\"(max-width: 1024px) 100vw, 1024px\" \/><\/figure>\n<\/figure>\n\n\n\n<p>\u00ab&nbsp;\u00c0 Mes fans,<\/p>\n\n\n\n<p>\u00c0 Ma nation,<\/p>\n\n\n\n<p>\u00c0 Ma communaut\u00e9,<\/p>\n\n\n\n<p>\u00ab L\u2019erreur est humaine et le pardon divin \u00bb<\/p>\n\n\n\n<p>Depuis quelques jours, vous \u00eates nombreux \u00e0 r\u00e9agir \u00e0 une s\u00e9rie d\u2019informations mais \u00e9galement de sp\u00e9culations impliquant, malheureusement, ma vie priv\u00e9e.<\/p>\n\n\n\n<p>Je suis une artiste qui devrait faire l\u2019actualit\u00e9, par la qualit\u00e9 de sa carri\u00e8re musicale et servir de mod\u00e8le aux plus jeunes. La v\u00e9rit\u00e9 est que j\u2019ai suivi mon c\u0153ur. Je ne suis qu\u2019un \u00eatre humain.<\/p>\n\n\n\n<p>Je pr\u00e9sente mes sinc\u00e8res excuses et demande humblement pardon \u00e0 celles et ceux que mes attitudes ont bless\u00e9 et choqu\u00e9.<\/p>\n\n\n\n<p>Pardon \u00e0 mes fans, \u00e0 mes parents, aux membres de ma communaut\u00e9 religieuse ainsi qu\u2019\u00e0 tous les chr\u00e9tiens.<\/p>\n\n\n\n<p>Je continue d\u2019apprendre de la vie, et je prie qu\u2019Aline trouve un jour la force de me pardonner.<\/p>\n\n\n\n<p>J\u2019esp\u00e8re pouvoir prendre appui sur vous, pour m\u2019aider \u00e0 avancer.<\/p>\n\n\n\n<p>Avec l\u2019aide de Dieu, je t\u00e2cherai, \u00e0 nouveau, de m\u00e9riter votre confiance.&nbsp;\u00bb<\/p>\n\n\n\n<p>Fait \u00e0 Abidjan, le 27 juin 2022<\/p>\n\n\n\n<p>Josey<\/p>\n\n\n\n<p>Par Omar AK<\/p>\n","protected":false},"excerpt":{"rendered":"<p>C\u2019est un post qui a enflamm\u00e9 la toile ce lundi 27 juin. Accus\u00e9e \u00e0 tort ou \u00e0 raison d\u2019entretenir une relation coupable avec le footballeur international ivoirien Serey Di\u00e9 apr\u00e8s la naissance de leur 2e enfant, Josey a jug\u00e9 bon de le jouer profil bas au lieu d\u2019entretenir la pol\u00e9mique. \u00ab L\u2019erreur est humaine et &hellip;<\/p>\n<p class=\"read-more\"> <a class=\"\" href=\"https:\/\/7culture.ci\/index.php\/2022\/06\/28\/relations-coupables-entre-serey-die-et-josey-la-chanteuse-se-confesse-et-demande-pardon\/\"> <span class=\"screen-reader-text\">Relations coupables entre Serey Di\u00e9 et Josey\u00a0: la chanteuse se confesse et demande pardon<\/span> Lire la suite\u00a0\u00bb<\/a><\/p>\n","protected":false},"author":1,"featured_media":21972,"comment_status":"open","ping_status":"open","sticky":false,"template":"","format":"standard","meta":{"_mi_skip_tracking":false,"_monsterinsights_sitenote_active":false,"_monsterinsights_sitenote_note":"","_monsterinsights_sitenote_category":0,"site-sidebar-layout":"default","site-content-layout":"default","ast-global-header-display":"","ast-main-header-display":"","ast-hfb-above-header-display":"","ast-hfb-below-header-display":"","ast-hfb-mobile-header-display":"","site-post-title":"","ast-breadcrumbs-content":"","ast-featured-img":"","footer-sml-layout":"","theme-transparent-header-meta":"","adv-header-id-meta":"","stick-header-meta":"","header-above-stick-meta":"","header-main-stick-meta":"","header-below-stick-meta":"","footnotes":"","jetpack_publicize_message":"","jetpack_is_tweetstorm":false,"jetpack_publicize_feature_enabled":true},"categories":[22],"tags":[],"jetpack_publicize_connections":[],"acf":[],"aioseo_notices":[],"yoast_head":"<!-- This site is optimized with the Yoast SEO plugin v19.6.1 - https:\/\/yoast.com\/wordpress\/plugins\/seo\/ -->\n<title>Relations coupables entre Serey Di\u00e9 et Josey\u00a0: la chanteuse se confesse et demande pardon -<\/title>\n<meta name=\"robots\" content=\"index, follow, max-snippet:-1, max-image-preview:large, max-video-preview:-1\" \/>\n<link rel=\"canonical\" href=\"https:\/\/7culture.ci\/index.php\/2022\/06\/28\/relations-coupables-entre-serey-die-et-josey-la-chanteuse-se-confesse-et-demande-pardon\/\" \/>\n<meta property=\"og:locale\" content=\"fr_FR\" \/>\n<meta property=\"og:type\" content=\"article\" \/>\n<meta property=\"og:title\" content=\"Relations coupables entre Serey Di\u00e9 et Josey\u00a0: la chanteuse se confesse et demande pardon -\" \/>\n<meta property=\"og:description\" content=\"C\u2019est un post qui a enflamm\u00e9 la toile ce lundi 27 juin. Accus\u00e9e \u00e0 tort ou \u00e0 raison d\u2019entretenir une relation coupable avec le footballeur international ivoirien Serey Di\u00e9 apr\u00e8s la naissance de leur 2e enfant, Josey a jug\u00e9 bon de le jouer profil bas au lieu d\u2019entretenir la pol\u00e9mique. \u00ab L\u2019erreur est humaine et &hellip; Relations coupables entre Serey Di\u00e9 et Josey\u00a0: la chanteuse se confesse et demande pardon Lire la suite\u00a0\u00bb\" \/>\n<meta property=\"og:url\" content=\"https:\/\/7culture.ci\/index.php\/2022\/06\/28\/relations-coupables-entre-serey-die-et-josey-la-chanteuse-se-confesse-et-demande-pardon\/\" \/>\n<meta property=\"og:site_name\" content=\"7culture\" \/>\n<meta property=\"article:publisher\" content=\"https:\/\/www.facebook.com\/redchefclaude\" \/>\n<meta property=\"article:published_time\" content=\"2022-06-28T10:10:46+00:00\" \/>\n<meta property=\"article:modified_time\" content=\"2022-06-28T13:33:59+00:00\" \/>\n<meta property=\"og:image\" content=\"http:\/\/7culture.ci\/wp-content\/uploads\/2022\/06\/Josey3.jpg\" \/>\n\t<meta property=\"og:image:width\" content=\"750\" \/>\n\t<meta property=\"og:image:height\" content=\"450\" \/>\n\t<meta property=\"og:image:type\" content=\"image\/jpeg\" \/>\n<meta name=\"author\" content=\"7culture2020\" \/>\n<meta name=\"twitter:card\" content=\"summary_large_image\" \/>\n<meta name=\"twitter:creator\" content=\"@7culturec\" \/>\n<meta name=\"twitter:site\" content=\"@7culturec\" \/>\n<meta name=\"twitter:label1\" content=\"\u00c9crit par\" \/>\n\t<meta name=\"twitter:data1\" content=\"7culture2020\" \/>\n\t<meta name=\"twitter:label2\" content=\"Dur\u00e9e de lecture estim\u00e9e\" \/>\n\t<meta name=\"twitter:data2\" content=\"3 minutes\" \/>\n<script type=\"application\/ld+json\" class=\"yoast-schema-graph\">{\"@context\":\"https:\/\/schema.org\",\"@graph\":[{\"@type\":\"Article\",\"@id\":\"https:\/\/7culture.ci\/index.php\/2022\/06\/28\/relations-coupables-entre-serey-die-et-josey-la-chanteuse-se-confesse-et-demande-pardon\/#article\",\"isPartOf\":{\"@id\":\"https:\/\/7culture.ci\/index.php\/2022\/06\/28\/relations-coupables-entre-serey-die-et-josey-la-chanteuse-se-confesse-et-demande-pardon\/\"},\"author\":{\"name\":\"7culture2020\",\"@id\":\"https:\/\/7culture.ci\/#\/schema\/person\/16150d28d7ef66ba788c1f87f28c4426\"},\"headline\":\"Relations coupables entre Serey Di\u00e9 et Josey\u00a0: la chanteuse se confesse et demande pardon\",\"datePublished\":\"2022-06-28T10:10:46+00:00\",\"dateModified\":\"2022-06-28T13:33:59+00:00\",\"mainEntityOfPage\":{\"@id\":\"https:\/\/7culture.ci\/index.php\/2022\/06\/28\/relations-coupables-entre-serey-die-et-josey-la-chanteuse-se-confesse-et-demande-pardon\/\"},\"wordCount\":424,\"commentCount\":0,\"publisher\":{\"@id\":\"https:\/\/7culture.ci\/#organization\"},\"articleSection\":[\"Actualit\u00e9\"],\"inLanguage\":\"fr-FR\",\"potentialAction\":[{\"@type\":\"CommentAction\",\"name\":\"Comment\",\"target\":[\"https:\/\/7culture.ci\/index.php\/2022\/06\/28\/relations-coupables-entre-serey-die-et-josey-la-chanteuse-se-confesse-et-demande-pardon\/#respond\"]}]},{\"@type\":\"WebPage\",\"@id\":\"https:\/\/7culture.ci\/index.php\/2022\/06\/28\/relations-coupables-entre-serey-die-et-josey-la-chanteuse-se-confesse-et-demande-pardon\/\",\"url\":\"https:\/\/7culture.ci\/index.php\/2022\/06\/28\/relations-coupables-entre-serey-die-et-josey-la-chanteuse-se-confesse-et-demande-pardon\/\",\"name\":\"Relations coupables entre Serey Di\u00e9 et Josey\u00a0: la chanteuse se confesse et demande pardon -\",\"isPartOf\":{\"@id\":\"https:\/\/7culture.ci\/#website\"},\"datePublished\":\"2022-06-28T10:10:46+00:00\",\"dateModified\":\"2022-06-28T13:33:59+00:00\",\"breadcrumb\":{\"@id\":\"https:\/\/7culture.ci\/index.php\/2022\/06\/28\/relations-coupables-entre-serey-die-et-josey-la-chanteuse-se-confesse-et-demande-pardon\/#breadcrumb\"},\"inLanguage\":\"fr-FR\",\"potentialAction\":[{\"@type\":\"ReadAction\",\"target\":[\"https:\/\/7culture.ci\/index.php\/2022\/06\/28\/relations-coupables-entre-serey-die-et-josey-la-chanteuse-se-confesse-et-demande-pardon\/\"]}]},{\"@type\":\"BreadcrumbList\",\"@id\":\"https:\/\/7culture.ci\/index.php\/2022\/06\/28\/relations-coupables-entre-serey-die-et-josey-la-chanteuse-se-confesse-et-demande-pardon\/#breadcrumb\",\"itemListElement\":[{\"@type\":\"ListItem\",\"position\":1,\"name\":\"Accueil\",\"item\":\"https:\/\/7culture.ci\/\"},{\"@type\":\"ListItem\",\"position\":2,\"name\":\"Relations coupables entre Serey Di\u00e9 et Josey\u00a0: la chanteuse se confesse et demande pardon\"}]},{\"@type\":\"WebSite\",\"@id\":\"https:\/\/7culture.ci\/#website\",\"url\":\"https:\/\/7culture.ci\/\",\"name\":\"7culture\",\"description\":\"Tout sur l&#039;actualit\u00e9\",\"publisher\":{\"@id\":\"https:\/\/7culture.ci\/#organization\"},\"potentialAction\":[{\"@type\":\"SearchAction\",\"target\":{\"@type\":\"EntryPoint\",\"urlTemplate\":\"https:\/\/7culture.ci\/?s={search_term_string}\"},\"query-input\":\"required name=search_term_string\"}],\"inLanguage\":\"fr-FR\"},{\"@type\":\"Organization\",\"@id\":\"https:\/\/7culture.ci\/#organization\",\"name\":\"7culture\",\"url\":\"https:\/\/7culture.ci\/\",\"sameAs\":[\"https:\/\/www.facebook.com\/redchefclaude\",\"https:\/\/twitter.com\/7culturec\"],\"logo\":{\"@type\":\"ImageObject\",\"inLanguage\":\"fr-FR\",\"@id\":\"https:\/\/7culture.ci\/#\/schema\/logo\/image\/\",\"url\":\"https:\/\/7culture.ci\/wp-content\/uploads\/2021\/12\/S1a-1.png\",\"contentUrl\":\"https:\/\/7culture.ci\/wp-content\/uploads\/2021\/12\/S1a-1.png\",\"width\":588,\"height\":192,\"caption\":\"7culture\"},\"image\":{\"@id\":\"https:\/\/7culture.ci\/#\/schema\/logo\/image\/\"}},{\"@type\":\"Person\",\"@id\":\"https:\/\/7culture.ci\/#\/schema\/person\/16150d28d7ef66ba788c1f87f28c4426\",\"name\":\"7culture2020\",\"image\":{\"@type\":\"ImageObject\",\"inLanguage\":\"fr-FR\",\"@id\":\"https:\/\/7culture.ci\/#\/schema\/person\/image\/\",\"url\":\"https:\/\/secure.gravatar.com\/avatar\/9a0784f951306c37bcd065f52844ef95?s=96&d=mm&r=g\",\"contentUrl\":\"https:\/\/secure.gravatar.com\/avatar\/9a0784f951306c37bcd065f52844ef95?s=96&d=mm&r=g\",\"caption\":\"7culture2020\"},\"sameAs\":[\"http:\/\/7culture.ci\",\"Claude.kipre\"],\"url\":\"https:\/\/7culture.ci\/index.php\/author\/7culture2020\/\"}]}<\/script>\n<!-- \/ Yoast SEO plugin. -->","yoast_head_json":{"title":"Relations coupables entre Serey Di\u00e9 et Josey\u00a0: la chanteuse se confesse et demande pardon -","robots":{"index":"index","follow":"follow","max-snippet":"max-snippet:-1","max-image-preview":"max-image-preview:large","max-video-preview":"max-video-preview:-1"},"canonical":"https:\/\/7culture.ci\/index.php\/2022\/06\/28\/relations-coupables-entre-serey-die-et-josey-la-chanteuse-se-confesse-et-demande-pardon\/","og_locale":"fr_FR","og_type":"article","og_title":"Relations coupables entre Serey Di\u00e9 et Josey\u00a0: la chanteuse se confesse et demande pardon -","og_description":"C\u2019est un post qui a enflamm\u00e9 la toile ce lundi 27 juin. Accus\u00e9e \u00e0 tort ou \u00e0 raison d\u2019entretenir une relation coupable avec le footballeur international ivoirien Serey Di\u00e9 apr\u00e8s la naissance de leur 2e enfant, Josey a jug\u00e9 bon de le jouer profil bas au lieu d\u2019entretenir la pol\u00e9mique. \u00ab L\u2019erreur est humaine et &hellip; Relations coupables entre Serey Di\u00e9 et Josey\u00a0: la chanteuse se confesse et demande pardon Lire la suite\u00a0\u00bb","og_url":"https:\/\/7culture.ci\/index.php\/2022\/06\/28\/relations-coupables-entre-serey-die-et-josey-la-chanteuse-se-confesse-et-demande-pardon\/","og_site_name":"7culture","article_publisher":"https:\/\/www.facebook.com\/redchefclaude","article_published_time":"2022-06-28T10:10:46+00:00","article_modified_time":"2022-06-28T13:33:59+00:00","og_image":[{"width":750,"height":450,"url":"http:\/\/7culture.ci\/wp-content\/uploads\/2022\/06\/Josey3.jpg","type":"image\/jpeg"}],"author":"7culture2020","twitter_card":"summary_large_image","twitter_creator":"@7culturec","twitter_site":"@7culturec","twitter_misc":{"\u00c9crit par":"7culture2020","Dur\u00e9e de lecture estim\u00e9e":"3 minutes"},"schema":{"@context":"https:\/\/schema.org","@graph":[{"@type":"Article","@id":"https:\/\/7culture.ci\/index.php\/2022\/06\/28\/relations-coupables-entre-serey-die-et-josey-la-chanteuse-se-confesse-et-demande-pardon\/#article","isPartOf":{"@id":"https:\/\/7culture.ci\/index.php\/2022\/06\/28\/relations-coupables-entre-serey-die-et-josey-la-chanteuse-se-confesse-et-demande-pardon\/"},"author":{"name":"7culture2020","@id":"https:\/\/7culture.ci\/#\/schema\/person\/16150d28d7ef66ba788c1f87f28c4426"},"headline":"Relations coupables entre Serey Di\u00e9 et Josey\u00a0: la chanteuse se confesse et demande pardon","datePublished":"2022-06-28T10:10:46+00:00","dateModified":"2022-06-28T13:33:59+00:00","mainEntityOfPage":{"@id":"https:\/\/7culture.ci\/index.php\/2022\/06\/28\/relations-coupables-entre-serey-die-et-josey-la-chanteuse-se-confesse-et-demande-pardon\/"},"wordCount":424,"commentCount":0,"publisher":{"@id":"https:\/\/7culture.ci\/#organization"},"articleSection":["Actualit\u00e9"],"inLanguage":"fr-FR","potentialAction":[{"@type":"CommentAction","name":"Comment","target":["https:\/\/7culture.ci\/index.php\/2022\/06\/28\/relations-coupables-entre-serey-die-et-josey-la-chanteuse-se-confesse-et-demande-pardon\/#respond"]}]},{"@type":"WebPage","@id":"https:\/\/7culture.ci\/index.php\/2022\/06\/28\/relations-coupables-entre-serey-die-et-josey-la-chanteuse-se-confesse-et-demande-pardon\/","url":"https:\/\/7culture.ci\/index.php\/2022\/06\/28\/relations-coupables-entre-serey-die-et-josey-la-chanteuse-se-confesse-et-demande-pardon\/","name":"Relations coupables entre Serey Di\u00e9 et Josey\u00a0: la chanteuse se confesse et demande pardon -","isPartOf":{"@id":"https:\/\/7culture.ci\/#website"},"datePublished":"2022-06-28T10:10:46+00:00","dateModified":"2022-06-28T13:33:59+00:00","breadcrumb":{"@id":"https:\/\/7culture.ci\/index.php\/2022\/06\/28\/relations-coupables-entre-serey-die-et-josey-la-chanteuse-se-confesse-et-demande-pardon\/#breadcrumb"},"inLanguage":"fr-FR","potentialAction":[{"@type":"ReadAction","target":["https:\/\/7culture.ci\/index.php\/2022\/06\/28\/relations-coupables-entre-serey-die-et-josey-la-chanteuse-se-confesse-et-demande-pardon\/"]}]},{"@type":"BreadcrumbList","@id":"https:\/\/7culture.ci\/index.php\/2022\/06\/28\/relations-coupables-entre-serey-die-et-josey-la-chanteuse-se-confesse-et-demande-pardon\/#breadcrumb","itemListElement":[{"@type":"ListItem","position":1,"name":"Accueil","item":"https:\/\/7culture.ci\/"},{"@type":"ListItem","position":2,"name":"Relations coupables entre Serey Di\u00e9 et Josey\u00a0: la chanteuse se confesse et demande pardon"}]},{"@type":"WebSite","@id":"https:\/\/7culture.ci\/#website","url":"https:\/\/7culture.ci\/","name":"7culture","description":"Tout sur l&#039;actualit\u00e9","publisher":{"@id":"https:\/\/7culture.ci\/#organization"},"potentialAction":[{"@type":"SearchAction","target":{"@type":"EntryPoint","urlTemplate":"https:\/\/7culture.ci\/?s={search_term_string}"},"query-input":"required name=search_term_string"}],"inLanguage":"fr-FR"},{"@type":"Organization","@id":"https:\/\/7culture.ci\/#organization","name":"7culture","url":"https:\/\/7culture.ci\/","sameAs":["https:\/\/www.facebook.com\/redchefclaude","https:\/\/twitter.com\/7culturec"],"logo":{"@type":"ImageObject","inLanguage":"fr-FR","@id":"https:\/\/7culture.ci\/#\/schema\/logo\/image\/","url":"https:\/\/7culture.ci\/wp-content\/uploads\/2021\/12\/S1a-1.png","contentUrl":"https:\/\/7culture.ci\/wp-content\/uploads\/2021\/12\/S1a-1.png","width":588,"height":192,"caption":"7culture"},"image":{"@id":"https:\/\/7culture.ci\/#\/schema\/logo\/image\/"}},{"@type":"Person","@id":"https:\/\/7culture.ci\/#\/schema\/person\/16150d28d7ef66ba788c1f87f28c4426","name":"7culture2020","image":{"@type":"ImageObject","inLanguage":"fr-FR","@id":"https:\/\/7culture.ci\/#\/schema\/person\/image\/","url":"https:\/\/secure.gravatar.com\/avatar\/9a0784f951306c37bcd065f52844ef95?s=96&d=mm&r=g","contentUrl":"https:\/\/secure.gravatar.com\/avatar\/9a0784f951306c37bcd065f52844ef95?s=96&d=mm&r=g","caption":"7culture2020"},"sameAs":["http:\/\/7culture.ci","Claude.kipre"],"url":"https:\/\/7culture.ci\/index.php\/author\/7culture2020\/"}]}},"jetpack_featured_media_url":"https:\/\/7culture.ci\/wp-content\/uploads\/2022\/06\/Josey3.jpg","jetpack_likes_enabled":true,"jetpack_sharing_enabled":true,"_links":{"self":[{"href":"https:\/\/7culture.ci\/index.php\/wp-json\/wp\/v2\/posts\/21971"}],"collection":[{"href":"https:\/\/7culture.ci\/index.php\/wp-json\/wp\/v2\/posts"}],"about":[{"href":"https:\/\/7culture.ci\/index.php\/wp-json\/wp\/v2\/types\/post"}],"author":[{"embeddable":true,"href":"https:\/\/7culture.ci\/index.php\/wp-json\/wp\/v2\/users\/1"}],"replies":[{"embeddable":true,"href":"https:\/\/7culture.ci\/index.php\/wp-json\/wp\/v2\/comments?post=21971"}],"version-history":[{"count":0,"href":"https:\/\/7culture.ci\/index.php\/wp-json\/wp\/v2\/posts\/21971\/revisions"}],"wp:featuredmedia":[{"embeddable":true,"href":"https:\/\/7culture.ci\/index.php\/wp-json\/wp\/v2\/media\/21972"}],"wp:attachment":[{"href":"https:\/\/7culture.ci\/index.php\/wp-json\/wp\/v2\/media?parent=21971"}],"wp:term":[{"taxonomy":"category","embeddable":true,"href":"https:\/\/7culture.ci\/index.php\/wp-json\/wp\/v2\/categories?post=21971"},{"taxonomy":"post_tag","embeddable":true,"href":"https:\/\/7culture.ci\/index.php\/wp-json\/wp\/v2\/tags?post=21971"}],"curies":[{"name":"wp","href":"https:\/\/api.w.org\/{rel}","templated":true}]}}