{"id":21922,"date":"2022-06-24T19:01:09","date_gmt":"2022-06-24T17:01:09","guid":{"rendered":"https:\/\/7culture.ci\/?p=21922"},"modified":"2022-06-24T19:01:13","modified_gmt":"2022-06-24T17:01:13","slug":"la-ministre-francoise-remarck-exprime-sa-vision-de-cooperation-avec-loif","status":"publish","type":"post","link":"https:\/\/7culture.ci\/index.php\/2022\/06\/24\/la-ministre-francoise-remarck-exprime-sa-vision-de-cooperation-avec-loif\/","title":{"rendered":"La ministre Fran\u00e7oise Remarck exprime sa vision de coop\u00e9ration avec l\u2019OIF"},"content":{"rendered":"\n<p>La ministre de la Culture et de la Francophonie Fran\u00e7oise Remarck a eu une s\u00e9ance de travail avec Mme Thi Hoang Mai Tran, repr\u00e9sentante r\u00e9gionale de l\u2019Organisation Internationale de la Francophonie (OIF) Afrique de l\u2019ouest, le mercredi 22 juin 2022 \u00e0 son cabinet \u00e0 Abidjan Plateau.<\/p>\n\n\n\n<p>Au cours de cette rencontre, Mme Thi Hoang Mai Tran a pr\u00e9sent\u00e9 \u00e0 la ministre Fran\u00e7oise Remarck, les activit\u00e9s de l\u2019OIF au profit des populations africaines et en particulier celles de la C\u00f4te d\u2019Ivoire. Elle a aussi d\u00e9voil\u00e9 plusieurs projets financ\u00e9s par son organisation.<\/p>\n\n\n\n<p>De son c\u00f4t\u00e9, la ministre de la Culture et de la Francophonie,<a> <\/a>a salu\u00e9 toutes les actions de l\u2019OIF en faveur des populations ivoiriennes, particuli\u00e8rement les femmes. Pr\u00e9sentant sa vision de la coop\u00e9ration, elle a dit militer pour la prise en compte des femmes dans tous les aspects du pays. Elle souhaite un avancement des projets selon les accords sign\u00e9s, dans la continuit\u00e9 de ce qui a \u00e9t\u00e9 fait.<\/p>\n\n\n\n<figure class=\"wp-block-image size-large is-resized\"><img loading=\"lazy\" decoding=\"async\" src=\"https:\/\/7culture.ci\/wp-content\/uploads\/2022\/06\/WhatsApp-Image-2022-06-24-at-00.26.09-1-1024x683.jpeg\" alt=\"\" class=\"wp-image-21924\" width=\"671\" height=\"447\" srcset=\"https:\/\/7culture.ci\/wp-content\/uploads\/2022\/06\/WhatsApp-Image-2022-06-24-at-00.26.09-1-1024x683.jpeg 1024w, https:\/\/7culture.ci\/wp-content\/uploads\/2022\/06\/WhatsApp-Image-2022-06-24-at-00.26.09-1-300x200.jpeg 300w, https:\/\/7culture.ci\/wp-content\/uploads\/2022\/06\/WhatsApp-Image-2022-06-24-at-00.26.09-1-768x512.jpeg 768w, https:\/\/7culture.ci\/wp-content\/uploads\/2022\/06\/WhatsApp-Image-2022-06-24-at-00.26.09-1.jpeg 1080w\" sizes=\"(max-width: 671px) 100vw, 671px\" \/><\/figure>\n\n\n\n<p>La C\u00f4te d\u2019Ivoire, selon la ministre Fran\u00e7oise Remarck, a inscrit dans son Plan National de D\u00e9veloppement (PND), la culture, le tourisme et le num\u00e9rique comme secteurs de croissance. Elle a, par cons\u00e9quent, invit\u00e9 Mme Thi Hoang Mai Tran \u00e0 d\u00e9couvrir la r\u00e9alit\u00e9 de l\u2019industrie culturelle en C\u00f4te d\u2019Ivoire et a exprim\u00e9 un besoin de disposer des donn\u00e9es sur l\u2019industrie culturelle.<\/p>\n\n\n\n<p>Mme Fran\u00e7oise Remarck a \u00e9galement fait ressentir le besoin de comp\u00e9tences pour les formations, avec pour ambition r\u00e9elle de cr\u00e9er des emplois et amener le secteur de la culture \u00e0 contribuer au Produit Int\u00e9rieur Brut (PIB). La mise en \u0153uvre de cette vision, n\u00e9cessitera une coop\u00e9ration, une synergie avec l\u2019OIF, l\u2019UNESCO, les acteurs de l\u2019industrie culturelle.<\/p>\n\n\n\n<div class=\"wp-block-image\"><figure class=\"aligncenter size-large is-resized\"><img loading=\"lazy\" decoding=\"async\" src=\"https:\/\/7culture.ci\/wp-content\/uploads\/2022\/06\/WhatsApp-Image-2022-06-24-at-00.25.03-1024x683.jpeg\" alt=\"\" class=\"wp-image-21925\" width=\"636\" height=\"424\" srcset=\"https:\/\/7culture.ci\/wp-content\/uploads\/2022\/06\/WhatsApp-Image-2022-06-24-at-00.25.03-1024x683.jpeg 1024w, https:\/\/7culture.ci\/wp-content\/uploads\/2022\/06\/WhatsApp-Image-2022-06-24-at-00.25.03-300x200.jpeg 300w, https:\/\/7culture.ci\/wp-content\/uploads\/2022\/06\/WhatsApp-Image-2022-06-24-at-00.25.03-768x512.jpeg 768w, https:\/\/7culture.ci\/wp-content\/uploads\/2022\/06\/WhatsApp-Image-2022-06-24-at-00.25.03.jpeg 1080w\" sizes=\"(max-width: 636px) 100vw, 636px\" \/><\/figure><\/div>\n\n\n\n<p>La ministre de la Culture et de la Francophonie a souhait\u00e9 au cours de cette s\u00e9ance de travail avec la Repr\u00e9sentante r\u00e9gionale de l&#8217;OIF que suite \u00e0 l\u2019\u00e9valuation, les pr\u00e9paratifs de la prochaine \u00e9dition du March\u00e9 des Arts du Spectacle d&#8217;Abidjan (MASA) reprennent rapidement.<\/p>\n\n\n\n<p>Par Thierry Samuel<\/p>\n","protected":false},"excerpt":{"rendered":"<p>La ministre de la Culture et de la Francophonie Fran\u00e7oise Remarck a eu une s\u00e9ance de travail avec Mme Thi Hoang Mai Tran, repr\u00e9sentante r\u00e9gionale de l\u2019Organisation Internationale de la Francophonie (OIF) Afrique de l\u2019ouest, le mercredi 22 juin 2022 \u00e0 son cabinet \u00e0 Abidjan Plateau. Au cours de cette rencontre, Mme Thi Hoang Mai &hellip;<\/p>\n<p class=\"read-more\"> <a class=\"\" href=\"https:\/\/7culture.ci\/index.php\/2022\/06\/24\/la-ministre-francoise-remarck-exprime-sa-vision-de-cooperation-avec-loif\/\"> <span class=\"screen-reader-text\">La ministre Fran\u00e7oise Remarck exprime sa vision de coop\u00e9ration avec l\u2019OIF<\/span> Lire la suite\u00a0\u00bb<\/a><\/p>\n","protected":false},"author":1,"featured_media":21923,"comment_status":"open","ping_status":"open","sticky":false,"template":"","format":"standard","meta":{"_mi_skip_tracking":false,"_monsterinsights_sitenote_active":false,"_monsterinsights_sitenote_note":"","_monsterinsights_sitenote_category":0,"site-sidebar-layout":"default","site-content-layout":"default","ast-global-header-display":"","ast-main-header-display":"","ast-hfb-above-header-display":"","ast-hfb-below-header-display":"","ast-hfb-mobile-header-display":"","site-post-title":"","ast-breadcrumbs-content":"","ast-featured-img":"","footer-sml-layout":"","theme-transparent-header-meta":"","adv-header-id-meta":"","stick-header-meta":"","header-above-stick-meta":"","header-main-stick-meta":"","header-below-stick-meta":"","footnotes":"","jetpack_publicize_message":"","jetpack_is_tweetstorm":false,"jetpack_publicize_feature_enabled":true},"categories":[22],"tags":[],"jetpack_publicize_connections":[],"acf":[],"aioseo_notices":[],"yoast_head":"<!-- This site is optimized with the Yoast SEO plugin v19.6.1 - https:\/\/yoast.com\/wordpress\/plugins\/seo\/ -->\n<title>La ministre Fran\u00e7oise Remarck exprime sa vision de coop\u00e9ration avec l\u2019OIF - 7culture<\/title>\n<meta name=\"robots\" content=\"index, follow, max-snippet:-1, max-image-preview:large, max-video-preview:-1\" \/>\n<link rel=\"canonical\" href=\"https:\/\/7culture.ci\/index.php\/2022\/06\/24\/la-ministre-francoise-remarck-exprime-sa-vision-de-cooperation-avec-loif\/\" \/>\n<meta property=\"og:locale\" content=\"fr_FR\" \/>\n<meta property=\"og:type\" content=\"article\" \/>\n<meta property=\"og:title\" content=\"La ministre Fran\u00e7oise Remarck exprime sa vision de coop\u00e9ration avec l\u2019OIF - 7culture\" \/>\n<meta property=\"og:description\" content=\"La ministre de la Culture et de la Francophonie Fran\u00e7oise Remarck a eu une s\u00e9ance de travail avec Mme Thi Hoang Mai Tran, repr\u00e9sentante r\u00e9gionale de l\u2019Organisation Internationale de la Francophonie (OIF) Afrique de l\u2019ouest, le mercredi 22 juin 2022 \u00e0 son cabinet \u00e0 Abidjan Plateau. Au cours de cette rencontre, Mme Thi Hoang Mai &hellip; La ministre Fran\u00e7oise Remarck exprime sa vision de coop\u00e9ration avec l\u2019OIF Lire la suite\u00a0\u00bb\" \/>\n<meta property=\"og:url\" content=\"https:\/\/7culture.ci\/index.php\/2022\/06\/24\/la-ministre-francoise-remarck-exprime-sa-vision-de-cooperation-avec-loif\/\" \/>\n<meta property=\"og:site_name\" content=\"7culture\" \/>\n<meta property=\"article:publisher\" content=\"https:\/\/www.facebook.com\/redchefclaude\" \/>\n<meta property=\"article:published_time\" content=\"2022-06-24T17:01:09+00:00\" \/>\n<meta property=\"article:modified_time\" content=\"2022-06-24T17:01:13+00:00\" \/>\n<meta property=\"og:image\" content=\"http:\/\/7culture.ci\/wp-content\/uploads\/2022\/06\/WhatsApp-Image-2022-06-24-at-00.26.09.jpeg\" \/>\n\t<meta property=\"og:image:width\" content=\"1080\" \/>\n\t<meta property=\"og:image:height\" content=\"720\" \/>\n\t<meta property=\"og:image:type\" content=\"image\/jpeg\" \/>\n<meta name=\"author\" content=\"7culture2020\" \/>\n<meta name=\"twitter:card\" content=\"summary_large_image\" \/>\n<meta name=\"twitter:creator\" content=\"@7culturec\" \/>\n<meta name=\"twitter:site\" content=\"@7culturec\" \/>\n<meta name=\"twitter:label1\" content=\"\u00c9crit par\" \/>\n\t<meta name=\"twitter:data1\" content=\"7culture2020\" \/>\n\t<meta name=\"twitter:label2\" content=\"Dur\u00e9e de lecture estim\u00e9e\" \/>\n\t<meta name=\"twitter:data2\" content=\"3 minutes\" \/>\n<script type=\"application\/ld+json\" class=\"yoast-schema-graph\">{\"@context\":\"https:\/\/schema.org\",\"@graph\":[{\"@type\":\"Article\",\"@id\":\"https:\/\/7culture.ci\/index.php\/2022\/06\/24\/la-ministre-francoise-remarck-exprime-sa-vision-de-cooperation-avec-loif\/#article\",\"isPartOf\":{\"@id\":\"https:\/\/7culture.ci\/index.php\/2022\/06\/24\/la-ministre-francoise-remarck-exprime-sa-vision-de-cooperation-avec-loif\/\"},\"author\":{\"name\":\"7culture2020\",\"@id\":\"https:\/\/7culture.ci\/#\/schema\/person\/16150d28d7ef66ba788c1f87f28c4426\"},\"headline\":\"La ministre Fran\u00e7oise Remarck exprime sa vision de coop\u00e9ration avec l\u2019OIF\",\"datePublished\":\"2022-06-24T17:01:09+00:00\",\"dateModified\":\"2022-06-24T17:01:13+00:00\",\"mainEntityOfPage\":{\"@id\":\"https:\/\/7culture.ci\/index.php\/2022\/06\/24\/la-ministre-francoise-remarck-exprime-sa-vision-de-cooperation-avec-loif\/\"},\"wordCount\":376,\"commentCount\":0,\"publisher\":{\"@id\":\"https:\/\/7culture.ci\/#organization\"},\"articleSection\":[\"Actualit\u00e9\"],\"inLanguage\":\"fr-FR\",\"potentialAction\":[{\"@type\":\"CommentAction\",\"name\":\"Comment\",\"target\":[\"https:\/\/7culture.ci\/index.php\/2022\/06\/24\/la-ministre-francoise-remarck-exprime-sa-vision-de-cooperation-avec-loif\/#respond\"]}]},{\"@type\":\"WebPage\",\"@id\":\"https:\/\/7culture.ci\/index.php\/2022\/06\/24\/la-ministre-francoise-remarck-exprime-sa-vision-de-cooperation-avec-loif\/\",\"url\":\"https:\/\/7culture.ci\/index.php\/2022\/06\/24\/la-ministre-francoise-remarck-exprime-sa-vision-de-cooperation-avec-loif\/\",\"name\":\"La ministre Fran\u00e7oise Remarck exprime sa vision de coop\u00e9ration avec l\u2019OIF - 7culture\",\"isPartOf\":{\"@id\":\"https:\/\/7culture.ci\/#website\"},\"datePublished\":\"2022-06-24T17:01:09+00:00\",\"dateModified\":\"2022-06-24T17:01:13+00:00\",\"breadcrumb\":{\"@id\":\"https:\/\/7culture.ci\/index.php\/2022\/06\/24\/la-ministre-francoise-remarck-exprime-sa-vision-de-cooperation-avec-loif\/#breadcrumb\"},\"inLanguage\":\"fr-FR\",\"potentialAction\":[{\"@type\":\"ReadAction\",\"target\":[\"https:\/\/7culture.ci\/index.php\/2022\/06\/24\/la-ministre-francoise-remarck-exprime-sa-vision-de-cooperation-avec-loif\/\"]}]},{\"@type\":\"BreadcrumbList\",\"@id\":\"https:\/\/7culture.ci\/index.php\/2022\/06\/24\/la-ministre-francoise-remarck-exprime-sa-vision-de-cooperation-avec-loif\/#breadcrumb\",\"itemListElement\":[{\"@type\":\"ListItem\",\"position\":1,\"name\":\"Accueil\",\"item\":\"https:\/\/7culture.ci\/\"},{\"@type\":\"ListItem\",\"position\":2,\"name\":\"La ministre Fran\u00e7oise Remarck exprime sa vision de coop\u00e9ration avec l\u2019OIF\"}]},{\"@type\":\"WebSite\",\"@id\":\"https:\/\/7culture.ci\/#website\",\"url\":\"https:\/\/7culture.ci\/\",\"name\":\"7culture\",\"description\":\"Tout sur l&#039;actualit\u00e9\",\"publisher\":{\"@id\":\"https:\/\/7culture.ci\/#organization\"},\"potentialAction\":[{\"@type\":\"SearchAction\",\"target\":{\"@type\":\"EntryPoint\",\"urlTemplate\":\"https:\/\/7culture.ci\/?s={search_term_string}\"},\"query-input\":\"required name=search_term_string\"}],\"inLanguage\":\"fr-FR\"},{\"@type\":\"Organization\",\"@id\":\"https:\/\/7culture.ci\/#organization\",\"name\":\"7culture\",\"url\":\"https:\/\/7culture.ci\/\",\"sameAs\":[\"https:\/\/www.facebook.com\/redchefclaude\",\"https:\/\/twitter.com\/7culturec\"],\"logo\":{\"@type\":\"ImageObject\",\"inLanguage\":\"fr-FR\",\"@id\":\"https:\/\/7culture.ci\/#\/schema\/logo\/image\/\",\"url\":\"https:\/\/7culture.ci\/wp-content\/uploads\/2021\/12\/S1a-1.png\",\"contentUrl\":\"https:\/\/7culture.ci\/wp-content\/uploads\/2021\/12\/S1a-1.png\",\"width\":588,\"height\":192,\"caption\":\"7culture\"},\"image\":{\"@id\":\"https:\/\/7culture.ci\/#\/schema\/logo\/image\/\"}},{\"@type\":\"Person\",\"@id\":\"https:\/\/7culture.ci\/#\/schema\/person\/16150d28d7ef66ba788c1f87f28c4426\",\"name\":\"7culture2020\",\"image\":{\"@type\":\"ImageObject\",\"inLanguage\":\"fr-FR\",\"@id\":\"https:\/\/7culture.ci\/#\/schema\/person\/image\/\",\"url\":\"https:\/\/secure.gravatar.com\/avatar\/9a0784f951306c37bcd065f52844ef95?s=96&d=mm&r=g\",\"contentUrl\":\"https:\/\/secure.gravatar.com\/avatar\/9a0784f951306c37bcd065f52844ef95?s=96&d=mm&r=g\",\"caption\":\"7culture2020\"},\"sameAs\":[\"http:\/\/7culture.ci\",\"Claude.kipre\"],\"url\":\"https:\/\/7culture.ci\/index.php\/author\/7culture2020\/\"}]}<\/script>\n<!-- \/ Yoast SEO plugin. -->","yoast_head_json":{"title":"La ministre Fran\u00e7oise Remarck exprime sa vision de coop\u00e9ration avec l\u2019OIF - 7culture","robots":{"index":"index","follow":"follow","max-snippet":"max-snippet:-1","max-image-preview":"max-image-preview:large","max-video-preview":"max-video-preview:-1"},"canonical":"https:\/\/7culture.ci\/index.php\/2022\/06\/24\/la-ministre-francoise-remarck-exprime-sa-vision-de-cooperation-avec-loif\/","og_locale":"fr_FR","og_type":"article","og_title":"La ministre Fran\u00e7oise Remarck exprime sa vision de coop\u00e9ration avec l\u2019OIF - 7culture","og_description":"La ministre de la Culture et de la Francophonie Fran\u00e7oise Remarck a eu une s\u00e9ance de travail avec Mme Thi Hoang Mai Tran, repr\u00e9sentante r\u00e9gionale de l\u2019Organisation Internationale de la Francophonie (OIF) Afrique de l\u2019ouest, le mercredi 22 juin 2022 \u00e0 son cabinet \u00e0 Abidjan Plateau. Au cours de cette rencontre, Mme Thi Hoang Mai &hellip; La ministre Fran\u00e7oise Remarck exprime sa vision de coop\u00e9ration avec l\u2019OIF Lire la suite\u00a0\u00bb","og_url":"https:\/\/7culture.ci\/index.php\/2022\/06\/24\/la-ministre-francoise-remarck-exprime-sa-vision-de-cooperation-avec-loif\/","og_site_name":"7culture","article_publisher":"https:\/\/www.facebook.com\/redchefclaude","article_published_time":"2022-06-24T17:01:09+00:00","article_modified_time":"2022-06-24T17:01:13+00:00","og_image":[{"width":1080,"height":720,"url":"http:\/\/7culture.ci\/wp-content\/uploads\/2022\/06\/WhatsApp-Image-2022-06-24-at-00.26.09.jpeg","type":"image\/jpeg"}],"author":"7culture2020","twitter_card":"summary_large_image","twitter_creator":"@7culturec","twitter_site":"@7culturec","twitter_misc":{"\u00c9crit par":"7culture2020","Dur\u00e9e de lecture estim\u00e9e":"3 minutes"},"schema":{"@context":"https:\/\/schema.org","@graph":[{"@type":"Article","@id":"https:\/\/7culture.ci\/index.php\/2022\/06\/24\/la-ministre-francoise-remarck-exprime-sa-vision-de-cooperation-avec-loif\/#article","isPartOf":{"@id":"https:\/\/7culture.ci\/index.php\/2022\/06\/24\/la-ministre-francoise-remarck-exprime-sa-vision-de-cooperation-avec-loif\/"},"author":{"name":"7culture2020","@id":"https:\/\/7culture.ci\/#\/schema\/person\/16150d28d7ef66ba788c1f87f28c4426"},"headline":"La ministre Fran\u00e7oise Remarck exprime sa vision de coop\u00e9ration avec l\u2019OIF","datePublished":"2022-06-24T17:01:09+00:00","dateModified":"2022-06-24T17:01:13+00:00","mainEntityOfPage":{"@id":"https:\/\/7culture.ci\/index.php\/2022\/06\/24\/la-ministre-francoise-remarck-exprime-sa-vision-de-cooperation-avec-loif\/"},"wordCount":376,"commentCount":0,"publisher":{"@id":"https:\/\/7culture.ci\/#organization"},"articleSection":["Actualit\u00e9"],"inLanguage":"fr-FR","potentialAction":[{"@type":"CommentAction","name":"Comment","target":["https:\/\/7culture.ci\/index.php\/2022\/06\/24\/la-ministre-francoise-remarck-exprime-sa-vision-de-cooperation-avec-loif\/#respond"]}]},{"@type":"WebPage","@id":"https:\/\/7culture.ci\/index.php\/2022\/06\/24\/la-ministre-francoise-remarck-exprime-sa-vision-de-cooperation-avec-loif\/","url":"https:\/\/7culture.ci\/index.php\/2022\/06\/24\/la-ministre-francoise-remarck-exprime-sa-vision-de-cooperation-avec-loif\/","name":"La ministre Fran\u00e7oise Remarck exprime sa vision de coop\u00e9ration avec l\u2019OIF - 7culture","isPartOf":{"@id":"https:\/\/7culture.ci\/#website"},"datePublished":"2022-06-24T17:01:09+00:00","dateModified":"2022-06-24T17:01:13+00:00","breadcrumb":{"@id":"https:\/\/7culture.ci\/index.php\/2022\/06\/24\/la-ministre-francoise-remarck-exprime-sa-vision-de-cooperation-avec-loif\/#breadcrumb"},"inLanguage":"fr-FR","potentialAction":[{"@type":"ReadAction","target":["https:\/\/7culture.ci\/index.php\/2022\/06\/24\/la-ministre-francoise-remarck-exprime-sa-vision-de-cooperation-avec-loif\/"]}]},{"@type":"BreadcrumbList","@id":"https:\/\/7culture.ci\/index.php\/2022\/06\/24\/la-ministre-francoise-remarck-exprime-sa-vision-de-cooperation-avec-loif\/#breadcrumb","itemListElement":[{"@type":"ListItem","position":1,"name":"Accueil","item":"https:\/\/7culture.ci\/"},{"@type":"ListItem","position":2,"name":"La ministre Fran\u00e7oise Remarck exprime sa vision de coop\u00e9ration avec l\u2019OIF"}]},{"@type":"WebSite","@id":"https:\/\/7culture.ci\/#website","url":"https:\/\/7culture.ci\/","name":"7culture","description":"Tout sur l&#039;actualit\u00e9","publisher":{"@id":"https:\/\/7culture.ci\/#organization"},"potentialAction":[{"@type":"SearchAction","target":{"@type":"EntryPoint","urlTemplate":"https:\/\/7culture.ci\/?s={search_term_string}"},"query-input":"required name=search_term_string"}],"inLanguage":"fr-FR"},{"@type":"Organization","@id":"https:\/\/7culture.ci\/#organization","name":"7culture","url":"https:\/\/7culture.ci\/","sameAs":["https:\/\/www.facebook.com\/redchefclaude","https:\/\/twitter.com\/7culturec"],"logo":{"@type":"ImageObject","inLanguage":"fr-FR","@id":"https:\/\/7culture.ci\/#\/schema\/logo\/image\/","url":"https:\/\/7culture.ci\/wp-content\/uploads\/2021\/12\/S1a-1.png","contentUrl":"https:\/\/7culture.ci\/wp-content\/uploads\/2021\/12\/S1a-1.png","width":588,"height":192,"caption":"7culture"},"image":{"@id":"https:\/\/7culture.ci\/#\/schema\/logo\/image\/"}},{"@type":"Person","@id":"https:\/\/7culture.ci\/#\/schema\/person\/16150d28d7ef66ba788c1f87f28c4426","name":"7culture2020","image":{"@type":"ImageObject","inLanguage":"fr-FR","@id":"https:\/\/7culture.ci\/#\/schema\/person\/image\/","url":"https:\/\/secure.gravatar.com\/avatar\/9a0784f951306c37bcd065f52844ef95?s=96&d=mm&r=g","contentUrl":"https:\/\/secure.gravatar.com\/avatar\/9a0784f951306c37bcd065f52844ef95?s=96&d=mm&r=g","caption":"7culture2020"},"sameAs":["http:\/\/7culture.ci","Claude.kipre"],"url":"https:\/\/7culture.ci\/index.php\/author\/7culture2020\/"}]}},"jetpack_featured_media_url":"https:\/\/7culture.ci\/wp-content\/uploads\/2022\/06\/WhatsApp-Image-2022-06-24-at-00.26.09.jpeg","jetpack_likes_enabled":true,"jetpack_sharing_enabled":true,"_links":{"self":[{"href":"https:\/\/7culture.ci\/index.php\/wp-json\/wp\/v2\/posts\/21922"}],"collection":[{"href":"https:\/\/7culture.ci\/index.php\/wp-json\/wp\/v2\/posts"}],"about":[{"href":"https:\/\/7culture.ci\/index.php\/wp-json\/wp\/v2\/types\/post"}],"author":[{"embeddable":true,"href":"https:\/\/7culture.ci\/index.php\/wp-json\/wp\/v2\/users\/1"}],"replies":[{"embeddable":true,"href":"https:\/\/7culture.ci\/index.php\/wp-json\/wp\/v2\/comments?post=21922"}],"version-history":[{"count":0,"href":"https:\/\/7culture.ci\/index.php\/wp-json\/wp\/v2\/posts\/21922\/revisions"}],"wp:featuredmedia":[{"embeddable":true,"href":"https:\/\/7culture.ci\/index.php\/wp-json\/wp\/v2\/media\/21923"}],"wp:attachment":[{"href":"https:\/\/7culture.ci\/index.php\/wp-json\/wp\/v2\/media?parent=21922"}],"wp:term":[{"taxonomy":"category","embeddable":true,"href":"https:\/\/7culture.ci\/index.php\/wp-json\/wp\/v2\/categories?post=21922"},{"taxonomy":"post_tag","embeddable":true,"href":"https:\/\/7culture.ci\/index.php\/wp-json\/wp\/v2\/tags?post=21922"}],"curies":[{"name":"wp","href":"https:\/\/api.w.org\/{rel}","templated":true}]}}