{"id":21883,"date":"2022-06-23T19:57:08","date_gmt":"2022-06-23T17:57:08","guid":{"rendered":"https:\/\/7culture.ci\/?p=21883"},"modified":"2022-06-23T19:57:12","modified_gmt":"2022-06-23T17:57:12","slug":"people-joyeux-anniversaire-a-zizou-qui-fete-ses-50-ans","status":"publish","type":"post","link":"https:\/\/7culture.ci\/index.php\/2022\/06\/23\/people-joyeux-anniversaire-a-zizou-qui-fete-ses-50-ans\/","title":{"rendered":"PEOPLE\u00a0: Joyeux anniversaire \u00e0 Zizou\u00a0qui f\u00eate ses 50 ans"},"content":{"rendered":"\n<p><strong><em>Joueur l\u00e9gendaire, champion du monde, ballon d&#8217;Or, meilleur entra\u00eeneur\u2026 Les r\u00e9compenses, ce n&#8217;est pas ce qui manque au palmar\u00e8s de Zin\u00e9dine Zidane. Mais derri\u00e8re ce grand homme, se trouvent V\u00e9ronique, Enzo, Luca, Th\u00e9o et Elyaz, les piliers de sa vie.<\/em><\/strong><\/p>\n\n\n\n<p>Chouchou des Fran\u00e7ais et roi du ballon rond. Fils d&#8217;un couple alg\u00e9rien, Zin\u00e9dine Zidane grandit \u00e0 Marseille et s&#8217;amuse, comme beaucoup de gar\u00e7ons, \u00e0 faire quelques passements de jambes. En 1987, \u00e2g\u00e9 de 15 ans, le petit \u2018\u2019Zizou\u2019\u2019 est remarqu\u00e9 par le recruteur de l&#8217;AS Cannes, Jean Varraud. Soutenu par ses parents et h\u00e9berg\u00e9 par une famille d&#8217;accueil, il int\u00e8gre le centre de formation cannois.<\/p>\n\n\n\n<p>Deux ans plus tard, en 1989, il rencontre V\u00e9ronique Fernandez dans un foyer de jeunes travailleurs \u00e0 Cannes. Un coup de foudre imm\u00e9diat qui se solde par un mariage le 28 mai 1994 \u00e0 Bordeaux. \u00ab<strong><em>Quand je l&#8217;ai rencontr\u00e9e, je me serais jet\u00e9 du haut d&#8217;un immeuble. Pour elle, pour qu&#8217;elle m&#8217;aime\u2026 Oui je me serais jet\u00e9 d&#8217;un immeuble<\/em><\/strong>\u00bb, confie-t-il dans \u2018\u2019<em>Zidane\u2019\u2019<\/em>, livre biographique que lui consacre Fr\u00e9d\u00e9ric Hermel. Pour lui, elle n&#8217;a pas peur de faire des sacrifices. Elle abandonne donc la danse et choisit de le suivre dans tous ses d\u00e9placements. De Cannes \u00e0 Bordeaux, de Turin \u00e0 Madrid.<\/p>\n\n\n\n<div class=\"wp-block-image\"><figure class=\"aligncenter size-full\"><img loading=\"lazy\" decoding=\"async\" width=\"634\" height=\"422\" src=\"http:\/\/7culture.ci\/wp-content\/uploads\/2022\/06\/zz2.jpg\" alt=\"\" class=\"wp-image-21885\" srcset=\"https:\/\/7culture.ci\/wp-content\/uploads\/2022\/06\/zz2.jpg 634w, https:\/\/7culture.ci\/wp-content\/uploads\/2022\/06\/zz2-300x200.jpg 300w\" sizes=\"(max-width: 634px) 100vw, 634px\" \/><\/figure><\/div>\n\n\n\n<p>Pr\u00e8s d&#8217;un an apr\u00e8s leur mariage, le 24 mars 1995, le couple accueille, \u00e0 Bordeaux, son premier enfant, Enzo. Pr\u00e9nom symbolique pour Zidane qui rend hommage \u00e0 Enzo Francescoli, son idole d&#8217;enfance. En 1998, quelques mois seulement apr\u00e8s avoir accueilli son deuxi\u00e8me fils Luca, la carri\u00e8re de Zin\u00e9dine Zidane prend un tournant. Alors \u00e2g\u00e9 de 26 ans, il est sacr\u00e9 champion du monde avec l&#8217;\u00e9quipe de France. Un match de longue haleine contre le Br\u00e9sil pendant lequel le Fran\u00e7ais inscrit les deux premiers buts. Son talent et son amour pour le football lui permettent de d\u00e9crocher le Ballon d&#8217;Or la m\u00eame ann\u00e9e. Il est le dernier joueur fran\u00e7ais \u00e0 ce jour et quatri\u00e8me de l&#8217;histoire \u00e0 recevoir le prestigieux prix.<\/p>\n\n\n\n<p><strong>Une famille soud\u00e9e autour d&#8217;une passion commune<\/strong> En 2002 et 2005, le couple accueille respectivement Th\u00e9o et Elyaz. Mais chez les Zidane, le football c&#8217;est une histoire de famille. Si V\u00e9ronique n&#8217;a jamais r\u00e9ellement accroch\u00e9 avec ce sport, elle s&#8217;y est finalement accoutum\u00e9e. \u00ab<strong><em>Le foot je n\u2019aimais pas du tout \u00e7a, au grand dam de mon p\u00e8re qui essayait de nous y emmener tous les dimanches, mais \u00e7a ne marchait pas du tout (\u2026). Mais Zinedine m\u2019a appris \u00e0 conna\u00eetre les r\u00e8gles et maintenant \u00e7a m\u2019int\u00e9resse. J\u2019arrive \u00e0 deviner ce qu\u2019il va faire maintenant tellement je connais bien son jeu<\/em><\/strong>\u00bb, confie-t-elle \u00e0\u2026 La suite <strong><a href=\"https:\/\/www.parismatch.com\/People\/Zinedine-Zidane-a-50-ans-Retour-sur-les-moments-les-plus-marquants-de-sa-vie-1813106?xtor=EPR-2-[Newsletter_Avant_Premiere]&amp;utm_source=email&amp;utm_medium=newsletter&amp;utm_campaign=quotidienne&amp;cid=26786&amp;mid=221560268#16\">ICI.<\/a><\/strong><\/p>\n","protected":false},"excerpt":{"rendered":"<p>Joueur l\u00e9gendaire, champion du monde, ballon d&#8217;Or, meilleur entra\u00eeneur\u2026 Les r\u00e9compenses, ce n&#8217;est pas ce qui manque au palmar\u00e8s de Zin\u00e9dine Zidane. Mais derri\u00e8re ce grand homme, se trouvent V\u00e9ronique, Enzo, Luca, Th\u00e9o et Elyaz, les piliers de sa vie. Chouchou des Fran\u00e7ais et roi du ballon rond. Fils d&#8217;un couple alg\u00e9rien, Zin\u00e9dine Zidane grandit &hellip;<\/p>\n<p class=\"read-more\"> <a class=\"\" href=\"https:\/\/7culture.ci\/index.php\/2022\/06\/23\/people-joyeux-anniversaire-a-zizou-qui-fete-ses-50-ans\/\"> <span class=\"screen-reader-text\">PEOPLE\u00a0: Joyeux anniversaire \u00e0 Zizou\u00a0qui f\u00eate ses 50 ans<\/span> Lire la suite\u00a0\u00bb<\/a><\/p>\n","protected":false},"author":1,"featured_media":21884,"comment_status":"open","ping_status":"open","sticky":false,"template":"","format":"standard","meta":{"_mi_skip_tracking":false,"_monsterinsights_sitenote_active":false,"_monsterinsights_sitenote_note":"","_monsterinsights_sitenote_category":0,"site-sidebar-layout":"default","site-content-layout":"default","ast-global-header-display":"","ast-main-header-display":"","ast-hfb-above-header-display":"","ast-hfb-below-header-display":"","ast-hfb-mobile-header-display":"","site-post-title":"","ast-breadcrumbs-content":"","ast-featured-img":"","footer-sml-layout":"","theme-transparent-header-meta":"","adv-header-id-meta":"","stick-header-meta":"","header-above-stick-meta":"","header-main-stick-meta":"","header-below-stick-meta":"","footnotes":"","jetpack_publicize_message":"","jetpack_is_tweetstorm":false,"jetpack_publicize_feature_enabled":true},"categories":[22],"tags":[],"jetpack_publicize_connections":[],"acf":[],"aioseo_notices":[],"yoast_head":"<!-- This site is optimized with the Yoast SEO plugin v19.6.1 - https:\/\/yoast.com\/wordpress\/plugins\/seo\/ -->\n<title>PEOPLE\u00a0: Joyeux anniversaire \u00e0 Zizou\u00a0qui f\u00eate ses 50 ans -<\/title>\n<meta name=\"robots\" content=\"index, follow, max-snippet:-1, max-image-preview:large, max-video-preview:-1\" \/>\n<link rel=\"canonical\" href=\"https:\/\/7culture.ci\/index.php\/2022\/06\/23\/people-joyeux-anniversaire-a-zizou-qui-fete-ses-50-ans\/\" \/>\n<meta property=\"og:locale\" content=\"fr_FR\" \/>\n<meta property=\"og:type\" content=\"article\" \/>\n<meta property=\"og:title\" content=\"PEOPLE\u00a0: Joyeux anniversaire \u00e0 Zizou\u00a0qui f\u00eate ses 50 ans -\" \/>\n<meta property=\"og:description\" content=\"Joueur l\u00e9gendaire, champion du monde, ballon d&#8217;Or, meilleur entra\u00eeneur\u2026 Les r\u00e9compenses, ce n&#8217;est pas ce qui manque au palmar\u00e8s de Zin\u00e9dine Zidane. Mais derri\u00e8re ce grand homme, se trouvent V\u00e9ronique, Enzo, Luca, Th\u00e9o et Elyaz, les piliers de sa vie. Chouchou des Fran\u00e7ais et roi du ballon rond. Fils d&#8217;un couple alg\u00e9rien, Zin\u00e9dine Zidane grandit &hellip; PEOPLE\u00a0: Joyeux anniversaire \u00e0 Zizou\u00a0qui f\u00eate ses 50 ans Lire la suite\u00a0\u00bb\" \/>\n<meta property=\"og:url\" content=\"https:\/\/7culture.ci\/index.php\/2022\/06\/23\/people-joyeux-anniversaire-a-zizou-qui-fete-ses-50-ans\/\" \/>\n<meta property=\"og:site_name\" content=\"7culture\" \/>\n<meta property=\"article:publisher\" content=\"https:\/\/www.facebook.com\/redchefclaude\" \/>\n<meta property=\"article:published_time\" content=\"2022-06-23T17:57:08+00:00\" \/>\n<meta property=\"article:modified_time\" content=\"2022-06-23T17:57:12+00:00\" \/>\n<meta property=\"og:image\" content=\"http:\/\/7culture.ci\/wp-content\/uploads\/2022\/06\/zz1.jpg\" \/>\n\t<meta property=\"og:image:width\" content=\"720\" \/>\n\t<meta property=\"og:image:height\" content=\"500\" \/>\n\t<meta property=\"og:image:type\" content=\"image\/jpeg\" \/>\n<meta name=\"author\" content=\"7culture2020\" \/>\n<meta name=\"twitter:card\" content=\"summary_large_image\" \/>\n<meta name=\"twitter:creator\" content=\"@7culturec\" \/>\n<meta name=\"twitter:site\" content=\"@7culturec\" \/>\n<meta name=\"twitter:label1\" content=\"\u00c9crit par\" \/>\n\t<meta name=\"twitter:data1\" content=\"7culture2020\" \/>\n\t<meta name=\"twitter:label2\" content=\"Dur\u00e9e de lecture estim\u00e9e\" \/>\n\t<meta name=\"twitter:data2\" content=\"3 minutes\" \/>\n<script type=\"application\/ld+json\" class=\"yoast-schema-graph\">{\"@context\":\"https:\/\/schema.org\",\"@graph\":[{\"@type\":\"Article\",\"@id\":\"https:\/\/7culture.ci\/index.php\/2022\/06\/23\/people-joyeux-anniversaire-a-zizou-qui-fete-ses-50-ans\/#article\",\"isPartOf\":{\"@id\":\"https:\/\/7culture.ci\/index.php\/2022\/06\/23\/people-joyeux-anniversaire-a-zizou-qui-fete-ses-50-ans\/\"},\"author\":{\"name\":\"7culture2020\",\"@id\":\"https:\/\/7culture.ci\/#\/schema\/person\/16150d28d7ef66ba788c1f87f28c4426\"},\"headline\":\"PEOPLE\u00a0: Joyeux anniversaire \u00e0 Zizou\u00a0qui f\u00eate ses 50 ans\",\"datePublished\":\"2022-06-23T17:57:08+00:00\",\"dateModified\":\"2022-06-23T17:57:12+00:00\",\"mainEntityOfPage\":{\"@id\":\"https:\/\/7culture.ci\/index.php\/2022\/06\/23\/people-joyeux-anniversaire-a-zizou-qui-fete-ses-50-ans\/\"},\"wordCount\":464,\"commentCount\":0,\"publisher\":{\"@id\":\"https:\/\/7culture.ci\/#organization\"},\"articleSection\":[\"Actualit\u00e9\"],\"inLanguage\":\"fr-FR\",\"potentialAction\":[{\"@type\":\"CommentAction\",\"name\":\"Comment\",\"target\":[\"https:\/\/7culture.ci\/index.php\/2022\/06\/23\/people-joyeux-anniversaire-a-zizou-qui-fete-ses-50-ans\/#respond\"]}]},{\"@type\":\"WebPage\",\"@id\":\"https:\/\/7culture.ci\/index.php\/2022\/06\/23\/people-joyeux-anniversaire-a-zizou-qui-fete-ses-50-ans\/\",\"url\":\"https:\/\/7culture.ci\/index.php\/2022\/06\/23\/people-joyeux-anniversaire-a-zizou-qui-fete-ses-50-ans\/\",\"name\":\"PEOPLE\u00a0: Joyeux anniversaire \u00e0 Zizou\u00a0qui f\u00eate ses 50 ans -\",\"isPartOf\":{\"@id\":\"https:\/\/7culture.ci\/#website\"},\"datePublished\":\"2022-06-23T17:57:08+00:00\",\"dateModified\":\"2022-06-23T17:57:12+00:00\",\"breadcrumb\":{\"@id\":\"https:\/\/7culture.ci\/index.php\/2022\/06\/23\/people-joyeux-anniversaire-a-zizou-qui-fete-ses-50-ans\/#breadcrumb\"},\"inLanguage\":\"fr-FR\",\"potentialAction\":[{\"@type\":\"ReadAction\",\"target\":[\"https:\/\/7culture.ci\/index.php\/2022\/06\/23\/people-joyeux-anniversaire-a-zizou-qui-fete-ses-50-ans\/\"]}]},{\"@type\":\"BreadcrumbList\",\"@id\":\"https:\/\/7culture.ci\/index.php\/2022\/06\/23\/people-joyeux-anniversaire-a-zizou-qui-fete-ses-50-ans\/#breadcrumb\",\"itemListElement\":[{\"@type\":\"ListItem\",\"position\":1,\"name\":\"Accueil\",\"item\":\"https:\/\/7culture.ci\/\"},{\"@type\":\"ListItem\",\"position\":2,\"name\":\"PEOPLE\u00a0: Joyeux anniversaire \u00e0 Zizou\u00a0qui f\u00eate ses 50 ans\"}]},{\"@type\":\"WebSite\",\"@id\":\"https:\/\/7culture.ci\/#website\",\"url\":\"https:\/\/7culture.ci\/\",\"name\":\"7culture\",\"description\":\"Tout sur l&#039;actualit\u00e9\",\"publisher\":{\"@id\":\"https:\/\/7culture.ci\/#organization\"},\"potentialAction\":[{\"@type\":\"SearchAction\",\"target\":{\"@type\":\"EntryPoint\",\"urlTemplate\":\"https:\/\/7culture.ci\/?s={search_term_string}\"},\"query-input\":\"required name=search_term_string\"}],\"inLanguage\":\"fr-FR\"},{\"@type\":\"Organization\",\"@id\":\"https:\/\/7culture.ci\/#organization\",\"name\":\"7culture\",\"url\":\"https:\/\/7culture.ci\/\",\"sameAs\":[\"https:\/\/www.facebook.com\/redchefclaude\",\"https:\/\/twitter.com\/7culturec\"],\"logo\":{\"@type\":\"ImageObject\",\"inLanguage\":\"fr-FR\",\"@id\":\"https:\/\/7culture.ci\/#\/schema\/logo\/image\/\",\"url\":\"https:\/\/7culture.ci\/wp-content\/uploads\/2021\/12\/S1a-1.png\",\"contentUrl\":\"https:\/\/7culture.ci\/wp-content\/uploads\/2021\/12\/S1a-1.png\",\"width\":588,\"height\":192,\"caption\":\"7culture\"},\"image\":{\"@id\":\"https:\/\/7culture.ci\/#\/schema\/logo\/image\/\"}},{\"@type\":\"Person\",\"@id\":\"https:\/\/7culture.ci\/#\/schema\/person\/16150d28d7ef66ba788c1f87f28c4426\",\"name\":\"7culture2020\",\"image\":{\"@type\":\"ImageObject\",\"inLanguage\":\"fr-FR\",\"@id\":\"https:\/\/7culture.ci\/#\/schema\/person\/image\/\",\"url\":\"https:\/\/secure.gravatar.com\/avatar\/9a0784f951306c37bcd065f52844ef95?s=96&d=mm&r=g\",\"contentUrl\":\"https:\/\/secure.gravatar.com\/avatar\/9a0784f951306c37bcd065f52844ef95?s=96&d=mm&r=g\",\"caption\":\"7culture2020\"},\"sameAs\":[\"http:\/\/7culture.ci\",\"Claude.kipre\"],\"url\":\"https:\/\/7culture.ci\/index.php\/author\/7culture2020\/\"}]}<\/script>\n<!-- \/ Yoast SEO plugin. -->","yoast_head_json":{"title":"PEOPLE\u00a0: Joyeux anniversaire \u00e0 Zizou\u00a0qui f\u00eate ses 50 ans -","robots":{"index":"index","follow":"follow","max-snippet":"max-snippet:-1","max-image-preview":"max-image-preview:large","max-video-preview":"max-video-preview:-1"},"canonical":"https:\/\/7culture.ci\/index.php\/2022\/06\/23\/people-joyeux-anniversaire-a-zizou-qui-fete-ses-50-ans\/","og_locale":"fr_FR","og_type":"article","og_title":"PEOPLE\u00a0: Joyeux anniversaire \u00e0 Zizou\u00a0qui f\u00eate ses 50 ans -","og_description":"Joueur l\u00e9gendaire, champion du monde, ballon d&#8217;Or, meilleur entra\u00eeneur\u2026 Les r\u00e9compenses, ce n&#8217;est pas ce qui manque au palmar\u00e8s de Zin\u00e9dine Zidane. Mais derri\u00e8re ce grand homme, se trouvent V\u00e9ronique, Enzo, Luca, Th\u00e9o et Elyaz, les piliers de sa vie. Chouchou des Fran\u00e7ais et roi du ballon rond. Fils d&#8217;un couple alg\u00e9rien, Zin\u00e9dine Zidane grandit &hellip; PEOPLE\u00a0: Joyeux anniversaire \u00e0 Zizou\u00a0qui f\u00eate ses 50 ans Lire la suite\u00a0\u00bb","og_url":"https:\/\/7culture.ci\/index.php\/2022\/06\/23\/people-joyeux-anniversaire-a-zizou-qui-fete-ses-50-ans\/","og_site_name":"7culture","article_publisher":"https:\/\/www.facebook.com\/redchefclaude","article_published_time":"2022-06-23T17:57:08+00:00","article_modified_time":"2022-06-23T17:57:12+00:00","og_image":[{"width":720,"height":500,"url":"http:\/\/7culture.ci\/wp-content\/uploads\/2022\/06\/zz1.jpg","type":"image\/jpeg"}],"author":"7culture2020","twitter_card":"summary_large_image","twitter_creator":"@7culturec","twitter_site":"@7culturec","twitter_misc":{"\u00c9crit par":"7culture2020","Dur\u00e9e de lecture estim\u00e9e":"3 minutes"},"schema":{"@context":"https:\/\/schema.org","@graph":[{"@type":"Article","@id":"https:\/\/7culture.ci\/index.php\/2022\/06\/23\/people-joyeux-anniversaire-a-zizou-qui-fete-ses-50-ans\/#article","isPartOf":{"@id":"https:\/\/7culture.ci\/index.php\/2022\/06\/23\/people-joyeux-anniversaire-a-zizou-qui-fete-ses-50-ans\/"},"author":{"name":"7culture2020","@id":"https:\/\/7culture.ci\/#\/schema\/person\/16150d28d7ef66ba788c1f87f28c4426"},"headline":"PEOPLE\u00a0: Joyeux anniversaire \u00e0 Zizou\u00a0qui f\u00eate ses 50 ans","datePublished":"2022-06-23T17:57:08+00:00","dateModified":"2022-06-23T17:57:12+00:00","mainEntityOfPage":{"@id":"https:\/\/7culture.ci\/index.php\/2022\/06\/23\/people-joyeux-anniversaire-a-zizou-qui-fete-ses-50-ans\/"},"wordCount":464,"commentCount":0,"publisher":{"@id":"https:\/\/7culture.ci\/#organization"},"articleSection":["Actualit\u00e9"],"inLanguage":"fr-FR","potentialAction":[{"@type":"CommentAction","name":"Comment","target":["https:\/\/7culture.ci\/index.php\/2022\/06\/23\/people-joyeux-anniversaire-a-zizou-qui-fete-ses-50-ans\/#respond"]}]},{"@type":"WebPage","@id":"https:\/\/7culture.ci\/index.php\/2022\/06\/23\/people-joyeux-anniversaire-a-zizou-qui-fete-ses-50-ans\/","url":"https:\/\/7culture.ci\/index.php\/2022\/06\/23\/people-joyeux-anniversaire-a-zizou-qui-fete-ses-50-ans\/","name":"PEOPLE\u00a0: Joyeux anniversaire \u00e0 Zizou\u00a0qui f\u00eate ses 50 ans -","isPartOf":{"@id":"https:\/\/7culture.ci\/#website"},"datePublished":"2022-06-23T17:57:08+00:00","dateModified":"2022-06-23T17:57:12+00:00","breadcrumb":{"@id":"https:\/\/7culture.ci\/index.php\/2022\/06\/23\/people-joyeux-anniversaire-a-zizou-qui-fete-ses-50-ans\/#breadcrumb"},"inLanguage":"fr-FR","potentialAction":[{"@type":"ReadAction","target":["https:\/\/7culture.ci\/index.php\/2022\/06\/23\/people-joyeux-anniversaire-a-zizou-qui-fete-ses-50-ans\/"]}]},{"@type":"BreadcrumbList","@id":"https:\/\/7culture.ci\/index.php\/2022\/06\/23\/people-joyeux-anniversaire-a-zizou-qui-fete-ses-50-ans\/#breadcrumb","itemListElement":[{"@type":"ListItem","position":1,"name":"Accueil","item":"https:\/\/7culture.ci\/"},{"@type":"ListItem","position":2,"name":"PEOPLE\u00a0: Joyeux anniversaire \u00e0 Zizou\u00a0qui f\u00eate ses 50 ans"}]},{"@type":"WebSite","@id":"https:\/\/7culture.ci\/#website","url":"https:\/\/7culture.ci\/","name":"7culture","description":"Tout sur l&#039;actualit\u00e9","publisher":{"@id":"https:\/\/7culture.ci\/#organization"},"potentialAction":[{"@type":"SearchAction","target":{"@type":"EntryPoint","urlTemplate":"https:\/\/7culture.ci\/?s={search_term_string}"},"query-input":"required name=search_term_string"}],"inLanguage":"fr-FR"},{"@type":"Organization","@id":"https:\/\/7culture.ci\/#organization","name":"7culture","url":"https:\/\/7culture.ci\/","sameAs":["https:\/\/www.facebook.com\/redchefclaude","https:\/\/twitter.com\/7culturec"],"logo":{"@type":"ImageObject","inLanguage":"fr-FR","@id":"https:\/\/7culture.ci\/#\/schema\/logo\/image\/","url":"https:\/\/7culture.ci\/wp-content\/uploads\/2021\/12\/S1a-1.png","contentUrl":"https:\/\/7culture.ci\/wp-content\/uploads\/2021\/12\/S1a-1.png","width":588,"height":192,"caption":"7culture"},"image":{"@id":"https:\/\/7culture.ci\/#\/schema\/logo\/image\/"}},{"@type":"Person","@id":"https:\/\/7culture.ci\/#\/schema\/person\/16150d28d7ef66ba788c1f87f28c4426","name":"7culture2020","image":{"@type":"ImageObject","inLanguage":"fr-FR","@id":"https:\/\/7culture.ci\/#\/schema\/person\/image\/","url":"https:\/\/secure.gravatar.com\/avatar\/9a0784f951306c37bcd065f52844ef95?s=96&d=mm&r=g","contentUrl":"https:\/\/secure.gravatar.com\/avatar\/9a0784f951306c37bcd065f52844ef95?s=96&d=mm&r=g","caption":"7culture2020"},"sameAs":["http:\/\/7culture.ci","Claude.kipre"],"url":"https:\/\/7culture.ci\/index.php\/author\/7culture2020\/"}]}},"jetpack_featured_media_url":"https:\/\/7culture.ci\/wp-content\/uploads\/2022\/06\/zz1.jpg","jetpack_likes_enabled":true,"jetpack_sharing_enabled":true,"_links":{"self":[{"href":"https:\/\/7culture.ci\/index.php\/wp-json\/wp\/v2\/posts\/21883"}],"collection":[{"href":"https:\/\/7culture.ci\/index.php\/wp-json\/wp\/v2\/posts"}],"about":[{"href":"https:\/\/7culture.ci\/index.php\/wp-json\/wp\/v2\/types\/post"}],"author":[{"embeddable":true,"href":"https:\/\/7culture.ci\/index.php\/wp-json\/wp\/v2\/users\/1"}],"replies":[{"embeddable":true,"href":"https:\/\/7culture.ci\/index.php\/wp-json\/wp\/v2\/comments?post=21883"}],"version-history":[{"count":0,"href":"https:\/\/7culture.ci\/index.php\/wp-json\/wp\/v2\/posts\/21883\/revisions"}],"wp:featuredmedia":[{"embeddable":true,"href":"https:\/\/7culture.ci\/index.php\/wp-json\/wp\/v2\/media\/21884"}],"wp:attachment":[{"href":"https:\/\/7culture.ci\/index.php\/wp-json\/wp\/v2\/media?parent=21883"}],"wp:term":[{"taxonomy":"category","embeddable":true,"href":"https:\/\/7culture.ci\/index.php\/wp-json\/wp\/v2\/categories?post=21883"},{"taxonomy":"post_tag","embeddable":true,"href":"https:\/\/7culture.ci\/index.php\/wp-json\/wp\/v2\/tags?post=21883"}],"curies":[{"name":"wp","href":"https:\/\/api.w.org\/{rel}","templated":true}]}}