{"id":21871,"date":"2022-06-23T19:13:17","date_gmt":"2022-06-23T17:13:17","guid":{"rendered":"https:\/\/7culture.ci\/?p=21871"},"modified":"2022-07-01T13:31:26","modified_gmt":"2022-07-01T11:31:26","slug":"deuil-voici-le-mal-qui-a-emporte-brico-dj","status":"publish","type":"post","link":"https:\/\/7culture.ci\/index.php\/2022\/06\/23\/deuil-voici-le-mal-qui-a-emporte-brico-dj\/","title":{"rendered":"Deuil\u00a0: Voici le mal qui a emport\u00e9 Brico DJ\u00a0!"},"content":{"rendered":"\n<p>Jeudi noir pour le show-biz ivoirien. Brico DJ, un nom bien connu dans la sph\u00e8re couper-d\u00e9caler, est d\u00e9c\u00e9d\u00e9 ce jour des suites d\u2019insuffisances r\u00e9nale. Dans le milieu, il a collabor\u00e9 avec St\u00e9phane Doukour\u00e9 dit Douk\u2019Saga et Billy Billy. Il fait partie des artistes qui ont port\u00e9 le mouvement couper-d\u00e9caler d\u00e8s sa naissance en 2002. Sans avoir une carri\u00e8re solo \u00e9tincelante, Brico DJ \u00e9tait cependant un chanteur populaire, aimable et disponible. Ces derniers temps, il se faisait rare dans l\u2019ar\u00e8ne du show-biz \u00e0 cause des probl\u00e8mes de sant\u00e9 r\u00e9currents qui le rongeaient. Sur le plateau de C\u2019MIDI, le prime de la mi-journ\u00e9e de RTI1, il racontait son calvaire le 23 juin 2021&nbsp;: \u00ab&nbsp;<strong><em>Ce n&#8217;est pas tout le monde qui rentre \u00e0 l&#8217;h\u00f4pital avec cette maladie et qui en ressort. J&#8217;ai fait trois jours de coma. Cette maladie peut te rendre fou parce qu&#8217;elle te ronge le cerveau. J&#8217;ai connu des personnalit\u00e9s mais ce ne sont pas ces gens qui m&#8217;ont r\u00e9veill\u00e9 du lit. C&#8217;est J\u00e9sus (&#8230;) Dans cette position je me fais le porte-parole de cette jeunesse. Je voudrais sensibiliser contre cette maladie et pr\u00e9venir ces personnes qui peut-\u00eatre vivent cela&nbsp;<\/em><\/strong>\u00bb. Bien avant, il avait alert\u00e9 l\u2019opinion publique sur le mal dont il souffrait. &nbsp;Il a m\u00eame appel\u00e9 \u00e0 l\u2019aide. \u00ab&nbsp;<strong><em>Mon corps souffre, mais mon \u00e2me et mon esprit vont bien. Je pense que spirituellement, il faut \u00eatre bien pour que moralement tout se passe bien. Je souffre d\u2019une insuffisance r\u00e9nale chronique depuis pr\u00e8s d\u2019un an. J\u2019\u00e9tais hospitalis\u00e9 dans une clinique de la place, \u00e7a s\u2019est aggrav\u00e9 et l\u00e0, ils m\u2019ont transf\u00e9r\u00e9 en urgence au CHU de Yopougon. C\u2019\u00e9tait vraiment difficile. J\u2019ai fait trois jours dans le coma, je reviens de loin. Je fais deux dialyses par semaine. La dialyse fait 40.000 FCFA par jour. J\u2019ai besoin de soutien financier. Maman Ouattara, ton fils a besoin de toi, j\u2019ai besoin de ton soutien. \u00c0 Mme &nbsp;B\u00e9di\u00e9, j\u2019ai besoin aussi de soutien<\/em><\/strong>&nbsp;\u00bb, avait suppli\u00e9 Brico DJ en avril 2021, \u00e0 l&#8217;\u00e9mission Peopl&#8217;Emik La 3 du groupe RTI. Malheureusement, un an apr\u00e8s ses sollicitations, la maladie a eu raison de l\u2019artiste. Il a rendu l\u2019\u00e2me ce jeudi 23 juin 2023.<\/p>\n\n\n\n<figure class=\"wp-block-gallery has-nested-images columns-default is-cropped wp-block-gallery-1 is-layout-flex wp-block-gallery-is-layout-flex\">\n<figure class=\"wp-block-image size-large\"><img loading=\"lazy\" decoding=\"async\" width=\"227\" height=\"222\" data-id=\"21873\" src=\"https:\/\/7culture.ci\/wp-content\/uploads\/2022\/06\/brico2.jpg\" alt=\"\" class=\"wp-image-21873\"\/><\/figure>\n\n\n\n<figure class=\"wp-block-image size-large\"><img loading=\"lazy\" decoding=\"async\" width=\"1024\" height=\"603\" data-id=\"21874\" src=\"https:\/\/7culture.ci\/wp-content\/uploads\/2022\/06\/brico3-1024x603.jpg\" alt=\"\" class=\"wp-image-21874\" srcset=\"https:\/\/7culture.ci\/wp-content\/uploads\/2022\/06\/brico3-1024x603.jpg 1024w, https:\/\/7culture.ci\/wp-content\/uploads\/2022\/06\/brico3-300x177.jpg 300w, https:\/\/7culture.ci\/wp-content\/uploads\/2022\/06\/brico3-768x453.jpg 768w, https:\/\/7culture.ci\/wp-content\/uploads\/2022\/06\/brico3.jpg 1500w\" sizes=\"(max-width: 1024px) 100vw, 1024px\" \/><\/figure>\n<\/figure>\n\n\n\n<p>Brico DJ est n\u00e9 Brice Bouo Koddy le 30 novembre 1982 \u00e0 Daloa. Il collabore avec de nombreux adeptes du couper-d\u00e9caler d\u00e8s le lancement de ce courant musical en 2002. Il a notamment travaill\u00e9 avec Douk\u2019Saga, le concepteur du couper-d\u00e9caler. En 2005, il publie son premier album de six titres baptis\u00e9 &#8220;Gloire \u00e0 Dieu&#8221;. &#8220;Renaissance\u2019\u2019 suivra quelques ann\u00e9es plus tard mais le succ\u00e8s n\u2019est toujours pas au rendez-vous. Avec son d\u00e9c\u00e8s annonc\u00e9 ce 23 juin 2022, le monde couper-d\u00e9caler perd un de ses fervents d\u00e9fenseurs. Adieu l\u2019artiste&nbsp;!<\/p>\n\n\n\n<p>Par Omar AK<\/p>\n","protected":false},"excerpt":{"rendered":"<p>Jeudi noir pour le show-biz ivoirien. Brico DJ, un nom bien connu dans la sph\u00e8re couper-d\u00e9caler, est d\u00e9c\u00e9d\u00e9 ce jour des suites d\u2019insuffisances r\u00e9nale. Dans le milieu, il a collabor\u00e9 avec St\u00e9phane Doukour\u00e9 dit Douk\u2019Saga et Billy Billy. Il fait partie des artistes qui ont port\u00e9 le mouvement couper-d\u00e9caler d\u00e8s sa naissance en 2002. Sans &hellip;<\/p>\n<p class=\"read-more\"> <a class=\"\" href=\"https:\/\/7culture.ci\/index.php\/2022\/06\/23\/deuil-voici-le-mal-qui-a-emporte-brico-dj\/\"> <span class=\"screen-reader-text\">Deuil\u00a0: Voici le mal qui a emport\u00e9 Brico DJ\u00a0!<\/span> Lire la suite\u00a0\u00bb<\/a><\/p>\n","protected":false},"author":1,"featured_media":21876,"comment_status":"open","ping_status":"open","sticky":false,"template":"","format":"standard","meta":{"_mi_skip_tracking":false,"_monsterinsights_sitenote_active":false,"_monsterinsights_sitenote_note":"","_monsterinsights_sitenote_category":0,"site-sidebar-layout":"default","site-content-layout":"default","ast-global-header-display":"","ast-main-header-display":"","ast-hfb-above-header-display":"","ast-hfb-below-header-display":"","ast-hfb-mobile-header-display":"","site-post-title":"","ast-breadcrumbs-content":"","ast-featured-img":"","footer-sml-layout":"","theme-transparent-header-meta":"","adv-header-id-meta":"","stick-header-meta":"","header-above-stick-meta":"","header-main-stick-meta":"","header-below-stick-meta":"","footnotes":"","jetpack_publicize_message":"","jetpack_is_tweetstorm":false,"jetpack_publicize_feature_enabled":true},"categories":[22],"tags":[],"jetpack_publicize_connections":[],"acf":[],"aioseo_notices":[],"yoast_head":"<!-- This site is optimized with the Yoast SEO plugin v19.6.1 - https:\/\/yoast.com\/wordpress\/plugins\/seo\/ -->\n<title>Deuil\u00a0: Voici le mal qui a emport\u00e9 Brico DJ\u00a0! -<\/title>\n<meta name=\"robots\" content=\"index, follow, max-snippet:-1, max-image-preview:large, max-video-preview:-1\" \/>\n<link rel=\"canonical\" href=\"https:\/\/7culture.ci\/index.php\/2022\/06\/23\/deuil-voici-le-mal-qui-a-emporte-brico-dj\/\" \/>\n<meta property=\"og:locale\" content=\"fr_FR\" \/>\n<meta property=\"og:type\" content=\"article\" \/>\n<meta property=\"og:title\" content=\"Deuil\u00a0: Voici le mal qui a emport\u00e9 Brico DJ\u00a0! -\" \/>\n<meta property=\"og:description\" content=\"Jeudi noir pour le show-biz ivoirien. Brico DJ, un nom bien connu dans la sph\u00e8re couper-d\u00e9caler, est d\u00e9c\u00e9d\u00e9 ce jour des suites d\u2019insuffisances r\u00e9nale. Dans le milieu, il a collabor\u00e9 avec St\u00e9phane Doukour\u00e9 dit Douk\u2019Saga et Billy Billy. Il fait partie des artistes qui ont port\u00e9 le mouvement couper-d\u00e9caler d\u00e8s sa naissance en 2002. Sans &hellip; Deuil\u00a0: Voici le mal qui a emport\u00e9 Brico DJ\u00a0! Lire la suite\u00a0\u00bb\" \/>\n<meta property=\"og:url\" content=\"https:\/\/7culture.ci\/index.php\/2022\/06\/23\/deuil-voici-le-mal-qui-a-emporte-brico-dj\/\" \/>\n<meta property=\"og:site_name\" content=\"7culture\" \/>\n<meta property=\"article:publisher\" content=\"https:\/\/www.facebook.com\/redchefclaude\" \/>\n<meta property=\"article:published_time\" content=\"2022-06-23T17:13:17+00:00\" \/>\n<meta property=\"article:modified_time\" content=\"2022-07-01T11:31:26+00:00\" \/>\n<meta property=\"og:image\" content=\"http:\/\/7culture.ci\/wp-content\/uploads\/2022\/06\/brico11.png\" \/>\n\t<meta property=\"og:image:width\" content=\"720\" \/>\n\t<meta property=\"og:image:height\" content=\"504\" \/>\n\t<meta property=\"og:image:type\" content=\"image\/png\" \/>\n<meta name=\"author\" content=\"7culture2020\" \/>\n<meta name=\"twitter:card\" content=\"summary_large_image\" \/>\n<meta name=\"twitter:creator\" content=\"@7culturec\" \/>\n<meta name=\"twitter:site\" content=\"@7culturec\" \/>\n<meta name=\"twitter:label1\" content=\"\u00c9crit par\" \/>\n\t<meta name=\"twitter:data1\" content=\"7culture2020\" \/>\n\t<meta name=\"twitter:label2\" content=\"Dur\u00e9e de lecture estim\u00e9e\" \/>\n\t<meta name=\"twitter:data2\" content=\"3 minutes\" \/>\n<script type=\"application\/ld+json\" class=\"yoast-schema-graph\">{\"@context\":\"https:\/\/schema.org\",\"@graph\":[{\"@type\":\"Article\",\"@id\":\"https:\/\/7culture.ci\/index.php\/2022\/06\/23\/deuil-voici-le-mal-qui-a-emporte-brico-dj\/#article\",\"isPartOf\":{\"@id\":\"https:\/\/7culture.ci\/index.php\/2022\/06\/23\/deuil-voici-le-mal-qui-a-emporte-brico-dj\/\"},\"author\":{\"name\":\"7culture2020\",\"@id\":\"https:\/\/7culture.ci\/#\/schema\/person\/16150d28d7ef66ba788c1f87f28c4426\"},\"headline\":\"Deuil\u00a0: Voici le mal qui a emport\u00e9 Brico DJ\u00a0!\",\"datePublished\":\"2022-06-23T17:13:17+00:00\",\"dateModified\":\"2022-07-01T11:31:26+00:00\",\"mainEntityOfPage\":{\"@id\":\"https:\/\/7culture.ci\/index.php\/2022\/06\/23\/deuil-voici-le-mal-qui-a-emporte-brico-dj\/\"},\"wordCount\":498,\"commentCount\":0,\"publisher\":{\"@id\":\"https:\/\/7culture.ci\/#organization\"},\"articleSection\":[\"Actualit\u00e9\"],\"inLanguage\":\"fr-FR\",\"potentialAction\":[{\"@type\":\"CommentAction\",\"name\":\"Comment\",\"target\":[\"https:\/\/7culture.ci\/index.php\/2022\/06\/23\/deuil-voici-le-mal-qui-a-emporte-brico-dj\/#respond\"]}]},{\"@type\":\"WebPage\",\"@id\":\"https:\/\/7culture.ci\/index.php\/2022\/06\/23\/deuil-voici-le-mal-qui-a-emporte-brico-dj\/\",\"url\":\"https:\/\/7culture.ci\/index.php\/2022\/06\/23\/deuil-voici-le-mal-qui-a-emporte-brico-dj\/\",\"name\":\"Deuil\u00a0: Voici le mal qui a emport\u00e9 Brico DJ\u00a0! -\",\"isPartOf\":{\"@id\":\"https:\/\/7culture.ci\/#website\"},\"datePublished\":\"2022-06-23T17:13:17+00:00\",\"dateModified\":\"2022-07-01T11:31:26+00:00\",\"breadcrumb\":{\"@id\":\"https:\/\/7culture.ci\/index.php\/2022\/06\/23\/deuil-voici-le-mal-qui-a-emporte-brico-dj\/#breadcrumb\"},\"inLanguage\":\"fr-FR\",\"potentialAction\":[{\"@type\":\"ReadAction\",\"target\":[\"https:\/\/7culture.ci\/index.php\/2022\/06\/23\/deuil-voici-le-mal-qui-a-emporte-brico-dj\/\"]}]},{\"@type\":\"BreadcrumbList\",\"@id\":\"https:\/\/7culture.ci\/index.php\/2022\/06\/23\/deuil-voici-le-mal-qui-a-emporte-brico-dj\/#breadcrumb\",\"itemListElement\":[{\"@type\":\"ListItem\",\"position\":1,\"name\":\"Accueil\",\"item\":\"https:\/\/7culture.ci\/\"},{\"@type\":\"ListItem\",\"position\":2,\"name\":\"Deuil\u00a0: Voici le mal qui a emport\u00e9 Brico DJ\u00a0!\"}]},{\"@type\":\"WebSite\",\"@id\":\"https:\/\/7culture.ci\/#website\",\"url\":\"https:\/\/7culture.ci\/\",\"name\":\"7culture\",\"description\":\"Tout sur l&#039;actualit\u00e9\",\"publisher\":{\"@id\":\"https:\/\/7culture.ci\/#organization\"},\"potentialAction\":[{\"@type\":\"SearchAction\",\"target\":{\"@type\":\"EntryPoint\",\"urlTemplate\":\"https:\/\/7culture.ci\/?s={search_term_string}\"},\"query-input\":\"required name=search_term_string\"}],\"inLanguage\":\"fr-FR\"},{\"@type\":\"Organization\",\"@id\":\"https:\/\/7culture.ci\/#organization\",\"name\":\"7culture\",\"url\":\"https:\/\/7culture.ci\/\",\"sameAs\":[\"https:\/\/www.facebook.com\/redchefclaude\",\"https:\/\/twitter.com\/7culturec\"],\"logo\":{\"@type\":\"ImageObject\",\"inLanguage\":\"fr-FR\",\"@id\":\"https:\/\/7culture.ci\/#\/schema\/logo\/image\/\",\"url\":\"https:\/\/7culture.ci\/wp-content\/uploads\/2021\/12\/S1a-1.png\",\"contentUrl\":\"https:\/\/7culture.ci\/wp-content\/uploads\/2021\/12\/S1a-1.png\",\"width\":588,\"height\":192,\"caption\":\"7culture\"},\"image\":{\"@id\":\"https:\/\/7culture.ci\/#\/schema\/logo\/image\/\"}},{\"@type\":\"Person\",\"@id\":\"https:\/\/7culture.ci\/#\/schema\/person\/16150d28d7ef66ba788c1f87f28c4426\",\"name\":\"7culture2020\",\"image\":{\"@type\":\"ImageObject\",\"inLanguage\":\"fr-FR\",\"@id\":\"https:\/\/7culture.ci\/#\/schema\/person\/image\/\",\"url\":\"https:\/\/secure.gravatar.com\/avatar\/9a0784f951306c37bcd065f52844ef95?s=96&d=mm&r=g\",\"contentUrl\":\"https:\/\/secure.gravatar.com\/avatar\/9a0784f951306c37bcd065f52844ef95?s=96&d=mm&r=g\",\"caption\":\"7culture2020\"},\"sameAs\":[\"http:\/\/7culture.ci\",\"Claude.kipre\"],\"url\":\"https:\/\/7culture.ci\/index.php\/author\/7culture2020\/\"}]}<\/script>\n<!-- \/ Yoast SEO plugin. -->","yoast_head_json":{"title":"Deuil\u00a0: Voici le mal qui a emport\u00e9 Brico DJ\u00a0! -","robots":{"index":"index","follow":"follow","max-snippet":"max-snippet:-1","max-image-preview":"max-image-preview:large","max-video-preview":"max-video-preview:-1"},"canonical":"https:\/\/7culture.ci\/index.php\/2022\/06\/23\/deuil-voici-le-mal-qui-a-emporte-brico-dj\/","og_locale":"fr_FR","og_type":"article","og_title":"Deuil\u00a0: Voici le mal qui a emport\u00e9 Brico DJ\u00a0! -","og_description":"Jeudi noir pour le show-biz ivoirien. Brico DJ, un nom bien connu dans la sph\u00e8re couper-d\u00e9caler, est d\u00e9c\u00e9d\u00e9 ce jour des suites d\u2019insuffisances r\u00e9nale. Dans le milieu, il a collabor\u00e9 avec St\u00e9phane Doukour\u00e9 dit Douk\u2019Saga et Billy Billy. Il fait partie des artistes qui ont port\u00e9 le mouvement couper-d\u00e9caler d\u00e8s sa naissance en 2002. Sans &hellip; Deuil\u00a0: Voici le mal qui a emport\u00e9 Brico DJ\u00a0! Lire la suite\u00a0\u00bb","og_url":"https:\/\/7culture.ci\/index.php\/2022\/06\/23\/deuil-voici-le-mal-qui-a-emporte-brico-dj\/","og_site_name":"7culture","article_publisher":"https:\/\/www.facebook.com\/redchefclaude","article_published_time":"2022-06-23T17:13:17+00:00","article_modified_time":"2022-07-01T11:31:26+00:00","og_image":[{"width":720,"height":504,"url":"http:\/\/7culture.ci\/wp-content\/uploads\/2022\/06\/brico11.png","type":"image\/png"}],"author":"7culture2020","twitter_card":"summary_large_image","twitter_creator":"@7culturec","twitter_site":"@7culturec","twitter_misc":{"\u00c9crit par":"7culture2020","Dur\u00e9e de lecture estim\u00e9e":"3 minutes"},"schema":{"@context":"https:\/\/schema.org","@graph":[{"@type":"Article","@id":"https:\/\/7culture.ci\/index.php\/2022\/06\/23\/deuil-voici-le-mal-qui-a-emporte-brico-dj\/#article","isPartOf":{"@id":"https:\/\/7culture.ci\/index.php\/2022\/06\/23\/deuil-voici-le-mal-qui-a-emporte-brico-dj\/"},"author":{"name":"7culture2020","@id":"https:\/\/7culture.ci\/#\/schema\/person\/16150d28d7ef66ba788c1f87f28c4426"},"headline":"Deuil\u00a0: Voici le mal qui a emport\u00e9 Brico DJ\u00a0!","datePublished":"2022-06-23T17:13:17+00:00","dateModified":"2022-07-01T11:31:26+00:00","mainEntityOfPage":{"@id":"https:\/\/7culture.ci\/index.php\/2022\/06\/23\/deuil-voici-le-mal-qui-a-emporte-brico-dj\/"},"wordCount":498,"commentCount":0,"publisher":{"@id":"https:\/\/7culture.ci\/#organization"},"articleSection":["Actualit\u00e9"],"inLanguage":"fr-FR","potentialAction":[{"@type":"CommentAction","name":"Comment","target":["https:\/\/7culture.ci\/index.php\/2022\/06\/23\/deuil-voici-le-mal-qui-a-emporte-brico-dj\/#respond"]}]},{"@type":"WebPage","@id":"https:\/\/7culture.ci\/index.php\/2022\/06\/23\/deuil-voici-le-mal-qui-a-emporte-brico-dj\/","url":"https:\/\/7culture.ci\/index.php\/2022\/06\/23\/deuil-voici-le-mal-qui-a-emporte-brico-dj\/","name":"Deuil\u00a0: Voici le mal qui a emport\u00e9 Brico DJ\u00a0! -","isPartOf":{"@id":"https:\/\/7culture.ci\/#website"},"datePublished":"2022-06-23T17:13:17+00:00","dateModified":"2022-07-01T11:31:26+00:00","breadcrumb":{"@id":"https:\/\/7culture.ci\/index.php\/2022\/06\/23\/deuil-voici-le-mal-qui-a-emporte-brico-dj\/#breadcrumb"},"inLanguage":"fr-FR","potentialAction":[{"@type":"ReadAction","target":["https:\/\/7culture.ci\/index.php\/2022\/06\/23\/deuil-voici-le-mal-qui-a-emporte-brico-dj\/"]}]},{"@type":"BreadcrumbList","@id":"https:\/\/7culture.ci\/index.php\/2022\/06\/23\/deuil-voici-le-mal-qui-a-emporte-brico-dj\/#breadcrumb","itemListElement":[{"@type":"ListItem","position":1,"name":"Accueil","item":"https:\/\/7culture.ci\/"},{"@type":"ListItem","position":2,"name":"Deuil\u00a0: Voici le mal qui a emport\u00e9 Brico DJ\u00a0!"}]},{"@type":"WebSite","@id":"https:\/\/7culture.ci\/#website","url":"https:\/\/7culture.ci\/","name":"7culture","description":"Tout sur l&#039;actualit\u00e9","publisher":{"@id":"https:\/\/7culture.ci\/#organization"},"potentialAction":[{"@type":"SearchAction","target":{"@type":"EntryPoint","urlTemplate":"https:\/\/7culture.ci\/?s={search_term_string}"},"query-input":"required name=search_term_string"}],"inLanguage":"fr-FR"},{"@type":"Organization","@id":"https:\/\/7culture.ci\/#organization","name":"7culture","url":"https:\/\/7culture.ci\/","sameAs":["https:\/\/www.facebook.com\/redchefclaude","https:\/\/twitter.com\/7culturec"],"logo":{"@type":"ImageObject","inLanguage":"fr-FR","@id":"https:\/\/7culture.ci\/#\/schema\/logo\/image\/","url":"https:\/\/7culture.ci\/wp-content\/uploads\/2021\/12\/S1a-1.png","contentUrl":"https:\/\/7culture.ci\/wp-content\/uploads\/2021\/12\/S1a-1.png","width":588,"height":192,"caption":"7culture"},"image":{"@id":"https:\/\/7culture.ci\/#\/schema\/logo\/image\/"}},{"@type":"Person","@id":"https:\/\/7culture.ci\/#\/schema\/person\/16150d28d7ef66ba788c1f87f28c4426","name":"7culture2020","image":{"@type":"ImageObject","inLanguage":"fr-FR","@id":"https:\/\/7culture.ci\/#\/schema\/person\/image\/","url":"https:\/\/secure.gravatar.com\/avatar\/9a0784f951306c37bcd065f52844ef95?s=96&d=mm&r=g","contentUrl":"https:\/\/secure.gravatar.com\/avatar\/9a0784f951306c37bcd065f52844ef95?s=96&d=mm&r=g","caption":"7culture2020"},"sameAs":["http:\/\/7culture.ci","Claude.kipre"],"url":"https:\/\/7culture.ci\/index.php\/author\/7culture2020\/"}]}},"jetpack_featured_media_url":"https:\/\/7culture.ci\/wp-content\/uploads\/2022\/06\/brico11.png","jetpack_likes_enabled":true,"jetpack_sharing_enabled":true,"_links":{"self":[{"href":"https:\/\/7culture.ci\/index.php\/wp-json\/wp\/v2\/posts\/21871"}],"collection":[{"href":"https:\/\/7culture.ci\/index.php\/wp-json\/wp\/v2\/posts"}],"about":[{"href":"https:\/\/7culture.ci\/index.php\/wp-json\/wp\/v2\/types\/post"}],"author":[{"embeddable":true,"href":"https:\/\/7culture.ci\/index.php\/wp-json\/wp\/v2\/users\/1"}],"replies":[{"embeddable":true,"href":"https:\/\/7culture.ci\/index.php\/wp-json\/wp\/v2\/comments?post=21871"}],"version-history":[{"count":0,"href":"https:\/\/7culture.ci\/index.php\/wp-json\/wp\/v2\/posts\/21871\/revisions"}],"wp:featuredmedia":[{"embeddable":true,"href":"https:\/\/7culture.ci\/index.php\/wp-json\/wp\/v2\/media\/21876"}],"wp:attachment":[{"href":"https:\/\/7culture.ci\/index.php\/wp-json\/wp\/v2\/media?parent=21871"}],"wp:term":[{"taxonomy":"category","embeddable":true,"href":"https:\/\/7culture.ci\/index.php\/wp-json\/wp\/v2\/categories?post=21871"},{"taxonomy":"post_tag","embeddable":true,"href":"https:\/\/7culture.ci\/index.php\/wp-json\/wp\/v2\/tags?post=21871"}],"curies":[{"name":"wp","href":"https:\/\/api.w.org\/{rel}","templated":true}]}}