{"id":21849,"date":"2022-06-22T16:20:11","date_gmt":"2022-06-22T14:20:11","guid":{"rendered":"https:\/\/7culture.ci\/?p=21849"},"modified":"2022-06-22T17:33:47","modified_gmt":"2022-06-22T15:33:47","slug":"fete-de-la-musique-avec-revolution-et-ariel-sheney","status":"publish","type":"post","link":"https:\/\/7culture.ci\/index.php\/2022\/06\/22\/fete-de-la-musique-avec-revolution-et-ariel-sheney\/","title":{"rendered":"F\u00eate de la Musique avec R\u00e9volution et Ariel Sheney"},"content":{"rendered":"\n<p>A l\u2019occasion de la f\u00eate de la musique, Sony Musique Afrique Francophone offre deux sc\u00e8nes all\u00e9chantes avec deux stars de son \u00e9curie. Le premier show in\u00e9dit se d\u00e9roulera ce vendredi 24 juin 2022, \u00e0 partir de 18h au Sofitel Abidjan H\u00f4tel Ivoire \u00e0 Cocody avec Ariel Sheney et le groupe R\u00e9volution. Les deux t\u00eates d\u2019affiche de ce spectacle se produiront en live. Le show sera aussi agr\u00e9ment\u00e9 par les prestations d\u2019autres artistes qui joueront en vedette am\u00e9ricaine.<\/p>\n\n\n\n<div class=\"wp-block-image\"><figure class=\"aligncenter size-full is-resized\"><img loading=\"lazy\" decoding=\"async\" src=\"https:\/\/7culture.ci\/wp-content\/uploads\/2022\/06\/ariel.jpg\" alt=\"\" class=\"wp-image-21851\" width=\"563\" height=\"563\" srcset=\"https:\/\/7culture.ci\/wp-content\/uploads\/2022\/06\/ariel.jpg 720w, https:\/\/7culture.ci\/wp-content\/uploads\/2022\/06\/ariel-300x300.jpg 300w, https:\/\/7culture.ci\/wp-content\/uploads\/2022\/06\/ariel-150x150.jpg 150w\" sizes=\"(max-width: 563px) 100vw, 563px\" \/><\/figure><\/div>\n\n\n\n<p>Toujours dans le cadre de la f\u00eate de la musique, &nbsp;la maison de disques propose un second spectacle exclusif au public et aux amoureux de la musique. Cette fois-ci, ce sera le groupe R\u00e9volution qui ambiancera les invit\u00e9s ce dimanche 26 juin \u00e0 partir de 17H au M\u00f6venpick Hotel Plateau. Pour faire un show complet Sony Musique Afrique Francophone permet \u00e0 ses invit\u00e9s VIP de b\u00e9n\u00e9ficier de 25% de r\u00e9duction pour le brunch du M\u00f6venpick Hotel Plateau.<\/p>\n\n\n\n<figure class=\"wp-block-gallery has-nested-images columns-default is-cropped wp-block-gallery-1 is-layout-flex wp-block-gallery-is-layout-flex\">\n<figure class=\"wp-block-image size-large\"><img loading=\"lazy\" decoding=\"async\" width=\"529\" height=\"530\" data-id=\"21852\" src=\"https:\/\/7culture.ci\/wp-content\/uploads\/2022\/06\/ariel1.jpg\" alt=\"\" class=\"wp-image-21852\" srcset=\"https:\/\/7culture.ci\/wp-content\/uploads\/2022\/06\/ariel1.jpg 529w, https:\/\/7culture.ci\/wp-content\/uploads\/2022\/06\/ariel1-300x300.jpg 300w, https:\/\/7culture.ci\/wp-content\/uploads\/2022\/06\/ariel1-150x150.jpg 150w\" sizes=\"(max-width: 529px) 100vw, 529px\" \/><\/figure>\n\n\n\n<figure class=\"wp-block-image size-large\"><img loading=\"lazy\" decoding=\"async\" width=\"940\" height=\"929\" data-id=\"21853\" src=\"https:\/\/7culture.ci\/wp-content\/uploads\/2022\/06\/Revolution3.jpg\" alt=\"\" class=\"wp-image-21853\" srcset=\"https:\/\/7culture.ci\/wp-content\/uploads\/2022\/06\/Revolution3.jpg 940w, https:\/\/7culture.ci\/wp-content\/uploads\/2022\/06\/Revolution3-300x296.jpg 300w, https:\/\/7culture.ci\/wp-content\/uploads\/2022\/06\/Revolution3-768x759.jpg 768w\" sizes=\"(max-width: 940px) 100vw, 940px\" \/><\/figure>\n<\/figure>\n\n\n\n<p>Par Omar AK<\/p>\n","protected":false},"excerpt":{"rendered":"<p>A l\u2019occasion de la f\u00eate de la musique, Sony Musique Afrique Francophone offre deux sc\u00e8nes all\u00e9chantes avec deux stars de son \u00e9curie. Le premier show in\u00e9dit se d\u00e9roulera ce vendredi 24 juin 2022, \u00e0 partir de 18h au Sofitel Abidjan H\u00f4tel Ivoire \u00e0 Cocody avec Ariel Sheney et le groupe R\u00e9volution. Les deux t\u00eates d\u2019affiche &hellip;<\/p>\n<p class=\"read-more\"> <a class=\"\" href=\"https:\/\/7culture.ci\/index.php\/2022\/06\/22\/fete-de-la-musique-avec-revolution-et-ariel-sheney\/\"> <span class=\"screen-reader-text\">F\u00eate de la Musique avec R\u00e9volution et Ariel Sheney<\/span> Lire la suite\u00a0\u00bb<\/a><\/p>\n","protected":false},"author":1,"featured_media":21850,"comment_status":"open","ping_status":"open","sticky":false,"template":"","format":"standard","meta":{"_mi_skip_tracking":false,"_monsterinsights_sitenote_active":false,"_monsterinsights_sitenote_note":"","_monsterinsights_sitenote_category":0,"site-sidebar-layout":"default","site-content-layout":"default","ast-global-header-display":"","ast-main-header-display":"","ast-hfb-above-header-display":"","ast-hfb-below-header-display":"","ast-hfb-mobile-header-display":"","site-post-title":"","ast-breadcrumbs-content":"","ast-featured-img":"","footer-sml-layout":"","theme-transparent-header-meta":"","adv-header-id-meta":"","stick-header-meta":"","header-above-stick-meta":"","header-main-stick-meta":"","header-below-stick-meta":"","footnotes":"","jetpack_publicize_message":"","jetpack_is_tweetstorm":false,"jetpack_publicize_feature_enabled":true},"categories":[16],"tags":[],"jetpack_publicize_connections":[],"acf":[],"aioseo_notices":[],"yoast_head":"<!-- This site is optimized with the Yoast SEO plugin v19.6.1 - https:\/\/yoast.com\/wordpress\/plugins\/seo\/ -->\n<title>F\u00eate de la Musique avec R\u00e9volution et Ariel Sheney -<\/title>\n<meta name=\"robots\" content=\"index, follow, max-snippet:-1, max-image-preview:large, max-video-preview:-1\" \/>\n<link rel=\"canonical\" href=\"https:\/\/7culture.ci\/index.php\/2022\/06\/22\/fete-de-la-musique-avec-revolution-et-ariel-sheney\/\" \/>\n<meta property=\"og:locale\" content=\"fr_FR\" \/>\n<meta property=\"og:type\" content=\"article\" \/>\n<meta property=\"og:title\" content=\"F\u00eate de la Musique avec R\u00e9volution et Ariel Sheney -\" \/>\n<meta property=\"og:description\" content=\"A l\u2019occasion de la f\u00eate de la musique, Sony Musique Afrique Francophone offre deux sc\u00e8nes all\u00e9chantes avec deux stars de son \u00e9curie. Le premier show in\u00e9dit se d\u00e9roulera ce vendredi 24 juin 2022, \u00e0 partir de 18h au Sofitel Abidjan H\u00f4tel Ivoire \u00e0 Cocody avec Ariel Sheney et le groupe R\u00e9volution. Les deux t\u00eates d\u2019affiche &hellip; F\u00eate de la Musique avec R\u00e9volution et Ariel Sheney Lire la suite\u00a0\u00bb\" \/>\n<meta property=\"og:url\" content=\"https:\/\/7culture.ci\/index.php\/2022\/06\/22\/fete-de-la-musique-avec-revolution-et-ariel-sheney\/\" \/>\n<meta property=\"og:site_name\" content=\"7culture\" \/>\n<meta property=\"article:publisher\" content=\"https:\/\/www.facebook.com\/redchefclaude\" \/>\n<meta property=\"article:published_time\" content=\"2022-06-22T14:20:11+00:00\" \/>\n<meta property=\"article:modified_time\" content=\"2022-06-22T15:33:47+00:00\" \/>\n<meta property=\"og:image\" content=\"http:\/\/7culture.ci\/wp-content\/uploads\/2022\/06\/WhatsApp-Image-2022-06-22-at-12.29.46.jpeg\" \/>\n\t<meta property=\"og:image:width\" content=\"724\" \/>\n\t<meta property=\"og:image:height\" content=\"720\" \/>\n\t<meta property=\"og:image:type\" content=\"image\/jpeg\" \/>\n<meta name=\"author\" content=\"7culture2020\" \/>\n<meta name=\"twitter:card\" content=\"summary_large_image\" \/>\n<meta name=\"twitter:creator\" content=\"@7culturec\" \/>\n<meta name=\"twitter:site\" content=\"@7culturec\" \/>\n<meta name=\"twitter:label1\" content=\"\u00c9crit par\" \/>\n\t<meta name=\"twitter:data1\" content=\"7culture2020\" \/>\n\t<meta name=\"twitter:label2\" content=\"Dur\u00e9e de lecture estim\u00e9e\" \/>\n\t<meta name=\"twitter:data2\" content=\"2 minutes\" \/>\n<script type=\"application\/ld+json\" class=\"yoast-schema-graph\">{\"@context\":\"https:\/\/schema.org\",\"@graph\":[{\"@type\":\"Article\",\"@id\":\"https:\/\/7culture.ci\/index.php\/2022\/06\/22\/fete-de-la-musique-avec-revolution-et-ariel-sheney\/#article\",\"isPartOf\":{\"@id\":\"https:\/\/7culture.ci\/index.php\/2022\/06\/22\/fete-de-la-musique-avec-revolution-et-ariel-sheney\/\"},\"author\":{\"name\":\"7culture2020\",\"@id\":\"https:\/\/7culture.ci\/#\/schema\/person\/16150d28d7ef66ba788c1f87f28c4426\"},\"headline\":\"F\u00eate de la Musique avec R\u00e9volution et Ariel Sheney\",\"datePublished\":\"2022-06-22T14:20:11+00:00\",\"dateModified\":\"2022-06-22T15:33:47+00:00\",\"mainEntityOfPage\":{\"@id\":\"https:\/\/7culture.ci\/index.php\/2022\/06\/22\/fete-de-la-musique-avec-revolution-et-ariel-sheney\/\"},\"wordCount\":183,\"commentCount\":0,\"publisher\":{\"@id\":\"https:\/\/7culture.ci\/#organization\"},\"articleSection\":[\"Musique\"],\"inLanguage\":\"fr-FR\",\"potentialAction\":[{\"@type\":\"CommentAction\",\"name\":\"Comment\",\"target\":[\"https:\/\/7culture.ci\/index.php\/2022\/06\/22\/fete-de-la-musique-avec-revolution-et-ariel-sheney\/#respond\"]}]},{\"@type\":\"WebPage\",\"@id\":\"https:\/\/7culture.ci\/index.php\/2022\/06\/22\/fete-de-la-musique-avec-revolution-et-ariel-sheney\/\",\"url\":\"https:\/\/7culture.ci\/index.php\/2022\/06\/22\/fete-de-la-musique-avec-revolution-et-ariel-sheney\/\",\"name\":\"F\u00eate de la Musique avec R\u00e9volution et Ariel Sheney -\",\"isPartOf\":{\"@id\":\"https:\/\/7culture.ci\/#website\"},\"datePublished\":\"2022-06-22T14:20:11+00:00\",\"dateModified\":\"2022-06-22T15:33:47+00:00\",\"breadcrumb\":{\"@id\":\"https:\/\/7culture.ci\/index.php\/2022\/06\/22\/fete-de-la-musique-avec-revolution-et-ariel-sheney\/#breadcrumb\"},\"inLanguage\":\"fr-FR\",\"potentialAction\":[{\"@type\":\"ReadAction\",\"target\":[\"https:\/\/7culture.ci\/index.php\/2022\/06\/22\/fete-de-la-musique-avec-revolution-et-ariel-sheney\/\"]}]},{\"@type\":\"BreadcrumbList\",\"@id\":\"https:\/\/7culture.ci\/index.php\/2022\/06\/22\/fete-de-la-musique-avec-revolution-et-ariel-sheney\/#breadcrumb\",\"itemListElement\":[{\"@type\":\"ListItem\",\"position\":1,\"name\":\"Accueil\",\"item\":\"https:\/\/7culture.ci\/\"},{\"@type\":\"ListItem\",\"position\":2,\"name\":\"F\u00eate de la Musique avec R\u00e9volution et Ariel Sheney\"}]},{\"@type\":\"WebSite\",\"@id\":\"https:\/\/7culture.ci\/#website\",\"url\":\"https:\/\/7culture.ci\/\",\"name\":\"7culture\",\"description\":\"Tout sur l&#039;actualit\u00e9\",\"publisher\":{\"@id\":\"https:\/\/7culture.ci\/#organization\"},\"potentialAction\":[{\"@type\":\"SearchAction\",\"target\":{\"@type\":\"EntryPoint\",\"urlTemplate\":\"https:\/\/7culture.ci\/?s={search_term_string}\"},\"query-input\":\"required name=search_term_string\"}],\"inLanguage\":\"fr-FR\"},{\"@type\":\"Organization\",\"@id\":\"https:\/\/7culture.ci\/#organization\",\"name\":\"7culture\",\"url\":\"https:\/\/7culture.ci\/\",\"sameAs\":[\"https:\/\/www.facebook.com\/redchefclaude\",\"https:\/\/twitter.com\/7culturec\"],\"logo\":{\"@type\":\"ImageObject\",\"inLanguage\":\"fr-FR\",\"@id\":\"https:\/\/7culture.ci\/#\/schema\/logo\/image\/\",\"url\":\"https:\/\/7culture.ci\/wp-content\/uploads\/2021\/12\/S1a-1.png\",\"contentUrl\":\"https:\/\/7culture.ci\/wp-content\/uploads\/2021\/12\/S1a-1.png\",\"width\":588,\"height\":192,\"caption\":\"7culture\"},\"image\":{\"@id\":\"https:\/\/7culture.ci\/#\/schema\/logo\/image\/\"}},{\"@type\":\"Person\",\"@id\":\"https:\/\/7culture.ci\/#\/schema\/person\/16150d28d7ef66ba788c1f87f28c4426\",\"name\":\"7culture2020\",\"image\":{\"@type\":\"ImageObject\",\"inLanguage\":\"fr-FR\",\"@id\":\"https:\/\/7culture.ci\/#\/schema\/person\/image\/\",\"url\":\"https:\/\/secure.gravatar.com\/avatar\/9a0784f951306c37bcd065f52844ef95?s=96&d=mm&r=g\",\"contentUrl\":\"https:\/\/secure.gravatar.com\/avatar\/9a0784f951306c37bcd065f52844ef95?s=96&d=mm&r=g\",\"caption\":\"7culture2020\"},\"sameAs\":[\"http:\/\/7culture.ci\",\"Claude.kipre\"],\"url\":\"https:\/\/7culture.ci\/index.php\/author\/7culture2020\/\"}]}<\/script>\n<!-- \/ Yoast SEO plugin. -->","yoast_head_json":{"title":"F\u00eate de la Musique avec R\u00e9volution et Ariel Sheney -","robots":{"index":"index","follow":"follow","max-snippet":"max-snippet:-1","max-image-preview":"max-image-preview:large","max-video-preview":"max-video-preview:-1"},"canonical":"https:\/\/7culture.ci\/index.php\/2022\/06\/22\/fete-de-la-musique-avec-revolution-et-ariel-sheney\/","og_locale":"fr_FR","og_type":"article","og_title":"F\u00eate de la Musique avec R\u00e9volution et Ariel Sheney -","og_description":"A l\u2019occasion de la f\u00eate de la musique, Sony Musique Afrique Francophone offre deux sc\u00e8nes all\u00e9chantes avec deux stars de son \u00e9curie. Le premier show in\u00e9dit se d\u00e9roulera ce vendredi 24 juin 2022, \u00e0 partir de 18h au Sofitel Abidjan H\u00f4tel Ivoire \u00e0 Cocody avec Ariel Sheney et le groupe R\u00e9volution. Les deux t\u00eates d\u2019affiche &hellip; F\u00eate de la Musique avec R\u00e9volution et Ariel Sheney Lire la suite\u00a0\u00bb","og_url":"https:\/\/7culture.ci\/index.php\/2022\/06\/22\/fete-de-la-musique-avec-revolution-et-ariel-sheney\/","og_site_name":"7culture","article_publisher":"https:\/\/www.facebook.com\/redchefclaude","article_published_time":"2022-06-22T14:20:11+00:00","article_modified_time":"2022-06-22T15:33:47+00:00","og_image":[{"width":724,"height":720,"url":"http:\/\/7culture.ci\/wp-content\/uploads\/2022\/06\/WhatsApp-Image-2022-06-22-at-12.29.46.jpeg","type":"image\/jpeg"}],"author":"7culture2020","twitter_card":"summary_large_image","twitter_creator":"@7culturec","twitter_site":"@7culturec","twitter_misc":{"\u00c9crit par":"7culture2020","Dur\u00e9e de lecture estim\u00e9e":"2 minutes"},"schema":{"@context":"https:\/\/schema.org","@graph":[{"@type":"Article","@id":"https:\/\/7culture.ci\/index.php\/2022\/06\/22\/fete-de-la-musique-avec-revolution-et-ariel-sheney\/#article","isPartOf":{"@id":"https:\/\/7culture.ci\/index.php\/2022\/06\/22\/fete-de-la-musique-avec-revolution-et-ariel-sheney\/"},"author":{"name":"7culture2020","@id":"https:\/\/7culture.ci\/#\/schema\/person\/16150d28d7ef66ba788c1f87f28c4426"},"headline":"F\u00eate de la Musique avec R\u00e9volution et Ariel Sheney","datePublished":"2022-06-22T14:20:11+00:00","dateModified":"2022-06-22T15:33:47+00:00","mainEntityOfPage":{"@id":"https:\/\/7culture.ci\/index.php\/2022\/06\/22\/fete-de-la-musique-avec-revolution-et-ariel-sheney\/"},"wordCount":183,"commentCount":0,"publisher":{"@id":"https:\/\/7culture.ci\/#organization"},"articleSection":["Musique"],"inLanguage":"fr-FR","potentialAction":[{"@type":"CommentAction","name":"Comment","target":["https:\/\/7culture.ci\/index.php\/2022\/06\/22\/fete-de-la-musique-avec-revolution-et-ariel-sheney\/#respond"]}]},{"@type":"WebPage","@id":"https:\/\/7culture.ci\/index.php\/2022\/06\/22\/fete-de-la-musique-avec-revolution-et-ariel-sheney\/","url":"https:\/\/7culture.ci\/index.php\/2022\/06\/22\/fete-de-la-musique-avec-revolution-et-ariel-sheney\/","name":"F\u00eate de la Musique avec R\u00e9volution et Ariel Sheney -","isPartOf":{"@id":"https:\/\/7culture.ci\/#website"},"datePublished":"2022-06-22T14:20:11+00:00","dateModified":"2022-06-22T15:33:47+00:00","breadcrumb":{"@id":"https:\/\/7culture.ci\/index.php\/2022\/06\/22\/fete-de-la-musique-avec-revolution-et-ariel-sheney\/#breadcrumb"},"inLanguage":"fr-FR","potentialAction":[{"@type":"ReadAction","target":["https:\/\/7culture.ci\/index.php\/2022\/06\/22\/fete-de-la-musique-avec-revolution-et-ariel-sheney\/"]}]},{"@type":"BreadcrumbList","@id":"https:\/\/7culture.ci\/index.php\/2022\/06\/22\/fete-de-la-musique-avec-revolution-et-ariel-sheney\/#breadcrumb","itemListElement":[{"@type":"ListItem","position":1,"name":"Accueil","item":"https:\/\/7culture.ci\/"},{"@type":"ListItem","position":2,"name":"F\u00eate de la Musique avec R\u00e9volution et Ariel Sheney"}]},{"@type":"WebSite","@id":"https:\/\/7culture.ci\/#website","url":"https:\/\/7culture.ci\/","name":"7culture","description":"Tout sur l&#039;actualit\u00e9","publisher":{"@id":"https:\/\/7culture.ci\/#organization"},"potentialAction":[{"@type":"SearchAction","target":{"@type":"EntryPoint","urlTemplate":"https:\/\/7culture.ci\/?s={search_term_string}"},"query-input":"required name=search_term_string"}],"inLanguage":"fr-FR"},{"@type":"Organization","@id":"https:\/\/7culture.ci\/#organization","name":"7culture","url":"https:\/\/7culture.ci\/","sameAs":["https:\/\/www.facebook.com\/redchefclaude","https:\/\/twitter.com\/7culturec"],"logo":{"@type":"ImageObject","inLanguage":"fr-FR","@id":"https:\/\/7culture.ci\/#\/schema\/logo\/image\/","url":"https:\/\/7culture.ci\/wp-content\/uploads\/2021\/12\/S1a-1.png","contentUrl":"https:\/\/7culture.ci\/wp-content\/uploads\/2021\/12\/S1a-1.png","width":588,"height":192,"caption":"7culture"},"image":{"@id":"https:\/\/7culture.ci\/#\/schema\/logo\/image\/"}},{"@type":"Person","@id":"https:\/\/7culture.ci\/#\/schema\/person\/16150d28d7ef66ba788c1f87f28c4426","name":"7culture2020","image":{"@type":"ImageObject","inLanguage":"fr-FR","@id":"https:\/\/7culture.ci\/#\/schema\/person\/image\/","url":"https:\/\/secure.gravatar.com\/avatar\/9a0784f951306c37bcd065f52844ef95?s=96&d=mm&r=g","contentUrl":"https:\/\/secure.gravatar.com\/avatar\/9a0784f951306c37bcd065f52844ef95?s=96&d=mm&r=g","caption":"7culture2020"},"sameAs":["http:\/\/7culture.ci","Claude.kipre"],"url":"https:\/\/7culture.ci\/index.php\/author\/7culture2020\/"}]}},"jetpack_featured_media_url":"https:\/\/7culture.ci\/wp-content\/uploads\/2022\/06\/WhatsApp-Image-2022-06-22-at-12.29.46.jpeg","jetpack_likes_enabled":true,"jetpack_sharing_enabled":true,"_links":{"self":[{"href":"https:\/\/7culture.ci\/index.php\/wp-json\/wp\/v2\/posts\/21849"}],"collection":[{"href":"https:\/\/7culture.ci\/index.php\/wp-json\/wp\/v2\/posts"}],"about":[{"href":"https:\/\/7culture.ci\/index.php\/wp-json\/wp\/v2\/types\/post"}],"author":[{"embeddable":true,"href":"https:\/\/7culture.ci\/index.php\/wp-json\/wp\/v2\/users\/1"}],"replies":[{"embeddable":true,"href":"https:\/\/7culture.ci\/index.php\/wp-json\/wp\/v2\/comments?post=21849"}],"version-history":[{"count":0,"href":"https:\/\/7culture.ci\/index.php\/wp-json\/wp\/v2\/posts\/21849\/revisions"}],"wp:featuredmedia":[{"embeddable":true,"href":"https:\/\/7culture.ci\/index.php\/wp-json\/wp\/v2\/media\/21850"}],"wp:attachment":[{"href":"https:\/\/7culture.ci\/index.php\/wp-json\/wp\/v2\/media?parent=21849"}],"wp:term":[{"taxonomy":"category","embeddable":true,"href":"https:\/\/7culture.ci\/index.php\/wp-json\/wp\/v2\/categories?post=21849"},{"taxonomy":"post_tag","embeddable":true,"href":"https:\/\/7culture.ci\/index.php\/wp-json\/wp\/v2\/tags?post=21849"}],"curies":[{"name":"wp","href":"https:\/\/api.w.org\/{rel}","templated":true}]}}