{"id":21830,"date":"2022-06-21T17:32:22","date_gmt":"2022-06-21T15:32:22","guid":{"rendered":"https:\/\/7culture.ci\/?p=21830"},"modified":"2022-06-21T17:32:25","modified_gmt":"2022-06-21T15:32:25","slug":"la-ministre-francoise-remarck-celebre-conjointement-les-meres-et-les-peres-de-son-departement","status":"publish","type":"post","link":"https:\/\/7culture.ci\/index.php\/2022\/06\/21\/la-ministre-francoise-remarck-celebre-conjointement-les-meres-et-les-peres-de-son-departement\/","title":{"rendered":"La ministre Fran\u00e7oise Remarck c\u00e9l\u00e8bre conjointement les m\u00e8res et les p\u00e8res de son d\u00e9partement"},"content":{"rendered":"\n<p>C\u00e9l\u00e9brer les parents est un devoir pour tout enfant. Aussi \u00e0 l&#8217;occasion de la f\u00eate des m\u00e8res c\u00e9l\u00e9br\u00e9e le 29 mai dernier et en pr\u00e9lude \u00e0 la f\u00eate des p\u00e8res du dimanche 19 juin prochain, la ministre Fran\u00e7oise Remarck a-t-elle honor\u00e9 les p\u00e8res et les m\u00e8res de son d\u00e9partement minist\u00e9riel, le vendredi 17 juin au cours d&#8217;une sympathique c\u00e9r\u00e9monie \u00e0 la Biblioth\u00e8que Nationale de C\u00f4te d&#8217;Ivoire.<\/p>\n\n\n\n<p>Dans sa prise de parole, le Directeur des Ressources Humaines, M. Jean Claude Kouam\u00e9 Dj\u00e8, pr\u00e9sident du comit\u00e9 d&#8217;organisation, a souhait\u00e9 une&nbsp; bonne f\u00eate \u00e0 tous les agents. Poursuivant, il a soutenu que l&#8217;organisation de cette f\u00eate est le signe manifeste de l&#8217;esprit d&#8217;\u00e9quit\u00e9 et de justice au sein du minist\u00e8re de la Culture et de la Francophonie, en ce sens que cette activit\u00e9 a vu une implication inclusive et participative de tous les agents.<\/p>\n\n\n\n<figure class=\"wp-block-image size-full is-resized\"><img loading=\"lazy\" decoding=\"async\" src=\"https:\/\/7culture.ci\/wp-content\/uploads\/2022\/06\/Francoise-r2.jpg\" alt=\"\" class=\"wp-image-21832\" width=\"665\" height=\"443\" srcset=\"https:\/\/7culture.ci\/wp-content\/uploads\/2022\/06\/Francoise-r2.jpg 960w, https:\/\/7culture.ci\/wp-content\/uploads\/2022\/06\/Francoise-r2-300x200.jpg 300w, https:\/\/7culture.ci\/wp-content\/uploads\/2022\/06\/Francoise-r2-768x512.jpg 768w\" sizes=\"(max-width: 665px) 100vw, 665px\" \/><\/figure>\n\n\n\n<p>\u00c0 sa suite, la ministre a proc\u00e9d\u00e9 \u00e0 une remise symbolique de cadeaux aux agents intervenant \u00e0 diff\u00e9rents niveaux hi\u00e9rarchiques. Elle n&#8217;a pas manqu\u00e9, dans son intervention, d&#8217;exhorter les femmes et les hommes, ses&nbsp; collaborateurs au quotidien, \u00e0 \u00eatre des parents mod\u00e8les pour leurs enfants. Elle les a en outre invit\u00e9s \u00e0 travailler en synergie dans un bel esprit d&#8217;\u00e9quipe afin de tendre vers l&#8217;excellence pour la construction d&#8217;une C\u00f4te d&#8217;Ivoire solidaire et \u00e9mergente.<\/p>\n\n\n\n<figure class=\"wp-block-image size-full is-resized\"><img loading=\"lazy\" decoding=\"async\" src=\"https:\/\/7culture.ci\/wp-content\/uploads\/2022\/06\/Francoise-r1.jpg\" alt=\"\" class=\"wp-image-21833\" width=\"686\" height=\"457\" srcset=\"https:\/\/7culture.ci\/wp-content\/uploads\/2022\/06\/Francoise-r1.jpg 960w, https:\/\/7culture.ci\/wp-content\/uploads\/2022\/06\/Francoise-r1-300x200.jpg 300w, https:\/\/7culture.ci\/wp-content\/uploads\/2022\/06\/Francoise-r1-768x512.jpg 768w\" sizes=\"(max-width: 686px) 100vw, 686px\" \/><\/figure>\n\n\n\n<p>Heureux de recevoir ces pr\u00e9sents et de b\u00e9n\u00e9ficier de cette d\u00e9licate attention de la tutelle, M. Ange Nahonin, repr\u00e9sentant des r\u00e9cipiendaires, a t\u00e9moign\u00e9 toute la reconnaissance du personnel \u00e0 la ministre, pour ce geste \u00e0 leur intention.<\/p>\n\n\n\n<p>Il a par ailleurs offert un pr\u00e9sent \u00e0 la patronne de la Culture et de la Francophonie, au nom de tous les agents. Cette c\u00e9l\u00e9bration s&#8217;est achev\u00e9e autour d&#8217;un cocktail offert par Mme la ministre Fran\u00e7oise Remarck dans une ambiance chaleureuse et conviviale.<\/p>\n\n\n\n<div class=\"wp-block-image\"><figure class=\"aligncenter size-full is-resized\"><img loading=\"lazy\" decoding=\"async\" src=\"https:\/\/7culture.ci\/wp-content\/uploads\/2022\/06\/Francoise-r3.jpg\" alt=\"\" class=\"wp-image-21834\" width=\"662\" height=\"441\" srcset=\"https:\/\/7culture.ci\/wp-content\/uploads\/2022\/06\/Francoise-r3.jpg 960w, https:\/\/7culture.ci\/wp-content\/uploads\/2022\/06\/Francoise-r3-300x200.jpg 300w, https:\/\/7culture.ci\/wp-content\/uploads\/2022\/06\/Francoise-r3-768x512.jpg 768w\" sizes=\"(max-width: 662px) 100vw, 662px\" \/><\/figure><\/div>\n\n\n\n<p>Par SerCom<\/p>\n","protected":false},"excerpt":{"rendered":"<p>C\u00e9l\u00e9brer les parents est un devoir pour tout enfant. Aussi \u00e0 l&#8217;occasion de la f\u00eate des m\u00e8res c\u00e9l\u00e9br\u00e9e le 29 mai dernier et en pr\u00e9lude \u00e0 la f\u00eate des p\u00e8res du dimanche 19 juin prochain, la ministre Fran\u00e7oise Remarck a-t-elle honor\u00e9 les p\u00e8res et les m\u00e8res de son d\u00e9partement minist\u00e9riel, le vendredi 17 juin au &hellip;<\/p>\n<p class=\"read-more\"> <a class=\"\" href=\"https:\/\/7culture.ci\/index.php\/2022\/06\/21\/la-ministre-francoise-remarck-celebre-conjointement-les-meres-et-les-peres-de-son-departement\/\"> <span class=\"screen-reader-text\">La ministre Fran\u00e7oise Remarck c\u00e9l\u00e8bre conjointement les m\u00e8res et les p\u00e8res de son d\u00e9partement<\/span> Lire la suite\u00a0\u00bb<\/a><\/p>\n","protected":false},"author":1,"featured_media":21831,"comment_status":"open","ping_status":"open","sticky":false,"template":"","format":"standard","meta":{"_mi_skip_tracking":false,"_monsterinsights_sitenote_active":false,"_monsterinsights_sitenote_note":"","_monsterinsights_sitenote_category":0,"site-sidebar-layout":"default","site-content-layout":"default","ast-global-header-display":"","ast-main-header-display":"","ast-hfb-above-header-display":"","ast-hfb-below-header-display":"","ast-hfb-mobile-header-display":"","site-post-title":"","ast-breadcrumbs-content":"","ast-featured-img":"","footer-sml-layout":"","theme-transparent-header-meta":"","adv-header-id-meta":"","stick-header-meta":"","header-above-stick-meta":"","header-main-stick-meta":"","header-below-stick-meta":"","footnotes":"","jetpack_publicize_message":"","jetpack_is_tweetstorm":false,"jetpack_publicize_feature_enabled":true},"categories":[22],"tags":[],"jetpack_publicize_connections":[],"acf":[],"aioseo_notices":[],"yoast_head":"<!-- This site is optimized with the Yoast SEO plugin v19.6.1 - https:\/\/yoast.com\/wordpress\/plugins\/seo\/ -->\n<title>La ministre Fran\u00e7oise Remarck c\u00e9l\u00e8bre conjointement les m\u00e8res et les p\u00e8res de son d\u00e9partement -<\/title>\n<meta name=\"robots\" content=\"index, follow, max-snippet:-1, max-image-preview:large, max-video-preview:-1\" \/>\n<link rel=\"canonical\" href=\"https:\/\/7culture.ci\/index.php\/2022\/06\/21\/la-ministre-francoise-remarck-celebre-conjointement-les-meres-et-les-peres-de-son-departement\/\" \/>\n<meta property=\"og:locale\" content=\"fr_FR\" \/>\n<meta property=\"og:type\" content=\"article\" \/>\n<meta property=\"og:title\" content=\"La ministre Fran\u00e7oise Remarck c\u00e9l\u00e8bre conjointement les m\u00e8res et les p\u00e8res de son d\u00e9partement -\" \/>\n<meta property=\"og:description\" content=\"C\u00e9l\u00e9brer les parents est un devoir pour tout enfant. Aussi \u00e0 l&#8217;occasion de la f\u00eate des m\u00e8res c\u00e9l\u00e9br\u00e9e le 29 mai dernier et en pr\u00e9lude \u00e0 la f\u00eate des p\u00e8res du dimanche 19 juin prochain, la ministre Fran\u00e7oise Remarck a-t-elle honor\u00e9 les p\u00e8res et les m\u00e8res de son d\u00e9partement minist\u00e9riel, le vendredi 17 juin au &hellip; La ministre Fran\u00e7oise Remarck c\u00e9l\u00e8bre conjointement les m\u00e8res et les p\u00e8res de son d\u00e9partement Lire la suite\u00a0\u00bb\" \/>\n<meta property=\"og:url\" content=\"https:\/\/7culture.ci\/index.php\/2022\/06\/21\/la-ministre-francoise-remarck-celebre-conjointement-les-meres-et-les-peres-de-son-departement\/\" \/>\n<meta property=\"og:site_name\" content=\"7culture\" \/>\n<meta property=\"article:publisher\" content=\"https:\/\/www.facebook.com\/redchefclaude\" \/>\n<meta property=\"article:published_time\" content=\"2022-06-21T15:32:22+00:00\" \/>\n<meta property=\"article:modified_time\" content=\"2022-06-21T15:32:25+00:00\" \/>\n<meta property=\"og:image\" content=\"http:\/\/7culture.ci\/wp-content\/uploads\/2022\/06\/Francoise-r.jpg\" \/>\n\t<meta property=\"og:image:width\" content=\"960\" \/>\n\t<meta property=\"og:image:height\" content=\"640\" \/>\n\t<meta property=\"og:image:type\" content=\"image\/jpeg\" \/>\n<meta name=\"author\" content=\"7culture2020\" \/>\n<meta name=\"twitter:card\" content=\"summary_large_image\" \/>\n<meta name=\"twitter:creator\" content=\"@7culturec\" \/>\n<meta name=\"twitter:site\" content=\"@7culturec\" \/>\n<meta name=\"twitter:label1\" content=\"\u00c9crit par\" \/>\n\t<meta name=\"twitter:data1\" content=\"7culture2020\" \/>\n\t<meta name=\"twitter:label2\" content=\"Dur\u00e9e de lecture estim\u00e9e\" \/>\n\t<meta name=\"twitter:data2\" content=\"3 minutes\" \/>\n<script type=\"application\/ld+json\" class=\"yoast-schema-graph\">{\"@context\":\"https:\/\/schema.org\",\"@graph\":[{\"@type\":\"Article\",\"@id\":\"https:\/\/7culture.ci\/index.php\/2022\/06\/21\/la-ministre-francoise-remarck-celebre-conjointement-les-meres-et-les-peres-de-son-departement\/#article\",\"isPartOf\":{\"@id\":\"https:\/\/7culture.ci\/index.php\/2022\/06\/21\/la-ministre-francoise-remarck-celebre-conjointement-les-meres-et-les-peres-de-son-departement\/\"},\"author\":{\"name\":\"7culture2020\",\"@id\":\"https:\/\/7culture.ci\/#\/schema\/person\/16150d28d7ef66ba788c1f87f28c4426\"},\"headline\":\"La ministre Fran\u00e7oise Remarck c\u00e9l\u00e8bre conjointement les m\u00e8res et les p\u00e8res de son d\u00e9partement\",\"datePublished\":\"2022-06-21T15:32:22+00:00\",\"dateModified\":\"2022-06-21T15:32:25+00:00\",\"mainEntityOfPage\":{\"@id\":\"https:\/\/7culture.ci\/index.php\/2022\/06\/21\/la-ministre-francoise-remarck-celebre-conjointement-les-meres-et-les-peres-de-son-departement\/\"},\"wordCount\":347,\"commentCount\":0,\"publisher\":{\"@id\":\"https:\/\/7culture.ci\/#organization\"},\"articleSection\":[\"Actualit\u00e9\"],\"inLanguage\":\"fr-FR\",\"potentialAction\":[{\"@type\":\"CommentAction\",\"name\":\"Comment\",\"target\":[\"https:\/\/7culture.ci\/index.php\/2022\/06\/21\/la-ministre-francoise-remarck-celebre-conjointement-les-meres-et-les-peres-de-son-departement\/#respond\"]}]},{\"@type\":\"WebPage\",\"@id\":\"https:\/\/7culture.ci\/index.php\/2022\/06\/21\/la-ministre-francoise-remarck-celebre-conjointement-les-meres-et-les-peres-de-son-departement\/\",\"url\":\"https:\/\/7culture.ci\/index.php\/2022\/06\/21\/la-ministre-francoise-remarck-celebre-conjointement-les-meres-et-les-peres-de-son-departement\/\",\"name\":\"La ministre Fran\u00e7oise Remarck c\u00e9l\u00e8bre conjointement les m\u00e8res et les p\u00e8res de son d\u00e9partement -\",\"isPartOf\":{\"@id\":\"https:\/\/7culture.ci\/#website\"},\"datePublished\":\"2022-06-21T15:32:22+00:00\",\"dateModified\":\"2022-06-21T15:32:25+00:00\",\"breadcrumb\":{\"@id\":\"https:\/\/7culture.ci\/index.php\/2022\/06\/21\/la-ministre-francoise-remarck-celebre-conjointement-les-meres-et-les-peres-de-son-departement\/#breadcrumb\"},\"inLanguage\":\"fr-FR\",\"potentialAction\":[{\"@type\":\"ReadAction\",\"target\":[\"https:\/\/7culture.ci\/index.php\/2022\/06\/21\/la-ministre-francoise-remarck-celebre-conjointement-les-meres-et-les-peres-de-son-departement\/\"]}]},{\"@type\":\"BreadcrumbList\",\"@id\":\"https:\/\/7culture.ci\/index.php\/2022\/06\/21\/la-ministre-francoise-remarck-celebre-conjointement-les-meres-et-les-peres-de-son-departement\/#breadcrumb\",\"itemListElement\":[{\"@type\":\"ListItem\",\"position\":1,\"name\":\"Accueil\",\"item\":\"https:\/\/7culture.ci\/\"},{\"@type\":\"ListItem\",\"position\":2,\"name\":\"La ministre Fran\u00e7oise Remarck c\u00e9l\u00e8bre conjointement les m\u00e8res et les p\u00e8res de son d\u00e9partement\"}]},{\"@type\":\"WebSite\",\"@id\":\"https:\/\/7culture.ci\/#website\",\"url\":\"https:\/\/7culture.ci\/\",\"name\":\"7culture\",\"description\":\"Tout sur l&#039;actualit\u00e9\",\"publisher\":{\"@id\":\"https:\/\/7culture.ci\/#organization\"},\"potentialAction\":[{\"@type\":\"SearchAction\",\"target\":{\"@type\":\"EntryPoint\",\"urlTemplate\":\"https:\/\/7culture.ci\/?s={search_term_string}\"},\"query-input\":\"required name=search_term_string\"}],\"inLanguage\":\"fr-FR\"},{\"@type\":\"Organization\",\"@id\":\"https:\/\/7culture.ci\/#organization\",\"name\":\"7culture\",\"url\":\"https:\/\/7culture.ci\/\",\"sameAs\":[\"https:\/\/www.facebook.com\/redchefclaude\",\"https:\/\/twitter.com\/7culturec\"],\"logo\":{\"@type\":\"ImageObject\",\"inLanguage\":\"fr-FR\",\"@id\":\"https:\/\/7culture.ci\/#\/schema\/logo\/image\/\",\"url\":\"https:\/\/7culture.ci\/wp-content\/uploads\/2021\/12\/S1a-1.png\",\"contentUrl\":\"https:\/\/7culture.ci\/wp-content\/uploads\/2021\/12\/S1a-1.png\",\"width\":588,\"height\":192,\"caption\":\"7culture\"},\"image\":{\"@id\":\"https:\/\/7culture.ci\/#\/schema\/logo\/image\/\"}},{\"@type\":\"Person\",\"@id\":\"https:\/\/7culture.ci\/#\/schema\/person\/16150d28d7ef66ba788c1f87f28c4426\",\"name\":\"7culture2020\",\"image\":{\"@type\":\"ImageObject\",\"inLanguage\":\"fr-FR\",\"@id\":\"https:\/\/7culture.ci\/#\/schema\/person\/image\/\",\"url\":\"https:\/\/secure.gravatar.com\/avatar\/9a0784f951306c37bcd065f52844ef95?s=96&d=mm&r=g\",\"contentUrl\":\"https:\/\/secure.gravatar.com\/avatar\/9a0784f951306c37bcd065f52844ef95?s=96&d=mm&r=g\",\"caption\":\"7culture2020\"},\"sameAs\":[\"http:\/\/7culture.ci\",\"Claude.kipre\"],\"url\":\"https:\/\/7culture.ci\/index.php\/author\/7culture2020\/\"}]}<\/script>\n<!-- \/ Yoast SEO plugin. -->","yoast_head_json":{"title":"La ministre Fran\u00e7oise Remarck c\u00e9l\u00e8bre conjointement les m\u00e8res et les p\u00e8res de son d\u00e9partement -","robots":{"index":"index","follow":"follow","max-snippet":"max-snippet:-1","max-image-preview":"max-image-preview:large","max-video-preview":"max-video-preview:-1"},"canonical":"https:\/\/7culture.ci\/index.php\/2022\/06\/21\/la-ministre-francoise-remarck-celebre-conjointement-les-meres-et-les-peres-de-son-departement\/","og_locale":"fr_FR","og_type":"article","og_title":"La ministre Fran\u00e7oise Remarck c\u00e9l\u00e8bre conjointement les m\u00e8res et les p\u00e8res de son d\u00e9partement -","og_description":"C\u00e9l\u00e9brer les parents est un devoir pour tout enfant. Aussi \u00e0 l&#8217;occasion de la f\u00eate des m\u00e8res c\u00e9l\u00e9br\u00e9e le 29 mai dernier et en pr\u00e9lude \u00e0 la f\u00eate des p\u00e8res du dimanche 19 juin prochain, la ministre Fran\u00e7oise Remarck a-t-elle honor\u00e9 les p\u00e8res et les m\u00e8res de son d\u00e9partement minist\u00e9riel, le vendredi 17 juin au &hellip; La ministre Fran\u00e7oise Remarck c\u00e9l\u00e8bre conjointement les m\u00e8res et les p\u00e8res de son d\u00e9partement Lire la suite\u00a0\u00bb","og_url":"https:\/\/7culture.ci\/index.php\/2022\/06\/21\/la-ministre-francoise-remarck-celebre-conjointement-les-meres-et-les-peres-de-son-departement\/","og_site_name":"7culture","article_publisher":"https:\/\/www.facebook.com\/redchefclaude","article_published_time":"2022-06-21T15:32:22+00:00","article_modified_time":"2022-06-21T15:32:25+00:00","og_image":[{"width":960,"height":640,"url":"http:\/\/7culture.ci\/wp-content\/uploads\/2022\/06\/Francoise-r.jpg","type":"image\/jpeg"}],"author":"7culture2020","twitter_card":"summary_large_image","twitter_creator":"@7culturec","twitter_site":"@7culturec","twitter_misc":{"\u00c9crit par":"7culture2020","Dur\u00e9e de lecture estim\u00e9e":"3 minutes"},"schema":{"@context":"https:\/\/schema.org","@graph":[{"@type":"Article","@id":"https:\/\/7culture.ci\/index.php\/2022\/06\/21\/la-ministre-francoise-remarck-celebre-conjointement-les-meres-et-les-peres-de-son-departement\/#article","isPartOf":{"@id":"https:\/\/7culture.ci\/index.php\/2022\/06\/21\/la-ministre-francoise-remarck-celebre-conjointement-les-meres-et-les-peres-de-son-departement\/"},"author":{"name":"7culture2020","@id":"https:\/\/7culture.ci\/#\/schema\/person\/16150d28d7ef66ba788c1f87f28c4426"},"headline":"La ministre Fran\u00e7oise Remarck c\u00e9l\u00e8bre conjointement les m\u00e8res et les p\u00e8res de son d\u00e9partement","datePublished":"2022-06-21T15:32:22+00:00","dateModified":"2022-06-21T15:32:25+00:00","mainEntityOfPage":{"@id":"https:\/\/7culture.ci\/index.php\/2022\/06\/21\/la-ministre-francoise-remarck-celebre-conjointement-les-meres-et-les-peres-de-son-departement\/"},"wordCount":347,"commentCount":0,"publisher":{"@id":"https:\/\/7culture.ci\/#organization"},"articleSection":["Actualit\u00e9"],"inLanguage":"fr-FR","potentialAction":[{"@type":"CommentAction","name":"Comment","target":["https:\/\/7culture.ci\/index.php\/2022\/06\/21\/la-ministre-francoise-remarck-celebre-conjointement-les-meres-et-les-peres-de-son-departement\/#respond"]}]},{"@type":"WebPage","@id":"https:\/\/7culture.ci\/index.php\/2022\/06\/21\/la-ministre-francoise-remarck-celebre-conjointement-les-meres-et-les-peres-de-son-departement\/","url":"https:\/\/7culture.ci\/index.php\/2022\/06\/21\/la-ministre-francoise-remarck-celebre-conjointement-les-meres-et-les-peres-de-son-departement\/","name":"La ministre Fran\u00e7oise Remarck c\u00e9l\u00e8bre conjointement les m\u00e8res et les p\u00e8res de son d\u00e9partement -","isPartOf":{"@id":"https:\/\/7culture.ci\/#website"},"datePublished":"2022-06-21T15:32:22+00:00","dateModified":"2022-06-21T15:32:25+00:00","breadcrumb":{"@id":"https:\/\/7culture.ci\/index.php\/2022\/06\/21\/la-ministre-francoise-remarck-celebre-conjointement-les-meres-et-les-peres-de-son-departement\/#breadcrumb"},"inLanguage":"fr-FR","potentialAction":[{"@type":"ReadAction","target":["https:\/\/7culture.ci\/index.php\/2022\/06\/21\/la-ministre-francoise-remarck-celebre-conjointement-les-meres-et-les-peres-de-son-departement\/"]}]},{"@type":"BreadcrumbList","@id":"https:\/\/7culture.ci\/index.php\/2022\/06\/21\/la-ministre-francoise-remarck-celebre-conjointement-les-meres-et-les-peres-de-son-departement\/#breadcrumb","itemListElement":[{"@type":"ListItem","position":1,"name":"Accueil","item":"https:\/\/7culture.ci\/"},{"@type":"ListItem","position":2,"name":"La ministre Fran\u00e7oise Remarck c\u00e9l\u00e8bre conjointement les m\u00e8res et les p\u00e8res de son d\u00e9partement"}]},{"@type":"WebSite","@id":"https:\/\/7culture.ci\/#website","url":"https:\/\/7culture.ci\/","name":"7culture","description":"Tout sur l&#039;actualit\u00e9","publisher":{"@id":"https:\/\/7culture.ci\/#organization"},"potentialAction":[{"@type":"SearchAction","target":{"@type":"EntryPoint","urlTemplate":"https:\/\/7culture.ci\/?s={search_term_string}"},"query-input":"required name=search_term_string"}],"inLanguage":"fr-FR"},{"@type":"Organization","@id":"https:\/\/7culture.ci\/#organization","name":"7culture","url":"https:\/\/7culture.ci\/","sameAs":["https:\/\/www.facebook.com\/redchefclaude","https:\/\/twitter.com\/7culturec"],"logo":{"@type":"ImageObject","inLanguage":"fr-FR","@id":"https:\/\/7culture.ci\/#\/schema\/logo\/image\/","url":"https:\/\/7culture.ci\/wp-content\/uploads\/2021\/12\/S1a-1.png","contentUrl":"https:\/\/7culture.ci\/wp-content\/uploads\/2021\/12\/S1a-1.png","width":588,"height":192,"caption":"7culture"},"image":{"@id":"https:\/\/7culture.ci\/#\/schema\/logo\/image\/"}},{"@type":"Person","@id":"https:\/\/7culture.ci\/#\/schema\/person\/16150d28d7ef66ba788c1f87f28c4426","name":"7culture2020","image":{"@type":"ImageObject","inLanguage":"fr-FR","@id":"https:\/\/7culture.ci\/#\/schema\/person\/image\/","url":"https:\/\/secure.gravatar.com\/avatar\/9a0784f951306c37bcd065f52844ef95?s=96&d=mm&r=g","contentUrl":"https:\/\/secure.gravatar.com\/avatar\/9a0784f951306c37bcd065f52844ef95?s=96&d=mm&r=g","caption":"7culture2020"},"sameAs":["http:\/\/7culture.ci","Claude.kipre"],"url":"https:\/\/7culture.ci\/index.php\/author\/7culture2020\/"}]}},"jetpack_featured_media_url":"https:\/\/7culture.ci\/wp-content\/uploads\/2022\/06\/Francoise-r.jpg","jetpack_likes_enabled":true,"jetpack_sharing_enabled":true,"_links":{"self":[{"href":"https:\/\/7culture.ci\/index.php\/wp-json\/wp\/v2\/posts\/21830"}],"collection":[{"href":"https:\/\/7culture.ci\/index.php\/wp-json\/wp\/v2\/posts"}],"about":[{"href":"https:\/\/7culture.ci\/index.php\/wp-json\/wp\/v2\/types\/post"}],"author":[{"embeddable":true,"href":"https:\/\/7culture.ci\/index.php\/wp-json\/wp\/v2\/users\/1"}],"replies":[{"embeddable":true,"href":"https:\/\/7culture.ci\/index.php\/wp-json\/wp\/v2\/comments?post=21830"}],"version-history":[{"count":0,"href":"https:\/\/7culture.ci\/index.php\/wp-json\/wp\/v2\/posts\/21830\/revisions"}],"wp:featuredmedia":[{"embeddable":true,"href":"https:\/\/7culture.ci\/index.php\/wp-json\/wp\/v2\/media\/21831"}],"wp:attachment":[{"href":"https:\/\/7culture.ci\/index.php\/wp-json\/wp\/v2\/media?parent=21830"}],"wp:term":[{"taxonomy":"category","embeddable":true,"href":"https:\/\/7culture.ci\/index.php\/wp-json\/wp\/v2\/categories?post=21830"},{"taxonomy":"post_tag","embeddable":true,"href":"https:\/\/7culture.ci\/index.php\/wp-json\/wp\/v2\/tags?post=21830"}],"curies":[{"name":"wp","href":"https:\/\/api.w.org\/{rel}","templated":true}]}}