{"id":21823,"date":"2022-06-21T15:03:11","date_gmt":"2022-06-21T13:03:11","guid":{"rendered":"https:\/\/7culture.ci\/?p=21823"},"modified":"2022-06-21T15:03:20","modified_gmt":"2022-06-21T13:03:20","slug":"voici-le-disc-dor-du-groupe-les-missionnaires","status":"publish","type":"post","link":"https:\/\/7culture.ci\/index.php\/2022\/06\/21\/voici-le-disc-dor-du-groupe-les-missionnaires\/","title":{"rendered":"Voici le \u2018\u2019Disc d\u2019or\u2019\u2019 du groupe Les Missionnaires"},"content":{"rendered":"\n<p>Le groupe zouglou <em>Les Missionnaires<\/em> a pr\u00e9sent\u00e9 le samedi 18 juin 2022, aux m\u00e9lomanes de Yopougon, son dernier album intitul\u00e9 \u2018\u2019Disc d\u2019or\u2019\u2019, lors d\u2019une conf\u00e9rence de presse. &nbsp;Cette rencontre avec les m\u00e9dias, a eu lieu au King club, un bar d\u2019Abidjan.&nbsp;&nbsp;&nbsp;<\/p>\n\n\n\n<p>C\u2019est un album de huit titres. Il est compos\u00e9 d\u2019un savant m\u00e9lange de m\u00e9lodies et de messages forts \u00e0 l\u2019endroit de la jeunesse et de la gent f\u00e9minine. Il d\u00e9nonce \u00e9galement les tares de la soci\u00e9t\u00e9.<\/p>\n\n\n\n<figure class=\"wp-block-image size-full is-resized\"><img loading=\"lazy\" decoding=\"async\" src=\"https:\/\/7culture.ci\/wp-content\/uploads\/2022\/06\/Les-missionnaires1.jpg\" alt=\"\" class=\"wp-image-21825\" width=\"670\" height=\"386\" srcset=\"https:\/\/7culture.ci\/wp-content\/uploads\/2022\/06\/Les-missionnaires1.jpg 720w, https:\/\/7culture.ci\/wp-content\/uploads\/2022\/06\/Les-missionnaires1-300x173.jpg 300w\" sizes=\"(max-width: 670px) 100vw, 670px\" \/><\/figure>\n\n\n\n<p>Cr\u00e9\u00e9 en 2003, le groupe <em>Les Missionnaires<\/em> \u00e9tait constitu\u00e9 \u00e0 l\u2019origine de trois jeunes gens habitant la commune de Koumassi. Aujourd\u2019hui, avec le d\u00e9c\u00e8s tragique de leur camarade Mathias N\u00e9n\u00e9 Bi dit Dogo Fan \u00e0 qui ils ont rendu un hommage dans cette \u0153uvre avec le titre \u2018\u2019Hommage \u00e0 Dogo Fan\u2019\u2019, ils sont rest\u00e9s deux, Edouard Kouassi Kouassi dit Edouard et Olivier M\u00e9less Gori surnomm\u00e9 Guedou.<\/p>\n\n\n\n<figure class=\"wp-block-gallery has-nested-images columns-default is-cropped wp-block-gallery-1 is-layout-flex wp-block-gallery-is-layout-flex\">\n<figure class=\"wp-block-image size-large\"><img loading=\"lazy\" decoding=\"async\" width=\"1024\" height=\"683\" data-id=\"21828\" src=\"https:\/\/7culture.ci\/wp-content\/uploads\/2022\/06\/287272811_5473057276070440_7390669343578511012_n-1024x683.jpg\" alt=\"\" class=\"wp-image-21828\" srcset=\"https:\/\/7culture.ci\/wp-content\/uploads\/2022\/06\/287272811_5473057276070440_7390669343578511012_n-1024x683.jpg 1024w, https:\/\/7culture.ci\/wp-content\/uploads\/2022\/06\/287272811_5473057276070440_7390669343578511012_n-300x200.jpg 300w, https:\/\/7culture.ci\/wp-content\/uploads\/2022\/06\/287272811_5473057276070440_7390669343578511012_n-768x512.jpg 768w, https:\/\/7culture.ci\/wp-content\/uploads\/2022\/06\/287272811_5473057276070440_7390669343578511012_n.jpg 1080w\" sizes=\"(max-width: 1024px) 100vw, 1024px\" \/><\/figure>\n\n\n\n<figure class=\"wp-block-image size-large\"><img loading=\"lazy\" decoding=\"async\" width=\"720\" height=\"480\" data-id=\"21827\" src=\"https:\/\/7culture.ci\/wp-content\/uploads\/2022\/06\/WhatsApp-Image-2022-06-20-at-16.37.10.jpeg\" alt=\"\" class=\"wp-image-21827\" srcset=\"https:\/\/7culture.ci\/wp-content\/uploads\/2022\/06\/WhatsApp-Image-2022-06-20-at-16.37.10.jpeg 720w, https:\/\/7culture.ci\/wp-content\/uploads\/2022\/06\/WhatsApp-Image-2022-06-20-at-16.37.10-300x200.jpeg 300w\" sizes=\"(max-width: 720px) 100vw, 720px\" \/><\/figure>\n\n\n\n<figure class=\"wp-block-image size-large\"><img loading=\"lazy\" decoding=\"async\" width=\"720\" height=\"480\" data-id=\"21826\" src=\"https:\/\/7culture.ci\/wp-content\/uploads\/2022\/06\/WhatsApp-Image-2022-06-20-at-16.37.11.jpeg\" alt=\"\" class=\"wp-image-21826\" srcset=\"https:\/\/7culture.ci\/wp-content\/uploads\/2022\/06\/WhatsApp-Image-2022-06-20-at-16.37.11.jpeg 720w, https:\/\/7culture.ci\/wp-content\/uploads\/2022\/06\/WhatsApp-Image-2022-06-20-at-16.37.11-300x200.jpeg 300w\" sizes=\"(max-width: 720px) 100vw, 720px\" \/><\/figure>\n<\/figure>\n\n\n\n<p>\u2018\u2019Disc d\u2019or\u2019\u2019 est le troisi\u00e8me opus du groupe apr\u00e8s \u2018\u2019Ingratitude\u2019\u2019 en 2008 et \u2018\u2019Consolation\u2019\u2019 en 2011. &nbsp;<\/p>\n\n\n\n<p>Par Thierry Samuel<\/p>\n","protected":false},"excerpt":{"rendered":"<p>Le groupe zouglou Les Missionnaires a pr\u00e9sent\u00e9 le samedi 18 juin 2022, aux m\u00e9lomanes de Yopougon, son dernier album intitul\u00e9 \u2018\u2019Disc d\u2019or\u2019\u2019, lors d\u2019une conf\u00e9rence de presse. &nbsp;Cette rencontre avec les m\u00e9dias, a eu lieu au King club, un bar d\u2019Abidjan.&nbsp;&nbsp;&nbsp; C\u2019est un album de huit titres. Il est compos\u00e9 d\u2019un savant m\u00e9lange de m\u00e9lodies &hellip;<\/p>\n<p class=\"read-more\"> <a class=\"\" href=\"https:\/\/7culture.ci\/index.php\/2022\/06\/21\/voici-le-disc-dor-du-groupe-les-missionnaires\/\"> <span class=\"screen-reader-text\">Voici le \u2018\u2019Disc d\u2019or\u2019\u2019 du groupe Les Missionnaires<\/span> Lire la suite\u00a0\u00bb<\/a><\/p>\n","protected":false},"author":1,"featured_media":21824,"comment_status":"open","ping_status":"open","sticky":false,"template":"","format":"standard","meta":{"_mi_skip_tracking":false,"_monsterinsights_sitenote_active":false,"_monsterinsights_sitenote_note":"","_monsterinsights_sitenote_category":0,"site-sidebar-layout":"default","site-content-layout":"default","ast-global-header-display":"","ast-main-header-display":"","ast-hfb-above-header-display":"","ast-hfb-below-header-display":"","ast-hfb-mobile-header-display":"","site-post-title":"","ast-breadcrumbs-content":"","ast-featured-img":"","footer-sml-layout":"","theme-transparent-header-meta":"","adv-header-id-meta":"","stick-header-meta":"","header-above-stick-meta":"","header-main-stick-meta":"","header-below-stick-meta":"","footnotes":"","jetpack_publicize_message":"","jetpack_is_tweetstorm":false,"jetpack_publicize_feature_enabled":true},"categories":[16],"tags":[],"jetpack_publicize_connections":[],"acf":[],"aioseo_notices":[],"yoast_head":"<!-- This site is optimized with the Yoast SEO plugin v19.6.1 - https:\/\/yoast.com\/wordpress\/plugins\/seo\/ -->\n<title>Voici le \u2018\u2019Disc d\u2019or\u2019\u2019 du groupe Les Missionnaires - 7culture<\/title>\n<meta name=\"robots\" content=\"index, follow, max-snippet:-1, max-image-preview:large, max-video-preview:-1\" \/>\n<link rel=\"canonical\" href=\"https:\/\/7culture.ci\/index.php\/2022\/06\/21\/voici-le-disc-dor-du-groupe-les-missionnaires\/\" \/>\n<meta property=\"og:locale\" content=\"fr_FR\" \/>\n<meta property=\"og:type\" content=\"article\" \/>\n<meta property=\"og:title\" content=\"Voici le \u2018\u2019Disc d\u2019or\u2019\u2019 du groupe Les Missionnaires - 7culture\" \/>\n<meta property=\"og:description\" content=\"Le groupe zouglou Les Missionnaires a pr\u00e9sent\u00e9 le samedi 18 juin 2022, aux m\u00e9lomanes de Yopougon, son dernier album intitul\u00e9 \u2018\u2019Disc d\u2019or\u2019\u2019, lors d\u2019une conf\u00e9rence de presse. &nbsp;Cette rencontre avec les m\u00e9dias, a eu lieu au King club, un bar d\u2019Abidjan.&nbsp;&nbsp;&nbsp; C\u2019est un album de huit titres. Il est compos\u00e9 d\u2019un savant m\u00e9lange de m\u00e9lodies &hellip; Voici le \u2018\u2019Disc d\u2019or\u2019\u2019 du groupe Les Missionnaires Lire la suite\u00a0\u00bb\" \/>\n<meta property=\"og:url\" content=\"https:\/\/7culture.ci\/index.php\/2022\/06\/21\/voici-le-disc-dor-du-groupe-les-missionnaires\/\" \/>\n<meta property=\"og:site_name\" content=\"7culture\" \/>\n<meta property=\"article:publisher\" content=\"https:\/\/www.facebook.com\/redchefclaude\" \/>\n<meta property=\"article:published_time\" content=\"2022-06-21T13:03:11+00:00\" \/>\n<meta property=\"article:modified_time\" content=\"2022-06-21T13:03:20+00:00\" \/>\n<meta property=\"og:image\" content=\"http:\/\/7culture.ci\/wp-content\/uploads\/2022\/06\/Les-missionnaires2.jpg\" \/>\n\t<meta property=\"og:image:width\" content=\"717\" \/>\n\t<meta property=\"og:image:height\" content=\"414\" \/>\n\t<meta property=\"og:image:type\" content=\"image\/jpeg\" \/>\n<meta name=\"author\" content=\"7culture2020\" \/>\n<meta name=\"twitter:card\" content=\"summary_large_image\" \/>\n<meta name=\"twitter:creator\" content=\"@7culturec\" \/>\n<meta name=\"twitter:site\" content=\"@7culturec\" \/>\n<meta name=\"twitter:label1\" content=\"\u00c9crit par\" \/>\n\t<meta name=\"twitter:data1\" content=\"7culture2020\" \/>\n\t<meta name=\"twitter:label2\" content=\"Dur\u00e9e de lecture estim\u00e9e\" \/>\n\t<meta name=\"twitter:data2\" content=\"2 minutes\" \/>\n<script type=\"application\/ld+json\" class=\"yoast-schema-graph\">{\"@context\":\"https:\/\/schema.org\",\"@graph\":[{\"@type\":\"Article\",\"@id\":\"https:\/\/7culture.ci\/index.php\/2022\/06\/21\/voici-le-disc-dor-du-groupe-les-missionnaires\/#article\",\"isPartOf\":{\"@id\":\"https:\/\/7culture.ci\/index.php\/2022\/06\/21\/voici-le-disc-dor-du-groupe-les-missionnaires\/\"},\"author\":{\"name\":\"7culture2020\",\"@id\":\"https:\/\/7culture.ci\/#\/schema\/person\/16150d28d7ef66ba788c1f87f28c4426\"},\"headline\":\"Voici le \u2018\u2019Disc d\u2019or\u2019\u2019 du groupe Les Missionnaires\",\"datePublished\":\"2022-06-21T13:03:11+00:00\",\"dateModified\":\"2022-06-21T13:03:20+00:00\",\"mainEntityOfPage\":{\"@id\":\"https:\/\/7culture.ci\/index.php\/2022\/06\/21\/voici-le-disc-dor-du-groupe-les-missionnaires\/\"},\"wordCount\":192,\"commentCount\":0,\"publisher\":{\"@id\":\"https:\/\/7culture.ci\/#organization\"},\"articleSection\":[\"Musique\"],\"inLanguage\":\"fr-FR\",\"potentialAction\":[{\"@type\":\"CommentAction\",\"name\":\"Comment\",\"target\":[\"https:\/\/7culture.ci\/index.php\/2022\/06\/21\/voici-le-disc-dor-du-groupe-les-missionnaires\/#respond\"]}]},{\"@type\":\"WebPage\",\"@id\":\"https:\/\/7culture.ci\/index.php\/2022\/06\/21\/voici-le-disc-dor-du-groupe-les-missionnaires\/\",\"url\":\"https:\/\/7culture.ci\/index.php\/2022\/06\/21\/voici-le-disc-dor-du-groupe-les-missionnaires\/\",\"name\":\"Voici le \u2018\u2019Disc d\u2019or\u2019\u2019 du groupe Les Missionnaires - 7culture\",\"isPartOf\":{\"@id\":\"https:\/\/7culture.ci\/#website\"},\"datePublished\":\"2022-06-21T13:03:11+00:00\",\"dateModified\":\"2022-06-21T13:03:20+00:00\",\"breadcrumb\":{\"@id\":\"https:\/\/7culture.ci\/index.php\/2022\/06\/21\/voici-le-disc-dor-du-groupe-les-missionnaires\/#breadcrumb\"},\"inLanguage\":\"fr-FR\",\"potentialAction\":[{\"@type\":\"ReadAction\",\"target\":[\"https:\/\/7culture.ci\/index.php\/2022\/06\/21\/voici-le-disc-dor-du-groupe-les-missionnaires\/\"]}]},{\"@type\":\"BreadcrumbList\",\"@id\":\"https:\/\/7culture.ci\/index.php\/2022\/06\/21\/voici-le-disc-dor-du-groupe-les-missionnaires\/#breadcrumb\",\"itemListElement\":[{\"@type\":\"ListItem\",\"position\":1,\"name\":\"Accueil\",\"item\":\"https:\/\/7culture.ci\/\"},{\"@type\":\"ListItem\",\"position\":2,\"name\":\"Voici le \u2018\u2019Disc d\u2019or\u2019\u2019 du groupe Les Missionnaires\"}]},{\"@type\":\"WebSite\",\"@id\":\"https:\/\/7culture.ci\/#website\",\"url\":\"https:\/\/7culture.ci\/\",\"name\":\"7culture\",\"description\":\"Tout sur l&#039;actualit\u00e9\",\"publisher\":{\"@id\":\"https:\/\/7culture.ci\/#organization\"},\"potentialAction\":[{\"@type\":\"SearchAction\",\"target\":{\"@type\":\"EntryPoint\",\"urlTemplate\":\"https:\/\/7culture.ci\/?s={search_term_string}\"},\"query-input\":\"required name=search_term_string\"}],\"inLanguage\":\"fr-FR\"},{\"@type\":\"Organization\",\"@id\":\"https:\/\/7culture.ci\/#organization\",\"name\":\"7culture\",\"url\":\"https:\/\/7culture.ci\/\",\"sameAs\":[\"https:\/\/www.facebook.com\/redchefclaude\",\"https:\/\/twitter.com\/7culturec\"],\"logo\":{\"@type\":\"ImageObject\",\"inLanguage\":\"fr-FR\",\"@id\":\"https:\/\/7culture.ci\/#\/schema\/logo\/image\/\",\"url\":\"https:\/\/7culture.ci\/wp-content\/uploads\/2021\/12\/S1a-1.png\",\"contentUrl\":\"https:\/\/7culture.ci\/wp-content\/uploads\/2021\/12\/S1a-1.png\",\"width\":588,\"height\":192,\"caption\":\"7culture\"},\"image\":{\"@id\":\"https:\/\/7culture.ci\/#\/schema\/logo\/image\/\"}},{\"@type\":\"Person\",\"@id\":\"https:\/\/7culture.ci\/#\/schema\/person\/16150d28d7ef66ba788c1f87f28c4426\",\"name\":\"7culture2020\",\"image\":{\"@type\":\"ImageObject\",\"inLanguage\":\"fr-FR\",\"@id\":\"https:\/\/7culture.ci\/#\/schema\/person\/image\/\",\"url\":\"https:\/\/secure.gravatar.com\/avatar\/9a0784f951306c37bcd065f52844ef95?s=96&d=mm&r=g\",\"contentUrl\":\"https:\/\/secure.gravatar.com\/avatar\/9a0784f951306c37bcd065f52844ef95?s=96&d=mm&r=g\",\"caption\":\"7culture2020\"},\"sameAs\":[\"http:\/\/7culture.ci\",\"Claude.kipre\"],\"url\":\"https:\/\/7culture.ci\/index.php\/author\/7culture2020\/\"}]}<\/script>\n<!-- \/ Yoast SEO plugin. -->","yoast_head_json":{"title":"Voici le \u2018\u2019Disc d\u2019or\u2019\u2019 du groupe Les Missionnaires - 7culture","robots":{"index":"index","follow":"follow","max-snippet":"max-snippet:-1","max-image-preview":"max-image-preview:large","max-video-preview":"max-video-preview:-1"},"canonical":"https:\/\/7culture.ci\/index.php\/2022\/06\/21\/voici-le-disc-dor-du-groupe-les-missionnaires\/","og_locale":"fr_FR","og_type":"article","og_title":"Voici le \u2018\u2019Disc d\u2019or\u2019\u2019 du groupe Les Missionnaires - 7culture","og_description":"Le groupe zouglou Les Missionnaires a pr\u00e9sent\u00e9 le samedi 18 juin 2022, aux m\u00e9lomanes de Yopougon, son dernier album intitul\u00e9 \u2018\u2019Disc d\u2019or\u2019\u2019, lors d\u2019une conf\u00e9rence de presse. &nbsp;Cette rencontre avec les m\u00e9dias, a eu lieu au King club, un bar d\u2019Abidjan.&nbsp;&nbsp;&nbsp; C\u2019est un album de huit titres. Il est compos\u00e9 d\u2019un savant m\u00e9lange de m\u00e9lodies &hellip; Voici le \u2018\u2019Disc d\u2019or\u2019\u2019 du groupe Les Missionnaires Lire la suite\u00a0\u00bb","og_url":"https:\/\/7culture.ci\/index.php\/2022\/06\/21\/voici-le-disc-dor-du-groupe-les-missionnaires\/","og_site_name":"7culture","article_publisher":"https:\/\/www.facebook.com\/redchefclaude","article_published_time":"2022-06-21T13:03:11+00:00","article_modified_time":"2022-06-21T13:03:20+00:00","og_image":[{"width":717,"height":414,"url":"http:\/\/7culture.ci\/wp-content\/uploads\/2022\/06\/Les-missionnaires2.jpg","type":"image\/jpeg"}],"author":"7culture2020","twitter_card":"summary_large_image","twitter_creator":"@7culturec","twitter_site":"@7culturec","twitter_misc":{"\u00c9crit par":"7culture2020","Dur\u00e9e de lecture estim\u00e9e":"2 minutes"},"schema":{"@context":"https:\/\/schema.org","@graph":[{"@type":"Article","@id":"https:\/\/7culture.ci\/index.php\/2022\/06\/21\/voici-le-disc-dor-du-groupe-les-missionnaires\/#article","isPartOf":{"@id":"https:\/\/7culture.ci\/index.php\/2022\/06\/21\/voici-le-disc-dor-du-groupe-les-missionnaires\/"},"author":{"name":"7culture2020","@id":"https:\/\/7culture.ci\/#\/schema\/person\/16150d28d7ef66ba788c1f87f28c4426"},"headline":"Voici le \u2018\u2019Disc d\u2019or\u2019\u2019 du groupe Les Missionnaires","datePublished":"2022-06-21T13:03:11+00:00","dateModified":"2022-06-21T13:03:20+00:00","mainEntityOfPage":{"@id":"https:\/\/7culture.ci\/index.php\/2022\/06\/21\/voici-le-disc-dor-du-groupe-les-missionnaires\/"},"wordCount":192,"commentCount":0,"publisher":{"@id":"https:\/\/7culture.ci\/#organization"},"articleSection":["Musique"],"inLanguage":"fr-FR","potentialAction":[{"@type":"CommentAction","name":"Comment","target":["https:\/\/7culture.ci\/index.php\/2022\/06\/21\/voici-le-disc-dor-du-groupe-les-missionnaires\/#respond"]}]},{"@type":"WebPage","@id":"https:\/\/7culture.ci\/index.php\/2022\/06\/21\/voici-le-disc-dor-du-groupe-les-missionnaires\/","url":"https:\/\/7culture.ci\/index.php\/2022\/06\/21\/voici-le-disc-dor-du-groupe-les-missionnaires\/","name":"Voici le \u2018\u2019Disc d\u2019or\u2019\u2019 du groupe Les Missionnaires - 7culture","isPartOf":{"@id":"https:\/\/7culture.ci\/#website"},"datePublished":"2022-06-21T13:03:11+00:00","dateModified":"2022-06-21T13:03:20+00:00","breadcrumb":{"@id":"https:\/\/7culture.ci\/index.php\/2022\/06\/21\/voici-le-disc-dor-du-groupe-les-missionnaires\/#breadcrumb"},"inLanguage":"fr-FR","potentialAction":[{"@type":"ReadAction","target":["https:\/\/7culture.ci\/index.php\/2022\/06\/21\/voici-le-disc-dor-du-groupe-les-missionnaires\/"]}]},{"@type":"BreadcrumbList","@id":"https:\/\/7culture.ci\/index.php\/2022\/06\/21\/voici-le-disc-dor-du-groupe-les-missionnaires\/#breadcrumb","itemListElement":[{"@type":"ListItem","position":1,"name":"Accueil","item":"https:\/\/7culture.ci\/"},{"@type":"ListItem","position":2,"name":"Voici le \u2018\u2019Disc d\u2019or\u2019\u2019 du groupe Les Missionnaires"}]},{"@type":"WebSite","@id":"https:\/\/7culture.ci\/#website","url":"https:\/\/7culture.ci\/","name":"7culture","description":"Tout sur l&#039;actualit\u00e9","publisher":{"@id":"https:\/\/7culture.ci\/#organization"},"potentialAction":[{"@type":"SearchAction","target":{"@type":"EntryPoint","urlTemplate":"https:\/\/7culture.ci\/?s={search_term_string}"},"query-input":"required name=search_term_string"}],"inLanguage":"fr-FR"},{"@type":"Organization","@id":"https:\/\/7culture.ci\/#organization","name":"7culture","url":"https:\/\/7culture.ci\/","sameAs":["https:\/\/www.facebook.com\/redchefclaude","https:\/\/twitter.com\/7culturec"],"logo":{"@type":"ImageObject","inLanguage":"fr-FR","@id":"https:\/\/7culture.ci\/#\/schema\/logo\/image\/","url":"https:\/\/7culture.ci\/wp-content\/uploads\/2021\/12\/S1a-1.png","contentUrl":"https:\/\/7culture.ci\/wp-content\/uploads\/2021\/12\/S1a-1.png","width":588,"height":192,"caption":"7culture"},"image":{"@id":"https:\/\/7culture.ci\/#\/schema\/logo\/image\/"}},{"@type":"Person","@id":"https:\/\/7culture.ci\/#\/schema\/person\/16150d28d7ef66ba788c1f87f28c4426","name":"7culture2020","image":{"@type":"ImageObject","inLanguage":"fr-FR","@id":"https:\/\/7culture.ci\/#\/schema\/person\/image\/","url":"https:\/\/secure.gravatar.com\/avatar\/9a0784f951306c37bcd065f52844ef95?s=96&d=mm&r=g","contentUrl":"https:\/\/secure.gravatar.com\/avatar\/9a0784f951306c37bcd065f52844ef95?s=96&d=mm&r=g","caption":"7culture2020"},"sameAs":["http:\/\/7culture.ci","Claude.kipre"],"url":"https:\/\/7culture.ci\/index.php\/author\/7culture2020\/"}]}},"jetpack_featured_media_url":"https:\/\/7culture.ci\/wp-content\/uploads\/2022\/06\/Les-missionnaires2.jpg","jetpack_likes_enabled":true,"jetpack_sharing_enabled":true,"_links":{"self":[{"href":"https:\/\/7culture.ci\/index.php\/wp-json\/wp\/v2\/posts\/21823"}],"collection":[{"href":"https:\/\/7culture.ci\/index.php\/wp-json\/wp\/v2\/posts"}],"about":[{"href":"https:\/\/7culture.ci\/index.php\/wp-json\/wp\/v2\/types\/post"}],"author":[{"embeddable":true,"href":"https:\/\/7culture.ci\/index.php\/wp-json\/wp\/v2\/users\/1"}],"replies":[{"embeddable":true,"href":"https:\/\/7culture.ci\/index.php\/wp-json\/wp\/v2\/comments?post=21823"}],"version-history":[{"count":0,"href":"https:\/\/7culture.ci\/index.php\/wp-json\/wp\/v2\/posts\/21823\/revisions"}],"wp:featuredmedia":[{"embeddable":true,"href":"https:\/\/7culture.ci\/index.php\/wp-json\/wp\/v2\/media\/21824"}],"wp:attachment":[{"href":"https:\/\/7culture.ci\/index.php\/wp-json\/wp\/v2\/media?parent=21823"}],"wp:term":[{"taxonomy":"category","embeddable":true,"href":"https:\/\/7culture.ci\/index.php\/wp-json\/wp\/v2\/categories?post=21823"},{"taxonomy":"post_tag","embeddable":true,"href":"https:\/\/7culture.ci\/index.php\/wp-json\/wp\/v2\/tags?post=21823"}],"curies":[{"name":"wp","href":"https:\/\/api.w.org\/{rel}","templated":true}]}}