{"id":21801,"date":"2022-06-20T18:59:19","date_gmt":"2022-06-20T16:59:19","guid":{"rendered":"https:\/\/7culture.ci\/?p=21801"},"modified":"2022-06-20T18:59:24","modified_gmt":"2022-06-20T16:59:24","slug":"la-musique-a-lassaut-des-cours-communes","status":"publish","type":"post","link":"https:\/\/7culture.ci\/index.php\/2022\/06\/20\/la-musique-a-lassaut-des-cours-communes\/","title":{"rendered":"La musique \u00e0 l&#8217;assaut des cours communes !"},"content":{"rendered":"\n<p><strong><em>D\u00e9j\u00e0 le samedi 18 juin dernier, la f\u00eate de la musique a d\u00e9marr\u00e9 \u00e0 Treichville en fanfare avant le 21 juin, gr\u00e2ce \u00e0 l&#8217;association &#8220;\u00c9toile du Sud&#8221; qui a investi les rues, les cours communes et les maquis.<\/em><\/strong><\/p>\n\n\n\n<p>Treichville, 10h, la rue principale de France Am\u00e9rique est d\u00e9j\u00e0 bond\u00e9e de monde pour une parade des marionnettes en fanfare. Au menu ? Op\u00e9ration coup de balai, peintures, fresques, Streat ball et musique \u00e0 gogo pour l&#8217;initiative &#8220;<em>F\u00eate de la musique de midi \u00e0 minuit<\/em>&#8220;, de l&#8217;association &#8220;\u00c9toile du Sud&#8221; pr\u00e9sid\u00e9 par Christophe Kassi. Ce dernier est le petit fils de Georges Kassy (1886-1970), ex-tr\u00e9sorier et fondateur de l\u2019\u2019\u2019Etoile du Sud&#8221;, ce mythique bar de l&#8217;histoire de l&#8217;ind\u00e9pendance de la C\u00f4te d&#8217;Ivoire. Le quartier Appolo \u00e9tait donc en effervescence jusqu&#8217;\u00e0 minuit avec des shows dans deux cours communes, une sc\u00e8ne ext\u00e9rieure, deux maquis et un bar avec toute l&#8217;avenue 14 mise en valeur. 120 artistes, allant de ceux en herbes aux c\u00e9l\u00e9brit\u00e9s, \u00e9taient attendus&#8230;<\/p>\n\n\n\n<div class=\"wp-block-image\"><figure class=\"aligncenter size-full is-resized\"><img loading=\"lazy\" decoding=\"async\" src=\"https:\/\/7culture.ci\/wp-content\/uploads\/2022\/06\/288710026_372722294953628_6853948154525196206_n.jpg\" alt=\"\" class=\"wp-image-21803\" width=\"648\" height=\"486\" srcset=\"https:\/\/7culture.ci\/wp-content\/uploads\/2022\/06\/288710026_372722294953628_6853948154525196206_n.jpg 720w, https:\/\/7culture.ci\/wp-content\/uploads\/2022\/06\/288710026_372722294953628_6853948154525196206_n-300x225.jpg 300w\" sizes=\"(max-width: 648px) 100vw, 648px\" \/><\/figure><\/div>\n\n\n\n<p>L&#8217;objectif de l&#8217;\u00e9v\u00e9nement, selon Christophe Kassi, est de rendre la musique accessible \u00e0 tous en donnant aux artistes l&#8217;opportunit\u00e9 d&#8217;aller directement au contact du grand public sans que celui-ci ait besoin de se d\u00e9placer. Faire red\u00e9couvrir ce quartier de Treichville, berceau de l&#8217;ind\u00e9pendance et de la musique ivoirienne. Ainsi le visiteur a-t-il pu faire le parcours de l\u2019\u2019\u2019Etoile du Sud\u2019\u2019 &#8220;\u00e0 &#8220;La boule Noire &#8220;, ch\u00e8res \u00e0 Alpha Blondy en passant par la cour Brou Fulgence, se rappelant les ann\u00e9es y\u00e9y\u00e9 tout comme le pass\u00e9 glorieux du Syndicat agricole africain.<\/p>\n\n\n\n<figure class=\"wp-block-gallery has-nested-images columns-default is-cropped wp-block-gallery-1 is-layout-flex wp-block-gallery-is-layout-flex\">\n<figure class=\"wp-block-image size-large\"><img loading=\"lazy\" decoding=\"async\" width=\"576\" height=\"1024\" data-id=\"21804\" src=\"https:\/\/7culture.ci\/wp-content\/uploads\/2022\/06\/288466953_1126687684558706_2502777771602159278_n-576x1024.jpg\" alt=\"\" class=\"wp-image-21804\" srcset=\"https:\/\/7culture.ci\/wp-content\/uploads\/2022\/06\/288466953_1126687684558706_2502777771602159278_n-576x1024.jpg 576w, https:\/\/7culture.ci\/wp-content\/uploads\/2022\/06\/288466953_1126687684558706_2502777771602159278_n-169x300.jpg 169w, https:\/\/7culture.ci\/wp-content\/uploads\/2022\/06\/288466953_1126687684558706_2502777771602159278_n.jpg 607w\" sizes=\"(max-width: 576px) 100vw, 576px\" \/><\/figure>\n\n\n\n<figure class=\"wp-block-image size-large\"><img loading=\"lazy\" decoding=\"async\" width=\"576\" height=\"1024\" data-id=\"21805\" src=\"https:\/\/7culture.ci\/wp-content\/uploads\/2022\/06\/289067745_369073118548060_3311591195513895990_n-576x1024.jpg\" alt=\"\" class=\"wp-image-21805\" srcset=\"https:\/\/7culture.ci\/wp-content\/uploads\/2022\/06\/289067745_369073118548060_3311591195513895990_n-576x1024.jpg 576w, https:\/\/7culture.ci\/wp-content\/uploads\/2022\/06\/289067745_369073118548060_3311591195513895990_n-169x300.jpg 169w, https:\/\/7culture.ci\/wp-content\/uploads\/2022\/06\/289067745_369073118548060_3311591195513895990_n.jpg 607w\" sizes=\"(max-width: 576px) 100vw, 576px\" \/><\/figure>\n\n\n\n<figure class=\"wp-block-image size-large\"><img loading=\"lazy\" decoding=\"async\" width=\"576\" height=\"1024\" data-id=\"21806\" src=\"https:\/\/7culture.ci\/wp-content\/uploads\/2022\/06\/289363026_1175117233031081_186331617183130025_n-576x1024.jpg\" alt=\"\" class=\"wp-image-21806\" srcset=\"https:\/\/7culture.ci\/wp-content\/uploads\/2022\/06\/289363026_1175117233031081_186331617183130025_n-576x1024.jpg 576w, https:\/\/7culture.ci\/wp-content\/uploads\/2022\/06\/289363026_1175117233031081_186331617183130025_n-169x300.jpg 169w, https:\/\/7culture.ci\/wp-content\/uploads\/2022\/06\/289363026_1175117233031081_186331617183130025_n.jpg 607w\" sizes=\"(max-width: 576px) 100vw, 576px\" \/><\/figure>\n<\/figure>\n\n\n\n<p>Le patron de presse Lassane Zohor\u00e9, natif de Treichville, a reconnu avoir pass\u00e9 de tr\u00e8s bons moments en compagnie de Guy Mimi, Path\u00e9\u2019O, Emmanuel Koffi et de bien d&#8217;autres grosses t\u00eates de la culture, oubliant ainsi son \u00e9tat grippal du jour. La f\u00eate de la musique continue jusqu&#8217;\u00e0 ce 21 juin.<\/p>\n\n\n\n<p>Par Aboubacar Ben Doumbia<\/p>\n","protected":false},"excerpt":{"rendered":"<p>D\u00e9j\u00e0 le samedi 18 juin dernier, la f\u00eate de la musique a d\u00e9marr\u00e9 \u00e0 Treichville en fanfare avant le 21 juin, gr\u00e2ce \u00e0 l&#8217;association &#8220;\u00c9toile du Sud&#8221; qui a investi les rues, les cours communes et les maquis. Treichville, 10h, la rue principale de France Am\u00e9rique est d\u00e9j\u00e0 bond\u00e9e de monde pour une parade des &hellip;<\/p>\n<p class=\"read-more\"> <a class=\"\" href=\"https:\/\/7culture.ci\/index.php\/2022\/06\/20\/la-musique-a-lassaut-des-cours-communes\/\"> <span class=\"screen-reader-text\">La musique \u00e0 l&#8217;assaut des cours communes !<\/span> Lire la suite\u00a0\u00bb<\/a><\/p>\n","protected":false},"author":1,"featured_media":21802,"comment_status":"open","ping_status":"open","sticky":false,"template":"","format":"standard","meta":{"_mi_skip_tracking":false,"_monsterinsights_sitenote_active":false,"_monsterinsights_sitenote_note":"","_monsterinsights_sitenote_category":0,"site-sidebar-layout":"default","site-content-layout":"default","ast-global-header-display":"","ast-main-header-display":"","ast-hfb-above-header-display":"","ast-hfb-below-header-display":"","ast-hfb-mobile-header-display":"","site-post-title":"","ast-breadcrumbs-content":"","ast-featured-img":"","footer-sml-layout":"","theme-transparent-header-meta":"","adv-header-id-meta":"","stick-header-meta":"","header-above-stick-meta":"","header-main-stick-meta":"","header-below-stick-meta":"","footnotes":"","jetpack_publicize_message":"","jetpack_is_tweetstorm":false,"jetpack_publicize_feature_enabled":true},"categories":[16],"tags":[],"jetpack_publicize_connections":[],"acf":[],"aioseo_notices":[],"yoast_head":"<!-- This site is optimized with the Yoast SEO plugin v19.6.1 - https:\/\/yoast.com\/wordpress\/plugins\/seo\/ -->\n<title>La musique \u00e0 l&#039;assaut des cours communes ! - 7culture<\/title>\n<meta name=\"robots\" content=\"index, follow, max-snippet:-1, max-image-preview:large, max-video-preview:-1\" \/>\n<link rel=\"canonical\" href=\"https:\/\/7culture.ci\/index.php\/2022\/06\/20\/la-musique-a-lassaut-des-cours-communes\/\" \/>\n<meta property=\"og:locale\" content=\"fr_FR\" \/>\n<meta property=\"og:type\" content=\"article\" \/>\n<meta property=\"og:title\" content=\"La musique \u00e0 l&#039;assaut des cours communes ! - 7culture\" \/>\n<meta property=\"og:description\" content=\"D\u00e9j\u00e0 le samedi 18 juin dernier, la f\u00eate de la musique a d\u00e9marr\u00e9 \u00e0 Treichville en fanfare avant le 21 juin, gr\u00e2ce \u00e0 l&#8217;association &#8220;\u00c9toile du Sud&#8221; qui a investi les rues, les cours communes et les maquis. Treichville, 10h, la rue principale de France Am\u00e9rique est d\u00e9j\u00e0 bond\u00e9e de monde pour une parade des &hellip; La musique \u00e0 l&#8217;assaut des cours communes ! Lire la suite\u00a0\u00bb\" \/>\n<meta property=\"og:url\" content=\"https:\/\/7culture.ci\/index.php\/2022\/06\/20\/la-musique-a-lassaut-des-cours-communes\/\" \/>\n<meta property=\"og:site_name\" content=\"7culture\" \/>\n<meta property=\"article:publisher\" content=\"https:\/\/www.facebook.com\/redchefclaude\" \/>\n<meta property=\"article:published_time\" content=\"2022-06-20T16:59:19+00:00\" \/>\n<meta property=\"article:modified_time\" content=\"2022-06-20T16:59:24+00:00\" \/>\n<meta property=\"og:image\" content=\"http:\/\/7culture.ci\/wp-content\/uploads\/2022\/06\/288810576_2070012896510929_2769812055402509260_n.jpg\" \/>\n\t<meta property=\"og:image:width\" content=\"720\" \/>\n\t<meta property=\"og:image:height\" content=\"324\" \/>\n\t<meta property=\"og:image:type\" content=\"image\/jpeg\" \/>\n<meta name=\"author\" content=\"7culture2020\" \/>\n<meta name=\"twitter:card\" content=\"summary_large_image\" \/>\n<meta name=\"twitter:creator\" content=\"@7culturec\" \/>\n<meta name=\"twitter:site\" content=\"@7culturec\" \/>\n<meta name=\"twitter:label1\" content=\"\u00c9crit par\" \/>\n\t<meta name=\"twitter:data1\" content=\"7culture2020\" \/>\n\t<meta name=\"twitter:label2\" content=\"Dur\u00e9e de lecture estim\u00e9e\" \/>\n\t<meta name=\"twitter:data2\" content=\"3 minutes\" \/>\n<script type=\"application\/ld+json\" class=\"yoast-schema-graph\">{\"@context\":\"https:\/\/schema.org\",\"@graph\":[{\"@type\":\"Article\",\"@id\":\"https:\/\/7culture.ci\/index.php\/2022\/06\/20\/la-musique-a-lassaut-des-cours-communes\/#article\",\"isPartOf\":{\"@id\":\"https:\/\/7culture.ci\/index.php\/2022\/06\/20\/la-musique-a-lassaut-des-cours-communes\/\"},\"author\":{\"name\":\"7culture2020\",\"@id\":\"https:\/\/7culture.ci\/#\/schema\/person\/16150d28d7ef66ba788c1f87f28c4426\"},\"headline\":\"La musique \u00e0 l&#8217;assaut des cours communes !\",\"datePublished\":\"2022-06-20T16:59:19+00:00\",\"dateModified\":\"2022-06-20T16:59:24+00:00\",\"mainEntityOfPage\":{\"@id\":\"https:\/\/7culture.ci\/index.php\/2022\/06\/20\/la-musique-a-lassaut-des-cours-communes\/\"},\"wordCount\":331,\"commentCount\":0,\"publisher\":{\"@id\":\"https:\/\/7culture.ci\/#organization\"},\"articleSection\":[\"Musique\"],\"inLanguage\":\"fr-FR\",\"potentialAction\":[{\"@type\":\"CommentAction\",\"name\":\"Comment\",\"target\":[\"https:\/\/7culture.ci\/index.php\/2022\/06\/20\/la-musique-a-lassaut-des-cours-communes\/#respond\"]}]},{\"@type\":\"WebPage\",\"@id\":\"https:\/\/7culture.ci\/index.php\/2022\/06\/20\/la-musique-a-lassaut-des-cours-communes\/\",\"url\":\"https:\/\/7culture.ci\/index.php\/2022\/06\/20\/la-musique-a-lassaut-des-cours-communes\/\",\"name\":\"La musique \u00e0 l'assaut des cours communes ! - 7culture\",\"isPartOf\":{\"@id\":\"https:\/\/7culture.ci\/#website\"},\"datePublished\":\"2022-06-20T16:59:19+00:00\",\"dateModified\":\"2022-06-20T16:59:24+00:00\",\"breadcrumb\":{\"@id\":\"https:\/\/7culture.ci\/index.php\/2022\/06\/20\/la-musique-a-lassaut-des-cours-communes\/#breadcrumb\"},\"inLanguage\":\"fr-FR\",\"potentialAction\":[{\"@type\":\"ReadAction\",\"target\":[\"https:\/\/7culture.ci\/index.php\/2022\/06\/20\/la-musique-a-lassaut-des-cours-communes\/\"]}]},{\"@type\":\"BreadcrumbList\",\"@id\":\"https:\/\/7culture.ci\/index.php\/2022\/06\/20\/la-musique-a-lassaut-des-cours-communes\/#breadcrumb\",\"itemListElement\":[{\"@type\":\"ListItem\",\"position\":1,\"name\":\"Accueil\",\"item\":\"https:\/\/7culture.ci\/\"},{\"@type\":\"ListItem\",\"position\":2,\"name\":\"La musique \u00e0 l&rsquo;assaut des cours communes !\"}]},{\"@type\":\"WebSite\",\"@id\":\"https:\/\/7culture.ci\/#website\",\"url\":\"https:\/\/7culture.ci\/\",\"name\":\"7culture\",\"description\":\"Tout sur l&#039;actualit\u00e9\",\"publisher\":{\"@id\":\"https:\/\/7culture.ci\/#organization\"},\"potentialAction\":[{\"@type\":\"SearchAction\",\"target\":{\"@type\":\"EntryPoint\",\"urlTemplate\":\"https:\/\/7culture.ci\/?s={search_term_string}\"},\"query-input\":\"required name=search_term_string\"}],\"inLanguage\":\"fr-FR\"},{\"@type\":\"Organization\",\"@id\":\"https:\/\/7culture.ci\/#organization\",\"name\":\"7culture\",\"url\":\"https:\/\/7culture.ci\/\",\"sameAs\":[\"https:\/\/www.facebook.com\/redchefclaude\",\"https:\/\/twitter.com\/7culturec\"],\"logo\":{\"@type\":\"ImageObject\",\"inLanguage\":\"fr-FR\",\"@id\":\"https:\/\/7culture.ci\/#\/schema\/logo\/image\/\",\"url\":\"https:\/\/7culture.ci\/wp-content\/uploads\/2021\/12\/S1a-1.png\",\"contentUrl\":\"https:\/\/7culture.ci\/wp-content\/uploads\/2021\/12\/S1a-1.png\",\"width\":588,\"height\":192,\"caption\":\"7culture\"},\"image\":{\"@id\":\"https:\/\/7culture.ci\/#\/schema\/logo\/image\/\"}},{\"@type\":\"Person\",\"@id\":\"https:\/\/7culture.ci\/#\/schema\/person\/16150d28d7ef66ba788c1f87f28c4426\",\"name\":\"7culture2020\",\"image\":{\"@type\":\"ImageObject\",\"inLanguage\":\"fr-FR\",\"@id\":\"https:\/\/7culture.ci\/#\/schema\/person\/image\/\",\"url\":\"https:\/\/secure.gravatar.com\/avatar\/9a0784f951306c37bcd065f52844ef95?s=96&d=mm&r=g\",\"contentUrl\":\"https:\/\/secure.gravatar.com\/avatar\/9a0784f951306c37bcd065f52844ef95?s=96&d=mm&r=g\",\"caption\":\"7culture2020\"},\"sameAs\":[\"http:\/\/7culture.ci\",\"Claude.kipre\"],\"url\":\"https:\/\/7culture.ci\/index.php\/author\/7culture2020\/\"}]}<\/script>\n<!-- \/ Yoast SEO plugin. -->","yoast_head_json":{"title":"La musique \u00e0 l'assaut des cours communes ! - 7culture","robots":{"index":"index","follow":"follow","max-snippet":"max-snippet:-1","max-image-preview":"max-image-preview:large","max-video-preview":"max-video-preview:-1"},"canonical":"https:\/\/7culture.ci\/index.php\/2022\/06\/20\/la-musique-a-lassaut-des-cours-communes\/","og_locale":"fr_FR","og_type":"article","og_title":"La musique \u00e0 l'assaut des cours communes ! - 7culture","og_description":"D\u00e9j\u00e0 le samedi 18 juin dernier, la f\u00eate de la musique a d\u00e9marr\u00e9 \u00e0 Treichville en fanfare avant le 21 juin, gr\u00e2ce \u00e0 l&#8217;association &#8220;\u00c9toile du Sud&#8221; qui a investi les rues, les cours communes et les maquis. Treichville, 10h, la rue principale de France Am\u00e9rique est d\u00e9j\u00e0 bond\u00e9e de monde pour une parade des &hellip; La musique \u00e0 l&#8217;assaut des cours communes ! Lire la suite\u00a0\u00bb","og_url":"https:\/\/7culture.ci\/index.php\/2022\/06\/20\/la-musique-a-lassaut-des-cours-communes\/","og_site_name":"7culture","article_publisher":"https:\/\/www.facebook.com\/redchefclaude","article_published_time":"2022-06-20T16:59:19+00:00","article_modified_time":"2022-06-20T16:59:24+00:00","og_image":[{"width":720,"height":324,"url":"http:\/\/7culture.ci\/wp-content\/uploads\/2022\/06\/288810576_2070012896510929_2769812055402509260_n.jpg","type":"image\/jpeg"}],"author":"7culture2020","twitter_card":"summary_large_image","twitter_creator":"@7culturec","twitter_site":"@7culturec","twitter_misc":{"\u00c9crit par":"7culture2020","Dur\u00e9e de lecture estim\u00e9e":"3 minutes"},"schema":{"@context":"https:\/\/schema.org","@graph":[{"@type":"Article","@id":"https:\/\/7culture.ci\/index.php\/2022\/06\/20\/la-musique-a-lassaut-des-cours-communes\/#article","isPartOf":{"@id":"https:\/\/7culture.ci\/index.php\/2022\/06\/20\/la-musique-a-lassaut-des-cours-communes\/"},"author":{"name":"7culture2020","@id":"https:\/\/7culture.ci\/#\/schema\/person\/16150d28d7ef66ba788c1f87f28c4426"},"headline":"La musique \u00e0 l&#8217;assaut des cours communes !","datePublished":"2022-06-20T16:59:19+00:00","dateModified":"2022-06-20T16:59:24+00:00","mainEntityOfPage":{"@id":"https:\/\/7culture.ci\/index.php\/2022\/06\/20\/la-musique-a-lassaut-des-cours-communes\/"},"wordCount":331,"commentCount":0,"publisher":{"@id":"https:\/\/7culture.ci\/#organization"},"articleSection":["Musique"],"inLanguage":"fr-FR","potentialAction":[{"@type":"CommentAction","name":"Comment","target":["https:\/\/7culture.ci\/index.php\/2022\/06\/20\/la-musique-a-lassaut-des-cours-communes\/#respond"]}]},{"@type":"WebPage","@id":"https:\/\/7culture.ci\/index.php\/2022\/06\/20\/la-musique-a-lassaut-des-cours-communes\/","url":"https:\/\/7culture.ci\/index.php\/2022\/06\/20\/la-musique-a-lassaut-des-cours-communes\/","name":"La musique \u00e0 l'assaut des cours communes ! - 7culture","isPartOf":{"@id":"https:\/\/7culture.ci\/#website"},"datePublished":"2022-06-20T16:59:19+00:00","dateModified":"2022-06-20T16:59:24+00:00","breadcrumb":{"@id":"https:\/\/7culture.ci\/index.php\/2022\/06\/20\/la-musique-a-lassaut-des-cours-communes\/#breadcrumb"},"inLanguage":"fr-FR","potentialAction":[{"@type":"ReadAction","target":["https:\/\/7culture.ci\/index.php\/2022\/06\/20\/la-musique-a-lassaut-des-cours-communes\/"]}]},{"@type":"BreadcrumbList","@id":"https:\/\/7culture.ci\/index.php\/2022\/06\/20\/la-musique-a-lassaut-des-cours-communes\/#breadcrumb","itemListElement":[{"@type":"ListItem","position":1,"name":"Accueil","item":"https:\/\/7culture.ci\/"},{"@type":"ListItem","position":2,"name":"La musique \u00e0 l&rsquo;assaut des cours communes !"}]},{"@type":"WebSite","@id":"https:\/\/7culture.ci\/#website","url":"https:\/\/7culture.ci\/","name":"7culture","description":"Tout sur l&#039;actualit\u00e9","publisher":{"@id":"https:\/\/7culture.ci\/#organization"},"potentialAction":[{"@type":"SearchAction","target":{"@type":"EntryPoint","urlTemplate":"https:\/\/7culture.ci\/?s={search_term_string}"},"query-input":"required name=search_term_string"}],"inLanguage":"fr-FR"},{"@type":"Organization","@id":"https:\/\/7culture.ci\/#organization","name":"7culture","url":"https:\/\/7culture.ci\/","sameAs":["https:\/\/www.facebook.com\/redchefclaude","https:\/\/twitter.com\/7culturec"],"logo":{"@type":"ImageObject","inLanguage":"fr-FR","@id":"https:\/\/7culture.ci\/#\/schema\/logo\/image\/","url":"https:\/\/7culture.ci\/wp-content\/uploads\/2021\/12\/S1a-1.png","contentUrl":"https:\/\/7culture.ci\/wp-content\/uploads\/2021\/12\/S1a-1.png","width":588,"height":192,"caption":"7culture"},"image":{"@id":"https:\/\/7culture.ci\/#\/schema\/logo\/image\/"}},{"@type":"Person","@id":"https:\/\/7culture.ci\/#\/schema\/person\/16150d28d7ef66ba788c1f87f28c4426","name":"7culture2020","image":{"@type":"ImageObject","inLanguage":"fr-FR","@id":"https:\/\/7culture.ci\/#\/schema\/person\/image\/","url":"https:\/\/secure.gravatar.com\/avatar\/9a0784f951306c37bcd065f52844ef95?s=96&d=mm&r=g","contentUrl":"https:\/\/secure.gravatar.com\/avatar\/9a0784f951306c37bcd065f52844ef95?s=96&d=mm&r=g","caption":"7culture2020"},"sameAs":["http:\/\/7culture.ci","Claude.kipre"],"url":"https:\/\/7culture.ci\/index.php\/author\/7culture2020\/"}]}},"jetpack_featured_media_url":"https:\/\/7culture.ci\/wp-content\/uploads\/2022\/06\/288810576_2070012896510929_2769812055402509260_n.jpg","jetpack_likes_enabled":true,"jetpack_sharing_enabled":true,"_links":{"self":[{"href":"https:\/\/7culture.ci\/index.php\/wp-json\/wp\/v2\/posts\/21801"}],"collection":[{"href":"https:\/\/7culture.ci\/index.php\/wp-json\/wp\/v2\/posts"}],"about":[{"href":"https:\/\/7culture.ci\/index.php\/wp-json\/wp\/v2\/types\/post"}],"author":[{"embeddable":true,"href":"https:\/\/7culture.ci\/index.php\/wp-json\/wp\/v2\/users\/1"}],"replies":[{"embeddable":true,"href":"https:\/\/7culture.ci\/index.php\/wp-json\/wp\/v2\/comments?post=21801"}],"version-history":[{"count":0,"href":"https:\/\/7culture.ci\/index.php\/wp-json\/wp\/v2\/posts\/21801\/revisions"}],"wp:featuredmedia":[{"embeddable":true,"href":"https:\/\/7culture.ci\/index.php\/wp-json\/wp\/v2\/media\/21802"}],"wp:attachment":[{"href":"https:\/\/7culture.ci\/index.php\/wp-json\/wp\/v2\/media?parent=21801"}],"wp:term":[{"taxonomy":"category","embeddable":true,"href":"https:\/\/7culture.ci\/index.php\/wp-json\/wp\/v2\/categories?post=21801"},{"taxonomy":"post_tag","embeddable":true,"href":"https:\/\/7culture.ci\/index.php\/wp-json\/wp\/v2\/tags?post=21801"}],"curies":[{"name":"wp","href":"https:\/\/api.w.org\/{rel}","templated":true}]}}