{"id":21797,"date":"2022-06-20T18:37:12","date_gmt":"2022-06-20T16:37:12","guid":{"rendered":"https:\/\/7culture.ci\/?p=21797"},"modified":"2022-06-21T14:22:56","modified_gmt":"2022-06-21T12:22:56","slug":"samuel-etoo-condamne-a-22-mois-de-prison","status":"publish","type":"post","link":"https:\/\/7culture.ci\/index.php\/2022\/06\/20\/samuel-etoo-condamne-a-22-mois-de-prison\/","title":{"rendered":"Samuel Eto&#8217;o condamn\u00e9 \u00e0 22 mois de prison"},"content":{"rendered":"\n<p>La sanction est tomb\u00e9e. Samuel Eto&#8217;o a \u00e9t\u00e9 condamn\u00e9 \u00e0 22 mois de prison pour avoir dissimul\u00e9 un peu plus de 3,8 M\u20ac au fisc espagnol entre 2006 et 2009, du temps o\u00f9 il \u00e9voluait au FC Barcelone, comme le rapporte \u2018<em>\u2019Mundo Deportivo<\/em>\u2019\u2019 ce lundi. Condamn\u00e9 pour fraude fiscale, donc, l&#8217;ancien international camerounais (118 capes, 56 capes) n&#8217;ira toutefois pas derri\u00e8re les barreaux, compte tenu du fait que son casier soit vierge. En Espagne, les condamnations inf\u00e9rieures \u00e0 deux ans sont rarement ex\u00e9cut\u00e9es dans ce cas pr\u00e9cis.<\/p>\n\n\n\n<div class=\"wp-block-image\"><figure class=\"aligncenter size-large is-resized\"><img loading=\"lazy\" decoding=\"async\" src=\"https:\/\/7culture.ci\/wp-content\/uploads\/2022\/06\/etoo2-1024x1024.jpg\" alt=\"\" class=\"wp-image-21799\" width=\"532\" height=\"532\" srcset=\"https:\/\/7culture.ci\/wp-content\/uploads\/2022\/06\/etoo2-1024x1024.jpg 1024w, https:\/\/7culture.ci\/wp-content\/uploads\/2022\/06\/etoo2-300x300.jpg 300w, https:\/\/7culture.ci\/wp-content\/uploads\/2022\/06\/etoo2-150x150.jpg 150w, https:\/\/7culture.ci\/wp-content\/uploads\/2022\/06\/etoo2-768x768.jpg 768w, https:\/\/7culture.ci\/wp-content\/uploads\/2022\/06\/etoo2.jpg 1400w\" sizes=\"(max-width: 532px) 100vw, 532px\" \/><\/figure><\/div>\n\n\n\n<p>L&#8217;ancien repr\u00e9sentant du pr\u00e9sident de la F\u00e9d\u00e9ration camerounaise de football (FECAFOOT), Jos\u00e9 Maria Mesalles, a lui \u00e9t\u00e9 condamn\u00e9 \u00e0 un an de prison. Il ne purgera aussi pas sa peine. La star africaine, qui consid\u00e9rait son ancien agent comme un p\u00e8re et qui a depuis port\u00e9 plainte contre lui, s&#8217;est d\u00e9fendue lors de son proc\u00e8s. \u00ab <strong><em>Je reconnais les faits et je vais payer, mais qu&#8217;on sache que j&#8217;\u00e9tais enfant \u00e0 l&#8217;\u00e9poque et que j&#8217;ai toujours fait ce que mon p\u00e8re me demandait de faire<\/em><\/strong> \u00bb, a-t-il notamment expliqu\u00e9 dans des propos relay\u00e9s par MD. Le parquet avait initialement requis quatre ans et six mois de prison \u00e0 l&#8217;encontre de Samuel Eto&#8217;o et de son ancien agent, qui vont tout de m\u00eame devoir s&#8217;acquitter\u2026 la suite <strong><a href=\"https:\/\/www.footmercato.net\/a1808776544759548651-samuel-etoo-condamne-a-22-mois-de-prison\">ICI.<\/a><\/strong><\/p>\n","protected":false},"excerpt":{"rendered":"<p>La sanction est tomb\u00e9e. Samuel Eto&#8217;o a \u00e9t\u00e9 condamn\u00e9 \u00e0 22 mois de prison pour avoir dissimul\u00e9 un peu plus de 3,8 M\u20ac au fisc espagnol entre 2006 et 2009, du temps o\u00f9 il \u00e9voluait au FC Barcelone, comme le rapporte \u2018\u2019Mundo Deportivo\u2019\u2019 ce lundi. Condamn\u00e9 pour fraude fiscale, donc, l&#8217;ancien international camerounais (118 capes, &hellip;<\/p>\n<p class=\"read-more\"> <a class=\"\" href=\"https:\/\/7culture.ci\/index.php\/2022\/06\/20\/samuel-etoo-condamne-a-22-mois-de-prison\/\"> <span class=\"screen-reader-text\">Samuel Eto&#8217;o condamn\u00e9 \u00e0 22 mois de prison<\/span> Lire la suite\u00a0\u00bb<\/a><\/p>\n","protected":false},"author":1,"featured_media":21798,"comment_status":"open","ping_status":"open","sticky":false,"template":"","format":"standard","meta":{"_mi_skip_tracking":false,"_monsterinsights_sitenote_active":false,"_monsterinsights_sitenote_note":"","_monsterinsights_sitenote_category":0,"site-sidebar-layout":"default","site-content-layout":"default","ast-global-header-display":"","ast-main-header-display":"","ast-hfb-above-header-display":"","ast-hfb-below-header-display":"","ast-hfb-mobile-header-display":"","site-post-title":"","ast-breadcrumbs-content":"","ast-featured-img":"","footer-sml-layout":"","theme-transparent-header-meta":"","adv-header-id-meta":"","stick-header-meta":"","header-above-stick-meta":"","header-main-stick-meta":"","header-below-stick-meta":"","footnotes":"","jetpack_publicize_message":"","jetpack_is_tweetstorm":false,"jetpack_publicize_feature_enabled":true},"categories":[22],"tags":[],"jetpack_publicize_connections":[],"acf":[],"aioseo_notices":[],"yoast_head":"<!-- This site is optimized with the Yoast SEO plugin v19.6.1 - https:\/\/yoast.com\/wordpress\/plugins\/seo\/ -->\n<title>Samuel Eto&#039;o condamn\u00e9 \u00e0 22 mois de prison -<\/title>\n<meta name=\"robots\" content=\"index, follow, max-snippet:-1, max-image-preview:large, max-video-preview:-1\" \/>\n<link rel=\"canonical\" href=\"https:\/\/7culture.ci\/index.php\/2022\/06\/20\/samuel-etoo-condamne-a-22-mois-de-prison\/\" \/>\n<meta property=\"og:locale\" content=\"fr_FR\" \/>\n<meta property=\"og:type\" content=\"article\" \/>\n<meta property=\"og:title\" content=\"Samuel Eto&#039;o condamn\u00e9 \u00e0 22 mois de prison -\" \/>\n<meta property=\"og:description\" content=\"La sanction est tomb\u00e9e. Samuel Eto&#8217;o a \u00e9t\u00e9 condamn\u00e9 \u00e0 22 mois de prison pour avoir dissimul\u00e9 un peu plus de 3,8 M\u20ac au fisc espagnol entre 2006 et 2009, du temps o\u00f9 il \u00e9voluait au FC Barcelone, comme le rapporte \u2018\u2019Mundo Deportivo\u2019\u2019 ce lundi. Condamn\u00e9 pour fraude fiscale, donc, l&#8217;ancien international camerounais (118 capes, &hellip; Samuel Eto&#8217;o condamn\u00e9 \u00e0 22 mois de prison Lire la suite\u00a0\u00bb\" \/>\n<meta property=\"og:url\" content=\"https:\/\/7culture.ci\/index.php\/2022\/06\/20\/samuel-etoo-condamne-a-22-mois-de-prison\/\" \/>\n<meta property=\"og:site_name\" content=\"7culture\" \/>\n<meta property=\"article:publisher\" content=\"https:\/\/www.facebook.com\/redchefclaude\" \/>\n<meta property=\"article:published_time\" content=\"2022-06-20T16:37:12+00:00\" \/>\n<meta property=\"article:modified_time\" content=\"2022-06-21T12:22:56+00:00\" \/>\n<meta property=\"og:image\" content=\"http:\/\/7culture.ci\/wp-content\/uploads\/2022\/06\/etoo.jpg\" \/>\n\t<meta property=\"og:image:width\" content=\"2048\" \/>\n\t<meta property=\"og:image:height\" content=\"1152\" \/>\n\t<meta property=\"og:image:type\" content=\"image\/jpeg\" \/>\n<meta name=\"author\" content=\"7culture2020\" \/>\n<meta name=\"twitter:card\" content=\"summary_large_image\" \/>\n<meta name=\"twitter:creator\" content=\"@7culturec\" \/>\n<meta name=\"twitter:site\" content=\"@7culturec\" \/>\n<meta name=\"twitter:label1\" content=\"\u00c9crit par\" \/>\n\t<meta name=\"twitter:data1\" content=\"7culture2020\" \/>\n\t<meta name=\"twitter:label2\" content=\"Dur\u00e9e de lecture estim\u00e9e\" \/>\n\t<meta name=\"twitter:data2\" content=\"2 minutes\" \/>\n<script type=\"application\/ld+json\" class=\"yoast-schema-graph\">{\"@context\":\"https:\/\/schema.org\",\"@graph\":[{\"@type\":\"Article\",\"@id\":\"https:\/\/7culture.ci\/index.php\/2022\/06\/20\/samuel-etoo-condamne-a-22-mois-de-prison\/#article\",\"isPartOf\":{\"@id\":\"https:\/\/7culture.ci\/index.php\/2022\/06\/20\/samuel-etoo-condamne-a-22-mois-de-prison\/\"},\"author\":{\"name\":\"7culture2020\",\"@id\":\"https:\/\/7culture.ci\/#\/schema\/person\/16150d28d7ef66ba788c1f87f28c4426\"},\"headline\":\"Samuel Eto&#8217;o condamn\u00e9 \u00e0 22 mois de prison\",\"datePublished\":\"2022-06-20T16:37:12+00:00\",\"dateModified\":\"2022-06-21T12:22:56+00:00\",\"mainEntityOfPage\":{\"@id\":\"https:\/\/7culture.ci\/index.php\/2022\/06\/20\/samuel-etoo-condamne-a-22-mois-de-prison\/\"},\"wordCount\":226,\"commentCount\":0,\"publisher\":{\"@id\":\"https:\/\/7culture.ci\/#organization\"},\"articleSection\":[\"Actualit\u00e9\"],\"inLanguage\":\"fr-FR\",\"potentialAction\":[{\"@type\":\"CommentAction\",\"name\":\"Comment\",\"target\":[\"https:\/\/7culture.ci\/index.php\/2022\/06\/20\/samuel-etoo-condamne-a-22-mois-de-prison\/#respond\"]}]},{\"@type\":\"WebPage\",\"@id\":\"https:\/\/7culture.ci\/index.php\/2022\/06\/20\/samuel-etoo-condamne-a-22-mois-de-prison\/\",\"url\":\"https:\/\/7culture.ci\/index.php\/2022\/06\/20\/samuel-etoo-condamne-a-22-mois-de-prison\/\",\"name\":\"Samuel Eto'o condamn\u00e9 \u00e0 22 mois de prison -\",\"isPartOf\":{\"@id\":\"https:\/\/7culture.ci\/#website\"},\"datePublished\":\"2022-06-20T16:37:12+00:00\",\"dateModified\":\"2022-06-21T12:22:56+00:00\",\"breadcrumb\":{\"@id\":\"https:\/\/7culture.ci\/index.php\/2022\/06\/20\/samuel-etoo-condamne-a-22-mois-de-prison\/#breadcrumb\"},\"inLanguage\":\"fr-FR\",\"potentialAction\":[{\"@type\":\"ReadAction\",\"target\":[\"https:\/\/7culture.ci\/index.php\/2022\/06\/20\/samuel-etoo-condamne-a-22-mois-de-prison\/\"]}]},{\"@type\":\"BreadcrumbList\",\"@id\":\"https:\/\/7culture.ci\/index.php\/2022\/06\/20\/samuel-etoo-condamne-a-22-mois-de-prison\/#breadcrumb\",\"itemListElement\":[{\"@type\":\"ListItem\",\"position\":1,\"name\":\"Accueil\",\"item\":\"https:\/\/7culture.ci\/\"},{\"@type\":\"ListItem\",\"position\":2,\"name\":\"Samuel Eto&rsquo;o condamn\u00e9 \u00e0 22 mois de prison\"}]},{\"@type\":\"WebSite\",\"@id\":\"https:\/\/7culture.ci\/#website\",\"url\":\"https:\/\/7culture.ci\/\",\"name\":\"7culture\",\"description\":\"Tout sur l&#039;actualit\u00e9\",\"publisher\":{\"@id\":\"https:\/\/7culture.ci\/#organization\"},\"potentialAction\":[{\"@type\":\"SearchAction\",\"target\":{\"@type\":\"EntryPoint\",\"urlTemplate\":\"https:\/\/7culture.ci\/?s={search_term_string}\"},\"query-input\":\"required name=search_term_string\"}],\"inLanguage\":\"fr-FR\"},{\"@type\":\"Organization\",\"@id\":\"https:\/\/7culture.ci\/#organization\",\"name\":\"7culture\",\"url\":\"https:\/\/7culture.ci\/\",\"sameAs\":[\"https:\/\/www.facebook.com\/redchefclaude\",\"https:\/\/twitter.com\/7culturec\"],\"logo\":{\"@type\":\"ImageObject\",\"inLanguage\":\"fr-FR\",\"@id\":\"https:\/\/7culture.ci\/#\/schema\/logo\/image\/\",\"url\":\"https:\/\/7culture.ci\/wp-content\/uploads\/2021\/12\/S1a-1.png\",\"contentUrl\":\"https:\/\/7culture.ci\/wp-content\/uploads\/2021\/12\/S1a-1.png\",\"width\":588,\"height\":192,\"caption\":\"7culture\"},\"image\":{\"@id\":\"https:\/\/7culture.ci\/#\/schema\/logo\/image\/\"}},{\"@type\":\"Person\",\"@id\":\"https:\/\/7culture.ci\/#\/schema\/person\/16150d28d7ef66ba788c1f87f28c4426\",\"name\":\"7culture2020\",\"image\":{\"@type\":\"ImageObject\",\"inLanguage\":\"fr-FR\",\"@id\":\"https:\/\/7culture.ci\/#\/schema\/person\/image\/\",\"url\":\"https:\/\/secure.gravatar.com\/avatar\/9a0784f951306c37bcd065f52844ef95?s=96&d=mm&r=g\",\"contentUrl\":\"https:\/\/secure.gravatar.com\/avatar\/9a0784f951306c37bcd065f52844ef95?s=96&d=mm&r=g\",\"caption\":\"7culture2020\"},\"sameAs\":[\"http:\/\/7culture.ci\",\"Claude.kipre\"],\"url\":\"https:\/\/7culture.ci\/index.php\/author\/7culture2020\/\"}]}<\/script>\n<!-- \/ Yoast SEO plugin. -->","yoast_head_json":{"title":"Samuel Eto'o condamn\u00e9 \u00e0 22 mois de prison -","robots":{"index":"index","follow":"follow","max-snippet":"max-snippet:-1","max-image-preview":"max-image-preview:large","max-video-preview":"max-video-preview:-1"},"canonical":"https:\/\/7culture.ci\/index.php\/2022\/06\/20\/samuel-etoo-condamne-a-22-mois-de-prison\/","og_locale":"fr_FR","og_type":"article","og_title":"Samuel Eto'o condamn\u00e9 \u00e0 22 mois de prison -","og_description":"La sanction est tomb\u00e9e. Samuel Eto&#8217;o a \u00e9t\u00e9 condamn\u00e9 \u00e0 22 mois de prison pour avoir dissimul\u00e9 un peu plus de 3,8 M\u20ac au fisc espagnol entre 2006 et 2009, du temps o\u00f9 il \u00e9voluait au FC Barcelone, comme le rapporte \u2018\u2019Mundo Deportivo\u2019\u2019 ce lundi. Condamn\u00e9 pour fraude fiscale, donc, l&#8217;ancien international camerounais (118 capes, &hellip; Samuel Eto&#8217;o condamn\u00e9 \u00e0 22 mois de prison Lire la suite\u00a0\u00bb","og_url":"https:\/\/7culture.ci\/index.php\/2022\/06\/20\/samuel-etoo-condamne-a-22-mois-de-prison\/","og_site_name":"7culture","article_publisher":"https:\/\/www.facebook.com\/redchefclaude","article_published_time":"2022-06-20T16:37:12+00:00","article_modified_time":"2022-06-21T12:22:56+00:00","og_image":[{"width":2048,"height":1152,"url":"http:\/\/7culture.ci\/wp-content\/uploads\/2022\/06\/etoo.jpg","type":"image\/jpeg"}],"author":"7culture2020","twitter_card":"summary_large_image","twitter_creator":"@7culturec","twitter_site":"@7culturec","twitter_misc":{"\u00c9crit par":"7culture2020","Dur\u00e9e de lecture estim\u00e9e":"2 minutes"},"schema":{"@context":"https:\/\/schema.org","@graph":[{"@type":"Article","@id":"https:\/\/7culture.ci\/index.php\/2022\/06\/20\/samuel-etoo-condamne-a-22-mois-de-prison\/#article","isPartOf":{"@id":"https:\/\/7culture.ci\/index.php\/2022\/06\/20\/samuel-etoo-condamne-a-22-mois-de-prison\/"},"author":{"name":"7culture2020","@id":"https:\/\/7culture.ci\/#\/schema\/person\/16150d28d7ef66ba788c1f87f28c4426"},"headline":"Samuel Eto&#8217;o condamn\u00e9 \u00e0 22 mois de prison","datePublished":"2022-06-20T16:37:12+00:00","dateModified":"2022-06-21T12:22:56+00:00","mainEntityOfPage":{"@id":"https:\/\/7culture.ci\/index.php\/2022\/06\/20\/samuel-etoo-condamne-a-22-mois-de-prison\/"},"wordCount":226,"commentCount":0,"publisher":{"@id":"https:\/\/7culture.ci\/#organization"},"articleSection":["Actualit\u00e9"],"inLanguage":"fr-FR","potentialAction":[{"@type":"CommentAction","name":"Comment","target":["https:\/\/7culture.ci\/index.php\/2022\/06\/20\/samuel-etoo-condamne-a-22-mois-de-prison\/#respond"]}]},{"@type":"WebPage","@id":"https:\/\/7culture.ci\/index.php\/2022\/06\/20\/samuel-etoo-condamne-a-22-mois-de-prison\/","url":"https:\/\/7culture.ci\/index.php\/2022\/06\/20\/samuel-etoo-condamne-a-22-mois-de-prison\/","name":"Samuel Eto'o condamn\u00e9 \u00e0 22 mois de prison -","isPartOf":{"@id":"https:\/\/7culture.ci\/#website"},"datePublished":"2022-06-20T16:37:12+00:00","dateModified":"2022-06-21T12:22:56+00:00","breadcrumb":{"@id":"https:\/\/7culture.ci\/index.php\/2022\/06\/20\/samuel-etoo-condamne-a-22-mois-de-prison\/#breadcrumb"},"inLanguage":"fr-FR","potentialAction":[{"@type":"ReadAction","target":["https:\/\/7culture.ci\/index.php\/2022\/06\/20\/samuel-etoo-condamne-a-22-mois-de-prison\/"]}]},{"@type":"BreadcrumbList","@id":"https:\/\/7culture.ci\/index.php\/2022\/06\/20\/samuel-etoo-condamne-a-22-mois-de-prison\/#breadcrumb","itemListElement":[{"@type":"ListItem","position":1,"name":"Accueil","item":"https:\/\/7culture.ci\/"},{"@type":"ListItem","position":2,"name":"Samuel Eto&rsquo;o condamn\u00e9 \u00e0 22 mois de prison"}]},{"@type":"WebSite","@id":"https:\/\/7culture.ci\/#website","url":"https:\/\/7culture.ci\/","name":"7culture","description":"Tout sur l&#039;actualit\u00e9","publisher":{"@id":"https:\/\/7culture.ci\/#organization"},"potentialAction":[{"@type":"SearchAction","target":{"@type":"EntryPoint","urlTemplate":"https:\/\/7culture.ci\/?s={search_term_string}"},"query-input":"required name=search_term_string"}],"inLanguage":"fr-FR"},{"@type":"Organization","@id":"https:\/\/7culture.ci\/#organization","name":"7culture","url":"https:\/\/7culture.ci\/","sameAs":["https:\/\/www.facebook.com\/redchefclaude","https:\/\/twitter.com\/7culturec"],"logo":{"@type":"ImageObject","inLanguage":"fr-FR","@id":"https:\/\/7culture.ci\/#\/schema\/logo\/image\/","url":"https:\/\/7culture.ci\/wp-content\/uploads\/2021\/12\/S1a-1.png","contentUrl":"https:\/\/7culture.ci\/wp-content\/uploads\/2021\/12\/S1a-1.png","width":588,"height":192,"caption":"7culture"},"image":{"@id":"https:\/\/7culture.ci\/#\/schema\/logo\/image\/"}},{"@type":"Person","@id":"https:\/\/7culture.ci\/#\/schema\/person\/16150d28d7ef66ba788c1f87f28c4426","name":"7culture2020","image":{"@type":"ImageObject","inLanguage":"fr-FR","@id":"https:\/\/7culture.ci\/#\/schema\/person\/image\/","url":"https:\/\/secure.gravatar.com\/avatar\/9a0784f951306c37bcd065f52844ef95?s=96&d=mm&r=g","contentUrl":"https:\/\/secure.gravatar.com\/avatar\/9a0784f951306c37bcd065f52844ef95?s=96&d=mm&r=g","caption":"7culture2020"},"sameAs":["http:\/\/7culture.ci","Claude.kipre"],"url":"https:\/\/7culture.ci\/index.php\/author\/7culture2020\/"}]}},"jetpack_featured_media_url":"https:\/\/7culture.ci\/wp-content\/uploads\/2022\/06\/etoo.jpg","jetpack_likes_enabled":true,"jetpack_sharing_enabled":true,"_links":{"self":[{"href":"https:\/\/7culture.ci\/index.php\/wp-json\/wp\/v2\/posts\/21797"}],"collection":[{"href":"https:\/\/7culture.ci\/index.php\/wp-json\/wp\/v2\/posts"}],"about":[{"href":"https:\/\/7culture.ci\/index.php\/wp-json\/wp\/v2\/types\/post"}],"author":[{"embeddable":true,"href":"https:\/\/7culture.ci\/index.php\/wp-json\/wp\/v2\/users\/1"}],"replies":[{"embeddable":true,"href":"https:\/\/7culture.ci\/index.php\/wp-json\/wp\/v2\/comments?post=21797"}],"version-history":[{"count":0,"href":"https:\/\/7culture.ci\/index.php\/wp-json\/wp\/v2\/posts\/21797\/revisions"}],"wp:featuredmedia":[{"embeddable":true,"href":"https:\/\/7culture.ci\/index.php\/wp-json\/wp\/v2\/media\/21798"}],"wp:attachment":[{"href":"https:\/\/7culture.ci\/index.php\/wp-json\/wp\/v2\/media?parent=21797"}],"wp:term":[{"taxonomy":"category","embeddable":true,"href":"https:\/\/7culture.ci\/index.php\/wp-json\/wp\/v2\/categories?post=21797"},{"taxonomy":"post_tag","embeddable":true,"href":"https:\/\/7culture.ci\/index.php\/wp-json\/wp\/v2\/tags?post=21797"}],"curies":[{"name":"wp","href":"https:\/\/api.w.org\/{rel}","templated":true}]}}