{"id":21789,"date":"2022-06-20T17:13:44","date_gmt":"2022-06-20T15:13:44","guid":{"rendered":"https:\/\/7culture.ci\/?p=21789"},"modified":"2022-06-24T13:17:22","modified_gmt":"2022-06-24T11:17:22","slug":"40-de-la-fete-de-la-musique-voila-pourquoi-ca-reussit-toujours","status":"publish","type":"post","link":"https:\/\/7culture.ci\/index.php\/2022\/06\/20\/40-de-la-fete-de-la-musique-voila-pourquoi-ca-reussit-toujours\/","title":{"rendered":"40 de la f\u00eate de la musique\u00a0: Voil\u00e0 pourquoi \u00e7a r\u00e9ussit toujours"},"content":{"rendered":"\n<p><strong><em>La F\u00eate de la musique a \u00e9t\u00e9 fix\u00e9e \u00e0 une date unique et symbolique, le 21 juin, jour du solstice d\u2019\u00e9t\u00e9. Grande manifestation populaire gratuite et ouverte \u00e0 tous les musiciens, amateurs de tous niveaux ou professionnels, elle c\u00e9l\u00e8bre la musique vivante et met en valeur l\u2019ampleur et la diversit\u00e9 des pratiques musicales, ainsi que tous les genres musicaux. Elle s\u2019adresse \u00e0 tous les publics et contribue \u00e0 familiariser \u00e0 toutes les expressions musicales les jeunes et les moins jeunes de toutes conditions sociales<\/em><\/strong>.<\/p>\n\n\n\n<p><strong>Une grande f\u00eate populaire gratuite<\/strong><\/p>\n\n\n\n<p>Depuis sa cr\u00e9ation par le minist\u00e8re de la Culture, en 1982, les communes rurales et les petites, moyennes ou grandes villes de France s\u2019investissent pour faire du 21 juin un moment privil\u00e9gi\u00e9, expression de la vie musicale dans son ensemble et reflet de son dynamisme permanent.<\/p>\n\n\n\n<p>La gratuit\u00e9 des concerts, le soutien de la SACEM, le relais des m\u00e9dias, l\u2019appui des collectivit\u00e9s territoriales et l\u2019adh\u00e9sion de plus en plus large de la population, ont fait que, en quelques ann\u00e9es, la F\u00eate de la musique est devenue l\u2019une des plus grandes manifestations culturelles fran\u00e7aises.<\/p>\n\n\n\n<p>L\u2019\u00e9nergie de tous les \u00ab volontaires \u00bb qui se mobilisent apporte \u00e0 cette journ\u00e9e exceptionnelle sa part fondamentale de spontan\u00e9it\u00e9 et son allure de transgression joyeuse.<\/p>\n\n\n\n<p>Depuis 1982, de multiples r\u00e9seaux se sont mobilis\u00e9s : les grandes f\u00e9d\u00e9rations amateurs et leurs relais, qu\u2019il s\u2019agisse de \u2018<em>\u2019la Conf\u00e9d\u00e9ration Musicale de France\u2019<\/em>\u2019 pour les fanfares, les harmonies et la pratique des amateurs ou de \u2018<em>\u2019A C\u0153ur Joie<\/em>\u2019\u2019 pour les chorales. Les \u00e9quipements sociaux et culturels et les associations locales en contribuant \u00e0 r\u00e9v\u00e9ler les nouvelles expressions musicales. Les sc\u00e8nes de musiques actuelles, les antennes du Printemps de Bourges, les \u00e9coles de musique, les conservatoires, les institutions musicales, les associations, les mus\u00e9es, les h\u00f4pitaux, les municipalit\u00e9s, les radios, les t\u00e9l\u00e9visions, les salles de concerts, les caf\u00e9s musique, les entreprises publiques ou priv\u00e9es en organisant leurs propres concerts. L\u2019\u00e9nergie de ceux qui se mobilisent chaque ann\u00e9e apporte \u00e0 cette journ\u00e9e exceptionnelle sa part fondamentale de spontan\u00e9it\u00e9 et son allure de transgression joyeuse. La suite <strong><a href=\"https:\/\/fetedelamusique.culture.gouv.fr\/L-evenement\/presentation-de-la-fete\">ICI.<\/a><\/strong><\/p>\n","protected":false},"excerpt":{"rendered":"<p>La F\u00eate de la musique a \u00e9t\u00e9 fix\u00e9e \u00e0 une date unique et symbolique, le 21 juin, jour du solstice d\u2019\u00e9t\u00e9. Grande manifestation populaire gratuite et ouverte \u00e0 tous les musiciens, amateurs de tous niveaux ou professionnels, elle c\u00e9l\u00e8bre la musique vivante et met en valeur l\u2019ampleur et la diversit\u00e9 des pratiques musicales, ainsi que &hellip;<\/p>\n<p class=\"read-more\"> <a class=\"\" href=\"https:\/\/7culture.ci\/index.php\/2022\/06\/20\/40-de-la-fete-de-la-musique-voila-pourquoi-ca-reussit-toujours\/\"> <span class=\"screen-reader-text\">40 de la f\u00eate de la musique\u00a0: Voil\u00e0 pourquoi \u00e7a r\u00e9ussit toujours<\/span> Lire la suite\u00a0\u00bb<\/a><\/p>\n","protected":false},"author":1,"featured_media":21790,"comment_status":"open","ping_status":"open","sticky":false,"template":"","format":"standard","meta":{"_mi_skip_tracking":false,"_monsterinsights_sitenote_active":false,"_monsterinsights_sitenote_note":"","_monsterinsights_sitenote_category":0,"site-sidebar-layout":"default","site-content-layout":"default","ast-global-header-display":"","ast-main-header-display":"","ast-hfb-above-header-display":"","ast-hfb-below-header-display":"","ast-hfb-mobile-header-display":"","site-post-title":"","ast-breadcrumbs-content":"","ast-featured-img":"","footer-sml-layout":"","theme-transparent-header-meta":"","adv-header-id-meta":"","stick-header-meta":"","header-above-stick-meta":"","header-main-stick-meta":"","header-below-stick-meta":"","footnotes":"","jetpack_publicize_message":"","jetpack_is_tweetstorm":false,"jetpack_publicize_feature_enabled":true},"categories":[22],"tags":[],"jetpack_publicize_connections":[],"acf":[],"aioseo_notices":[],"yoast_head":"<!-- This site is optimized with the Yoast SEO plugin v19.6.1 - https:\/\/yoast.com\/wordpress\/plugins\/seo\/ -->\n<title>40 de la f\u00eate de la musique\u00a0: Voil\u00e0 pourquoi \u00e7a r\u00e9ussit toujours -<\/title>\n<meta name=\"robots\" content=\"index, follow, max-snippet:-1, max-image-preview:large, max-video-preview:-1\" \/>\n<link rel=\"canonical\" href=\"https:\/\/7culture.ci\/index.php\/2022\/06\/20\/40-de-la-fete-de-la-musique-voila-pourquoi-ca-reussit-toujours\/\" \/>\n<meta property=\"og:locale\" content=\"fr_FR\" \/>\n<meta property=\"og:type\" content=\"article\" \/>\n<meta property=\"og:title\" content=\"40 de la f\u00eate de la musique\u00a0: Voil\u00e0 pourquoi \u00e7a r\u00e9ussit toujours -\" \/>\n<meta property=\"og:description\" content=\"La F\u00eate de la musique a \u00e9t\u00e9 fix\u00e9e \u00e0 une date unique et symbolique, le 21 juin, jour du solstice d\u2019\u00e9t\u00e9. Grande manifestation populaire gratuite et ouverte \u00e0 tous les musiciens, amateurs de tous niveaux ou professionnels, elle c\u00e9l\u00e8bre la musique vivante et met en valeur l\u2019ampleur et la diversit\u00e9 des pratiques musicales, ainsi que &hellip; 40 de la f\u00eate de la musique\u00a0: Voil\u00e0 pourquoi \u00e7a r\u00e9ussit toujours Lire la suite\u00a0\u00bb\" \/>\n<meta property=\"og:url\" content=\"https:\/\/7culture.ci\/index.php\/2022\/06\/20\/40-de-la-fete-de-la-musique-voila-pourquoi-ca-reussit-toujours\/\" \/>\n<meta property=\"og:site_name\" content=\"7culture\" \/>\n<meta property=\"article:publisher\" content=\"https:\/\/www.facebook.com\/redchefclaude\" \/>\n<meta property=\"article:published_time\" content=\"2022-06-20T15:13:44+00:00\" \/>\n<meta property=\"article:modified_time\" content=\"2022-06-24T11:17:22+00:00\" \/>\n<meta property=\"og:image\" content=\"http:\/\/7culture.ci\/wp-content\/uploads\/2022\/06\/fete1.jpg\" \/>\n\t<meta property=\"og:image:width\" content=\"683\" \/>\n\t<meta property=\"og:image:height\" content=\"420\" \/>\n\t<meta property=\"og:image:type\" content=\"image\/jpeg\" \/>\n<meta name=\"author\" content=\"7culture2020\" \/>\n<meta name=\"twitter:card\" content=\"summary_large_image\" \/>\n<meta name=\"twitter:creator\" content=\"@7culturec\" \/>\n<meta name=\"twitter:site\" content=\"@7culturec\" \/>\n<meta name=\"twitter:label1\" content=\"\u00c9crit par\" \/>\n\t<meta name=\"twitter:data1\" content=\"7culture2020\" \/>\n\t<meta name=\"twitter:label2\" content=\"Dur\u00e9e de lecture estim\u00e9e\" \/>\n\t<meta name=\"twitter:data2\" content=\"2 minutes\" \/>\n<script type=\"application\/ld+json\" class=\"yoast-schema-graph\">{\"@context\":\"https:\/\/schema.org\",\"@graph\":[{\"@type\":\"Article\",\"@id\":\"https:\/\/7culture.ci\/index.php\/2022\/06\/20\/40-de-la-fete-de-la-musique-voila-pourquoi-ca-reussit-toujours\/#article\",\"isPartOf\":{\"@id\":\"https:\/\/7culture.ci\/index.php\/2022\/06\/20\/40-de-la-fete-de-la-musique-voila-pourquoi-ca-reussit-toujours\/\"},\"author\":{\"name\":\"7culture2020\",\"@id\":\"https:\/\/7culture.ci\/#\/schema\/person\/16150d28d7ef66ba788c1f87f28c4426\"},\"headline\":\"40 de la f\u00eate de la musique\u00a0: Voil\u00e0 pourquoi \u00e7a r\u00e9ussit toujours\",\"datePublished\":\"2022-06-20T15:13:44+00:00\",\"dateModified\":\"2022-06-24T11:17:22+00:00\",\"mainEntityOfPage\":{\"@id\":\"https:\/\/7culture.ci\/index.php\/2022\/06\/20\/40-de-la-fete-de-la-musique-voila-pourquoi-ca-reussit-toujours\/\"},\"wordCount\":388,\"commentCount\":0,\"publisher\":{\"@id\":\"https:\/\/7culture.ci\/#organization\"},\"articleSection\":[\"Actualit\u00e9\"],\"inLanguage\":\"fr-FR\",\"potentialAction\":[{\"@type\":\"CommentAction\",\"name\":\"Comment\",\"target\":[\"https:\/\/7culture.ci\/index.php\/2022\/06\/20\/40-de-la-fete-de-la-musique-voila-pourquoi-ca-reussit-toujours\/#respond\"]}]},{\"@type\":\"WebPage\",\"@id\":\"https:\/\/7culture.ci\/index.php\/2022\/06\/20\/40-de-la-fete-de-la-musique-voila-pourquoi-ca-reussit-toujours\/\",\"url\":\"https:\/\/7culture.ci\/index.php\/2022\/06\/20\/40-de-la-fete-de-la-musique-voila-pourquoi-ca-reussit-toujours\/\",\"name\":\"40 de la f\u00eate de la musique\u00a0: Voil\u00e0 pourquoi \u00e7a r\u00e9ussit toujours -\",\"isPartOf\":{\"@id\":\"https:\/\/7culture.ci\/#website\"},\"datePublished\":\"2022-06-20T15:13:44+00:00\",\"dateModified\":\"2022-06-24T11:17:22+00:00\",\"breadcrumb\":{\"@id\":\"https:\/\/7culture.ci\/index.php\/2022\/06\/20\/40-de-la-fete-de-la-musique-voila-pourquoi-ca-reussit-toujours\/#breadcrumb\"},\"inLanguage\":\"fr-FR\",\"potentialAction\":[{\"@type\":\"ReadAction\",\"target\":[\"https:\/\/7culture.ci\/index.php\/2022\/06\/20\/40-de-la-fete-de-la-musique-voila-pourquoi-ca-reussit-toujours\/\"]}]},{\"@type\":\"BreadcrumbList\",\"@id\":\"https:\/\/7culture.ci\/index.php\/2022\/06\/20\/40-de-la-fete-de-la-musique-voila-pourquoi-ca-reussit-toujours\/#breadcrumb\",\"itemListElement\":[{\"@type\":\"ListItem\",\"position\":1,\"name\":\"Accueil\",\"item\":\"https:\/\/7culture.ci\/\"},{\"@type\":\"ListItem\",\"position\":2,\"name\":\"40 de la f\u00eate de la musique\u00a0: Voil\u00e0 pourquoi \u00e7a r\u00e9ussit toujours\"}]},{\"@type\":\"WebSite\",\"@id\":\"https:\/\/7culture.ci\/#website\",\"url\":\"https:\/\/7culture.ci\/\",\"name\":\"7culture\",\"description\":\"Tout sur l&#039;actualit\u00e9\",\"publisher\":{\"@id\":\"https:\/\/7culture.ci\/#organization\"},\"potentialAction\":[{\"@type\":\"SearchAction\",\"target\":{\"@type\":\"EntryPoint\",\"urlTemplate\":\"https:\/\/7culture.ci\/?s={search_term_string}\"},\"query-input\":\"required name=search_term_string\"}],\"inLanguage\":\"fr-FR\"},{\"@type\":\"Organization\",\"@id\":\"https:\/\/7culture.ci\/#organization\",\"name\":\"7culture\",\"url\":\"https:\/\/7culture.ci\/\",\"sameAs\":[\"https:\/\/www.facebook.com\/redchefclaude\",\"https:\/\/twitter.com\/7culturec\"],\"logo\":{\"@type\":\"ImageObject\",\"inLanguage\":\"fr-FR\",\"@id\":\"https:\/\/7culture.ci\/#\/schema\/logo\/image\/\",\"url\":\"https:\/\/7culture.ci\/wp-content\/uploads\/2021\/12\/S1a-1.png\",\"contentUrl\":\"https:\/\/7culture.ci\/wp-content\/uploads\/2021\/12\/S1a-1.png\",\"width\":588,\"height\":192,\"caption\":\"7culture\"},\"image\":{\"@id\":\"https:\/\/7culture.ci\/#\/schema\/logo\/image\/\"}},{\"@type\":\"Person\",\"@id\":\"https:\/\/7culture.ci\/#\/schema\/person\/16150d28d7ef66ba788c1f87f28c4426\",\"name\":\"7culture2020\",\"image\":{\"@type\":\"ImageObject\",\"inLanguage\":\"fr-FR\",\"@id\":\"https:\/\/7culture.ci\/#\/schema\/person\/image\/\",\"url\":\"https:\/\/secure.gravatar.com\/avatar\/9a0784f951306c37bcd065f52844ef95?s=96&d=mm&r=g\",\"contentUrl\":\"https:\/\/secure.gravatar.com\/avatar\/9a0784f951306c37bcd065f52844ef95?s=96&d=mm&r=g\",\"caption\":\"7culture2020\"},\"sameAs\":[\"http:\/\/7culture.ci\",\"Claude.kipre\"],\"url\":\"https:\/\/7culture.ci\/index.php\/author\/7culture2020\/\"}]}<\/script>\n<!-- \/ Yoast SEO plugin. -->","yoast_head_json":{"title":"40 de la f\u00eate de la musique\u00a0: Voil\u00e0 pourquoi \u00e7a r\u00e9ussit toujours -","robots":{"index":"index","follow":"follow","max-snippet":"max-snippet:-1","max-image-preview":"max-image-preview:large","max-video-preview":"max-video-preview:-1"},"canonical":"https:\/\/7culture.ci\/index.php\/2022\/06\/20\/40-de-la-fete-de-la-musique-voila-pourquoi-ca-reussit-toujours\/","og_locale":"fr_FR","og_type":"article","og_title":"40 de la f\u00eate de la musique\u00a0: Voil\u00e0 pourquoi \u00e7a r\u00e9ussit toujours -","og_description":"La F\u00eate de la musique a \u00e9t\u00e9 fix\u00e9e \u00e0 une date unique et symbolique, le 21 juin, jour du solstice d\u2019\u00e9t\u00e9. Grande manifestation populaire gratuite et ouverte \u00e0 tous les musiciens, amateurs de tous niveaux ou professionnels, elle c\u00e9l\u00e8bre la musique vivante et met en valeur l\u2019ampleur et la diversit\u00e9 des pratiques musicales, ainsi que &hellip; 40 de la f\u00eate de la musique\u00a0: Voil\u00e0 pourquoi \u00e7a r\u00e9ussit toujours Lire la suite\u00a0\u00bb","og_url":"https:\/\/7culture.ci\/index.php\/2022\/06\/20\/40-de-la-fete-de-la-musique-voila-pourquoi-ca-reussit-toujours\/","og_site_name":"7culture","article_publisher":"https:\/\/www.facebook.com\/redchefclaude","article_published_time":"2022-06-20T15:13:44+00:00","article_modified_time":"2022-06-24T11:17:22+00:00","og_image":[{"width":683,"height":420,"url":"http:\/\/7culture.ci\/wp-content\/uploads\/2022\/06\/fete1.jpg","type":"image\/jpeg"}],"author":"7culture2020","twitter_card":"summary_large_image","twitter_creator":"@7culturec","twitter_site":"@7culturec","twitter_misc":{"\u00c9crit par":"7culture2020","Dur\u00e9e de lecture estim\u00e9e":"2 minutes"},"schema":{"@context":"https:\/\/schema.org","@graph":[{"@type":"Article","@id":"https:\/\/7culture.ci\/index.php\/2022\/06\/20\/40-de-la-fete-de-la-musique-voila-pourquoi-ca-reussit-toujours\/#article","isPartOf":{"@id":"https:\/\/7culture.ci\/index.php\/2022\/06\/20\/40-de-la-fete-de-la-musique-voila-pourquoi-ca-reussit-toujours\/"},"author":{"name":"7culture2020","@id":"https:\/\/7culture.ci\/#\/schema\/person\/16150d28d7ef66ba788c1f87f28c4426"},"headline":"40 de la f\u00eate de la musique\u00a0: Voil\u00e0 pourquoi \u00e7a r\u00e9ussit toujours","datePublished":"2022-06-20T15:13:44+00:00","dateModified":"2022-06-24T11:17:22+00:00","mainEntityOfPage":{"@id":"https:\/\/7culture.ci\/index.php\/2022\/06\/20\/40-de-la-fete-de-la-musique-voila-pourquoi-ca-reussit-toujours\/"},"wordCount":388,"commentCount":0,"publisher":{"@id":"https:\/\/7culture.ci\/#organization"},"articleSection":["Actualit\u00e9"],"inLanguage":"fr-FR","potentialAction":[{"@type":"CommentAction","name":"Comment","target":["https:\/\/7culture.ci\/index.php\/2022\/06\/20\/40-de-la-fete-de-la-musique-voila-pourquoi-ca-reussit-toujours\/#respond"]}]},{"@type":"WebPage","@id":"https:\/\/7culture.ci\/index.php\/2022\/06\/20\/40-de-la-fete-de-la-musique-voila-pourquoi-ca-reussit-toujours\/","url":"https:\/\/7culture.ci\/index.php\/2022\/06\/20\/40-de-la-fete-de-la-musique-voila-pourquoi-ca-reussit-toujours\/","name":"40 de la f\u00eate de la musique\u00a0: Voil\u00e0 pourquoi \u00e7a r\u00e9ussit toujours -","isPartOf":{"@id":"https:\/\/7culture.ci\/#website"},"datePublished":"2022-06-20T15:13:44+00:00","dateModified":"2022-06-24T11:17:22+00:00","breadcrumb":{"@id":"https:\/\/7culture.ci\/index.php\/2022\/06\/20\/40-de-la-fete-de-la-musique-voila-pourquoi-ca-reussit-toujours\/#breadcrumb"},"inLanguage":"fr-FR","potentialAction":[{"@type":"ReadAction","target":["https:\/\/7culture.ci\/index.php\/2022\/06\/20\/40-de-la-fete-de-la-musique-voila-pourquoi-ca-reussit-toujours\/"]}]},{"@type":"BreadcrumbList","@id":"https:\/\/7culture.ci\/index.php\/2022\/06\/20\/40-de-la-fete-de-la-musique-voila-pourquoi-ca-reussit-toujours\/#breadcrumb","itemListElement":[{"@type":"ListItem","position":1,"name":"Accueil","item":"https:\/\/7culture.ci\/"},{"@type":"ListItem","position":2,"name":"40 de la f\u00eate de la musique\u00a0: Voil\u00e0 pourquoi \u00e7a r\u00e9ussit toujours"}]},{"@type":"WebSite","@id":"https:\/\/7culture.ci\/#website","url":"https:\/\/7culture.ci\/","name":"7culture","description":"Tout sur l&#039;actualit\u00e9","publisher":{"@id":"https:\/\/7culture.ci\/#organization"},"potentialAction":[{"@type":"SearchAction","target":{"@type":"EntryPoint","urlTemplate":"https:\/\/7culture.ci\/?s={search_term_string}"},"query-input":"required name=search_term_string"}],"inLanguage":"fr-FR"},{"@type":"Organization","@id":"https:\/\/7culture.ci\/#organization","name":"7culture","url":"https:\/\/7culture.ci\/","sameAs":["https:\/\/www.facebook.com\/redchefclaude","https:\/\/twitter.com\/7culturec"],"logo":{"@type":"ImageObject","inLanguage":"fr-FR","@id":"https:\/\/7culture.ci\/#\/schema\/logo\/image\/","url":"https:\/\/7culture.ci\/wp-content\/uploads\/2021\/12\/S1a-1.png","contentUrl":"https:\/\/7culture.ci\/wp-content\/uploads\/2021\/12\/S1a-1.png","width":588,"height":192,"caption":"7culture"},"image":{"@id":"https:\/\/7culture.ci\/#\/schema\/logo\/image\/"}},{"@type":"Person","@id":"https:\/\/7culture.ci\/#\/schema\/person\/16150d28d7ef66ba788c1f87f28c4426","name":"7culture2020","image":{"@type":"ImageObject","inLanguage":"fr-FR","@id":"https:\/\/7culture.ci\/#\/schema\/person\/image\/","url":"https:\/\/secure.gravatar.com\/avatar\/9a0784f951306c37bcd065f52844ef95?s=96&d=mm&r=g","contentUrl":"https:\/\/secure.gravatar.com\/avatar\/9a0784f951306c37bcd065f52844ef95?s=96&d=mm&r=g","caption":"7culture2020"},"sameAs":["http:\/\/7culture.ci","Claude.kipre"],"url":"https:\/\/7culture.ci\/index.php\/author\/7culture2020\/"}]}},"jetpack_featured_media_url":"https:\/\/7culture.ci\/wp-content\/uploads\/2022\/06\/fete1.jpg","jetpack_likes_enabled":true,"jetpack_sharing_enabled":true,"_links":{"self":[{"href":"https:\/\/7culture.ci\/index.php\/wp-json\/wp\/v2\/posts\/21789"}],"collection":[{"href":"https:\/\/7culture.ci\/index.php\/wp-json\/wp\/v2\/posts"}],"about":[{"href":"https:\/\/7culture.ci\/index.php\/wp-json\/wp\/v2\/types\/post"}],"author":[{"embeddable":true,"href":"https:\/\/7culture.ci\/index.php\/wp-json\/wp\/v2\/users\/1"}],"replies":[{"embeddable":true,"href":"https:\/\/7culture.ci\/index.php\/wp-json\/wp\/v2\/comments?post=21789"}],"version-history":[{"count":0,"href":"https:\/\/7culture.ci\/index.php\/wp-json\/wp\/v2\/posts\/21789\/revisions"}],"wp:featuredmedia":[{"embeddable":true,"href":"https:\/\/7culture.ci\/index.php\/wp-json\/wp\/v2\/media\/21790"}],"wp:attachment":[{"href":"https:\/\/7culture.ci\/index.php\/wp-json\/wp\/v2\/media?parent=21789"}],"wp:term":[{"taxonomy":"category","embeddable":true,"href":"https:\/\/7culture.ci\/index.php\/wp-json\/wp\/v2\/categories?post=21789"},{"taxonomy":"post_tag","embeddable":true,"href":"https:\/\/7culture.ci\/index.php\/wp-json\/wp\/v2\/tags?post=21789"}],"curies":[{"name":"wp","href":"https:\/\/api.w.org\/{rel}","templated":true}]}}