{"id":21781,"date":"2022-06-20T16:12:35","date_gmt":"2022-06-20T14:12:35","guid":{"rendered":"https:\/\/7culture.ci\/?p=21781"},"modified":"2022-06-20T16:12:53","modified_gmt":"2022-06-20T14:12:53","slug":"paco-sery-a-linstitut-francais-pour-celebrer-ses-50-ans-de-carriere","status":"publish","type":"post","link":"https:\/\/7culture.ci\/index.php\/2022\/06\/20\/paco-sery-a-linstitut-francais-pour-celebrer-ses-50-ans-de-carriere\/","title":{"rendered":"Paco Sery \u00e0 l\u2019Institut fran\u00e7ais pour c\u00e9l\u00e9brer ses 50 ans de carri\u00e8re\u00a0\u00a0"},"content":{"rendered":"\n<p>Le batteur ivoirien de renomm\u00e9e mondiale Paco Sery, organise un concert pour c\u00e9l\u00e9brer cinq d\u00e9cennies de carri\u00e8re. Cette symphonie aura lieu le mardi 21 juin 2022 \u00e0 l\u2019institut fran\u00e7ais de C\u00f4te d\u2019Ivoire (IFCI).<\/p>\n\n\n\n<p>Faiseur de jazz et batteur de tr\u00e8s haut niveau, Paco Sery, natif de la ville de Divo en 1956, a collabor\u00e9 avec des sommit\u00e9s de la musique au nombre desquelles Manu Dibango, Salif Keita, Jaco Pastorius, Nina Simone, Joe Zawinul etc.<\/p>\n\n\n\n<p>Il est l\u2019un des membres fondateurs du groupe de Jazz-fusion Sixun n\u00e9 en 1980 et toujours en activit\u00e9 qui a fait sensation, en autres, au Sunset Sunside \u00e0 Paris en juin 2010 ou encore le 5 juillet 2017 au festival de Jazz \u00e0 Vienne.<\/p>\n\n\n\n<p>Paco Sery \u00e9tait l\u2019invit\u00e9 d\u2019honneur du March\u00e9 des arts du spectacle d\u2019Abidjan (MASA) en mars 2022. Peu m\u00e9diatique, il est le premier musicien ivoirien \u00e0 avoir obtenu deux Grammy Awards en 1996 et en 2010 aux Etats-Unis.<\/p>\n\n\n\n<p>Thierry Samuel<\/p>\n","protected":false},"excerpt":{"rendered":"<p>Le batteur ivoirien de renomm\u00e9e mondiale Paco Sery, organise un concert pour c\u00e9l\u00e9brer cinq d\u00e9cennies de carri\u00e8re. Cette symphonie aura lieu le mardi 21 juin 2022 \u00e0 l\u2019institut fran\u00e7ais de C\u00f4te d\u2019Ivoire (IFCI). Faiseur de jazz et batteur de tr\u00e8s haut niveau, Paco Sery, natif de la ville de Divo en 1956, a collabor\u00e9 avec &hellip;<\/p>\n<p class=\"read-more\"> <a class=\"\" href=\"https:\/\/7culture.ci\/index.php\/2022\/06\/20\/paco-sery-a-linstitut-francais-pour-celebrer-ses-50-ans-de-carriere\/\"> <span class=\"screen-reader-text\">Paco Sery \u00e0 l\u2019Institut fran\u00e7ais pour c\u00e9l\u00e9brer ses 50 ans de carri\u00e8re\u00a0\u00a0<\/span> Lire la suite\u00a0\u00bb<\/a><\/p>\n","protected":false},"author":1,"featured_media":21782,"comment_status":"open","ping_status":"open","sticky":false,"template":"","format":"standard","meta":{"_mi_skip_tracking":false,"_monsterinsights_sitenote_active":false,"_monsterinsights_sitenote_note":"","_monsterinsights_sitenote_category":0,"site-sidebar-layout":"default","site-content-layout":"default","ast-global-header-display":"","ast-main-header-display":"","ast-hfb-above-header-display":"","ast-hfb-below-header-display":"","ast-hfb-mobile-header-display":"","site-post-title":"","ast-breadcrumbs-content":"","ast-featured-img":"","footer-sml-layout":"","theme-transparent-header-meta":"","adv-header-id-meta":"","stick-header-meta":"","header-above-stick-meta":"","header-main-stick-meta":"","header-below-stick-meta":"","footnotes":"","jetpack_publicize_message":"","jetpack_is_tweetstorm":false,"jetpack_publicize_feature_enabled":true},"categories":[16],"tags":[],"jetpack_publicize_connections":[],"acf":[],"aioseo_notices":[],"yoast_head":"<!-- This site is optimized with the Yoast SEO plugin v19.6.1 - https:\/\/yoast.com\/wordpress\/plugins\/seo\/ -->\n<title>Paco Sery \u00e0 l\u2019Institut fran\u00e7ais pour c\u00e9l\u00e9brer ses 50 ans de carri\u00e8re\u00a0\u00a0 -<\/title>\n<meta name=\"robots\" content=\"index, follow, max-snippet:-1, max-image-preview:large, max-video-preview:-1\" \/>\n<link rel=\"canonical\" href=\"https:\/\/7culture.ci\/index.php\/2022\/06\/20\/paco-sery-a-linstitut-francais-pour-celebrer-ses-50-ans-de-carriere\/\" \/>\n<meta property=\"og:locale\" content=\"fr_FR\" \/>\n<meta property=\"og:type\" content=\"article\" \/>\n<meta property=\"og:title\" content=\"Paco Sery \u00e0 l\u2019Institut fran\u00e7ais pour c\u00e9l\u00e9brer ses 50 ans de carri\u00e8re\u00a0\u00a0 -\" \/>\n<meta property=\"og:description\" content=\"Le batteur ivoirien de renomm\u00e9e mondiale Paco Sery, organise un concert pour c\u00e9l\u00e9brer cinq d\u00e9cennies de carri\u00e8re. Cette symphonie aura lieu le mardi 21 juin 2022 \u00e0 l\u2019institut fran\u00e7ais de C\u00f4te d\u2019Ivoire (IFCI). Faiseur de jazz et batteur de tr\u00e8s haut niveau, Paco Sery, natif de la ville de Divo en 1956, a collabor\u00e9 avec &hellip; Paco Sery \u00e0 l\u2019Institut fran\u00e7ais pour c\u00e9l\u00e9brer ses 50 ans de carri\u00e8re\u00a0\u00a0 Lire la suite\u00a0\u00bb\" \/>\n<meta property=\"og:url\" content=\"https:\/\/7culture.ci\/index.php\/2022\/06\/20\/paco-sery-a-linstitut-francais-pour-celebrer-ses-50-ans-de-carriere\/\" \/>\n<meta property=\"og:site_name\" content=\"7culture\" \/>\n<meta property=\"article:publisher\" content=\"https:\/\/www.facebook.com\/redchefclaude\" \/>\n<meta property=\"article:published_time\" content=\"2022-06-20T14:12:35+00:00\" \/>\n<meta property=\"article:modified_time\" content=\"2022-06-20T14:12:53+00:00\" \/>\n<meta property=\"og:image\" content=\"http:\/\/7culture.ci\/wp-content\/uploads\/2022\/06\/WhatsApp-Image-2022-06-20-at-11.34.31.jpeg\" \/>\n\t<meta property=\"og:image:width\" content=\"744\" \/>\n\t<meta property=\"og:image:height\" content=\"446\" \/>\n\t<meta property=\"og:image:type\" content=\"image\/jpeg\" \/>\n<meta name=\"author\" content=\"7culture2020\" \/>\n<meta name=\"twitter:card\" content=\"summary_large_image\" \/>\n<meta name=\"twitter:creator\" content=\"@7culturec\" \/>\n<meta name=\"twitter:site\" content=\"@7culturec\" \/>\n<meta name=\"twitter:label1\" content=\"\u00c9crit par\" \/>\n\t<meta name=\"twitter:data1\" content=\"7culture2020\" \/>\n\t<meta name=\"twitter:label2\" content=\"Dur\u00e9e de lecture estim\u00e9e\" \/>\n\t<meta name=\"twitter:data2\" content=\"1 minute\" \/>\n<script type=\"application\/ld+json\" class=\"yoast-schema-graph\">{\"@context\":\"https:\/\/schema.org\",\"@graph\":[{\"@type\":\"Article\",\"@id\":\"https:\/\/7culture.ci\/index.php\/2022\/06\/20\/paco-sery-a-linstitut-francais-pour-celebrer-ses-50-ans-de-carriere\/#article\",\"isPartOf\":{\"@id\":\"https:\/\/7culture.ci\/index.php\/2022\/06\/20\/paco-sery-a-linstitut-francais-pour-celebrer-ses-50-ans-de-carriere\/\"},\"author\":{\"name\":\"7culture2020\",\"@id\":\"https:\/\/7culture.ci\/#\/schema\/person\/16150d28d7ef66ba788c1f87f28c4426\"},\"headline\":\"Paco Sery \u00e0 l\u2019Institut fran\u00e7ais pour c\u00e9l\u00e9brer ses 50 ans de carri\u00e8re\u00a0\u00a0\",\"datePublished\":\"2022-06-20T14:12:35+00:00\",\"dateModified\":\"2022-06-20T14:12:53+00:00\",\"mainEntityOfPage\":{\"@id\":\"https:\/\/7culture.ci\/index.php\/2022\/06\/20\/paco-sery-a-linstitut-francais-pour-celebrer-ses-50-ans-de-carriere\/\"},\"wordCount\":174,\"commentCount\":0,\"publisher\":{\"@id\":\"https:\/\/7culture.ci\/#organization\"},\"articleSection\":[\"Musique\"],\"inLanguage\":\"fr-FR\",\"potentialAction\":[{\"@type\":\"CommentAction\",\"name\":\"Comment\",\"target\":[\"https:\/\/7culture.ci\/index.php\/2022\/06\/20\/paco-sery-a-linstitut-francais-pour-celebrer-ses-50-ans-de-carriere\/#respond\"]}]},{\"@type\":\"WebPage\",\"@id\":\"https:\/\/7culture.ci\/index.php\/2022\/06\/20\/paco-sery-a-linstitut-francais-pour-celebrer-ses-50-ans-de-carriere\/\",\"url\":\"https:\/\/7culture.ci\/index.php\/2022\/06\/20\/paco-sery-a-linstitut-francais-pour-celebrer-ses-50-ans-de-carriere\/\",\"name\":\"Paco Sery \u00e0 l\u2019Institut fran\u00e7ais pour c\u00e9l\u00e9brer ses 50 ans de carri\u00e8re\u00a0\u00a0 -\",\"isPartOf\":{\"@id\":\"https:\/\/7culture.ci\/#website\"},\"datePublished\":\"2022-06-20T14:12:35+00:00\",\"dateModified\":\"2022-06-20T14:12:53+00:00\",\"breadcrumb\":{\"@id\":\"https:\/\/7culture.ci\/index.php\/2022\/06\/20\/paco-sery-a-linstitut-francais-pour-celebrer-ses-50-ans-de-carriere\/#breadcrumb\"},\"inLanguage\":\"fr-FR\",\"potentialAction\":[{\"@type\":\"ReadAction\",\"target\":[\"https:\/\/7culture.ci\/index.php\/2022\/06\/20\/paco-sery-a-linstitut-francais-pour-celebrer-ses-50-ans-de-carriere\/\"]}]},{\"@type\":\"BreadcrumbList\",\"@id\":\"https:\/\/7culture.ci\/index.php\/2022\/06\/20\/paco-sery-a-linstitut-francais-pour-celebrer-ses-50-ans-de-carriere\/#breadcrumb\",\"itemListElement\":[{\"@type\":\"ListItem\",\"position\":1,\"name\":\"Accueil\",\"item\":\"https:\/\/7culture.ci\/\"},{\"@type\":\"ListItem\",\"position\":2,\"name\":\"Paco Sery \u00e0 l\u2019Institut fran\u00e7ais pour c\u00e9l\u00e9brer ses 50 ans de carri\u00e8re\u00a0\u00a0\"}]},{\"@type\":\"WebSite\",\"@id\":\"https:\/\/7culture.ci\/#website\",\"url\":\"https:\/\/7culture.ci\/\",\"name\":\"7culture\",\"description\":\"Tout sur l&#039;actualit\u00e9\",\"publisher\":{\"@id\":\"https:\/\/7culture.ci\/#organization\"},\"potentialAction\":[{\"@type\":\"SearchAction\",\"target\":{\"@type\":\"EntryPoint\",\"urlTemplate\":\"https:\/\/7culture.ci\/?s={search_term_string}\"},\"query-input\":\"required name=search_term_string\"}],\"inLanguage\":\"fr-FR\"},{\"@type\":\"Organization\",\"@id\":\"https:\/\/7culture.ci\/#organization\",\"name\":\"7culture\",\"url\":\"https:\/\/7culture.ci\/\",\"sameAs\":[\"https:\/\/www.facebook.com\/redchefclaude\",\"https:\/\/twitter.com\/7culturec\"],\"logo\":{\"@type\":\"ImageObject\",\"inLanguage\":\"fr-FR\",\"@id\":\"https:\/\/7culture.ci\/#\/schema\/logo\/image\/\",\"url\":\"https:\/\/7culture.ci\/wp-content\/uploads\/2021\/12\/S1a-1.png\",\"contentUrl\":\"https:\/\/7culture.ci\/wp-content\/uploads\/2021\/12\/S1a-1.png\",\"width\":588,\"height\":192,\"caption\":\"7culture\"},\"image\":{\"@id\":\"https:\/\/7culture.ci\/#\/schema\/logo\/image\/\"}},{\"@type\":\"Person\",\"@id\":\"https:\/\/7culture.ci\/#\/schema\/person\/16150d28d7ef66ba788c1f87f28c4426\",\"name\":\"7culture2020\",\"image\":{\"@type\":\"ImageObject\",\"inLanguage\":\"fr-FR\",\"@id\":\"https:\/\/7culture.ci\/#\/schema\/person\/image\/\",\"url\":\"https:\/\/secure.gravatar.com\/avatar\/9a0784f951306c37bcd065f52844ef95?s=96&d=mm&r=g\",\"contentUrl\":\"https:\/\/secure.gravatar.com\/avatar\/9a0784f951306c37bcd065f52844ef95?s=96&d=mm&r=g\",\"caption\":\"7culture2020\"},\"sameAs\":[\"http:\/\/7culture.ci\",\"Claude.kipre\"],\"url\":\"https:\/\/7culture.ci\/index.php\/author\/7culture2020\/\"}]}<\/script>\n<!-- \/ Yoast SEO plugin. -->","yoast_head_json":{"title":"Paco Sery \u00e0 l\u2019Institut fran\u00e7ais pour c\u00e9l\u00e9brer ses 50 ans de carri\u00e8re\u00a0\u00a0 -","robots":{"index":"index","follow":"follow","max-snippet":"max-snippet:-1","max-image-preview":"max-image-preview:large","max-video-preview":"max-video-preview:-1"},"canonical":"https:\/\/7culture.ci\/index.php\/2022\/06\/20\/paco-sery-a-linstitut-francais-pour-celebrer-ses-50-ans-de-carriere\/","og_locale":"fr_FR","og_type":"article","og_title":"Paco Sery \u00e0 l\u2019Institut fran\u00e7ais pour c\u00e9l\u00e9brer ses 50 ans de carri\u00e8re\u00a0\u00a0 -","og_description":"Le batteur ivoirien de renomm\u00e9e mondiale Paco Sery, organise un concert pour c\u00e9l\u00e9brer cinq d\u00e9cennies de carri\u00e8re. Cette symphonie aura lieu le mardi 21 juin 2022 \u00e0 l\u2019institut fran\u00e7ais de C\u00f4te d\u2019Ivoire (IFCI). Faiseur de jazz et batteur de tr\u00e8s haut niveau, Paco Sery, natif de la ville de Divo en 1956, a collabor\u00e9 avec &hellip; Paco Sery \u00e0 l\u2019Institut fran\u00e7ais pour c\u00e9l\u00e9brer ses 50 ans de carri\u00e8re\u00a0\u00a0 Lire la suite\u00a0\u00bb","og_url":"https:\/\/7culture.ci\/index.php\/2022\/06\/20\/paco-sery-a-linstitut-francais-pour-celebrer-ses-50-ans-de-carriere\/","og_site_name":"7culture","article_publisher":"https:\/\/www.facebook.com\/redchefclaude","article_published_time":"2022-06-20T14:12:35+00:00","article_modified_time":"2022-06-20T14:12:53+00:00","og_image":[{"width":744,"height":446,"url":"http:\/\/7culture.ci\/wp-content\/uploads\/2022\/06\/WhatsApp-Image-2022-06-20-at-11.34.31.jpeg","type":"image\/jpeg"}],"author":"7culture2020","twitter_card":"summary_large_image","twitter_creator":"@7culturec","twitter_site":"@7culturec","twitter_misc":{"\u00c9crit par":"7culture2020","Dur\u00e9e de lecture estim\u00e9e":"1 minute"},"schema":{"@context":"https:\/\/schema.org","@graph":[{"@type":"Article","@id":"https:\/\/7culture.ci\/index.php\/2022\/06\/20\/paco-sery-a-linstitut-francais-pour-celebrer-ses-50-ans-de-carriere\/#article","isPartOf":{"@id":"https:\/\/7culture.ci\/index.php\/2022\/06\/20\/paco-sery-a-linstitut-francais-pour-celebrer-ses-50-ans-de-carriere\/"},"author":{"name":"7culture2020","@id":"https:\/\/7culture.ci\/#\/schema\/person\/16150d28d7ef66ba788c1f87f28c4426"},"headline":"Paco Sery \u00e0 l\u2019Institut fran\u00e7ais pour c\u00e9l\u00e9brer ses 50 ans de carri\u00e8re\u00a0\u00a0","datePublished":"2022-06-20T14:12:35+00:00","dateModified":"2022-06-20T14:12:53+00:00","mainEntityOfPage":{"@id":"https:\/\/7culture.ci\/index.php\/2022\/06\/20\/paco-sery-a-linstitut-francais-pour-celebrer-ses-50-ans-de-carriere\/"},"wordCount":174,"commentCount":0,"publisher":{"@id":"https:\/\/7culture.ci\/#organization"},"articleSection":["Musique"],"inLanguage":"fr-FR","potentialAction":[{"@type":"CommentAction","name":"Comment","target":["https:\/\/7culture.ci\/index.php\/2022\/06\/20\/paco-sery-a-linstitut-francais-pour-celebrer-ses-50-ans-de-carriere\/#respond"]}]},{"@type":"WebPage","@id":"https:\/\/7culture.ci\/index.php\/2022\/06\/20\/paco-sery-a-linstitut-francais-pour-celebrer-ses-50-ans-de-carriere\/","url":"https:\/\/7culture.ci\/index.php\/2022\/06\/20\/paco-sery-a-linstitut-francais-pour-celebrer-ses-50-ans-de-carriere\/","name":"Paco Sery \u00e0 l\u2019Institut fran\u00e7ais pour c\u00e9l\u00e9brer ses 50 ans de carri\u00e8re\u00a0\u00a0 -","isPartOf":{"@id":"https:\/\/7culture.ci\/#website"},"datePublished":"2022-06-20T14:12:35+00:00","dateModified":"2022-06-20T14:12:53+00:00","breadcrumb":{"@id":"https:\/\/7culture.ci\/index.php\/2022\/06\/20\/paco-sery-a-linstitut-francais-pour-celebrer-ses-50-ans-de-carriere\/#breadcrumb"},"inLanguage":"fr-FR","potentialAction":[{"@type":"ReadAction","target":["https:\/\/7culture.ci\/index.php\/2022\/06\/20\/paco-sery-a-linstitut-francais-pour-celebrer-ses-50-ans-de-carriere\/"]}]},{"@type":"BreadcrumbList","@id":"https:\/\/7culture.ci\/index.php\/2022\/06\/20\/paco-sery-a-linstitut-francais-pour-celebrer-ses-50-ans-de-carriere\/#breadcrumb","itemListElement":[{"@type":"ListItem","position":1,"name":"Accueil","item":"https:\/\/7culture.ci\/"},{"@type":"ListItem","position":2,"name":"Paco Sery \u00e0 l\u2019Institut fran\u00e7ais pour c\u00e9l\u00e9brer ses 50 ans de carri\u00e8re\u00a0\u00a0"}]},{"@type":"WebSite","@id":"https:\/\/7culture.ci\/#website","url":"https:\/\/7culture.ci\/","name":"7culture","description":"Tout sur l&#039;actualit\u00e9","publisher":{"@id":"https:\/\/7culture.ci\/#organization"},"potentialAction":[{"@type":"SearchAction","target":{"@type":"EntryPoint","urlTemplate":"https:\/\/7culture.ci\/?s={search_term_string}"},"query-input":"required name=search_term_string"}],"inLanguage":"fr-FR"},{"@type":"Organization","@id":"https:\/\/7culture.ci\/#organization","name":"7culture","url":"https:\/\/7culture.ci\/","sameAs":["https:\/\/www.facebook.com\/redchefclaude","https:\/\/twitter.com\/7culturec"],"logo":{"@type":"ImageObject","inLanguage":"fr-FR","@id":"https:\/\/7culture.ci\/#\/schema\/logo\/image\/","url":"https:\/\/7culture.ci\/wp-content\/uploads\/2021\/12\/S1a-1.png","contentUrl":"https:\/\/7culture.ci\/wp-content\/uploads\/2021\/12\/S1a-1.png","width":588,"height":192,"caption":"7culture"},"image":{"@id":"https:\/\/7culture.ci\/#\/schema\/logo\/image\/"}},{"@type":"Person","@id":"https:\/\/7culture.ci\/#\/schema\/person\/16150d28d7ef66ba788c1f87f28c4426","name":"7culture2020","image":{"@type":"ImageObject","inLanguage":"fr-FR","@id":"https:\/\/7culture.ci\/#\/schema\/person\/image\/","url":"https:\/\/secure.gravatar.com\/avatar\/9a0784f951306c37bcd065f52844ef95?s=96&d=mm&r=g","contentUrl":"https:\/\/secure.gravatar.com\/avatar\/9a0784f951306c37bcd065f52844ef95?s=96&d=mm&r=g","caption":"7culture2020"},"sameAs":["http:\/\/7culture.ci","Claude.kipre"],"url":"https:\/\/7culture.ci\/index.php\/author\/7culture2020\/"}]}},"jetpack_featured_media_url":"https:\/\/7culture.ci\/wp-content\/uploads\/2022\/06\/WhatsApp-Image-2022-06-20-at-11.34.31.jpeg","jetpack_likes_enabled":true,"jetpack_sharing_enabled":true,"_links":{"self":[{"href":"https:\/\/7culture.ci\/index.php\/wp-json\/wp\/v2\/posts\/21781"}],"collection":[{"href":"https:\/\/7culture.ci\/index.php\/wp-json\/wp\/v2\/posts"}],"about":[{"href":"https:\/\/7culture.ci\/index.php\/wp-json\/wp\/v2\/types\/post"}],"author":[{"embeddable":true,"href":"https:\/\/7culture.ci\/index.php\/wp-json\/wp\/v2\/users\/1"}],"replies":[{"embeddable":true,"href":"https:\/\/7culture.ci\/index.php\/wp-json\/wp\/v2\/comments?post=21781"}],"version-history":[{"count":0,"href":"https:\/\/7culture.ci\/index.php\/wp-json\/wp\/v2\/posts\/21781\/revisions"}],"wp:featuredmedia":[{"embeddable":true,"href":"https:\/\/7culture.ci\/index.php\/wp-json\/wp\/v2\/media\/21782"}],"wp:attachment":[{"href":"https:\/\/7culture.ci\/index.php\/wp-json\/wp\/v2\/media?parent=21781"}],"wp:term":[{"taxonomy":"category","embeddable":true,"href":"https:\/\/7culture.ci\/index.php\/wp-json\/wp\/v2\/categories?post=21781"},{"taxonomy":"post_tag","embeddable":true,"href":"https:\/\/7culture.ci\/index.php\/wp-json\/wp\/v2\/tags?post=21781"}],"curies":[{"name":"wp","href":"https:\/\/api.w.org\/{rel}","templated":true}]}}