{"id":21758,"date":"2022-06-16T16:02:58","date_gmt":"2022-06-16T14:02:58","guid":{"rendered":"https:\/\/7culture.ci\/?p=21758"},"modified":"2022-06-16T17:30:44","modified_gmt":"2022-06-16T15:30:44","slug":"youssou-ndour-et-le-super-etoile-de-dakar-attaquent-paris","status":"publish","type":"post","link":"https:\/\/7culture.ci\/index.php\/2022\/06\/16\/youssou-ndour-et-le-super-etoile-de-dakar-attaquent-paris\/","title":{"rendered":"Youssou Ndour et Le Super Etoile de Dakar attaquent Paris\u00a0!\u00a0"},"content":{"rendered":"\n<p>La m\u00e9ga star s\u00e9n\u00e9galaise Youssou Ndour et son orchestre Le Super Etoile de Dakar se produiront sur la sc\u00e8ne de l\u2019Accor Arena de Paris-Bercy le 18 juin 2022. Ce sera dans le cadre de la traditionnelle tourn\u00e9e Grand Bal du chanteur dakarois.<\/p>\n\n\n\n<p>Le show parisien de You est le troisi\u00e8me d\u2019une s\u00e9rie de spectacles qui a d\u00e9but\u00e9 le 13 mai dernier \u00e0 New York aux Etats-Unis et qui prendra fin le 14 octobre \u00e0 Tr\u00e9laz\u00e9 en France.<\/p>\n\n\n\n<p>Pour ce show, o\u00f9 plus de vingt mille spectateurs sont attendus, l\u2019artiste promet une cohorte d\u2019invit\u00e9s de marque provenant du continent africain, mais pour l\u2019heure, aucun nom n\u2019a \u00e9t\u00e9 d\u00e9voil\u00e9. &nbsp;<\/p>\n\n\n\n<p>R\u00e9unir toute la diaspora africaine en France pour un moment de partage et de f\u00eate, est un pr\u00e9texte parfait pour Youssou Ndour. Ce sera une aubaine pour lui de jouer en live pour la premi\u00e8re fois \u00e0 l\u2019Accor Arena, les titres de son dernier album \u2018\u2019Mbalax\u2019\u2019, sorti le 12 novembre 2021. Un album d\u00e9di\u00e9 \u00e0 son style musical de pr\u00e9dilection qu\u2019il d\u00e9fend depuis plus de 30 ans de carri\u00e8re. <\/p>\n\n\n\n<p>Thierry Samuel<\/p>\n","protected":false},"excerpt":{"rendered":"<p>La m\u00e9ga star s\u00e9n\u00e9galaise Youssou Ndour et son orchestre Le Super Etoile de Dakar se produiront sur la sc\u00e8ne de l\u2019Accor Arena de Paris-Bercy le 18 juin 2022. Ce sera dans le cadre de la traditionnelle tourn\u00e9e Grand Bal du chanteur dakarois. Le show parisien de You est le troisi\u00e8me d\u2019une s\u00e9rie de spectacles qui &hellip;<\/p>\n<p class=\"read-more\"> <a class=\"\" href=\"https:\/\/7culture.ci\/index.php\/2022\/06\/16\/youssou-ndour-et-le-super-etoile-de-dakar-attaquent-paris\/\"> <span class=\"screen-reader-text\">Youssou Ndour et Le Super Etoile de Dakar attaquent Paris\u00a0!\u00a0<\/span> Lire la suite\u00a0\u00bb<\/a><\/p>\n","protected":false},"author":1,"featured_media":21759,"comment_status":"open","ping_status":"open","sticky":false,"template":"","format":"standard","meta":{"_mi_skip_tracking":false,"_monsterinsights_sitenote_active":false,"_monsterinsights_sitenote_note":"","_monsterinsights_sitenote_category":0,"site-sidebar-layout":"default","site-content-layout":"default","ast-global-header-display":"","ast-main-header-display":"","ast-hfb-above-header-display":"","ast-hfb-below-header-display":"","ast-hfb-mobile-header-display":"","site-post-title":"","ast-breadcrumbs-content":"","ast-featured-img":"","footer-sml-layout":"","theme-transparent-header-meta":"","adv-header-id-meta":"","stick-header-meta":"","header-above-stick-meta":"","header-main-stick-meta":"","header-below-stick-meta":"","footnotes":"","jetpack_publicize_message":"","jetpack_is_tweetstorm":false,"jetpack_publicize_feature_enabled":true},"categories":[16],"tags":[],"jetpack_publicize_connections":[],"acf":[],"aioseo_notices":[],"yoast_head":"<!-- This site is optimized with the Yoast SEO plugin v19.6.1 - https:\/\/yoast.com\/wordpress\/plugins\/seo\/ -->\n<title>Youssou Ndour et Le Super Etoile de Dakar attaquent Paris\u00a0!\u00a0 - 7culture<\/title>\n<meta name=\"robots\" content=\"index, follow, max-snippet:-1, max-image-preview:large, max-video-preview:-1\" \/>\n<link rel=\"canonical\" href=\"https:\/\/7culture.ci\/index.php\/2022\/06\/16\/youssou-ndour-et-le-super-etoile-de-dakar-attaquent-paris\/\" \/>\n<meta property=\"og:locale\" content=\"fr_FR\" \/>\n<meta property=\"og:type\" content=\"article\" \/>\n<meta property=\"og:title\" content=\"Youssou Ndour et Le Super Etoile de Dakar attaquent Paris\u00a0!\u00a0 - 7culture\" \/>\n<meta property=\"og:description\" content=\"La m\u00e9ga star s\u00e9n\u00e9galaise Youssou Ndour et son orchestre Le Super Etoile de Dakar se produiront sur la sc\u00e8ne de l\u2019Accor Arena de Paris-Bercy le 18 juin 2022. Ce sera dans le cadre de la traditionnelle tourn\u00e9e Grand Bal du chanteur dakarois. Le show parisien de You est le troisi\u00e8me d\u2019une s\u00e9rie de spectacles qui &hellip; Youssou Ndour et Le Super Etoile de Dakar attaquent Paris\u00a0!\u00a0 Lire la suite\u00a0\u00bb\" \/>\n<meta property=\"og:url\" content=\"https:\/\/7culture.ci\/index.php\/2022\/06\/16\/youssou-ndour-et-le-super-etoile-de-dakar-attaquent-paris\/\" \/>\n<meta property=\"og:site_name\" content=\"7culture\" \/>\n<meta property=\"article:publisher\" content=\"https:\/\/www.facebook.com\/redchefclaude\" \/>\n<meta property=\"article:published_time\" content=\"2022-06-16T14:02:58+00:00\" \/>\n<meta property=\"article:modified_time\" content=\"2022-06-16T15:30:44+00:00\" \/>\n<meta property=\"og:image\" content=\"http:\/\/7culture.ci\/wp-content\/uploads\/2022\/06\/Youssou-ndou.jpeg\" \/>\n\t<meta property=\"og:image:width\" content=\"900\" \/>\n\t<meta property=\"og:image:height\" content=\"531\" \/>\n\t<meta property=\"og:image:type\" content=\"image\/jpeg\" \/>\n<meta name=\"author\" content=\"7culture2020\" \/>\n<meta name=\"twitter:card\" content=\"summary_large_image\" \/>\n<meta name=\"twitter:creator\" content=\"@7culturec\" \/>\n<meta name=\"twitter:site\" content=\"@7culturec\" \/>\n<meta name=\"twitter:label1\" content=\"\u00c9crit par\" \/>\n\t<meta name=\"twitter:data1\" content=\"7culture2020\" \/>\n\t<meta name=\"twitter:label2\" content=\"Dur\u00e9e de lecture estim\u00e9e\" \/>\n\t<meta name=\"twitter:data2\" content=\"1 minute\" \/>\n<script type=\"application\/ld+json\" class=\"yoast-schema-graph\">{\"@context\":\"https:\/\/schema.org\",\"@graph\":[{\"@type\":\"Article\",\"@id\":\"https:\/\/7culture.ci\/index.php\/2022\/06\/16\/youssou-ndour-et-le-super-etoile-de-dakar-attaquent-paris\/#article\",\"isPartOf\":{\"@id\":\"https:\/\/7culture.ci\/index.php\/2022\/06\/16\/youssou-ndour-et-le-super-etoile-de-dakar-attaquent-paris\/\"},\"author\":{\"name\":\"7culture2020\",\"@id\":\"https:\/\/7culture.ci\/#\/schema\/person\/16150d28d7ef66ba788c1f87f28c4426\"},\"headline\":\"Youssou Ndour et Le Super Etoile de Dakar attaquent Paris\u00a0!\u00a0\",\"datePublished\":\"2022-06-16T14:02:58+00:00\",\"dateModified\":\"2022-06-16T15:30:44+00:00\",\"mainEntityOfPage\":{\"@id\":\"https:\/\/7culture.ci\/index.php\/2022\/06\/16\/youssou-ndour-et-le-super-etoile-de-dakar-attaquent-paris\/\"},\"wordCount\":205,\"commentCount\":0,\"publisher\":{\"@id\":\"https:\/\/7culture.ci\/#organization\"},\"articleSection\":[\"Musique\"],\"inLanguage\":\"fr-FR\",\"potentialAction\":[{\"@type\":\"CommentAction\",\"name\":\"Comment\",\"target\":[\"https:\/\/7culture.ci\/index.php\/2022\/06\/16\/youssou-ndour-et-le-super-etoile-de-dakar-attaquent-paris\/#respond\"]}]},{\"@type\":\"WebPage\",\"@id\":\"https:\/\/7culture.ci\/index.php\/2022\/06\/16\/youssou-ndour-et-le-super-etoile-de-dakar-attaquent-paris\/\",\"url\":\"https:\/\/7culture.ci\/index.php\/2022\/06\/16\/youssou-ndour-et-le-super-etoile-de-dakar-attaquent-paris\/\",\"name\":\"Youssou Ndour et Le Super Etoile de Dakar attaquent Paris\u00a0!\u00a0 - 7culture\",\"isPartOf\":{\"@id\":\"https:\/\/7culture.ci\/#website\"},\"datePublished\":\"2022-06-16T14:02:58+00:00\",\"dateModified\":\"2022-06-16T15:30:44+00:00\",\"breadcrumb\":{\"@id\":\"https:\/\/7culture.ci\/index.php\/2022\/06\/16\/youssou-ndour-et-le-super-etoile-de-dakar-attaquent-paris\/#breadcrumb\"},\"inLanguage\":\"fr-FR\",\"potentialAction\":[{\"@type\":\"ReadAction\",\"target\":[\"https:\/\/7culture.ci\/index.php\/2022\/06\/16\/youssou-ndour-et-le-super-etoile-de-dakar-attaquent-paris\/\"]}]},{\"@type\":\"BreadcrumbList\",\"@id\":\"https:\/\/7culture.ci\/index.php\/2022\/06\/16\/youssou-ndour-et-le-super-etoile-de-dakar-attaquent-paris\/#breadcrumb\",\"itemListElement\":[{\"@type\":\"ListItem\",\"position\":1,\"name\":\"Accueil\",\"item\":\"https:\/\/7culture.ci\/\"},{\"@type\":\"ListItem\",\"position\":2,\"name\":\"Youssou Ndour et Le Super Etoile de Dakar attaquent Paris\u00a0!\u00a0\"}]},{\"@type\":\"WebSite\",\"@id\":\"https:\/\/7culture.ci\/#website\",\"url\":\"https:\/\/7culture.ci\/\",\"name\":\"7culture\",\"description\":\"Tout sur l&#039;actualit\u00e9\",\"publisher\":{\"@id\":\"https:\/\/7culture.ci\/#organization\"},\"potentialAction\":[{\"@type\":\"SearchAction\",\"target\":{\"@type\":\"EntryPoint\",\"urlTemplate\":\"https:\/\/7culture.ci\/?s={search_term_string}\"},\"query-input\":\"required name=search_term_string\"}],\"inLanguage\":\"fr-FR\"},{\"@type\":\"Organization\",\"@id\":\"https:\/\/7culture.ci\/#organization\",\"name\":\"7culture\",\"url\":\"https:\/\/7culture.ci\/\",\"sameAs\":[\"https:\/\/www.facebook.com\/redchefclaude\",\"https:\/\/twitter.com\/7culturec\"],\"logo\":{\"@type\":\"ImageObject\",\"inLanguage\":\"fr-FR\",\"@id\":\"https:\/\/7culture.ci\/#\/schema\/logo\/image\/\",\"url\":\"https:\/\/7culture.ci\/wp-content\/uploads\/2021\/12\/S1a-1.png\",\"contentUrl\":\"https:\/\/7culture.ci\/wp-content\/uploads\/2021\/12\/S1a-1.png\",\"width\":588,\"height\":192,\"caption\":\"7culture\"},\"image\":{\"@id\":\"https:\/\/7culture.ci\/#\/schema\/logo\/image\/\"}},{\"@type\":\"Person\",\"@id\":\"https:\/\/7culture.ci\/#\/schema\/person\/16150d28d7ef66ba788c1f87f28c4426\",\"name\":\"7culture2020\",\"image\":{\"@type\":\"ImageObject\",\"inLanguage\":\"fr-FR\",\"@id\":\"https:\/\/7culture.ci\/#\/schema\/person\/image\/\",\"url\":\"https:\/\/secure.gravatar.com\/avatar\/9a0784f951306c37bcd065f52844ef95?s=96&d=mm&r=g\",\"contentUrl\":\"https:\/\/secure.gravatar.com\/avatar\/9a0784f951306c37bcd065f52844ef95?s=96&d=mm&r=g\",\"caption\":\"7culture2020\"},\"sameAs\":[\"http:\/\/7culture.ci\",\"Claude.kipre\"],\"url\":\"https:\/\/7culture.ci\/index.php\/author\/7culture2020\/\"}]}<\/script>\n<!-- \/ Yoast SEO plugin. -->","yoast_head_json":{"title":"Youssou Ndour et Le Super Etoile de Dakar attaquent Paris\u00a0!\u00a0 - 7culture","robots":{"index":"index","follow":"follow","max-snippet":"max-snippet:-1","max-image-preview":"max-image-preview:large","max-video-preview":"max-video-preview:-1"},"canonical":"https:\/\/7culture.ci\/index.php\/2022\/06\/16\/youssou-ndour-et-le-super-etoile-de-dakar-attaquent-paris\/","og_locale":"fr_FR","og_type":"article","og_title":"Youssou Ndour et Le Super Etoile de Dakar attaquent Paris\u00a0!\u00a0 - 7culture","og_description":"La m\u00e9ga star s\u00e9n\u00e9galaise Youssou Ndour et son orchestre Le Super Etoile de Dakar se produiront sur la sc\u00e8ne de l\u2019Accor Arena de Paris-Bercy le 18 juin 2022. Ce sera dans le cadre de la traditionnelle tourn\u00e9e Grand Bal du chanteur dakarois. Le show parisien de You est le troisi\u00e8me d\u2019une s\u00e9rie de spectacles qui &hellip; Youssou Ndour et Le Super Etoile de Dakar attaquent Paris\u00a0!\u00a0 Lire la suite\u00a0\u00bb","og_url":"https:\/\/7culture.ci\/index.php\/2022\/06\/16\/youssou-ndour-et-le-super-etoile-de-dakar-attaquent-paris\/","og_site_name":"7culture","article_publisher":"https:\/\/www.facebook.com\/redchefclaude","article_published_time":"2022-06-16T14:02:58+00:00","article_modified_time":"2022-06-16T15:30:44+00:00","og_image":[{"width":900,"height":531,"url":"http:\/\/7culture.ci\/wp-content\/uploads\/2022\/06\/Youssou-ndou.jpeg","type":"image\/jpeg"}],"author":"7culture2020","twitter_card":"summary_large_image","twitter_creator":"@7culturec","twitter_site":"@7culturec","twitter_misc":{"\u00c9crit par":"7culture2020","Dur\u00e9e de lecture estim\u00e9e":"1 minute"},"schema":{"@context":"https:\/\/schema.org","@graph":[{"@type":"Article","@id":"https:\/\/7culture.ci\/index.php\/2022\/06\/16\/youssou-ndour-et-le-super-etoile-de-dakar-attaquent-paris\/#article","isPartOf":{"@id":"https:\/\/7culture.ci\/index.php\/2022\/06\/16\/youssou-ndour-et-le-super-etoile-de-dakar-attaquent-paris\/"},"author":{"name":"7culture2020","@id":"https:\/\/7culture.ci\/#\/schema\/person\/16150d28d7ef66ba788c1f87f28c4426"},"headline":"Youssou Ndour et Le Super Etoile de Dakar attaquent Paris\u00a0!\u00a0","datePublished":"2022-06-16T14:02:58+00:00","dateModified":"2022-06-16T15:30:44+00:00","mainEntityOfPage":{"@id":"https:\/\/7culture.ci\/index.php\/2022\/06\/16\/youssou-ndour-et-le-super-etoile-de-dakar-attaquent-paris\/"},"wordCount":205,"commentCount":0,"publisher":{"@id":"https:\/\/7culture.ci\/#organization"},"articleSection":["Musique"],"inLanguage":"fr-FR","potentialAction":[{"@type":"CommentAction","name":"Comment","target":["https:\/\/7culture.ci\/index.php\/2022\/06\/16\/youssou-ndour-et-le-super-etoile-de-dakar-attaquent-paris\/#respond"]}]},{"@type":"WebPage","@id":"https:\/\/7culture.ci\/index.php\/2022\/06\/16\/youssou-ndour-et-le-super-etoile-de-dakar-attaquent-paris\/","url":"https:\/\/7culture.ci\/index.php\/2022\/06\/16\/youssou-ndour-et-le-super-etoile-de-dakar-attaquent-paris\/","name":"Youssou Ndour et Le Super Etoile de Dakar attaquent Paris\u00a0!\u00a0 - 7culture","isPartOf":{"@id":"https:\/\/7culture.ci\/#website"},"datePublished":"2022-06-16T14:02:58+00:00","dateModified":"2022-06-16T15:30:44+00:00","breadcrumb":{"@id":"https:\/\/7culture.ci\/index.php\/2022\/06\/16\/youssou-ndour-et-le-super-etoile-de-dakar-attaquent-paris\/#breadcrumb"},"inLanguage":"fr-FR","potentialAction":[{"@type":"ReadAction","target":["https:\/\/7culture.ci\/index.php\/2022\/06\/16\/youssou-ndour-et-le-super-etoile-de-dakar-attaquent-paris\/"]}]},{"@type":"BreadcrumbList","@id":"https:\/\/7culture.ci\/index.php\/2022\/06\/16\/youssou-ndour-et-le-super-etoile-de-dakar-attaquent-paris\/#breadcrumb","itemListElement":[{"@type":"ListItem","position":1,"name":"Accueil","item":"https:\/\/7culture.ci\/"},{"@type":"ListItem","position":2,"name":"Youssou Ndour et Le Super Etoile de Dakar attaquent Paris\u00a0!\u00a0"}]},{"@type":"WebSite","@id":"https:\/\/7culture.ci\/#website","url":"https:\/\/7culture.ci\/","name":"7culture","description":"Tout sur l&#039;actualit\u00e9","publisher":{"@id":"https:\/\/7culture.ci\/#organization"},"potentialAction":[{"@type":"SearchAction","target":{"@type":"EntryPoint","urlTemplate":"https:\/\/7culture.ci\/?s={search_term_string}"},"query-input":"required name=search_term_string"}],"inLanguage":"fr-FR"},{"@type":"Organization","@id":"https:\/\/7culture.ci\/#organization","name":"7culture","url":"https:\/\/7culture.ci\/","sameAs":["https:\/\/www.facebook.com\/redchefclaude","https:\/\/twitter.com\/7culturec"],"logo":{"@type":"ImageObject","inLanguage":"fr-FR","@id":"https:\/\/7culture.ci\/#\/schema\/logo\/image\/","url":"https:\/\/7culture.ci\/wp-content\/uploads\/2021\/12\/S1a-1.png","contentUrl":"https:\/\/7culture.ci\/wp-content\/uploads\/2021\/12\/S1a-1.png","width":588,"height":192,"caption":"7culture"},"image":{"@id":"https:\/\/7culture.ci\/#\/schema\/logo\/image\/"}},{"@type":"Person","@id":"https:\/\/7culture.ci\/#\/schema\/person\/16150d28d7ef66ba788c1f87f28c4426","name":"7culture2020","image":{"@type":"ImageObject","inLanguage":"fr-FR","@id":"https:\/\/7culture.ci\/#\/schema\/person\/image\/","url":"https:\/\/secure.gravatar.com\/avatar\/9a0784f951306c37bcd065f52844ef95?s=96&d=mm&r=g","contentUrl":"https:\/\/secure.gravatar.com\/avatar\/9a0784f951306c37bcd065f52844ef95?s=96&d=mm&r=g","caption":"7culture2020"},"sameAs":["http:\/\/7culture.ci","Claude.kipre"],"url":"https:\/\/7culture.ci\/index.php\/author\/7culture2020\/"}]}},"jetpack_featured_media_url":"https:\/\/7culture.ci\/wp-content\/uploads\/2022\/06\/Youssou-ndou.jpeg","jetpack_likes_enabled":true,"jetpack_sharing_enabled":true,"_links":{"self":[{"href":"https:\/\/7culture.ci\/index.php\/wp-json\/wp\/v2\/posts\/21758"}],"collection":[{"href":"https:\/\/7culture.ci\/index.php\/wp-json\/wp\/v2\/posts"}],"about":[{"href":"https:\/\/7culture.ci\/index.php\/wp-json\/wp\/v2\/types\/post"}],"author":[{"embeddable":true,"href":"https:\/\/7culture.ci\/index.php\/wp-json\/wp\/v2\/users\/1"}],"replies":[{"embeddable":true,"href":"https:\/\/7culture.ci\/index.php\/wp-json\/wp\/v2\/comments?post=21758"}],"version-history":[{"count":0,"href":"https:\/\/7culture.ci\/index.php\/wp-json\/wp\/v2\/posts\/21758\/revisions"}],"wp:featuredmedia":[{"embeddable":true,"href":"https:\/\/7culture.ci\/index.php\/wp-json\/wp\/v2\/media\/21759"}],"wp:attachment":[{"href":"https:\/\/7culture.ci\/index.php\/wp-json\/wp\/v2\/media?parent=21758"}],"wp:term":[{"taxonomy":"category","embeddable":true,"href":"https:\/\/7culture.ci\/index.php\/wp-json\/wp\/v2\/categories?post=21758"},{"taxonomy":"post_tag","embeddable":true,"href":"https:\/\/7culture.ci\/index.php\/wp-json\/wp\/v2\/tags?post=21758"}],"curies":[{"name":"wp","href":"https:\/\/api.w.org\/{rel}","templated":true}]}}