{"id":21731,"date":"2022-06-15T11:23:08","date_gmt":"2022-06-15T09:23:08","guid":{"rendered":"https:\/\/7culture.ci\/?p=21731"},"modified":"2022-06-15T17:09:35","modified_gmt":"2022-06-15T15:09:35","slug":"agence-de-soutien-et-de-developpement-des-medias-sindou-meite-a-pris-fonction","status":"publish","type":"post","link":"https:\/\/7culture.ci\/index.php\/2022\/06\/15\/agence-de-soutien-et-de-developpement-des-medias-sindou-meite-a-pris-fonction\/","title":{"rendered":"Agence de soutien et de d\u00e9veloppement des m\u00e9dias : Sindou M\u00e9it\u00e9 a pris fonction"},"content":{"rendered":"\n<p>L\u2019Inspecteur g\u00e9n\u00e9ral du minist\u00e8re de la Communication et de l\u2019Economie num\u00e9rique, L\u00e9andre Anoma Kani\u00e9, a pr\u00e9sid\u00e9 la c\u00e9r\u00e9monie de passation de charges entre la Directrice g\u00e9n\u00e9rale sortante de l\u2019Agence de soutien et de d\u00e9veloppement des m\u00e9dias (ASDM), Mme Bernise N&#8217;Guessan, et le Directeur g\u00e9n\u00e9ral entrant, Sindou M\u00e9it\u00e9.<\/p>\n\n\n\n<p>Cette passation a eu lieu le mardi 14 juin 2022, au si\u00e8ge de ladite structure, \u00e0 Abidjan.<\/p>\n\n\n\n<p>A cette occasion, le Directeur g\u00e9n\u00e9ral entrant, Sindou Sindou, a adress\u00e9 ses remerciements au pr\u00e9sident de la R\u00e9publique, Alassane Ouattara, ainsi qu\u2019au ministre Amadou Coulibaly, pour sa nomination \u00e0 la t\u00eate de cette importante structure. Il a dit prendre la pleine mesure des nouvelles responsabilit\u00e9s qui lui sont confi\u00e9es.<\/p>\n\n\n\n<figure class=\"wp-block-image size-full is-resized\"><img loading=\"lazy\" decoding=\"async\" src=\"https:\/\/7culture.ci\/wp-content\/uploads\/2022\/06\/Sindou2.jpg\" alt=\"\" class=\"wp-image-21733\" width=\"615\" height=\"409\" srcset=\"https:\/\/7culture.ci\/wp-content\/uploads\/2022\/06\/Sindou2.jpg 900w, https:\/\/7culture.ci\/wp-content\/uploads\/2022\/06\/Sindou2-300x200.jpg 300w, https:\/\/7culture.ci\/wp-content\/uploads\/2022\/06\/Sindou2-768x511.jpg 768w\" sizes=\"(max-width: 615px) 100vw, 615px\" \/><\/figure>\n\n\n\n<p>Pour sa part, Mme Bernise N&#8217;Guessan a fait l\u2019\u00e9tat des lieux, des projets r\u00e9alis\u00e9s par l\u2019ensemble de ses \u00e9quipes ces derni\u00e8res ann\u00e9es, avant de souhaiter ses v\u0153ux de succ\u00e8s \u00e0 son successeur.<\/p>\n\n\n\n<p>Notons que l\u2019Agence de soutien et de d\u00e9veloppement des m\u00e9dias (ASDM) a \u00e9t\u00e9 cr\u00e9\u00e9e par d\u00e9cret le 4 mai 2022, en remplacement du Fonds de soutien et de d\u00e9veloppement de la presse (FSDP).<\/p>\n\n\n\n<div class=\"wp-block-image\"><figure class=\"aligncenter size-full is-resized\"><img loading=\"lazy\" decoding=\"async\" src=\"https:\/\/7culture.ci\/wp-content\/uploads\/2022\/06\/Sindou3.jpg\" alt=\"\" class=\"wp-image-21734\" width=\"656\" height=\"437\" srcset=\"https:\/\/7culture.ci\/wp-content\/uploads\/2022\/06\/Sindou3.jpg 900w, https:\/\/7culture.ci\/wp-content\/uploads\/2022\/06\/Sindou3-300x200.jpg 300w, https:\/\/7culture.ci\/wp-content\/uploads\/2022\/06\/Sindou3-768x511.jpg 768w\" sizes=\"(max-width: 656px) 100vw, 656px\" \/><\/figure><\/div>\n\n\n\n<p>Sercom<\/p>\n","protected":false},"excerpt":{"rendered":"<p>L\u2019Inspecteur g\u00e9n\u00e9ral du minist\u00e8re de la Communication et de l\u2019Economie num\u00e9rique, L\u00e9andre Anoma Kani\u00e9, a pr\u00e9sid\u00e9 la c\u00e9r\u00e9monie de passation de charges entre la Directrice g\u00e9n\u00e9rale sortante de l\u2019Agence de soutien et de d\u00e9veloppement des m\u00e9dias (ASDM), Mme Bernise N&#8217;Guessan, et le Directeur g\u00e9n\u00e9ral entrant, Sindou M\u00e9it\u00e9. Cette passation a eu lieu le mardi 14 &hellip;<\/p>\n<p class=\"read-more\"> <a class=\"\" href=\"https:\/\/7culture.ci\/index.php\/2022\/06\/15\/agence-de-soutien-et-de-developpement-des-medias-sindou-meite-a-pris-fonction\/\"> <span class=\"screen-reader-text\">Agence de soutien et de d\u00e9veloppement des m\u00e9dias : Sindou M\u00e9it\u00e9 a pris fonction<\/span> Lire la suite\u00a0\u00bb<\/a><\/p>\n","protected":false},"author":1,"featured_media":21732,"comment_status":"open","ping_status":"open","sticky":false,"template":"","format":"standard","meta":{"_mi_skip_tracking":false,"_monsterinsights_sitenote_active":false,"_monsterinsights_sitenote_note":"","_monsterinsights_sitenote_category":0,"site-sidebar-layout":"default","site-content-layout":"default","ast-global-header-display":"","ast-main-header-display":"","ast-hfb-above-header-display":"","ast-hfb-below-header-display":"","ast-hfb-mobile-header-display":"","site-post-title":"","ast-breadcrumbs-content":"","ast-featured-img":"","footer-sml-layout":"","theme-transparent-header-meta":"","adv-header-id-meta":"","stick-header-meta":"","header-above-stick-meta":"","header-main-stick-meta":"","header-below-stick-meta":"","footnotes":"","jetpack_publicize_message":"","jetpack_is_tweetstorm":false,"jetpack_publicize_feature_enabled":true},"categories":[33],"tags":[],"jetpack_publicize_connections":[],"acf":[],"aioseo_notices":[],"yoast_head":"<!-- This site is optimized with the Yoast SEO plugin v19.6.1 - https:\/\/yoast.com\/wordpress\/plugins\/seo\/ -->\n<title>Agence de soutien et de d\u00e9veloppement des m\u00e9dias : Sindou M\u00e9it\u00e9 a pris fonction -<\/title>\n<meta name=\"robots\" content=\"index, follow, max-snippet:-1, max-image-preview:large, max-video-preview:-1\" \/>\n<link rel=\"canonical\" href=\"https:\/\/7culture.ci\/index.php\/2022\/06\/15\/agence-de-soutien-et-de-developpement-des-medias-sindou-meite-a-pris-fonction\/\" \/>\n<meta property=\"og:locale\" content=\"fr_FR\" \/>\n<meta property=\"og:type\" content=\"article\" \/>\n<meta property=\"og:title\" content=\"Agence de soutien et de d\u00e9veloppement des m\u00e9dias : Sindou M\u00e9it\u00e9 a pris fonction -\" \/>\n<meta property=\"og:description\" content=\"L\u2019Inspecteur g\u00e9n\u00e9ral du minist\u00e8re de la Communication et de l\u2019Economie num\u00e9rique, L\u00e9andre Anoma Kani\u00e9, a pr\u00e9sid\u00e9 la c\u00e9r\u00e9monie de passation de charges entre la Directrice g\u00e9n\u00e9rale sortante de l\u2019Agence de soutien et de d\u00e9veloppement des m\u00e9dias (ASDM), Mme Bernise N&#8217;Guessan, et le Directeur g\u00e9n\u00e9ral entrant, Sindou M\u00e9it\u00e9. Cette passation a eu lieu le mardi 14 &hellip; Agence de soutien et de d\u00e9veloppement des m\u00e9dias : Sindou M\u00e9it\u00e9 a pris fonction Lire la suite\u00a0\u00bb\" \/>\n<meta property=\"og:url\" content=\"https:\/\/7culture.ci\/index.php\/2022\/06\/15\/agence-de-soutien-et-de-developpement-des-medias-sindou-meite-a-pris-fonction\/\" \/>\n<meta property=\"og:site_name\" content=\"7culture\" \/>\n<meta property=\"article:publisher\" content=\"https:\/\/www.facebook.com\/redchefclaude\" \/>\n<meta property=\"article:published_time\" content=\"2022-06-15T09:23:08+00:00\" \/>\n<meta property=\"article:modified_time\" content=\"2022-06-15T15:09:35+00:00\" \/>\n<meta property=\"og:image\" content=\"http:\/\/7culture.ci\/wp-content\/uploads\/2022\/06\/Sindou1.jpg\" \/>\n\t<meta property=\"og:image:width\" content=\"900\" \/>\n\t<meta property=\"og:image:height\" content=\"599\" \/>\n\t<meta property=\"og:image:type\" content=\"image\/jpeg\" \/>\n<meta name=\"author\" content=\"7culture2020\" \/>\n<meta name=\"twitter:card\" content=\"summary_large_image\" \/>\n<meta name=\"twitter:creator\" content=\"@7culturec\" \/>\n<meta name=\"twitter:site\" content=\"@7culturec\" \/>\n<meta name=\"twitter:label1\" content=\"\u00c9crit par\" \/>\n\t<meta name=\"twitter:data1\" content=\"7culture2020\" \/>\n\t<meta name=\"twitter:label2\" content=\"Dur\u00e9e de lecture estim\u00e9e\" \/>\n\t<meta name=\"twitter:data2\" content=\"2 minutes\" \/>\n<script type=\"application\/ld+json\" class=\"yoast-schema-graph\">{\"@context\":\"https:\/\/schema.org\",\"@graph\":[{\"@type\":\"Article\",\"@id\":\"https:\/\/7culture.ci\/index.php\/2022\/06\/15\/agence-de-soutien-et-de-developpement-des-medias-sindou-meite-a-pris-fonction\/#article\",\"isPartOf\":{\"@id\":\"https:\/\/7culture.ci\/index.php\/2022\/06\/15\/agence-de-soutien-et-de-developpement-des-medias-sindou-meite-a-pris-fonction\/\"},\"author\":{\"name\":\"7culture2020\",\"@id\":\"https:\/\/7culture.ci\/#\/schema\/person\/16150d28d7ef66ba788c1f87f28c4426\"},\"headline\":\"Agence de soutien et de d\u00e9veloppement des m\u00e9dias : Sindou M\u00e9it\u00e9 a pris fonction\",\"datePublished\":\"2022-06-15T09:23:08+00:00\",\"dateModified\":\"2022-06-15T15:09:35+00:00\",\"mainEntityOfPage\":{\"@id\":\"https:\/\/7culture.ci\/index.php\/2022\/06\/15\/agence-de-soutien-et-de-developpement-des-medias-sindou-meite-a-pris-fonction\/\"},\"wordCount\":229,\"commentCount\":0,\"publisher\":{\"@id\":\"https:\/\/7culture.ci\/#organization\"},\"articleSection\":[\"M\u00e9dia\"],\"inLanguage\":\"fr-FR\",\"potentialAction\":[{\"@type\":\"CommentAction\",\"name\":\"Comment\",\"target\":[\"https:\/\/7culture.ci\/index.php\/2022\/06\/15\/agence-de-soutien-et-de-developpement-des-medias-sindou-meite-a-pris-fonction\/#respond\"]}]},{\"@type\":\"WebPage\",\"@id\":\"https:\/\/7culture.ci\/index.php\/2022\/06\/15\/agence-de-soutien-et-de-developpement-des-medias-sindou-meite-a-pris-fonction\/\",\"url\":\"https:\/\/7culture.ci\/index.php\/2022\/06\/15\/agence-de-soutien-et-de-developpement-des-medias-sindou-meite-a-pris-fonction\/\",\"name\":\"Agence de soutien et de d\u00e9veloppement des m\u00e9dias : Sindou M\u00e9it\u00e9 a pris fonction -\",\"isPartOf\":{\"@id\":\"https:\/\/7culture.ci\/#website\"},\"datePublished\":\"2022-06-15T09:23:08+00:00\",\"dateModified\":\"2022-06-15T15:09:35+00:00\",\"breadcrumb\":{\"@id\":\"https:\/\/7culture.ci\/index.php\/2022\/06\/15\/agence-de-soutien-et-de-developpement-des-medias-sindou-meite-a-pris-fonction\/#breadcrumb\"},\"inLanguage\":\"fr-FR\",\"potentialAction\":[{\"@type\":\"ReadAction\",\"target\":[\"https:\/\/7culture.ci\/index.php\/2022\/06\/15\/agence-de-soutien-et-de-developpement-des-medias-sindou-meite-a-pris-fonction\/\"]}]},{\"@type\":\"BreadcrumbList\",\"@id\":\"https:\/\/7culture.ci\/index.php\/2022\/06\/15\/agence-de-soutien-et-de-developpement-des-medias-sindou-meite-a-pris-fonction\/#breadcrumb\",\"itemListElement\":[{\"@type\":\"ListItem\",\"position\":1,\"name\":\"Accueil\",\"item\":\"https:\/\/7culture.ci\/\"},{\"@type\":\"ListItem\",\"position\":2,\"name\":\"Agence de soutien et de d\u00e9veloppement des m\u00e9dias : Sindou M\u00e9it\u00e9 a pris fonction\"}]},{\"@type\":\"WebSite\",\"@id\":\"https:\/\/7culture.ci\/#website\",\"url\":\"https:\/\/7culture.ci\/\",\"name\":\"7culture\",\"description\":\"Tout sur l&#039;actualit\u00e9\",\"publisher\":{\"@id\":\"https:\/\/7culture.ci\/#organization\"},\"potentialAction\":[{\"@type\":\"SearchAction\",\"target\":{\"@type\":\"EntryPoint\",\"urlTemplate\":\"https:\/\/7culture.ci\/?s={search_term_string}\"},\"query-input\":\"required name=search_term_string\"}],\"inLanguage\":\"fr-FR\"},{\"@type\":\"Organization\",\"@id\":\"https:\/\/7culture.ci\/#organization\",\"name\":\"7culture\",\"url\":\"https:\/\/7culture.ci\/\",\"sameAs\":[\"https:\/\/www.facebook.com\/redchefclaude\",\"https:\/\/twitter.com\/7culturec\"],\"logo\":{\"@type\":\"ImageObject\",\"inLanguage\":\"fr-FR\",\"@id\":\"https:\/\/7culture.ci\/#\/schema\/logo\/image\/\",\"url\":\"https:\/\/7culture.ci\/wp-content\/uploads\/2021\/12\/S1a-1.png\",\"contentUrl\":\"https:\/\/7culture.ci\/wp-content\/uploads\/2021\/12\/S1a-1.png\",\"width\":588,\"height\":192,\"caption\":\"7culture\"},\"image\":{\"@id\":\"https:\/\/7culture.ci\/#\/schema\/logo\/image\/\"}},{\"@type\":\"Person\",\"@id\":\"https:\/\/7culture.ci\/#\/schema\/person\/16150d28d7ef66ba788c1f87f28c4426\",\"name\":\"7culture2020\",\"image\":{\"@type\":\"ImageObject\",\"inLanguage\":\"fr-FR\",\"@id\":\"https:\/\/7culture.ci\/#\/schema\/person\/image\/\",\"url\":\"https:\/\/secure.gravatar.com\/avatar\/9a0784f951306c37bcd065f52844ef95?s=96&d=mm&r=g\",\"contentUrl\":\"https:\/\/secure.gravatar.com\/avatar\/9a0784f951306c37bcd065f52844ef95?s=96&d=mm&r=g\",\"caption\":\"7culture2020\"},\"sameAs\":[\"http:\/\/7culture.ci\",\"Claude.kipre\"],\"url\":\"https:\/\/7culture.ci\/index.php\/author\/7culture2020\/\"}]}<\/script>\n<!-- \/ Yoast SEO plugin. -->","yoast_head_json":{"title":"Agence de soutien et de d\u00e9veloppement des m\u00e9dias : Sindou M\u00e9it\u00e9 a pris fonction -","robots":{"index":"index","follow":"follow","max-snippet":"max-snippet:-1","max-image-preview":"max-image-preview:large","max-video-preview":"max-video-preview:-1"},"canonical":"https:\/\/7culture.ci\/index.php\/2022\/06\/15\/agence-de-soutien-et-de-developpement-des-medias-sindou-meite-a-pris-fonction\/","og_locale":"fr_FR","og_type":"article","og_title":"Agence de soutien et de d\u00e9veloppement des m\u00e9dias : Sindou M\u00e9it\u00e9 a pris fonction -","og_description":"L\u2019Inspecteur g\u00e9n\u00e9ral du minist\u00e8re de la Communication et de l\u2019Economie num\u00e9rique, L\u00e9andre Anoma Kani\u00e9, a pr\u00e9sid\u00e9 la c\u00e9r\u00e9monie de passation de charges entre la Directrice g\u00e9n\u00e9rale sortante de l\u2019Agence de soutien et de d\u00e9veloppement des m\u00e9dias (ASDM), Mme Bernise N&#8217;Guessan, et le Directeur g\u00e9n\u00e9ral entrant, Sindou M\u00e9it\u00e9. Cette passation a eu lieu le mardi 14 &hellip; Agence de soutien et de d\u00e9veloppement des m\u00e9dias : Sindou M\u00e9it\u00e9 a pris fonction Lire la suite\u00a0\u00bb","og_url":"https:\/\/7culture.ci\/index.php\/2022\/06\/15\/agence-de-soutien-et-de-developpement-des-medias-sindou-meite-a-pris-fonction\/","og_site_name":"7culture","article_publisher":"https:\/\/www.facebook.com\/redchefclaude","article_published_time":"2022-06-15T09:23:08+00:00","article_modified_time":"2022-06-15T15:09:35+00:00","og_image":[{"width":900,"height":599,"url":"http:\/\/7culture.ci\/wp-content\/uploads\/2022\/06\/Sindou1.jpg","type":"image\/jpeg"}],"author":"7culture2020","twitter_card":"summary_large_image","twitter_creator":"@7culturec","twitter_site":"@7culturec","twitter_misc":{"\u00c9crit par":"7culture2020","Dur\u00e9e de lecture estim\u00e9e":"2 minutes"},"schema":{"@context":"https:\/\/schema.org","@graph":[{"@type":"Article","@id":"https:\/\/7culture.ci\/index.php\/2022\/06\/15\/agence-de-soutien-et-de-developpement-des-medias-sindou-meite-a-pris-fonction\/#article","isPartOf":{"@id":"https:\/\/7culture.ci\/index.php\/2022\/06\/15\/agence-de-soutien-et-de-developpement-des-medias-sindou-meite-a-pris-fonction\/"},"author":{"name":"7culture2020","@id":"https:\/\/7culture.ci\/#\/schema\/person\/16150d28d7ef66ba788c1f87f28c4426"},"headline":"Agence de soutien et de d\u00e9veloppement des m\u00e9dias : Sindou M\u00e9it\u00e9 a pris fonction","datePublished":"2022-06-15T09:23:08+00:00","dateModified":"2022-06-15T15:09:35+00:00","mainEntityOfPage":{"@id":"https:\/\/7culture.ci\/index.php\/2022\/06\/15\/agence-de-soutien-et-de-developpement-des-medias-sindou-meite-a-pris-fonction\/"},"wordCount":229,"commentCount":0,"publisher":{"@id":"https:\/\/7culture.ci\/#organization"},"articleSection":["M\u00e9dia"],"inLanguage":"fr-FR","potentialAction":[{"@type":"CommentAction","name":"Comment","target":["https:\/\/7culture.ci\/index.php\/2022\/06\/15\/agence-de-soutien-et-de-developpement-des-medias-sindou-meite-a-pris-fonction\/#respond"]}]},{"@type":"WebPage","@id":"https:\/\/7culture.ci\/index.php\/2022\/06\/15\/agence-de-soutien-et-de-developpement-des-medias-sindou-meite-a-pris-fonction\/","url":"https:\/\/7culture.ci\/index.php\/2022\/06\/15\/agence-de-soutien-et-de-developpement-des-medias-sindou-meite-a-pris-fonction\/","name":"Agence de soutien et de d\u00e9veloppement des m\u00e9dias : Sindou M\u00e9it\u00e9 a pris fonction -","isPartOf":{"@id":"https:\/\/7culture.ci\/#website"},"datePublished":"2022-06-15T09:23:08+00:00","dateModified":"2022-06-15T15:09:35+00:00","breadcrumb":{"@id":"https:\/\/7culture.ci\/index.php\/2022\/06\/15\/agence-de-soutien-et-de-developpement-des-medias-sindou-meite-a-pris-fonction\/#breadcrumb"},"inLanguage":"fr-FR","potentialAction":[{"@type":"ReadAction","target":["https:\/\/7culture.ci\/index.php\/2022\/06\/15\/agence-de-soutien-et-de-developpement-des-medias-sindou-meite-a-pris-fonction\/"]}]},{"@type":"BreadcrumbList","@id":"https:\/\/7culture.ci\/index.php\/2022\/06\/15\/agence-de-soutien-et-de-developpement-des-medias-sindou-meite-a-pris-fonction\/#breadcrumb","itemListElement":[{"@type":"ListItem","position":1,"name":"Accueil","item":"https:\/\/7culture.ci\/"},{"@type":"ListItem","position":2,"name":"Agence de soutien et de d\u00e9veloppement des m\u00e9dias : Sindou M\u00e9it\u00e9 a pris fonction"}]},{"@type":"WebSite","@id":"https:\/\/7culture.ci\/#website","url":"https:\/\/7culture.ci\/","name":"7culture","description":"Tout sur l&#039;actualit\u00e9","publisher":{"@id":"https:\/\/7culture.ci\/#organization"},"potentialAction":[{"@type":"SearchAction","target":{"@type":"EntryPoint","urlTemplate":"https:\/\/7culture.ci\/?s={search_term_string}"},"query-input":"required name=search_term_string"}],"inLanguage":"fr-FR"},{"@type":"Organization","@id":"https:\/\/7culture.ci\/#organization","name":"7culture","url":"https:\/\/7culture.ci\/","sameAs":["https:\/\/www.facebook.com\/redchefclaude","https:\/\/twitter.com\/7culturec"],"logo":{"@type":"ImageObject","inLanguage":"fr-FR","@id":"https:\/\/7culture.ci\/#\/schema\/logo\/image\/","url":"https:\/\/7culture.ci\/wp-content\/uploads\/2021\/12\/S1a-1.png","contentUrl":"https:\/\/7culture.ci\/wp-content\/uploads\/2021\/12\/S1a-1.png","width":588,"height":192,"caption":"7culture"},"image":{"@id":"https:\/\/7culture.ci\/#\/schema\/logo\/image\/"}},{"@type":"Person","@id":"https:\/\/7culture.ci\/#\/schema\/person\/16150d28d7ef66ba788c1f87f28c4426","name":"7culture2020","image":{"@type":"ImageObject","inLanguage":"fr-FR","@id":"https:\/\/7culture.ci\/#\/schema\/person\/image\/","url":"https:\/\/secure.gravatar.com\/avatar\/9a0784f951306c37bcd065f52844ef95?s=96&d=mm&r=g","contentUrl":"https:\/\/secure.gravatar.com\/avatar\/9a0784f951306c37bcd065f52844ef95?s=96&d=mm&r=g","caption":"7culture2020"},"sameAs":["http:\/\/7culture.ci","Claude.kipre"],"url":"https:\/\/7culture.ci\/index.php\/author\/7culture2020\/"}]}},"jetpack_featured_media_url":"https:\/\/7culture.ci\/wp-content\/uploads\/2022\/06\/Sindou1.jpg","jetpack_likes_enabled":true,"jetpack_sharing_enabled":true,"_links":{"self":[{"href":"https:\/\/7culture.ci\/index.php\/wp-json\/wp\/v2\/posts\/21731"}],"collection":[{"href":"https:\/\/7culture.ci\/index.php\/wp-json\/wp\/v2\/posts"}],"about":[{"href":"https:\/\/7culture.ci\/index.php\/wp-json\/wp\/v2\/types\/post"}],"author":[{"embeddable":true,"href":"https:\/\/7culture.ci\/index.php\/wp-json\/wp\/v2\/users\/1"}],"replies":[{"embeddable":true,"href":"https:\/\/7culture.ci\/index.php\/wp-json\/wp\/v2\/comments?post=21731"}],"version-history":[{"count":0,"href":"https:\/\/7culture.ci\/index.php\/wp-json\/wp\/v2\/posts\/21731\/revisions"}],"wp:featuredmedia":[{"embeddable":true,"href":"https:\/\/7culture.ci\/index.php\/wp-json\/wp\/v2\/media\/21732"}],"wp:attachment":[{"href":"https:\/\/7culture.ci\/index.php\/wp-json\/wp\/v2\/media?parent=21731"}],"wp:term":[{"taxonomy":"category","embeddable":true,"href":"https:\/\/7culture.ci\/index.php\/wp-json\/wp\/v2\/categories?post=21731"},{"taxonomy":"post_tag","embeddable":true,"href":"https:\/\/7culture.ci\/index.php\/wp-json\/wp\/v2\/tags?post=21731"}],"curies":[{"name":"wp","href":"https:\/\/api.w.org\/{rel}","templated":true}]}}