{"id":21721,"date":"2022-06-14T17:09:58","date_gmt":"2022-06-14T15:09:58","guid":{"rendered":"https:\/\/7culture.ci\/?p=21721"},"modified":"2022-06-15T12:23:29","modified_gmt":"2022-06-15T10:23:29","slug":"seminaire-les-femmes-des-medias-exhortees-a-se-former","status":"publish","type":"post","link":"https:\/\/7culture.ci\/index.php\/2022\/06\/14\/seminaire-les-femmes-des-medias-exhortees-a-se-former\/","title":{"rendered":"S\u00e9minaire\u00a0: les femmes des m\u00e9dias exhort\u00e9es \u00e0 se former"},"content":{"rendered":"\n<p>A l\u2019initiative de l\u2019Union nationale des journalistes de C\u00f4te d\u2019Ivoire (UNJCI) en partenariat avec l\u2019Union des journalistes norv\u00e9giens, un atelier de formation destin\u00e9 aux femmes journalistes et professionnelles de m\u00e9dias, s\u2019est tenu le mardi 14 juin 2022, \u00e0 la salle de conf\u00e9rence de la Maison de la presse d\u2019Abidjan-Plateau. Le th\u00e8me de la formation \u00e9tait \u2018\u2019<em>Femmes Journalistes et professionnelles de m\u00e9dias\u00a0: quelles difficult\u00e9s dans l\u2019exercice du m\u00e9tier ?\u2019\u2019<\/em>.<\/p>\n\n\n\n<p>Dans son discours d\u2019ouverture, la formatrice, Mme Assa Diara, journaliste correctrice \u00e0 Fraternit\u00e9 Matin, a donn\u00e9 les objectifs de cet atelier tout en exhortant les femmes journalistes et professionnelles de m\u00e9dias de notre pays \u00e0 se former.&nbsp;<strong><em>\u00ab&nbsp;Cet atelier a \u00e9t\u00e9 mis en place pour r\u00e9armer les femmes journalistes afin qu\u2019elles occupent des postes de responsabilit\u00e9<\/em>s<\/strong> <strong>dans le monde des m\u00e9dias et pour les aider \u00e0 surmonter les difficult\u00e9s que ce m\u00e9tier pr\u00e9sente \u00bb, <\/strong>asserte-elle avant de poursuivre&nbsp;: <strong><em>\u00ab&nbsp;Soyons des femmes engag\u00e9es, ponctuelles, qui veulent se faire former&nbsp;\u00bb<\/em>.<\/strong><\/p>\n\n\n\n<p>Jean-Claude Coulibaly, le pr\u00e9sident de l\u2019UNJCI, a, dans son intervention, bross\u00e9 l\u2019importance de la femme dans l\u2019\u00e9volution de l\u2019humanit\u00e9 et dans le m\u00e9tier de journaliste. <strong><em>\u00ab&nbsp;L\u2019\u00e9volution de l\u2019humanit\u00e9 ne saurait se faire sans la femme. Il est important que les femmes int\u00e8grent le m\u00e9tier de journaliste\u00bb, <\/em><\/strong>a-t-il dit.<\/p>\n\n\n\n<div class=\"wp-block-image\"><figure class=\"aligncenter size-large is-resized\"><img loading=\"lazy\" decoding=\"async\" src=\"https:\/\/7culture.ci\/wp-content\/uploads\/2022\/06\/WhatsApp-Image-2022-06-14-at-14.40.42-1024x768.jpeg\" alt=\"\" class=\"wp-image-21723\" width=\"628\" height=\"471\" srcset=\"https:\/\/7culture.ci\/wp-content\/uploads\/2022\/06\/WhatsApp-Image-2022-06-14-at-14.40.42-1024x768.jpeg 1024w, https:\/\/7culture.ci\/wp-content\/uploads\/2022\/06\/WhatsApp-Image-2022-06-14-at-14.40.42-300x225.jpeg 300w, https:\/\/7culture.ci\/wp-content\/uploads\/2022\/06\/WhatsApp-Image-2022-06-14-at-14.40.42-768x576.jpeg 768w, https:\/\/7culture.ci\/wp-content\/uploads\/2022\/06\/WhatsApp-Image-2022-06-14-at-14.40.42.jpeg 1080w\" sizes=\"(max-width: 628px) 100vw, 628px\" \/><\/figure><\/div>\n\n\n\n<p>Convaincu des avantages de l\u2019auto-formation, Jean-Claude Coulibaly les a \u00e9galement encourag\u00e9es \u00e0 se former avant d\u2019esp\u00e9rer pouvoir occuper des postes deresponsabilit\u00e9s.<em>&nbsp;<strong>\u00ab&nbsp;Avant d\u2019occuper des postes de responsabilit\u00e9s, il faut se former, il faut \u00eatre outill\u00e9 parce que la responsabilit\u00e9 engage l\u2019individu. Sans la formation, on ne peut pas occuper des postes de responsabilit\u00e9s. Il faut bien se former et attendre son heure&nbsp;\u00bb, <\/strong><\/em>a-t-il sugg\u00e9r\u00e9. Le pr\u00e9sident de l\u2019UNJCI a mis terme \u00e0 son intervention en les incitant \u00e0 int\u00e9rioriser la formation qu\u2019elles recevront.<\/p>\n\n\n\n<p>T. Samuel<\/p>\n","protected":false},"excerpt":{"rendered":"<p>A l\u2019initiative de l\u2019Union nationale des journalistes de C\u00f4te d\u2019Ivoire (UNJCI) en partenariat avec l\u2019Union des journalistes norv\u00e9giens, un atelier de formation destin\u00e9 aux femmes journalistes et professionnelles de m\u00e9dias, s\u2019est tenu le mardi 14 juin 2022, \u00e0 la salle de conf\u00e9rence de la Maison de la presse d\u2019Abidjan-Plateau. Le th\u00e8me de la formation \u00e9tait &hellip;<\/p>\n<p class=\"read-more\"> <a class=\"\" href=\"https:\/\/7culture.ci\/index.php\/2022\/06\/14\/seminaire-les-femmes-des-medias-exhortees-a-se-former\/\"> <span class=\"screen-reader-text\">S\u00e9minaire\u00a0: les femmes des m\u00e9dias exhort\u00e9es \u00e0 se former<\/span> Lire la suite\u00a0\u00bb<\/a><\/p>\n","protected":false},"author":1,"featured_media":21722,"comment_status":"open","ping_status":"open","sticky":false,"template":"","format":"standard","meta":{"_mi_skip_tracking":false,"_monsterinsights_sitenote_active":false,"_monsterinsights_sitenote_note":"","_monsterinsights_sitenote_category":0,"site-sidebar-layout":"default","site-content-layout":"default","ast-global-header-display":"","ast-main-header-display":"","ast-hfb-above-header-display":"","ast-hfb-below-header-display":"","ast-hfb-mobile-header-display":"","site-post-title":"","ast-breadcrumbs-content":"","ast-featured-img":"","footer-sml-layout":"","theme-transparent-header-meta":"","adv-header-id-meta":"","stick-header-meta":"","header-above-stick-meta":"","header-main-stick-meta":"","header-below-stick-meta":"","footnotes":"","jetpack_publicize_message":"","jetpack_is_tweetstorm":false,"jetpack_publicize_feature_enabled":true},"categories":[33],"tags":[],"jetpack_publicize_connections":[],"acf":[],"aioseo_notices":[],"yoast_head":"<!-- This site is optimized with the Yoast SEO plugin v19.6.1 - https:\/\/yoast.com\/wordpress\/plugins\/seo\/ -->\n<title>S\u00e9minaire\u00a0: les femmes des m\u00e9dias exhort\u00e9es \u00e0 se former -<\/title>\n<meta name=\"robots\" content=\"index, follow, max-snippet:-1, max-image-preview:large, max-video-preview:-1\" \/>\n<link rel=\"canonical\" href=\"https:\/\/7culture.ci\/index.php\/2022\/06\/14\/seminaire-les-femmes-des-medias-exhortees-a-se-former\/\" \/>\n<meta property=\"og:locale\" content=\"fr_FR\" \/>\n<meta property=\"og:type\" content=\"article\" \/>\n<meta property=\"og:title\" content=\"S\u00e9minaire\u00a0: les femmes des m\u00e9dias exhort\u00e9es \u00e0 se former -\" \/>\n<meta property=\"og:description\" content=\"A l\u2019initiative de l\u2019Union nationale des journalistes de C\u00f4te d\u2019Ivoire (UNJCI) en partenariat avec l\u2019Union des journalistes norv\u00e9giens, un atelier de formation destin\u00e9 aux femmes journalistes et professionnelles de m\u00e9dias, s\u2019est tenu le mardi 14 juin 2022, \u00e0 la salle de conf\u00e9rence de la Maison de la presse d\u2019Abidjan-Plateau. Le th\u00e8me de la formation \u00e9tait &hellip; S\u00e9minaire\u00a0: les femmes des m\u00e9dias exhort\u00e9es \u00e0 se former Lire la suite\u00a0\u00bb\" \/>\n<meta property=\"og:url\" content=\"https:\/\/7culture.ci\/index.php\/2022\/06\/14\/seminaire-les-femmes-des-medias-exhortees-a-se-former\/\" \/>\n<meta property=\"og:site_name\" content=\"7culture\" \/>\n<meta property=\"article:publisher\" content=\"https:\/\/www.facebook.com\/redchefclaude\" \/>\n<meta property=\"article:published_time\" content=\"2022-06-14T15:09:58+00:00\" \/>\n<meta property=\"article:modified_time\" content=\"2022-06-15T10:23:29+00:00\" \/>\n<meta property=\"og:image\" content=\"http:\/\/7culture.ci\/wp-content\/uploads\/2022\/06\/WhatsApp-Image-2022-06-14-at-14.40.41.jpeg\" \/>\n\t<meta property=\"og:image:width\" content=\"1080\" \/>\n\t<meta property=\"og:image:height\" content=\"810\" \/>\n\t<meta property=\"og:image:type\" content=\"image\/jpeg\" \/>\n<meta name=\"author\" content=\"7culture2020\" \/>\n<meta name=\"twitter:card\" content=\"summary_large_image\" \/>\n<meta name=\"twitter:creator\" content=\"@7culturec\" \/>\n<meta name=\"twitter:site\" content=\"@7culturec\" \/>\n<meta name=\"twitter:label1\" content=\"\u00c9crit par\" \/>\n\t<meta name=\"twitter:data1\" content=\"7culture2020\" \/>\n\t<meta name=\"twitter:label2\" content=\"Dur\u00e9e de lecture estim\u00e9e\" \/>\n\t<meta name=\"twitter:data2\" content=\"2 minutes\" \/>\n<script type=\"application\/ld+json\" class=\"yoast-schema-graph\">{\"@context\":\"https:\/\/schema.org\",\"@graph\":[{\"@type\":\"Article\",\"@id\":\"https:\/\/7culture.ci\/index.php\/2022\/06\/14\/seminaire-les-femmes-des-medias-exhortees-a-se-former\/#article\",\"isPartOf\":{\"@id\":\"https:\/\/7culture.ci\/index.php\/2022\/06\/14\/seminaire-les-femmes-des-medias-exhortees-a-se-former\/\"},\"author\":{\"name\":\"7culture2020\",\"@id\":\"https:\/\/7culture.ci\/#\/schema\/person\/16150d28d7ef66ba788c1f87f28c4426\"},\"headline\":\"S\u00e9minaire\u00a0: les femmes des m\u00e9dias exhort\u00e9es \u00e0 se former\",\"datePublished\":\"2022-06-14T15:09:58+00:00\",\"dateModified\":\"2022-06-15T10:23:29+00:00\",\"mainEntityOfPage\":{\"@id\":\"https:\/\/7culture.ci\/index.php\/2022\/06\/14\/seminaire-les-femmes-des-medias-exhortees-a-se-former\/\"},\"wordCount\":347,\"commentCount\":0,\"publisher\":{\"@id\":\"https:\/\/7culture.ci\/#organization\"},\"articleSection\":[\"M\u00e9dia\"],\"inLanguage\":\"fr-FR\",\"potentialAction\":[{\"@type\":\"CommentAction\",\"name\":\"Comment\",\"target\":[\"https:\/\/7culture.ci\/index.php\/2022\/06\/14\/seminaire-les-femmes-des-medias-exhortees-a-se-former\/#respond\"]}]},{\"@type\":\"WebPage\",\"@id\":\"https:\/\/7culture.ci\/index.php\/2022\/06\/14\/seminaire-les-femmes-des-medias-exhortees-a-se-former\/\",\"url\":\"https:\/\/7culture.ci\/index.php\/2022\/06\/14\/seminaire-les-femmes-des-medias-exhortees-a-se-former\/\",\"name\":\"S\u00e9minaire\u00a0: les femmes des m\u00e9dias exhort\u00e9es \u00e0 se former -\",\"isPartOf\":{\"@id\":\"https:\/\/7culture.ci\/#website\"},\"datePublished\":\"2022-06-14T15:09:58+00:00\",\"dateModified\":\"2022-06-15T10:23:29+00:00\",\"breadcrumb\":{\"@id\":\"https:\/\/7culture.ci\/index.php\/2022\/06\/14\/seminaire-les-femmes-des-medias-exhortees-a-se-former\/#breadcrumb\"},\"inLanguage\":\"fr-FR\",\"potentialAction\":[{\"@type\":\"ReadAction\",\"target\":[\"https:\/\/7culture.ci\/index.php\/2022\/06\/14\/seminaire-les-femmes-des-medias-exhortees-a-se-former\/\"]}]},{\"@type\":\"BreadcrumbList\",\"@id\":\"https:\/\/7culture.ci\/index.php\/2022\/06\/14\/seminaire-les-femmes-des-medias-exhortees-a-se-former\/#breadcrumb\",\"itemListElement\":[{\"@type\":\"ListItem\",\"position\":1,\"name\":\"Accueil\",\"item\":\"https:\/\/7culture.ci\/\"},{\"@type\":\"ListItem\",\"position\":2,\"name\":\"S\u00e9minaire\u00a0: les femmes des m\u00e9dias exhort\u00e9es \u00e0 se former\"}]},{\"@type\":\"WebSite\",\"@id\":\"https:\/\/7culture.ci\/#website\",\"url\":\"https:\/\/7culture.ci\/\",\"name\":\"7culture\",\"description\":\"Tout sur l&#039;actualit\u00e9\",\"publisher\":{\"@id\":\"https:\/\/7culture.ci\/#organization\"},\"potentialAction\":[{\"@type\":\"SearchAction\",\"target\":{\"@type\":\"EntryPoint\",\"urlTemplate\":\"https:\/\/7culture.ci\/?s={search_term_string}\"},\"query-input\":\"required name=search_term_string\"}],\"inLanguage\":\"fr-FR\"},{\"@type\":\"Organization\",\"@id\":\"https:\/\/7culture.ci\/#organization\",\"name\":\"7culture\",\"url\":\"https:\/\/7culture.ci\/\",\"sameAs\":[\"https:\/\/www.facebook.com\/redchefclaude\",\"https:\/\/twitter.com\/7culturec\"],\"logo\":{\"@type\":\"ImageObject\",\"inLanguage\":\"fr-FR\",\"@id\":\"https:\/\/7culture.ci\/#\/schema\/logo\/image\/\",\"url\":\"https:\/\/7culture.ci\/wp-content\/uploads\/2021\/12\/S1a-1.png\",\"contentUrl\":\"https:\/\/7culture.ci\/wp-content\/uploads\/2021\/12\/S1a-1.png\",\"width\":588,\"height\":192,\"caption\":\"7culture\"},\"image\":{\"@id\":\"https:\/\/7culture.ci\/#\/schema\/logo\/image\/\"}},{\"@type\":\"Person\",\"@id\":\"https:\/\/7culture.ci\/#\/schema\/person\/16150d28d7ef66ba788c1f87f28c4426\",\"name\":\"7culture2020\",\"image\":{\"@type\":\"ImageObject\",\"inLanguage\":\"fr-FR\",\"@id\":\"https:\/\/7culture.ci\/#\/schema\/person\/image\/\",\"url\":\"https:\/\/secure.gravatar.com\/avatar\/9a0784f951306c37bcd065f52844ef95?s=96&d=mm&r=g\",\"contentUrl\":\"https:\/\/secure.gravatar.com\/avatar\/9a0784f951306c37bcd065f52844ef95?s=96&d=mm&r=g\",\"caption\":\"7culture2020\"},\"sameAs\":[\"http:\/\/7culture.ci\",\"Claude.kipre\"],\"url\":\"https:\/\/7culture.ci\/index.php\/author\/7culture2020\/\"}]}<\/script>\n<!-- \/ Yoast SEO plugin. -->","yoast_head_json":{"title":"S\u00e9minaire\u00a0: les femmes des m\u00e9dias exhort\u00e9es \u00e0 se former -","robots":{"index":"index","follow":"follow","max-snippet":"max-snippet:-1","max-image-preview":"max-image-preview:large","max-video-preview":"max-video-preview:-1"},"canonical":"https:\/\/7culture.ci\/index.php\/2022\/06\/14\/seminaire-les-femmes-des-medias-exhortees-a-se-former\/","og_locale":"fr_FR","og_type":"article","og_title":"S\u00e9minaire\u00a0: les femmes des m\u00e9dias exhort\u00e9es \u00e0 se former -","og_description":"A l\u2019initiative de l\u2019Union nationale des journalistes de C\u00f4te d\u2019Ivoire (UNJCI) en partenariat avec l\u2019Union des journalistes norv\u00e9giens, un atelier de formation destin\u00e9 aux femmes journalistes et professionnelles de m\u00e9dias, s\u2019est tenu le mardi 14 juin 2022, \u00e0 la salle de conf\u00e9rence de la Maison de la presse d\u2019Abidjan-Plateau. Le th\u00e8me de la formation \u00e9tait &hellip; S\u00e9minaire\u00a0: les femmes des m\u00e9dias exhort\u00e9es \u00e0 se former Lire la suite\u00a0\u00bb","og_url":"https:\/\/7culture.ci\/index.php\/2022\/06\/14\/seminaire-les-femmes-des-medias-exhortees-a-se-former\/","og_site_name":"7culture","article_publisher":"https:\/\/www.facebook.com\/redchefclaude","article_published_time":"2022-06-14T15:09:58+00:00","article_modified_time":"2022-06-15T10:23:29+00:00","og_image":[{"width":1080,"height":810,"url":"http:\/\/7culture.ci\/wp-content\/uploads\/2022\/06\/WhatsApp-Image-2022-06-14-at-14.40.41.jpeg","type":"image\/jpeg"}],"author":"7culture2020","twitter_card":"summary_large_image","twitter_creator":"@7culturec","twitter_site":"@7culturec","twitter_misc":{"\u00c9crit par":"7culture2020","Dur\u00e9e de lecture estim\u00e9e":"2 minutes"},"schema":{"@context":"https:\/\/schema.org","@graph":[{"@type":"Article","@id":"https:\/\/7culture.ci\/index.php\/2022\/06\/14\/seminaire-les-femmes-des-medias-exhortees-a-se-former\/#article","isPartOf":{"@id":"https:\/\/7culture.ci\/index.php\/2022\/06\/14\/seminaire-les-femmes-des-medias-exhortees-a-se-former\/"},"author":{"name":"7culture2020","@id":"https:\/\/7culture.ci\/#\/schema\/person\/16150d28d7ef66ba788c1f87f28c4426"},"headline":"S\u00e9minaire\u00a0: les femmes des m\u00e9dias exhort\u00e9es \u00e0 se former","datePublished":"2022-06-14T15:09:58+00:00","dateModified":"2022-06-15T10:23:29+00:00","mainEntityOfPage":{"@id":"https:\/\/7culture.ci\/index.php\/2022\/06\/14\/seminaire-les-femmes-des-medias-exhortees-a-se-former\/"},"wordCount":347,"commentCount":0,"publisher":{"@id":"https:\/\/7culture.ci\/#organization"},"articleSection":["M\u00e9dia"],"inLanguage":"fr-FR","potentialAction":[{"@type":"CommentAction","name":"Comment","target":["https:\/\/7culture.ci\/index.php\/2022\/06\/14\/seminaire-les-femmes-des-medias-exhortees-a-se-former\/#respond"]}]},{"@type":"WebPage","@id":"https:\/\/7culture.ci\/index.php\/2022\/06\/14\/seminaire-les-femmes-des-medias-exhortees-a-se-former\/","url":"https:\/\/7culture.ci\/index.php\/2022\/06\/14\/seminaire-les-femmes-des-medias-exhortees-a-se-former\/","name":"S\u00e9minaire\u00a0: les femmes des m\u00e9dias exhort\u00e9es \u00e0 se former -","isPartOf":{"@id":"https:\/\/7culture.ci\/#website"},"datePublished":"2022-06-14T15:09:58+00:00","dateModified":"2022-06-15T10:23:29+00:00","breadcrumb":{"@id":"https:\/\/7culture.ci\/index.php\/2022\/06\/14\/seminaire-les-femmes-des-medias-exhortees-a-se-former\/#breadcrumb"},"inLanguage":"fr-FR","potentialAction":[{"@type":"ReadAction","target":["https:\/\/7culture.ci\/index.php\/2022\/06\/14\/seminaire-les-femmes-des-medias-exhortees-a-se-former\/"]}]},{"@type":"BreadcrumbList","@id":"https:\/\/7culture.ci\/index.php\/2022\/06\/14\/seminaire-les-femmes-des-medias-exhortees-a-se-former\/#breadcrumb","itemListElement":[{"@type":"ListItem","position":1,"name":"Accueil","item":"https:\/\/7culture.ci\/"},{"@type":"ListItem","position":2,"name":"S\u00e9minaire\u00a0: les femmes des m\u00e9dias exhort\u00e9es \u00e0 se former"}]},{"@type":"WebSite","@id":"https:\/\/7culture.ci\/#website","url":"https:\/\/7culture.ci\/","name":"7culture","description":"Tout sur l&#039;actualit\u00e9","publisher":{"@id":"https:\/\/7culture.ci\/#organization"},"potentialAction":[{"@type":"SearchAction","target":{"@type":"EntryPoint","urlTemplate":"https:\/\/7culture.ci\/?s={search_term_string}"},"query-input":"required name=search_term_string"}],"inLanguage":"fr-FR"},{"@type":"Organization","@id":"https:\/\/7culture.ci\/#organization","name":"7culture","url":"https:\/\/7culture.ci\/","sameAs":["https:\/\/www.facebook.com\/redchefclaude","https:\/\/twitter.com\/7culturec"],"logo":{"@type":"ImageObject","inLanguage":"fr-FR","@id":"https:\/\/7culture.ci\/#\/schema\/logo\/image\/","url":"https:\/\/7culture.ci\/wp-content\/uploads\/2021\/12\/S1a-1.png","contentUrl":"https:\/\/7culture.ci\/wp-content\/uploads\/2021\/12\/S1a-1.png","width":588,"height":192,"caption":"7culture"},"image":{"@id":"https:\/\/7culture.ci\/#\/schema\/logo\/image\/"}},{"@type":"Person","@id":"https:\/\/7culture.ci\/#\/schema\/person\/16150d28d7ef66ba788c1f87f28c4426","name":"7culture2020","image":{"@type":"ImageObject","inLanguage":"fr-FR","@id":"https:\/\/7culture.ci\/#\/schema\/person\/image\/","url":"https:\/\/secure.gravatar.com\/avatar\/9a0784f951306c37bcd065f52844ef95?s=96&d=mm&r=g","contentUrl":"https:\/\/secure.gravatar.com\/avatar\/9a0784f951306c37bcd065f52844ef95?s=96&d=mm&r=g","caption":"7culture2020"},"sameAs":["http:\/\/7culture.ci","Claude.kipre"],"url":"https:\/\/7culture.ci\/index.php\/author\/7culture2020\/"}]}},"jetpack_featured_media_url":"https:\/\/7culture.ci\/wp-content\/uploads\/2022\/06\/WhatsApp-Image-2022-06-14-at-14.40.41.jpeg","jetpack_likes_enabled":true,"jetpack_sharing_enabled":true,"_links":{"self":[{"href":"https:\/\/7culture.ci\/index.php\/wp-json\/wp\/v2\/posts\/21721"}],"collection":[{"href":"https:\/\/7culture.ci\/index.php\/wp-json\/wp\/v2\/posts"}],"about":[{"href":"https:\/\/7culture.ci\/index.php\/wp-json\/wp\/v2\/types\/post"}],"author":[{"embeddable":true,"href":"https:\/\/7culture.ci\/index.php\/wp-json\/wp\/v2\/users\/1"}],"replies":[{"embeddable":true,"href":"https:\/\/7culture.ci\/index.php\/wp-json\/wp\/v2\/comments?post=21721"}],"version-history":[{"count":0,"href":"https:\/\/7culture.ci\/index.php\/wp-json\/wp\/v2\/posts\/21721\/revisions"}],"wp:featuredmedia":[{"embeddable":true,"href":"https:\/\/7culture.ci\/index.php\/wp-json\/wp\/v2\/media\/21722"}],"wp:attachment":[{"href":"https:\/\/7culture.ci\/index.php\/wp-json\/wp\/v2\/media?parent=21721"}],"wp:term":[{"taxonomy":"category","embeddable":true,"href":"https:\/\/7culture.ci\/index.php\/wp-json\/wp\/v2\/categories?post=21721"},{"taxonomy":"post_tag","embeddable":true,"href":"https:\/\/7culture.ci\/index.php\/wp-json\/wp\/v2\/tags?post=21721"}],"curies":[{"name":"wp","href":"https:\/\/api.w.org\/{rel}","templated":true}]}}