{"id":21714,"date":"2022-06-14T14:46:06","date_gmt":"2022-06-14T12:46:06","guid":{"rendered":"https:\/\/7culture.ci\/?p=21714"},"modified":"2022-06-14T19:28:16","modified_gmt":"2022-06-14T17:28:16","slug":"pour-celebrer-ses-30-ans-de-carriere-tina-glamour-honore-la-memoire-darafat-dj","status":"publish","type":"post","link":"https:\/\/7culture.ci\/index.php\/2022\/06\/14\/pour-celebrer-ses-30-ans-de-carriere-tina-glamour-honore-la-memoire-darafat-dj\/","title":{"rendered":"Pour c\u00e9l\u00e9brer ses 30 ans de carri\u00e8re, Tina Glamour va honorer la m\u00e9moire d\u2019Arafat DJ"},"content":{"rendered":"\n<p>Pour de nombreux jeunes d\u2019aujourd\u2019hui, Tina Glamour n\u2019est que la m\u00e8re de l\u2019embl\u00e9matique Arafat DJ. Et pourtant elle a une vie artistique personnelle bien remplie et qui d\u00e9marre dans les ann\u00e9es 1980. Apr\u00e8s des collaborations avec Wompy et le groupe RAS, Tina Glamour se lance dans une carri\u00e8re solo en 1992. Cela fait donc 30 ans que la chanteuse anime le milieu du show-biz africain. Et elle veut marquer ses trois d\u00e9cennies d\u2019artiste d\u2019une pierre blanche. Au cours d\u2019une conf\u00e9rence de presse prononc\u00e9e le samedi 11 juin dernier au Palais de la Culture, Tina Glamour a annonc\u00e9 la c\u00e9l\u00e9bration de ses 30 ans de carri\u00e8re le 12 ao\u00fbt 2022 \u00e0 la salle Kodjo Eboucl\u00e9 de l\u2019antre de la culture d\u2019Abidjan. \u00ab&nbsp;<strong><em>Mes larmes et moi, on n\u2019a pas rendez-vous aujourd\u2019hui. Je suis forte mais je suis sensible<\/em><\/strong>&nbsp;\u00bb, avertit-elle d\u2019entr\u00e9e face aux journalistes. Cela explique la complexit\u00e9 de Tina&nbsp;: \u00e0 la fois tendre, douce et rebelle. \u00ab&nbsp;<strong><em>Je donne ce concert pour montrer ce que j\u2019ai dans le coffre. Et puis je trouvais que ce n\u2019\u00e9tait pas normal que je donne des concerts dans d\u2019autres pays sans jamais en donner dans mon pays. Apr\u00e8s des show-cases, j\u2019ose cette fois-ci le live au palais de la culture<\/em><\/strong>&nbsp;\u00bb, soutient-elle avant d\u2019indiquer&nbsp;: \u00ab&nbsp;<strong><em>Je suis \u00e0 l\u2019aise dans les standards am\u00e9ricains<\/em><\/strong>&nbsp;\u00bb. Mais, elle pr\u00e9vient&nbsp;: \u00ab&nbsp;<strong><em>Je ne vais pas venir sur sc\u00e8ne en soutane. Un artiste est une marque d\u00e9pos\u00e9e&nbsp;<\/em><\/strong>\u00bb. Et Tina Glamour en est certainement une. Avec elle, il faut s\u2019attendre \u00e0 du hot, du hard et du soft. \u00ab&nbsp;<strong><em>Le 12 ao\u00fbt, tout le monde sera servi. Il y aura du gouro, du b\u00e9t\u00e9, du lingala, de l\u2019anglais et l\u2019am\u00e9ricain. Je suis rhythm\u2019n\u2019blues hein!<\/em><\/strong>\u00bb, mart\u00e8le la maman de Y\u00f4r\u00f4b\u00f4.<\/p>\n\n\n\n<figure class=\"wp-block-image size-large is-resized\"><img loading=\"lazy\" decoding=\"async\" src=\"https:\/\/7culture.ci\/wp-content\/uploads\/2022\/06\/WhatsApp-Image-2022-06-11-at-13.33.10-1024x461.jpeg\" alt=\"\" class=\"wp-image-21716\" width=\"760\" height=\"342\" srcset=\"https:\/\/7culture.ci\/wp-content\/uploads\/2022\/06\/WhatsApp-Image-2022-06-11-at-13.33.10-1024x461.jpeg 1024w, https:\/\/7culture.ci\/wp-content\/uploads\/2022\/06\/WhatsApp-Image-2022-06-11-at-13.33.10-300x135.jpeg 300w, https:\/\/7culture.ci\/wp-content\/uploads\/2022\/06\/WhatsApp-Image-2022-06-11-at-13.33.10-768x346.jpeg 768w, https:\/\/7culture.ci\/wp-content\/uploads\/2022\/06\/WhatsApp-Image-2022-06-11-at-13.33.10.jpeg 1120w\" sizes=\"(max-width: 760px) 100vw, 760px\" \/><\/figure>\n\n\n\n<p>C\u2019est sa structure TG Prod que Tina Glamour g\u00e8re son spectacle in\u00e9dit et unique du 12 juin prochain. Il est baptis\u00e9 \u2018\u2019 Le concert de la renaissance\u2019\u2019. La direction artistique est confi\u00e9e \u00e0 St\u00e9phane Edjemou. Dans le menu, Tina qui s\u2019est rebaptis\u00e9e Lady Glam\u2019S, proposera un best-off de son r\u00e9pertoire. Le public pourra savourer les titres comme \u2018\u2019Diff\u00e9rence\u2019\u2019, \u2018\u2019Jata\u2019\u2019, \u2018\u2019Feeling\u2019\u2019, \u2018\u2019Holiday\u2019\u2019 (reprise de Madonna), \u2018\u2019Le choix de Dieu\u2019\u2019, \u2018\u2019Bimbola\u2019\u2019, \u2018\u2019Laissez mon nom\u2019\u2019, \u2018\u2019Desaltero\u2019\u2019, \u2018\u2019Qui va m\u2019aimer ?\u2019\u2019, \u2018\u2019Daichi \u00f4\u2019\u2019\u2026 Le show sera aussi enrichi par les participations de nombreux artistes comme Seliko, David Tayorault, Freddy Assogba, K\u00e9k\u00e9 Kassiry\u2026<\/p>\n\n\n\n<p>Si Tina Glamour a choisi le 12 ao\u00fbt pour c\u00e9l\u00e9brer ses 30 ans de carri\u00e8re, ce n\u2019est pas un hasard. C\u2019est une date noire dans la vie de la chanteuse. \u00ab&nbsp;<strong><em>Ce jour-l\u00e0, une partie de moi est partie. Arafat \u00e9tait unique pour moi. J\u2019ai pleur\u00e9 deux ans. Je vais c\u00e9l\u00e9brer mes 30 ans et en profiter pour faire mon deuil. Ce concert, c\u2019est pour compatir et rendre hommage \u00e0 mes enfants perdus, Arafat et B\u00e9b\u00e9 Carla<\/em><\/strong>&nbsp;\u00bb, soupire-t-elle.<\/p>\n\n\n\n<p>Ce 12 ao\u00fbt 2022, cela fera trois ans qu\u2019Ange Didier Houon (Arafat DJ), le fils de Pierre Houon (Wompi) et Valentine Logbo (Tina Glamour) a quitt\u00e9 le monde des vivants au cours d\u2019un tragique accident de moto \u00e0 Abidjan en C\u00f4te d\u2019Ivoire. \u00ab&nbsp;<strong><em>Le 12 ao\u00fbt 2019, ma vie a chamboul\u00e9<\/em><\/strong>&nbsp;\u00bb, confesse Tina.&nbsp; C\u2019est pourtant sur des chapeaux de roue que d\u00e9marre la vie artistique de la jeune fille aux c\u00f4t\u00e9s de son amoureux. En 1982, elle rencontre le papa de son fils ch\u00e9ri qui deviendra 30 ans plus tard l\u2019ic\u00f4ne de toute une g\u00e9n\u00e9ration. \u00ab&nbsp;<strong><em>Vous savez, je n\u2019ai jamais \u00e9t\u00e9 comprise \u00e0 part mon p\u00e8re qui m\u2019a soutenue dans ma carri\u00e8re. J\u2019ai \u00e9t\u00e9 une femme battue, tromp\u00e9e\u2026&nbsp;car mon homme et moi n\u2019avions pas la m\u00eame mani\u00e8re de voir les choses<\/em><\/strong>\u00bb, r\u00e9v\u00e8le celle qui \u00e9tait \u00e0 l\u2019\u00e9poque Tina Spencer.<\/p>\n\n\n\n<div class=\"wp-block-image\"><figure class=\"aligncenter size-large is-resized\"><img loading=\"lazy\" decoding=\"async\" src=\"https:\/\/7culture.ci\/wp-content\/uploads\/2022\/06\/WhatsApp-Image-2022-06-11-at-13.33.10-1-1024x461.jpeg\" alt=\"\" class=\"wp-image-21717\" width=\"771\" height=\"347\" srcset=\"https:\/\/7culture.ci\/wp-content\/uploads\/2022\/06\/WhatsApp-Image-2022-06-11-at-13.33.10-1-1024x461.jpeg 1024w, https:\/\/7culture.ci\/wp-content\/uploads\/2022\/06\/WhatsApp-Image-2022-06-11-at-13.33.10-1-300x135.jpeg 300w, https:\/\/7culture.ci\/wp-content\/uploads\/2022\/06\/WhatsApp-Image-2022-06-11-at-13.33.10-1-768x346.jpeg 768w, https:\/\/7culture.ci\/wp-content\/uploads\/2022\/06\/WhatsApp-Image-2022-06-11-at-13.33.10-1.jpeg 1120w\" sizes=\"(max-width: 771px) 100vw, 771px\" \/><\/figure><\/div>\n\n\n\n<p>Tina Glamour arrive \u00e0 New-York aux Etats-Unis quand elle a un an.&nbsp; Et elle revient dans son Abidjan natal 17 ans plus tard. C\u2019est donc une petite \u2018\u2019Am\u00e9ricaine\u2019\u2019 qui revient vivre dans son pays avec tout le grand \u00e9cart de civilisation, de style, de langue et de comportement qui vont avec. Elle est en avance sur son temps et ce qu\u2019elle croit normal, heurte la sensibilit\u00e9 de ses concitoyens. Tina est \u00e0 la une de la presse, g\u00e9n\u00e9ralement pour ses frasques. Mais Tina Spencer est une artiste compl\u00e8te qui essaie tout. Elle est actrice de cin\u00e9ma et de roman-photo (ID), chanteuse, danseuse\u2026 Au fil des ann\u00e9es et selon ses humeurs, Tina Spencer deviendra Tina Spendja, Tina Glamour, Lady Glamour et Lady Glam\u2019s. A la c\u00e9l\u00e9bration de ses 30 ans de carri\u00e8re le 12 ao\u00fbt prochain au palais de la culture, vous retrouverez l\u2019une d\u2019elle.<\/p>\n\n\n\n<p>Par Omar AK<\/p>\n","protected":false},"excerpt":{"rendered":"<p>Pour de nombreux jeunes d\u2019aujourd\u2019hui, Tina Glamour n\u2019est que la m\u00e8re de l\u2019embl\u00e9matique Arafat DJ. Et pourtant elle a une vie artistique personnelle bien remplie et qui d\u00e9marre dans les ann\u00e9es 1980. Apr\u00e8s des collaborations avec Wompy et le groupe RAS, Tina Glamour se lance dans une carri\u00e8re solo en 1992. Cela fait donc 30 &hellip;<\/p>\n<p class=\"read-more\"> <a class=\"\" href=\"https:\/\/7culture.ci\/index.php\/2022\/06\/14\/pour-celebrer-ses-30-ans-de-carriere-tina-glamour-honore-la-memoire-darafat-dj\/\"> <span class=\"screen-reader-text\">Pour c\u00e9l\u00e9brer ses 30 ans de carri\u00e8re, Tina Glamour va honorer la m\u00e9moire d\u2019Arafat DJ<\/span> Lire la suite\u00a0\u00bb<\/a><\/p>\n","protected":false},"author":1,"featured_media":21715,"comment_status":"open","ping_status":"open","sticky":false,"template":"","format":"standard","meta":{"_mi_skip_tracking":false,"_monsterinsights_sitenote_active":false,"_monsterinsights_sitenote_note":"","_monsterinsights_sitenote_category":0,"site-sidebar-layout":"default","site-content-layout":"default","ast-global-header-display":"","ast-main-header-display":"","ast-hfb-above-header-display":"","ast-hfb-below-header-display":"","ast-hfb-mobile-header-display":"","site-post-title":"","ast-breadcrumbs-content":"","ast-featured-img":"","footer-sml-layout":"","theme-transparent-header-meta":"","adv-header-id-meta":"","stick-header-meta":"","header-above-stick-meta":"","header-main-stick-meta":"","header-below-stick-meta":"","footnotes":"","jetpack_publicize_message":"","jetpack_is_tweetstorm":false,"jetpack_publicize_feature_enabled":true},"categories":[16],"tags":[],"jetpack_publicize_connections":[],"acf":[],"aioseo_notices":[],"yoast_head":"<!-- This site is optimized with the Yoast SEO plugin v19.6.1 - https:\/\/yoast.com\/wordpress\/plugins\/seo\/ -->\n<title>Pour c\u00e9l\u00e9brer ses 30 ans de carri\u00e8re, Tina Glamour va honorer la m\u00e9moire d\u2019Arafat DJ -<\/title>\n<meta name=\"robots\" content=\"index, follow, max-snippet:-1, max-image-preview:large, max-video-preview:-1\" \/>\n<link rel=\"canonical\" href=\"https:\/\/7culture.ci\/index.php\/2022\/06\/14\/pour-celebrer-ses-30-ans-de-carriere-tina-glamour-honore-la-memoire-darafat-dj\/\" \/>\n<meta property=\"og:locale\" content=\"fr_FR\" \/>\n<meta property=\"og:type\" content=\"article\" \/>\n<meta property=\"og:title\" content=\"Pour c\u00e9l\u00e9brer ses 30 ans de carri\u00e8re, Tina Glamour va honorer la m\u00e9moire d\u2019Arafat DJ -\" \/>\n<meta property=\"og:description\" content=\"Pour de nombreux jeunes d\u2019aujourd\u2019hui, Tina Glamour n\u2019est que la m\u00e8re de l\u2019embl\u00e9matique Arafat DJ. Et pourtant elle a une vie artistique personnelle bien remplie et qui d\u00e9marre dans les ann\u00e9es 1980. Apr\u00e8s des collaborations avec Wompy et le groupe RAS, Tina Glamour se lance dans une carri\u00e8re solo en 1992. Cela fait donc 30 &hellip; Pour c\u00e9l\u00e9brer ses 30 ans de carri\u00e8re, Tina Glamour va honorer la m\u00e9moire d\u2019Arafat DJ Lire la suite\u00a0\u00bb\" \/>\n<meta property=\"og:url\" content=\"https:\/\/7culture.ci\/index.php\/2022\/06\/14\/pour-celebrer-ses-30-ans-de-carriere-tina-glamour-honore-la-memoire-darafat-dj\/\" \/>\n<meta property=\"og:site_name\" content=\"7culture\" \/>\n<meta property=\"article:publisher\" content=\"https:\/\/www.facebook.com\/redchefclaude\" \/>\n<meta property=\"article:published_time\" content=\"2022-06-14T12:46:06+00:00\" \/>\n<meta property=\"article:modified_time\" content=\"2022-06-14T17:28:16+00:00\" \/>\n<meta property=\"og:image\" content=\"http:\/\/7culture.ci\/wp-content\/uploads\/2022\/06\/WhatsApp-Image-2022-06-14-at-11.18.20.jpeg\" \/>\n\t<meta property=\"og:image:width\" content=\"1080\" \/>\n\t<meta property=\"og:image:height\" content=\"720\" \/>\n\t<meta property=\"og:image:type\" content=\"image\/jpeg\" \/>\n<meta name=\"author\" content=\"7culture2020\" \/>\n<meta name=\"twitter:card\" content=\"summary_large_image\" \/>\n<meta name=\"twitter:creator\" content=\"@7culturec\" \/>\n<meta name=\"twitter:site\" content=\"@7culturec\" \/>\n<meta name=\"twitter:label1\" content=\"\u00c9crit par\" \/>\n\t<meta name=\"twitter:data1\" content=\"7culture2020\" \/>\n\t<meta name=\"twitter:label2\" content=\"Dur\u00e9e de lecture estim\u00e9e\" \/>\n\t<meta name=\"twitter:data2\" content=\"5 minutes\" \/>\n<script type=\"application\/ld+json\" class=\"yoast-schema-graph\">{\"@context\":\"https:\/\/schema.org\",\"@graph\":[{\"@type\":\"Article\",\"@id\":\"https:\/\/7culture.ci\/index.php\/2022\/06\/14\/pour-celebrer-ses-30-ans-de-carriere-tina-glamour-honore-la-memoire-darafat-dj\/#article\",\"isPartOf\":{\"@id\":\"https:\/\/7culture.ci\/index.php\/2022\/06\/14\/pour-celebrer-ses-30-ans-de-carriere-tina-glamour-honore-la-memoire-darafat-dj\/\"},\"author\":{\"name\":\"7culture2020\",\"@id\":\"https:\/\/7culture.ci\/#\/schema\/person\/16150d28d7ef66ba788c1f87f28c4426\"},\"headline\":\"Pour c\u00e9l\u00e9brer ses 30 ans de carri\u00e8re, Tina Glamour va honorer la m\u00e9moire d\u2019Arafat DJ\",\"datePublished\":\"2022-06-14T12:46:06+00:00\",\"dateModified\":\"2022-06-14T17:28:16+00:00\",\"mainEntityOfPage\":{\"@id\":\"https:\/\/7culture.ci\/index.php\/2022\/06\/14\/pour-celebrer-ses-30-ans-de-carriere-tina-glamour-honore-la-memoire-darafat-dj\/\"},\"wordCount\":861,\"commentCount\":0,\"publisher\":{\"@id\":\"https:\/\/7culture.ci\/#organization\"},\"articleSection\":[\"Musique\"],\"inLanguage\":\"fr-FR\",\"potentialAction\":[{\"@type\":\"CommentAction\",\"name\":\"Comment\",\"target\":[\"https:\/\/7culture.ci\/index.php\/2022\/06\/14\/pour-celebrer-ses-30-ans-de-carriere-tina-glamour-honore-la-memoire-darafat-dj\/#respond\"]}]},{\"@type\":\"WebPage\",\"@id\":\"https:\/\/7culture.ci\/index.php\/2022\/06\/14\/pour-celebrer-ses-30-ans-de-carriere-tina-glamour-honore-la-memoire-darafat-dj\/\",\"url\":\"https:\/\/7culture.ci\/index.php\/2022\/06\/14\/pour-celebrer-ses-30-ans-de-carriere-tina-glamour-honore-la-memoire-darafat-dj\/\",\"name\":\"Pour c\u00e9l\u00e9brer ses 30 ans de carri\u00e8re, Tina Glamour va honorer la m\u00e9moire d\u2019Arafat DJ -\",\"isPartOf\":{\"@id\":\"https:\/\/7culture.ci\/#website\"},\"datePublished\":\"2022-06-14T12:46:06+00:00\",\"dateModified\":\"2022-06-14T17:28:16+00:00\",\"breadcrumb\":{\"@id\":\"https:\/\/7culture.ci\/index.php\/2022\/06\/14\/pour-celebrer-ses-30-ans-de-carriere-tina-glamour-honore-la-memoire-darafat-dj\/#breadcrumb\"},\"inLanguage\":\"fr-FR\",\"potentialAction\":[{\"@type\":\"ReadAction\",\"target\":[\"https:\/\/7culture.ci\/index.php\/2022\/06\/14\/pour-celebrer-ses-30-ans-de-carriere-tina-glamour-honore-la-memoire-darafat-dj\/\"]}]},{\"@type\":\"BreadcrumbList\",\"@id\":\"https:\/\/7culture.ci\/index.php\/2022\/06\/14\/pour-celebrer-ses-30-ans-de-carriere-tina-glamour-honore-la-memoire-darafat-dj\/#breadcrumb\",\"itemListElement\":[{\"@type\":\"ListItem\",\"position\":1,\"name\":\"Accueil\",\"item\":\"https:\/\/7culture.ci\/\"},{\"@type\":\"ListItem\",\"position\":2,\"name\":\"Pour c\u00e9l\u00e9brer ses 30 ans de carri\u00e8re, Tina Glamour va honorer la m\u00e9moire d\u2019Arafat DJ\"}]},{\"@type\":\"WebSite\",\"@id\":\"https:\/\/7culture.ci\/#website\",\"url\":\"https:\/\/7culture.ci\/\",\"name\":\"7culture\",\"description\":\"Tout sur l&#039;actualit\u00e9\",\"publisher\":{\"@id\":\"https:\/\/7culture.ci\/#organization\"},\"potentialAction\":[{\"@type\":\"SearchAction\",\"target\":{\"@type\":\"EntryPoint\",\"urlTemplate\":\"https:\/\/7culture.ci\/?s={search_term_string}\"},\"query-input\":\"required name=search_term_string\"}],\"inLanguage\":\"fr-FR\"},{\"@type\":\"Organization\",\"@id\":\"https:\/\/7culture.ci\/#organization\",\"name\":\"7culture\",\"url\":\"https:\/\/7culture.ci\/\",\"sameAs\":[\"https:\/\/www.facebook.com\/redchefclaude\",\"https:\/\/twitter.com\/7culturec\"],\"logo\":{\"@type\":\"ImageObject\",\"inLanguage\":\"fr-FR\",\"@id\":\"https:\/\/7culture.ci\/#\/schema\/logo\/image\/\",\"url\":\"https:\/\/7culture.ci\/wp-content\/uploads\/2021\/12\/S1a-1.png\",\"contentUrl\":\"https:\/\/7culture.ci\/wp-content\/uploads\/2021\/12\/S1a-1.png\",\"width\":588,\"height\":192,\"caption\":\"7culture\"},\"image\":{\"@id\":\"https:\/\/7culture.ci\/#\/schema\/logo\/image\/\"}},{\"@type\":\"Person\",\"@id\":\"https:\/\/7culture.ci\/#\/schema\/person\/16150d28d7ef66ba788c1f87f28c4426\",\"name\":\"7culture2020\",\"image\":{\"@type\":\"ImageObject\",\"inLanguage\":\"fr-FR\",\"@id\":\"https:\/\/7culture.ci\/#\/schema\/person\/image\/\",\"url\":\"https:\/\/secure.gravatar.com\/avatar\/9a0784f951306c37bcd065f52844ef95?s=96&d=mm&r=g\",\"contentUrl\":\"https:\/\/secure.gravatar.com\/avatar\/9a0784f951306c37bcd065f52844ef95?s=96&d=mm&r=g\",\"caption\":\"7culture2020\"},\"sameAs\":[\"http:\/\/7culture.ci\",\"Claude.kipre\"],\"url\":\"https:\/\/7culture.ci\/index.php\/author\/7culture2020\/\"}]}<\/script>\n<!-- \/ Yoast SEO plugin. -->","yoast_head_json":{"title":"Pour c\u00e9l\u00e9brer ses 30 ans de carri\u00e8re, Tina Glamour va honorer la m\u00e9moire d\u2019Arafat DJ -","robots":{"index":"index","follow":"follow","max-snippet":"max-snippet:-1","max-image-preview":"max-image-preview:large","max-video-preview":"max-video-preview:-1"},"canonical":"https:\/\/7culture.ci\/index.php\/2022\/06\/14\/pour-celebrer-ses-30-ans-de-carriere-tina-glamour-honore-la-memoire-darafat-dj\/","og_locale":"fr_FR","og_type":"article","og_title":"Pour c\u00e9l\u00e9brer ses 30 ans de carri\u00e8re, Tina Glamour va honorer la m\u00e9moire d\u2019Arafat DJ -","og_description":"Pour de nombreux jeunes d\u2019aujourd\u2019hui, Tina Glamour n\u2019est que la m\u00e8re de l\u2019embl\u00e9matique Arafat DJ. Et pourtant elle a une vie artistique personnelle bien remplie et qui d\u00e9marre dans les ann\u00e9es 1980. Apr\u00e8s des collaborations avec Wompy et le groupe RAS, Tina Glamour se lance dans une carri\u00e8re solo en 1992. Cela fait donc 30 &hellip; Pour c\u00e9l\u00e9brer ses 30 ans de carri\u00e8re, Tina Glamour va honorer la m\u00e9moire d\u2019Arafat DJ Lire la suite\u00a0\u00bb","og_url":"https:\/\/7culture.ci\/index.php\/2022\/06\/14\/pour-celebrer-ses-30-ans-de-carriere-tina-glamour-honore-la-memoire-darafat-dj\/","og_site_name":"7culture","article_publisher":"https:\/\/www.facebook.com\/redchefclaude","article_published_time":"2022-06-14T12:46:06+00:00","article_modified_time":"2022-06-14T17:28:16+00:00","og_image":[{"width":1080,"height":720,"url":"http:\/\/7culture.ci\/wp-content\/uploads\/2022\/06\/WhatsApp-Image-2022-06-14-at-11.18.20.jpeg","type":"image\/jpeg"}],"author":"7culture2020","twitter_card":"summary_large_image","twitter_creator":"@7culturec","twitter_site":"@7culturec","twitter_misc":{"\u00c9crit par":"7culture2020","Dur\u00e9e de lecture estim\u00e9e":"5 minutes"},"schema":{"@context":"https:\/\/schema.org","@graph":[{"@type":"Article","@id":"https:\/\/7culture.ci\/index.php\/2022\/06\/14\/pour-celebrer-ses-30-ans-de-carriere-tina-glamour-honore-la-memoire-darafat-dj\/#article","isPartOf":{"@id":"https:\/\/7culture.ci\/index.php\/2022\/06\/14\/pour-celebrer-ses-30-ans-de-carriere-tina-glamour-honore-la-memoire-darafat-dj\/"},"author":{"name":"7culture2020","@id":"https:\/\/7culture.ci\/#\/schema\/person\/16150d28d7ef66ba788c1f87f28c4426"},"headline":"Pour c\u00e9l\u00e9brer ses 30 ans de carri\u00e8re, Tina Glamour va honorer la m\u00e9moire d\u2019Arafat DJ","datePublished":"2022-06-14T12:46:06+00:00","dateModified":"2022-06-14T17:28:16+00:00","mainEntityOfPage":{"@id":"https:\/\/7culture.ci\/index.php\/2022\/06\/14\/pour-celebrer-ses-30-ans-de-carriere-tina-glamour-honore-la-memoire-darafat-dj\/"},"wordCount":861,"commentCount":0,"publisher":{"@id":"https:\/\/7culture.ci\/#organization"},"articleSection":["Musique"],"inLanguage":"fr-FR","potentialAction":[{"@type":"CommentAction","name":"Comment","target":["https:\/\/7culture.ci\/index.php\/2022\/06\/14\/pour-celebrer-ses-30-ans-de-carriere-tina-glamour-honore-la-memoire-darafat-dj\/#respond"]}]},{"@type":"WebPage","@id":"https:\/\/7culture.ci\/index.php\/2022\/06\/14\/pour-celebrer-ses-30-ans-de-carriere-tina-glamour-honore-la-memoire-darafat-dj\/","url":"https:\/\/7culture.ci\/index.php\/2022\/06\/14\/pour-celebrer-ses-30-ans-de-carriere-tina-glamour-honore-la-memoire-darafat-dj\/","name":"Pour c\u00e9l\u00e9brer ses 30 ans de carri\u00e8re, Tina Glamour va honorer la m\u00e9moire d\u2019Arafat DJ -","isPartOf":{"@id":"https:\/\/7culture.ci\/#website"},"datePublished":"2022-06-14T12:46:06+00:00","dateModified":"2022-06-14T17:28:16+00:00","breadcrumb":{"@id":"https:\/\/7culture.ci\/index.php\/2022\/06\/14\/pour-celebrer-ses-30-ans-de-carriere-tina-glamour-honore-la-memoire-darafat-dj\/#breadcrumb"},"inLanguage":"fr-FR","potentialAction":[{"@type":"ReadAction","target":["https:\/\/7culture.ci\/index.php\/2022\/06\/14\/pour-celebrer-ses-30-ans-de-carriere-tina-glamour-honore-la-memoire-darafat-dj\/"]}]},{"@type":"BreadcrumbList","@id":"https:\/\/7culture.ci\/index.php\/2022\/06\/14\/pour-celebrer-ses-30-ans-de-carriere-tina-glamour-honore-la-memoire-darafat-dj\/#breadcrumb","itemListElement":[{"@type":"ListItem","position":1,"name":"Accueil","item":"https:\/\/7culture.ci\/"},{"@type":"ListItem","position":2,"name":"Pour c\u00e9l\u00e9brer ses 30 ans de carri\u00e8re, Tina Glamour va honorer la m\u00e9moire d\u2019Arafat DJ"}]},{"@type":"WebSite","@id":"https:\/\/7culture.ci\/#website","url":"https:\/\/7culture.ci\/","name":"7culture","description":"Tout sur l&#039;actualit\u00e9","publisher":{"@id":"https:\/\/7culture.ci\/#organization"},"potentialAction":[{"@type":"SearchAction","target":{"@type":"EntryPoint","urlTemplate":"https:\/\/7culture.ci\/?s={search_term_string}"},"query-input":"required name=search_term_string"}],"inLanguage":"fr-FR"},{"@type":"Organization","@id":"https:\/\/7culture.ci\/#organization","name":"7culture","url":"https:\/\/7culture.ci\/","sameAs":["https:\/\/www.facebook.com\/redchefclaude","https:\/\/twitter.com\/7culturec"],"logo":{"@type":"ImageObject","inLanguage":"fr-FR","@id":"https:\/\/7culture.ci\/#\/schema\/logo\/image\/","url":"https:\/\/7culture.ci\/wp-content\/uploads\/2021\/12\/S1a-1.png","contentUrl":"https:\/\/7culture.ci\/wp-content\/uploads\/2021\/12\/S1a-1.png","width":588,"height":192,"caption":"7culture"},"image":{"@id":"https:\/\/7culture.ci\/#\/schema\/logo\/image\/"}},{"@type":"Person","@id":"https:\/\/7culture.ci\/#\/schema\/person\/16150d28d7ef66ba788c1f87f28c4426","name":"7culture2020","image":{"@type":"ImageObject","inLanguage":"fr-FR","@id":"https:\/\/7culture.ci\/#\/schema\/person\/image\/","url":"https:\/\/secure.gravatar.com\/avatar\/9a0784f951306c37bcd065f52844ef95?s=96&d=mm&r=g","contentUrl":"https:\/\/secure.gravatar.com\/avatar\/9a0784f951306c37bcd065f52844ef95?s=96&d=mm&r=g","caption":"7culture2020"},"sameAs":["http:\/\/7culture.ci","Claude.kipre"],"url":"https:\/\/7culture.ci\/index.php\/author\/7culture2020\/"}]}},"jetpack_featured_media_url":"https:\/\/7culture.ci\/wp-content\/uploads\/2022\/06\/WhatsApp-Image-2022-06-14-at-11.18.20.jpeg","jetpack_likes_enabled":true,"jetpack_sharing_enabled":true,"_links":{"self":[{"href":"https:\/\/7culture.ci\/index.php\/wp-json\/wp\/v2\/posts\/21714"}],"collection":[{"href":"https:\/\/7culture.ci\/index.php\/wp-json\/wp\/v2\/posts"}],"about":[{"href":"https:\/\/7culture.ci\/index.php\/wp-json\/wp\/v2\/types\/post"}],"author":[{"embeddable":true,"href":"https:\/\/7culture.ci\/index.php\/wp-json\/wp\/v2\/users\/1"}],"replies":[{"embeddable":true,"href":"https:\/\/7culture.ci\/index.php\/wp-json\/wp\/v2\/comments?post=21714"}],"version-history":[{"count":0,"href":"https:\/\/7culture.ci\/index.php\/wp-json\/wp\/v2\/posts\/21714\/revisions"}],"wp:featuredmedia":[{"embeddable":true,"href":"https:\/\/7culture.ci\/index.php\/wp-json\/wp\/v2\/media\/21715"}],"wp:attachment":[{"href":"https:\/\/7culture.ci\/index.php\/wp-json\/wp\/v2\/media?parent=21714"}],"wp:term":[{"taxonomy":"category","embeddable":true,"href":"https:\/\/7culture.ci\/index.php\/wp-json\/wp\/v2\/categories?post=21714"},{"taxonomy":"post_tag","embeddable":true,"href":"https:\/\/7culture.ci\/index.php\/wp-json\/wp\/v2\/tags?post=21714"}],"curies":[{"name":"wp","href":"https:\/\/api.w.org\/{rel}","templated":true}]}}