{"id":21704,"date":"2022-06-13T20:13:53","date_gmt":"2022-06-13T18:13:53","guid":{"rendered":"https:\/\/7culture.ci\/?p=21704"},"modified":"2022-06-13T20:14:14","modified_gmt":"2022-06-13T18:14:14","slug":"slam-apres-son-spectacle-reussi-lencre-des-etoiles-exprime-sa-profonde-gratitude","status":"publish","type":"post","link":"https:\/\/7culture.ci\/index.php\/2022\/06\/13\/slam-apres-son-spectacle-reussi-lencre-des-etoiles-exprime-sa-profonde-gratitude\/","title":{"rendered":"Slam\u00a0: Apr\u00e8s son spectacle r\u00e9ussi, L\u2019Encre des Etoiles exprime sa profonde gratitude"},"content":{"rendered":"\n<p>C\u2019\u00e9tait son bapt\u00eame du feu dans une salle comble de l\u2019Institut Goethe dans la soir\u00e9e du 11 juin dernier. L\u2019Encre des Etoiles, accompagn\u00e9e de l\u2019Ecole des po\u00e8tes a tenu,a s\u00e9duit le public&nbsp; avecun spectacle de slam et de po\u00e9sie d\u00e9nomm\u00e9 \u2018\u2019Bout de pagne\u2019\u2019.Emue par le succ\u00e8s qu\u2019a connu ce show, l\u2019artiste a tenu \u00e0 remercier les personnalit\u00e9s et structures qui l\u2019ont soutenue dans cette repr\u00e9sentation qui semble \u00eatre une premi\u00e8re d\u2019une carri\u00e8re prometteuse. <strong>\u00ab&nbsp;Vous avez fait de moi en cette nuit \u00e9toil\u00e9e une imparfaite po\u00e9sie. Je dis merci \u00e0 la mairie d\u2019Adjam\u00e9, \u00e0 son premier magistrat M. le maire Farikou Soumahoro que j\u2019appelle chaleureusement mon p\u00e9p\u00e9, qui a vu naitre l\u2019encre que je suis devant la porte de M. Soumaila Bamba. Mention sp\u00e9ciale au Goethe Institut C\u00f4te d\u2019Ivoire d\u2019avoir \u00e9t\u00e9 le chemin de cette r\u00e9alisation&nbsp;<\/strong>\u00bb, a-t-elle dit.<\/p>\n\n\n\n<figure class=\"wp-block-image size-large is-resized\"><img loading=\"lazy\" decoding=\"async\" src=\"https:\/\/7culture.ci\/wp-content\/uploads\/2022\/06\/Encre-des-Etoiles-2-1024x683.jpg\" alt=\"\" class=\"wp-image-21706\" width=\"625\" height=\"417\" srcset=\"https:\/\/7culture.ci\/wp-content\/uploads\/2022\/06\/Encre-des-Etoiles-2-1024x683.jpg 1024w, https:\/\/7culture.ci\/wp-content\/uploads\/2022\/06\/Encre-des-Etoiles-2-300x200.jpg 300w, https:\/\/7culture.ci\/wp-content\/uploads\/2022\/06\/Encre-des-Etoiles-2-768x512.jpg 768w, https:\/\/7culture.ci\/wp-content\/uploads\/2022\/06\/Encre-des-Etoiles-2-1536x1024.jpg 1536w, https:\/\/7culture.ci\/wp-content\/uploads\/2022\/06\/Encre-des-Etoiles-2.jpg 1800w\" sizes=\"(max-width: 625px) 100vw, 625px\" \/><\/figure>\n\n\n\n<p>Pleine de gratitudes relatives aux conseils re\u00e7us par certains devanciers qui constituent sa famille artistique, L\u2019Encre des Etoiles leur rend \u00e9galement un hommage. <strong>\u00ab&nbsp;<em>En chemin, nous rencontrons des inconnus qui deviennent notre famille. Je peux emprunter les mots de mon pr\u00e9sident, mon vieux p\u00e8re, mon ami, je p\u00e8se mes mots, Nin\u2019wlou Ariel M\u00e9n\u00e9lik Lao&nbsp;: \u2018\u2019Je ne suis pas seule\u2019\u2019. Ma famille artistique avec des liens forts, l\u2019Ecole des Po\u00e8tes, est l\u00e0. S\u2019il n&#8217;avait pas exist\u00e9, l\u2019Ecole des Po\u00e8tes serait une illusion. Alain Tailly, le p\u00e8re fondateur des passions de l\u2019Ecole des Po\u00e8tes<\/em>&nbsp;<\/strong>\u00bb, mentionne-t-elle.<\/p>\n\n\n\n<div class=\"wp-block-image\"><figure class=\"aligncenter size-large is-resized\"><img loading=\"lazy\" decoding=\"async\" src=\"https:\/\/7culture.ci\/wp-content\/uploads\/2022\/06\/Soiree-des-poetes-1024x683.jpg\" alt=\"\" class=\"wp-image-21707\" width=\"598\" height=\"399\" srcset=\"https:\/\/7culture.ci\/wp-content\/uploads\/2022\/06\/Soiree-des-poetes-1024x683.jpg 1024w, https:\/\/7culture.ci\/wp-content\/uploads\/2022\/06\/Soiree-des-poetes-300x200.jpg 300w, https:\/\/7culture.ci\/wp-content\/uploads\/2022\/06\/Soiree-des-poetes-768x512.jpg 768w, https:\/\/7culture.ci\/wp-content\/uploads\/2022\/06\/Soiree-des-poetes-1536x1024.jpg 1536w, https:\/\/7culture.ci\/wp-content\/uploads\/2022\/06\/Soiree-des-poetes.jpg 1800w\" sizes=\"(max-width: 598px) 100vw, 598px\" \/><\/figure><\/div>\n\n\n\n<p>Pour que son show \u2018\u2019Du r\u00eave \u00e0 la r\u00e9alit\u00e9\u2019\u2019 se tienne, elle est consciente que sans l\u2019implication s\u00e9rieuse de ses collaborateurs et le soutien des amoureux du slam, tout ceci n\u2019aurait pu se faire. \u00ab <strong><em>Il y a eu Du r\u00eave \u00e0 la r\u00e9alit\u00e9 gr\u00e2ce \u00e0 vous. Nous ne sommes rien sans vous&nbsp;\u2026 Je ne suis qu\u2019un bout de vos regards, l\u00e0 o\u00f9 se trouve ma po\u00e9sie sous vos paupi\u00e8res. Merci d\u2019avoir fait de moi ce 11 juin une imparfaite po\u00e9sie devant le monde du slam<\/em>&nbsp;\u00bb, <\/strong>ad\u00e9clar\u00e9 L\u2019Encre des Etoiles dite Linda Kouam\u00e9.<\/p>\n\n\n\n<p>Par T. S.<\/p>\n","protected":false},"excerpt":{"rendered":"<p>C\u2019\u00e9tait son bapt\u00eame du feu dans une salle comble de l\u2019Institut Goethe dans la soir\u00e9e du 11 juin dernier. L\u2019Encre des Etoiles, accompagn\u00e9e de l\u2019Ecole des po\u00e8tes a tenu,a s\u00e9duit le public&nbsp; avecun spectacle de slam et de po\u00e9sie d\u00e9nomm\u00e9 \u2018\u2019Bout de pagne\u2019\u2019.Emue par le succ\u00e8s qu\u2019a connu ce show, l\u2019artiste a tenu \u00e0 remercier &hellip;<\/p>\n<p class=\"read-more\"> <a class=\"\" href=\"https:\/\/7culture.ci\/index.php\/2022\/06\/13\/slam-apres-son-spectacle-reussi-lencre-des-etoiles-exprime-sa-profonde-gratitude\/\"> <span class=\"screen-reader-text\">Slam\u00a0: Apr\u00e8s son spectacle r\u00e9ussi, L\u2019Encre des Etoiles exprime sa profonde gratitude<\/span> Lire la suite\u00a0\u00bb<\/a><\/p>\n","protected":false},"author":1,"featured_media":21705,"comment_status":"open","ping_status":"open","sticky":false,"template":"","format":"standard","meta":{"_mi_skip_tracking":false,"_monsterinsights_sitenote_active":false,"_monsterinsights_sitenote_note":"","_monsterinsights_sitenote_category":0,"site-sidebar-layout":"default","site-content-layout":"default","ast-global-header-display":"","ast-main-header-display":"","ast-hfb-above-header-display":"","ast-hfb-below-header-display":"","ast-hfb-mobile-header-display":"","site-post-title":"","ast-breadcrumbs-content":"","ast-featured-img":"","footer-sml-layout":"","theme-transparent-header-meta":"","adv-header-id-meta":"","stick-header-meta":"","header-above-stick-meta":"","header-main-stick-meta":"","header-below-stick-meta":"","footnotes":"","jetpack_publicize_message":"","jetpack_is_tweetstorm":false,"jetpack_publicize_feature_enabled":true},"categories":[22],"tags":[],"jetpack_publicize_connections":[],"acf":[],"aioseo_notices":[],"yoast_head":"<!-- This site is optimized with the Yoast SEO plugin v19.6.1 - https:\/\/yoast.com\/wordpress\/plugins\/seo\/ -->\n<title>Slam\u00a0: Apr\u00e8s son spectacle r\u00e9ussi, L\u2019Encre des Etoiles exprime sa profonde gratitude -<\/title>\n<meta name=\"robots\" content=\"index, follow, max-snippet:-1, max-image-preview:large, max-video-preview:-1\" \/>\n<link rel=\"canonical\" href=\"https:\/\/7culture.ci\/index.php\/2022\/06\/13\/slam-apres-son-spectacle-reussi-lencre-des-etoiles-exprime-sa-profonde-gratitude\/\" \/>\n<meta property=\"og:locale\" content=\"fr_FR\" \/>\n<meta property=\"og:type\" content=\"article\" \/>\n<meta property=\"og:title\" content=\"Slam\u00a0: Apr\u00e8s son spectacle r\u00e9ussi, L\u2019Encre des Etoiles exprime sa profonde gratitude -\" \/>\n<meta property=\"og:description\" content=\"C\u2019\u00e9tait son bapt\u00eame du feu dans une salle comble de l\u2019Institut Goethe dans la soir\u00e9e du 11 juin dernier. L\u2019Encre des Etoiles, accompagn\u00e9e de l\u2019Ecole des po\u00e8tes a tenu,a s\u00e9duit le public&nbsp; avecun spectacle de slam et de po\u00e9sie d\u00e9nomm\u00e9 \u2018\u2019Bout de pagne\u2019\u2019.Emue par le succ\u00e8s qu\u2019a connu ce show, l\u2019artiste a tenu \u00e0 remercier &hellip; Slam\u00a0: Apr\u00e8s son spectacle r\u00e9ussi, L\u2019Encre des Etoiles exprime sa profonde gratitude Lire la suite\u00a0\u00bb\" \/>\n<meta property=\"og:url\" content=\"https:\/\/7culture.ci\/index.php\/2022\/06\/13\/slam-apres-son-spectacle-reussi-lencre-des-etoiles-exprime-sa-profonde-gratitude\/\" \/>\n<meta property=\"og:site_name\" content=\"7culture\" \/>\n<meta property=\"article:publisher\" content=\"https:\/\/www.facebook.com\/redchefclaude\" \/>\n<meta property=\"article:published_time\" content=\"2022-06-13T18:13:53+00:00\" \/>\n<meta property=\"article:modified_time\" content=\"2022-06-13T18:14:14+00:00\" \/>\n<meta property=\"og:image\" content=\"https:\/\/7culture.ci\/wp-content\/uploads\/2022\/06\/Encre-des-Etoiles.jpg\" \/>\n\t<meta property=\"og:image:width\" content=\"960\" \/>\n\t<meta property=\"og:image:height\" content=\"640\" \/>\n\t<meta property=\"og:image:type\" content=\"image\/jpeg\" \/>\n<meta name=\"author\" content=\"7culture2020\" \/>\n<meta name=\"twitter:card\" content=\"summary_large_image\" \/>\n<meta name=\"twitter:creator\" content=\"@7culturec\" \/>\n<meta name=\"twitter:site\" content=\"@7culturec\" \/>\n<meta name=\"twitter:label1\" content=\"\u00c9crit par\" \/>\n\t<meta name=\"twitter:data1\" content=\"7culture2020\" \/>\n\t<meta name=\"twitter:label2\" content=\"Dur\u00e9e de lecture estim\u00e9e\" \/>\n\t<meta name=\"twitter:data2\" content=\"3 minutes\" \/>\n<script type=\"application\/ld+json\" class=\"yoast-schema-graph\">{\"@context\":\"https:\/\/schema.org\",\"@graph\":[{\"@type\":\"Article\",\"@id\":\"https:\/\/7culture.ci\/index.php\/2022\/06\/13\/slam-apres-son-spectacle-reussi-lencre-des-etoiles-exprime-sa-profonde-gratitude\/#article\",\"isPartOf\":{\"@id\":\"https:\/\/7culture.ci\/index.php\/2022\/06\/13\/slam-apres-son-spectacle-reussi-lencre-des-etoiles-exprime-sa-profonde-gratitude\/\"},\"author\":{\"name\":\"7culture2020\",\"@id\":\"https:\/\/7culture.ci\/#\/schema\/person\/16150d28d7ef66ba788c1f87f28c4426\"},\"headline\":\"Slam\u00a0: Apr\u00e8s son spectacle r\u00e9ussi, L\u2019Encre des Etoiles exprime sa profonde gratitude\",\"datePublished\":\"2022-06-13T18:13:53+00:00\",\"dateModified\":\"2022-06-13T18:14:14+00:00\",\"mainEntityOfPage\":{\"@id\":\"https:\/\/7culture.ci\/index.php\/2022\/06\/13\/slam-apres-son-spectacle-reussi-lencre-des-etoiles-exprime-sa-profonde-gratitude\/\"},\"wordCount\":404,\"commentCount\":0,\"publisher\":{\"@id\":\"https:\/\/7culture.ci\/#organization\"},\"articleSection\":[\"Actualit\u00e9\"],\"inLanguage\":\"fr-FR\",\"potentialAction\":[{\"@type\":\"CommentAction\",\"name\":\"Comment\",\"target\":[\"https:\/\/7culture.ci\/index.php\/2022\/06\/13\/slam-apres-son-spectacle-reussi-lencre-des-etoiles-exprime-sa-profonde-gratitude\/#respond\"]}]},{\"@type\":\"WebPage\",\"@id\":\"https:\/\/7culture.ci\/index.php\/2022\/06\/13\/slam-apres-son-spectacle-reussi-lencre-des-etoiles-exprime-sa-profonde-gratitude\/\",\"url\":\"https:\/\/7culture.ci\/index.php\/2022\/06\/13\/slam-apres-son-spectacle-reussi-lencre-des-etoiles-exprime-sa-profonde-gratitude\/\",\"name\":\"Slam\u00a0: Apr\u00e8s son spectacle r\u00e9ussi, L\u2019Encre des Etoiles exprime sa profonde gratitude -\",\"isPartOf\":{\"@id\":\"https:\/\/7culture.ci\/#website\"},\"datePublished\":\"2022-06-13T18:13:53+00:00\",\"dateModified\":\"2022-06-13T18:14:14+00:00\",\"breadcrumb\":{\"@id\":\"https:\/\/7culture.ci\/index.php\/2022\/06\/13\/slam-apres-son-spectacle-reussi-lencre-des-etoiles-exprime-sa-profonde-gratitude\/#breadcrumb\"},\"inLanguage\":\"fr-FR\",\"potentialAction\":[{\"@type\":\"ReadAction\",\"target\":[\"https:\/\/7culture.ci\/index.php\/2022\/06\/13\/slam-apres-son-spectacle-reussi-lencre-des-etoiles-exprime-sa-profonde-gratitude\/\"]}]},{\"@type\":\"BreadcrumbList\",\"@id\":\"https:\/\/7culture.ci\/index.php\/2022\/06\/13\/slam-apres-son-spectacle-reussi-lencre-des-etoiles-exprime-sa-profonde-gratitude\/#breadcrumb\",\"itemListElement\":[{\"@type\":\"ListItem\",\"position\":1,\"name\":\"Accueil\",\"item\":\"https:\/\/7culture.ci\/\"},{\"@type\":\"ListItem\",\"position\":2,\"name\":\"Slam\u00a0: Apr\u00e8s son spectacle r\u00e9ussi, L\u2019Encre des Etoiles exprime sa profonde gratitude\"}]},{\"@type\":\"WebSite\",\"@id\":\"https:\/\/7culture.ci\/#website\",\"url\":\"https:\/\/7culture.ci\/\",\"name\":\"7culture\",\"description\":\"Tout sur l&#039;actualit\u00e9\",\"publisher\":{\"@id\":\"https:\/\/7culture.ci\/#organization\"},\"potentialAction\":[{\"@type\":\"SearchAction\",\"target\":{\"@type\":\"EntryPoint\",\"urlTemplate\":\"https:\/\/7culture.ci\/?s={search_term_string}\"},\"query-input\":\"required name=search_term_string\"}],\"inLanguage\":\"fr-FR\"},{\"@type\":\"Organization\",\"@id\":\"https:\/\/7culture.ci\/#organization\",\"name\":\"7culture\",\"url\":\"https:\/\/7culture.ci\/\",\"sameAs\":[\"https:\/\/www.facebook.com\/redchefclaude\",\"https:\/\/twitter.com\/7culturec\"],\"logo\":{\"@type\":\"ImageObject\",\"inLanguage\":\"fr-FR\",\"@id\":\"https:\/\/7culture.ci\/#\/schema\/logo\/image\/\",\"url\":\"https:\/\/7culture.ci\/wp-content\/uploads\/2021\/12\/S1a-1.png\",\"contentUrl\":\"https:\/\/7culture.ci\/wp-content\/uploads\/2021\/12\/S1a-1.png\",\"width\":588,\"height\":192,\"caption\":\"7culture\"},\"image\":{\"@id\":\"https:\/\/7culture.ci\/#\/schema\/logo\/image\/\"}},{\"@type\":\"Person\",\"@id\":\"https:\/\/7culture.ci\/#\/schema\/person\/16150d28d7ef66ba788c1f87f28c4426\",\"name\":\"7culture2020\",\"image\":{\"@type\":\"ImageObject\",\"inLanguage\":\"fr-FR\",\"@id\":\"https:\/\/7culture.ci\/#\/schema\/person\/image\/\",\"url\":\"https:\/\/secure.gravatar.com\/avatar\/9a0784f951306c37bcd065f52844ef95?s=96&d=mm&r=g\",\"contentUrl\":\"https:\/\/secure.gravatar.com\/avatar\/9a0784f951306c37bcd065f52844ef95?s=96&d=mm&r=g\",\"caption\":\"7culture2020\"},\"sameAs\":[\"http:\/\/7culture.ci\",\"Claude.kipre\"],\"url\":\"https:\/\/7culture.ci\/index.php\/author\/7culture2020\/\"}]}<\/script>\n<!-- \/ Yoast SEO plugin. -->","yoast_head_json":{"title":"Slam\u00a0: Apr\u00e8s son spectacle r\u00e9ussi, L\u2019Encre des Etoiles exprime sa profonde gratitude -","robots":{"index":"index","follow":"follow","max-snippet":"max-snippet:-1","max-image-preview":"max-image-preview:large","max-video-preview":"max-video-preview:-1"},"canonical":"https:\/\/7culture.ci\/index.php\/2022\/06\/13\/slam-apres-son-spectacle-reussi-lencre-des-etoiles-exprime-sa-profonde-gratitude\/","og_locale":"fr_FR","og_type":"article","og_title":"Slam\u00a0: Apr\u00e8s son spectacle r\u00e9ussi, L\u2019Encre des Etoiles exprime sa profonde gratitude -","og_description":"C\u2019\u00e9tait son bapt\u00eame du feu dans une salle comble de l\u2019Institut Goethe dans la soir\u00e9e du 11 juin dernier. L\u2019Encre des Etoiles, accompagn\u00e9e de l\u2019Ecole des po\u00e8tes a tenu,a s\u00e9duit le public&nbsp; avecun spectacle de slam et de po\u00e9sie d\u00e9nomm\u00e9 \u2018\u2019Bout de pagne\u2019\u2019.Emue par le succ\u00e8s qu\u2019a connu ce show, l\u2019artiste a tenu \u00e0 remercier &hellip; Slam\u00a0: Apr\u00e8s son spectacle r\u00e9ussi, L\u2019Encre des Etoiles exprime sa profonde gratitude Lire la suite\u00a0\u00bb","og_url":"https:\/\/7culture.ci\/index.php\/2022\/06\/13\/slam-apres-son-spectacle-reussi-lencre-des-etoiles-exprime-sa-profonde-gratitude\/","og_site_name":"7culture","article_publisher":"https:\/\/www.facebook.com\/redchefclaude","article_published_time":"2022-06-13T18:13:53+00:00","article_modified_time":"2022-06-13T18:14:14+00:00","og_image":[{"width":960,"height":640,"url":"https:\/\/7culture.ci\/wp-content\/uploads\/2022\/06\/Encre-des-Etoiles.jpg","type":"image\/jpeg"}],"author":"7culture2020","twitter_card":"summary_large_image","twitter_creator":"@7culturec","twitter_site":"@7culturec","twitter_misc":{"\u00c9crit par":"7culture2020","Dur\u00e9e de lecture estim\u00e9e":"3 minutes"},"schema":{"@context":"https:\/\/schema.org","@graph":[{"@type":"Article","@id":"https:\/\/7culture.ci\/index.php\/2022\/06\/13\/slam-apres-son-spectacle-reussi-lencre-des-etoiles-exprime-sa-profonde-gratitude\/#article","isPartOf":{"@id":"https:\/\/7culture.ci\/index.php\/2022\/06\/13\/slam-apres-son-spectacle-reussi-lencre-des-etoiles-exprime-sa-profonde-gratitude\/"},"author":{"name":"7culture2020","@id":"https:\/\/7culture.ci\/#\/schema\/person\/16150d28d7ef66ba788c1f87f28c4426"},"headline":"Slam\u00a0: Apr\u00e8s son spectacle r\u00e9ussi, L\u2019Encre des Etoiles exprime sa profonde gratitude","datePublished":"2022-06-13T18:13:53+00:00","dateModified":"2022-06-13T18:14:14+00:00","mainEntityOfPage":{"@id":"https:\/\/7culture.ci\/index.php\/2022\/06\/13\/slam-apres-son-spectacle-reussi-lencre-des-etoiles-exprime-sa-profonde-gratitude\/"},"wordCount":404,"commentCount":0,"publisher":{"@id":"https:\/\/7culture.ci\/#organization"},"articleSection":["Actualit\u00e9"],"inLanguage":"fr-FR","potentialAction":[{"@type":"CommentAction","name":"Comment","target":["https:\/\/7culture.ci\/index.php\/2022\/06\/13\/slam-apres-son-spectacle-reussi-lencre-des-etoiles-exprime-sa-profonde-gratitude\/#respond"]}]},{"@type":"WebPage","@id":"https:\/\/7culture.ci\/index.php\/2022\/06\/13\/slam-apres-son-spectacle-reussi-lencre-des-etoiles-exprime-sa-profonde-gratitude\/","url":"https:\/\/7culture.ci\/index.php\/2022\/06\/13\/slam-apres-son-spectacle-reussi-lencre-des-etoiles-exprime-sa-profonde-gratitude\/","name":"Slam\u00a0: Apr\u00e8s son spectacle r\u00e9ussi, L\u2019Encre des Etoiles exprime sa profonde gratitude -","isPartOf":{"@id":"https:\/\/7culture.ci\/#website"},"datePublished":"2022-06-13T18:13:53+00:00","dateModified":"2022-06-13T18:14:14+00:00","breadcrumb":{"@id":"https:\/\/7culture.ci\/index.php\/2022\/06\/13\/slam-apres-son-spectacle-reussi-lencre-des-etoiles-exprime-sa-profonde-gratitude\/#breadcrumb"},"inLanguage":"fr-FR","potentialAction":[{"@type":"ReadAction","target":["https:\/\/7culture.ci\/index.php\/2022\/06\/13\/slam-apres-son-spectacle-reussi-lencre-des-etoiles-exprime-sa-profonde-gratitude\/"]}]},{"@type":"BreadcrumbList","@id":"https:\/\/7culture.ci\/index.php\/2022\/06\/13\/slam-apres-son-spectacle-reussi-lencre-des-etoiles-exprime-sa-profonde-gratitude\/#breadcrumb","itemListElement":[{"@type":"ListItem","position":1,"name":"Accueil","item":"https:\/\/7culture.ci\/"},{"@type":"ListItem","position":2,"name":"Slam\u00a0: Apr\u00e8s son spectacle r\u00e9ussi, L\u2019Encre des Etoiles exprime sa profonde gratitude"}]},{"@type":"WebSite","@id":"https:\/\/7culture.ci\/#website","url":"https:\/\/7culture.ci\/","name":"7culture","description":"Tout sur l&#039;actualit\u00e9","publisher":{"@id":"https:\/\/7culture.ci\/#organization"},"potentialAction":[{"@type":"SearchAction","target":{"@type":"EntryPoint","urlTemplate":"https:\/\/7culture.ci\/?s={search_term_string}"},"query-input":"required name=search_term_string"}],"inLanguage":"fr-FR"},{"@type":"Organization","@id":"https:\/\/7culture.ci\/#organization","name":"7culture","url":"https:\/\/7culture.ci\/","sameAs":["https:\/\/www.facebook.com\/redchefclaude","https:\/\/twitter.com\/7culturec"],"logo":{"@type":"ImageObject","inLanguage":"fr-FR","@id":"https:\/\/7culture.ci\/#\/schema\/logo\/image\/","url":"https:\/\/7culture.ci\/wp-content\/uploads\/2021\/12\/S1a-1.png","contentUrl":"https:\/\/7culture.ci\/wp-content\/uploads\/2021\/12\/S1a-1.png","width":588,"height":192,"caption":"7culture"},"image":{"@id":"https:\/\/7culture.ci\/#\/schema\/logo\/image\/"}},{"@type":"Person","@id":"https:\/\/7culture.ci\/#\/schema\/person\/16150d28d7ef66ba788c1f87f28c4426","name":"7culture2020","image":{"@type":"ImageObject","inLanguage":"fr-FR","@id":"https:\/\/7culture.ci\/#\/schema\/person\/image\/","url":"https:\/\/secure.gravatar.com\/avatar\/9a0784f951306c37bcd065f52844ef95?s=96&d=mm&r=g","contentUrl":"https:\/\/secure.gravatar.com\/avatar\/9a0784f951306c37bcd065f52844ef95?s=96&d=mm&r=g","caption":"7culture2020"},"sameAs":["http:\/\/7culture.ci","Claude.kipre"],"url":"https:\/\/7culture.ci\/index.php\/author\/7culture2020\/"}]}},"jetpack_featured_media_url":"https:\/\/7culture.ci\/wp-content\/uploads\/2022\/06\/Encre-des-Etoiles.jpg","jetpack_likes_enabled":true,"jetpack_sharing_enabled":true,"_links":{"self":[{"href":"https:\/\/7culture.ci\/index.php\/wp-json\/wp\/v2\/posts\/21704"}],"collection":[{"href":"https:\/\/7culture.ci\/index.php\/wp-json\/wp\/v2\/posts"}],"about":[{"href":"https:\/\/7culture.ci\/index.php\/wp-json\/wp\/v2\/types\/post"}],"author":[{"embeddable":true,"href":"https:\/\/7culture.ci\/index.php\/wp-json\/wp\/v2\/users\/1"}],"replies":[{"embeddable":true,"href":"https:\/\/7culture.ci\/index.php\/wp-json\/wp\/v2\/comments?post=21704"}],"version-history":[{"count":0,"href":"https:\/\/7culture.ci\/index.php\/wp-json\/wp\/v2\/posts\/21704\/revisions"}],"wp:featuredmedia":[{"embeddable":true,"href":"https:\/\/7culture.ci\/index.php\/wp-json\/wp\/v2\/media\/21705"}],"wp:attachment":[{"href":"https:\/\/7culture.ci\/index.php\/wp-json\/wp\/v2\/media?parent=21704"}],"wp:term":[{"taxonomy":"category","embeddable":true,"href":"https:\/\/7culture.ci\/index.php\/wp-json\/wp\/v2\/categories?post=21704"},{"taxonomy":"post_tag","embeddable":true,"href":"https:\/\/7culture.ci\/index.php\/wp-json\/wp\/v2\/tags?post=21704"}],"curies":[{"name":"wp","href":"https:\/\/api.w.org\/{rel}","templated":true}]}}