{"id":21693,"date":"2022-06-13T17:19:02","date_gmt":"2022-06-13T15:19:02","guid":{"rendered":"https:\/\/7culture.ci\/?p=21693"},"modified":"2022-06-14T10:25:59","modified_gmt":"2022-06-14T08:25:59","slug":"lassociation-medias-et-citoyennete-a-vu-voit-le-jour","status":"publish","type":"post","link":"https:\/\/7culture.ci\/index.php\/2022\/06\/13\/lassociation-medias-et-citoyennete-a-vu-voit-le-jour\/","title":{"rendered":"L\u2019association \u2018\u2019M\u00e9dias et Citoyennet\u00e9\u2019\u2019 a vu le jour"},"content":{"rendered":"\n<p>\u2018\u2019M\u00e9dias et Citoyennet\u00e9\u2019\u2019, telle est la d\u00e9nomination de l\u2019association mise sur pieds le 11 juin dernier par des acteurs embl\u00e9matiques du paysage m\u00e9diatique ivoirien, dont Eug\u00e8ne Kadet, Marie Catherine Koissy, Fernand D\u00e9deh, Ousmane Sy Savan\u00e9, Toussaint Alain\u2026<\/p>\n\n\n\n<p>L\u2019assembl\u00e9e g\u00e9n\u00e9rale constitutive de cette association s\u2019est tenue \u00e0 la Maison de la presse &nbsp;d\u2019Abidjan-Plateau, en pr\u00e9sence de la vingtaine de membres fondateurs issus du monde des m\u00e9dias et de la soci\u00e9t\u00e9 civile (magistrat, financiers et comptables, etc.).<\/p>\n\n\n\n<p>\u2018\u2019M\u00e9dias et Citoyennet\u00e9\u2019\u2019 a pour principaux objectifs la valorisation du concept de journalisme et de citoyennet\u00e9, la promotion du professionnalisme et l\u2019excellence, en harmonie avec les mutations technologiques dans les m\u00e9dias.<\/p>\n\n\n\n<p>L\u2019association poursuit plusieurs missions \u00e0 savoir : aider \u00e0 la bonne gouvernance et au renforcement des capacit\u00e9s des entreprises de presse, impliquer les m\u00e9dias dans l\u2019\u00e9dification de la d\u00e9mocratie et de l\u2019Etat de droit, faire observer par les m\u00e9dias les processus d\u00e9mocratiques de d\u00e9cisions et de choix citoyens\u2026<\/p>\n\n\n\n<figure class=\"wp-block-image size-large is-resized\"><img loading=\"lazy\" decoding=\"async\" src=\"https:\/\/7culture.ci\/wp-content\/uploads\/2022\/06\/WhatsApp-Image-2022-06-13-at-15.01.55-1024x768.jpeg\" alt=\"\" class=\"wp-image-21695\" width=\"572\" height=\"429\" srcset=\"https:\/\/7culture.ci\/wp-content\/uploads\/2022\/06\/WhatsApp-Image-2022-06-13-at-15.01.55-1024x768.jpeg 1024w, https:\/\/7culture.ci\/wp-content\/uploads\/2022\/06\/WhatsApp-Image-2022-06-13-at-15.01.55-300x225.jpeg 300w, https:\/\/7culture.ci\/wp-content\/uploads\/2022\/06\/WhatsApp-Image-2022-06-13-at-15.01.55-768x576.jpeg 768w, https:\/\/7culture.ci\/wp-content\/uploads\/2022\/06\/WhatsApp-Image-2022-06-13-at-15.01.55.jpeg 1080w\" sizes=\"(max-width: 572px) 100vw, 572px\" \/><\/figure>\n\n\n\n<p>C\u2019est pendant l\u2019assembl\u00e9e g\u00e9n\u00e9rale \u00e9lective du 11 juin avec pour ordre du jour l\u2019adoption des statuts et r\u00e8glement int\u00e9rieur que les organes de sa gouvernance ont \u00e9t\u00e9 mis en place.<\/p>\n\n\n\n<p>Le bureau ex\u00e9cutif de \u2018\u2019M\u00e9dias et citoyennet\u00e9\u2019\u2019 sera g\u00e9r\u00e9 par Eug\u00e8ne Kadet. Marie Catherine Koissy pr\u00e9sidera le conseil d\u2019administration. Tous les nouveaux patrons de la nouvelle association ont \u00e9t\u00e9 d\u00e9sign\u00e9s \u00e0 l\u2019unanimit\u00e9 par les membres fondateurs. Il en a \u00e9t\u00e9 de m\u00eame du commissariat aux comptes aux mains de Codjia Ronald et Hermi Kn Hermance N\u2019Ta.<\/p>\n\n\n\n<p>Selon Eug\u00e8ne Kadet, pr\u00e9sident du bureau ex\u00e9cutif de \u2018\u2019M\u00e9dias et citoyennet\u00e9\u2019\u2019, \u00ab&nbsp;<strong><em>l\u2019association vise \u00e0 forger une forte conscience citoyenne par l\u2019information. Pour ce faire, elle va user de divers moyens d\u2019actions : sessions de formation, \u00e9tudes, veille m\u00e9dias et monitoring, conf\u00e9rences, campagnes de sensibilisation\u2026<\/em><\/strong>&nbsp;\u00bb<\/p>\n\n\n\n<div class=\"wp-block-image\"><figure class=\"aligncenter size-large is-resized\"><img loading=\"lazy\" decoding=\"async\" src=\"https:\/\/7culture.ci\/wp-content\/uploads\/2022\/06\/WhatsApp-Image-2022-06-13-at-15.01.55-1-1024x768.jpeg\" alt=\"\" class=\"wp-image-21696\" width=\"615\" height=\"461\" srcset=\"https:\/\/7culture.ci\/wp-content\/uploads\/2022\/06\/WhatsApp-Image-2022-06-13-at-15.01.55-1-1024x768.jpeg 1024w, https:\/\/7culture.ci\/wp-content\/uploads\/2022\/06\/WhatsApp-Image-2022-06-13-at-15.01.55-1-300x225.jpeg 300w, https:\/\/7culture.ci\/wp-content\/uploads\/2022\/06\/WhatsApp-Image-2022-06-13-at-15.01.55-1-768x576.jpeg 768w, https:\/\/7culture.ci\/wp-content\/uploads\/2022\/06\/WhatsApp-Image-2022-06-13-at-15.01.55-1.jpeg 1080w\" sizes=\"(max-width: 615px) 100vw, 615px\" \/><\/figure><\/div>\n\n\n\n<p>Quant \u00e0 Marie Catherine Koissy, pr\u00e9sidente du conseil d\u2019administration, elle n\u2019a pas manqu\u00e9 de pr\u00e9ciser que&nbsp; \u2018\u2019M\u00e9dias et citoyennet\u00e9\u2019\u2019 \u0153uvrera \u00e0 la promotion du genre non seulement dans les m\u00e9dias mais aussi dans la soci\u00e9t\u00e9.<\/p>\n\n\n\n<p>Omar AK avec SerCom<\/p>\n","protected":false},"excerpt":{"rendered":"<p>\u2018\u2019M\u00e9dias et Citoyennet\u00e9\u2019\u2019, telle est la d\u00e9nomination de l\u2019association mise sur pieds le 11 juin dernier par des acteurs embl\u00e9matiques du paysage m\u00e9diatique ivoirien, dont Eug\u00e8ne Kadet, Marie Catherine Koissy, Fernand D\u00e9deh, Ousmane Sy Savan\u00e9, Toussaint Alain\u2026 L\u2019assembl\u00e9e g\u00e9n\u00e9rale constitutive de cette association s\u2019est tenue \u00e0 la Maison de la presse &nbsp;d\u2019Abidjan-Plateau, en pr\u00e9sence de &hellip;<\/p>\n<p class=\"read-more\"> <a class=\"\" href=\"https:\/\/7culture.ci\/index.php\/2022\/06\/13\/lassociation-medias-et-citoyennete-a-vu-voit-le-jour\/\"> <span class=\"screen-reader-text\">L\u2019association \u2018\u2019M\u00e9dias et Citoyennet\u00e9\u2019\u2019 a vu le jour<\/span> Lire la suite\u00a0\u00bb<\/a><\/p>\n","protected":false},"author":1,"featured_media":21694,"comment_status":"open","ping_status":"open","sticky":false,"template":"","format":"standard","meta":{"_mi_skip_tracking":false,"_monsterinsights_sitenote_active":false,"_monsterinsights_sitenote_note":"","_monsterinsights_sitenote_category":0,"site-sidebar-layout":"default","site-content-layout":"default","ast-global-header-display":"","ast-main-header-display":"","ast-hfb-above-header-display":"","ast-hfb-below-header-display":"","ast-hfb-mobile-header-display":"","site-post-title":"","ast-breadcrumbs-content":"","ast-featured-img":"","footer-sml-layout":"","theme-transparent-header-meta":"","adv-header-id-meta":"","stick-header-meta":"","header-above-stick-meta":"","header-main-stick-meta":"","header-below-stick-meta":"","footnotes":"","jetpack_publicize_message":"","jetpack_is_tweetstorm":false,"jetpack_publicize_feature_enabled":true},"categories":[33],"tags":[],"jetpack_publicize_connections":[],"acf":[],"aioseo_notices":[],"yoast_head":"<!-- This site is optimized with the Yoast SEO plugin v19.6.1 - https:\/\/yoast.com\/wordpress\/plugins\/seo\/ -->\n<title>L\u2019association \u2018\u2019M\u00e9dias et Citoyennet\u00e9\u2019\u2019 a vu le jour -<\/title>\n<meta name=\"robots\" content=\"index, follow, max-snippet:-1, max-image-preview:large, max-video-preview:-1\" \/>\n<link rel=\"canonical\" href=\"https:\/\/7culture.ci\/index.php\/2022\/06\/13\/lassociation-medias-et-citoyennete-a-vu-voit-le-jour\/\" \/>\n<meta property=\"og:locale\" content=\"fr_FR\" \/>\n<meta property=\"og:type\" content=\"article\" \/>\n<meta property=\"og:title\" content=\"L\u2019association \u2018\u2019M\u00e9dias et Citoyennet\u00e9\u2019\u2019 a vu le jour -\" \/>\n<meta property=\"og:description\" content=\"\u2018\u2019M\u00e9dias et Citoyennet\u00e9\u2019\u2019, telle est la d\u00e9nomination de l\u2019association mise sur pieds le 11 juin dernier par des acteurs embl\u00e9matiques du paysage m\u00e9diatique ivoirien, dont Eug\u00e8ne Kadet, Marie Catherine Koissy, Fernand D\u00e9deh, Ousmane Sy Savan\u00e9, Toussaint Alain\u2026 L\u2019assembl\u00e9e g\u00e9n\u00e9rale constitutive de cette association s\u2019est tenue \u00e0 la Maison de la presse &nbsp;d\u2019Abidjan-Plateau, en pr\u00e9sence de &hellip; L\u2019association \u2018\u2019M\u00e9dias et Citoyennet\u00e9\u2019\u2019 a vu le jour Lire la suite\u00a0\u00bb\" \/>\n<meta property=\"og:url\" content=\"https:\/\/7culture.ci\/index.php\/2022\/06\/13\/lassociation-medias-et-citoyennete-a-vu-voit-le-jour\/\" \/>\n<meta property=\"og:site_name\" content=\"7culture\" \/>\n<meta property=\"article:publisher\" content=\"https:\/\/www.facebook.com\/redchefclaude\" \/>\n<meta property=\"article:published_time\" content=\"2022-06-13T15:19:02+00:00\" \/>\n<meta property=\"article:modified_time\" content=\"2022-06-14T08:25:59+00:00\" \/>\n<meta property=\"og:image\" content=\"http:\/\/7culture.ci\/wp-content\/uploads\/2022\/06\/WhatsApp-Image-2022-06-13-at-15.01.54.jpeg\" \/>\n\t<meta property=\"og:image:width\" content=\"1080\" \/>\n\t<meta property=\"og:image:height\" content=\"810\" \/>\n\t<meta property=\"og:image:type\" content=\"image\/jpeg\" \/>\n<meta name=\"author\" content=\"7culture2020\" \/>\n<meta name=\"twitter:card\" content=\"summary_large_image\" \/>\n<meta name=\"twitter:creator\" content=\"@7culturec\" \/>\n<meta name=\"twitter:site\" content=\"@7culturec\" \/>\n<meta name=\"twitter:label1\" content=\"\u00c9crit par\" \/>\n\t<meta name=\"twitter:data1\" content=\"7culture2020\" \/>\n\t<meta name=\"twitter:label2\" content=\"Dur\u00e9e de lecture estim\u00e9e\" \/>\n\t<meta name=\"twitter:data2\" content=\"3 minutes\" \/>\n<script type=\"application\/ld+json\" class=\"yoast-schema-graph\">{\"@context\":\"https:\/\/schema.org\",\"@graph\":[{\"@type\":\"Article\",\"@id\":\"https:\/\/7culture.ci\/index.php\/2022\/06\/13\/lassociation-medias-et-citoyennete-a-vu-voit-le-jour\/#article\",\"isPartOf\":{\"@id\":\"https:\/\/7culture.ci\/index.php\/2022\/06\/13\/lassociation-medias-et-citoyennete-a-vu-voit-le-jour\/\"},\"author\":{\"name\":\"7culture2020\",\"@id\":\"https:\/\/7culture.ci\/#\/schema\/person\/16150d28d7ef66ba788c1f87f28c4426\"},\"headline\":\"L\u2019association \u2018\u2019M\u00e9dias et Citoyennet\u00e9\u2019\u2019 a vu le jour\",\"datePublished\":\"2022-06-13T15:19:02+00:00\",\"dateModified\":\"2022-06-14T08:25:59+00:00\",\"mainEntityOfPage\":{\"@id\":\"https:\/\/7culture.ci\/index.php\/2022\/06\/13\/lassociation-medias-et-citoyennete-a-vu-voit-le-jour\/\"},\"wordCount\":389,\"commentCount\":0,\"publisher\":{\"@id\":\"https:\/\/7culture.ci\/#organization\"},\"articleSection\":[\"M\u00e9dia\"],\"inLanguage\":\"fr-FR\",\"potentialAction\":[{\"@type\":\"CommentAction\",\"name\":\"Comment\",\"target\":[\"https:\/\/7culture.ci\/index.php\/2022\/06\/13\/lassociation-medias-et-citoyennete-a-vu-voit-le-jour\/#respond\"]}]},{\"@type\":\"WebPage\",\"@id\":\"https:\/\/7culture.ci\/index.php\/2022\/06\/13\/lassociation-medias-et-citoyennete-a-vu-voit-le-jour\/\",\"url\":\"https:\/\/7culture.ci\/index.php\/2022\/06\/13\/lassociation-medias-et-citoyennete-a-vu-voit-le-jour\/\",\"name\":\"L\u2019association \u2018\u2019M\u00e9dias et Citoyennet\u00e9\u2019\u2019 a vu le jour -\",\"isPartOf\":{\"@id\":\"https:\/\/7culture.ci\/#website\"},\"datePublished\":\"2022-06-13T15:19:02+00:00\",\"dateModified\":\"2022-06-14T08:25:59+00:00\",\"breadcrumb\":{\"@id\":\"https:\/\/7culture.ci\/index.php\/2022\/06\/13\/lassociation-medias-et-citoyennete-a-vu-voit-le-jour\/#breadcrumb\"},\"inLanguage\":\"fr-FR\",\"potentialAction\":[{\"@type\":\"ReadAction\",\"target\":[\"https:\/\/7culture.ci\/index.php\/2022\/06\/13\/lassociation-medias-et-citoyennete-a-vu-voit-le-jour\/\"]}]},{\"@type\":\"BreadcrumbList\",\"@id\":\"https:\/\/7culture.ci\/index.php\/2022\/06\/13\/lassociation-medias-et-citoyennete-a-vu-voit-le-jour\/#breadcrumb\",\"itemListElement\":[{\"@type\":\"ListItem\",\"position\":1,\"name\":\"Accueil\",\"item\":\"https:\/\/7culture.ci\/\"},{\"@type\":\"ListItem\",\"position\":2,\"name\":\"L\u2019association \u2018\u2019M\u00e9dias et Citoyennet\u00e9\u2019\u2019 a vu le jour\"}]},{\"@type\":\"WebSite\",\"@id\":\"https:\/\/7culture.ci\/#website\",\"url\":\"https:\/\/7culture.ci\/\",\"name\":\"7culture\",\"description\":\"Tout sur l&#039;actualit\u00e9\",\"publisher\":{\"@id\":\"https:\/\/7culture.ci\/#organization\"},\"potentialAction\":[{\"@type\":\"SearchAction\",\"target\":{\"@type\":\"EntryPoint\",\"urlTemplate\":\"https:\/\/7culture.ci\/?s={search_term_string}\"},\"query-input\":\"required name=search_term_string\"}],\"inLanguage\":\"fr-FR\"},{\"@type\":\"Organization\",\"@id\":\"https:\/\/7culture.ci\/#organization\",\"name\":\"7culture\",\"url\":\"https:\/\/7culture.ci\/\",\"sameAs\":[\"https:\/\/www.facebook.com\/redchefclaude\",\"https:\/\/twitter.com\/7culturec\"],\"logo\":{\"@type\":\"ImageObject\",\"inLanguage\":\"fr-FR\",\"@id\":\"https:\/\/7culture.ci\/#\/schema\/logo\/image\/\",\"url\":\"https:\/\/7culture.ci\/wp-content\/uploads\/2021\/12\/S1a-1.png\",\"contentUrl\":\"https:\/\/7culture.ci\/wp-content\/uploads\/2021\/12\/S1a-1.png\",\"width\":588,\"height\":192,\"caption\":\"7culture\"},\"image\":{\"@id\":\"https:\/\/7culture.ci\/#\/schema\/logo\/image\/\"}},{\"@type\":\"Person\",\"@id\":\"https:\/\/7culture.ci\/#\/schema\/person\/16150d28d7ef66ba788c1f87f28c4426\",\"name\":\"7culture2020\",\"image\":{\"@type\":\"ImageObject\",\"inLanguage\":\"fr-FR\",\"@id\":\"https:\/\/7culture.ci\/#\/schema\/person\/image\/\",\"url\":\"https:\/\/secure.gravatar.com\/avatar\/9a0784f951306c37bcd065f52844ef95?s=96&d=mm&r=g\",\"contentUrl\":\"https:\/\/secure.gravatar.com\/avatar\/9a0784f951306c37bcd065f52844ef95?s=96&d=mm&r=g\",\"caption\":\"7culture2020\"},\"sameAs\":[\"http:\/\/7culture.ci\",\"Claude.kipre\"],\"url\":\"https:\/\/7culture.ci\/index.php\/author\/7culture2020\/\"}]}<\/script>\n<!-- \/ Yoast SEO plugin. -->","yoast_head_json":{"title":"L\u2019association \u2018\u2019M\u00e9dias et Citoyennet\u00e9\u2019\u2019 a vu le jour -","robots":{"index":"index","follow":"follow","max-snippet":"max-snippet:-1","max-image-preview":"max-image-preview:large","max-video-preview":"max-video-preview:-1"},"canonical":"https:\/\/7culture.ci\/index.php\/2022\/06\/13\/lassociation-medias-et-citoyennete-a-vu-voit-le-jour\/","og_locale":"fr_FR","og_type":"article","og_title":"L\u2019association \u2018\u2019M\u00e9dias et Citoyennet\u00e9\u2019\u2019 a vu le jour -","og_description":"\u2018\u2019M\u00e9dias et Citoyennet\u00e9\u2019\u2019, telle est la d\u00e9nomination de l\u2019association mise sur pieds le 11 juin dernier par des acteurs embl\u00e9matiques du paysage m\u00e9diatique ivoirien, dont Eug\u00e8ne Kadet, Marie Catherine Koissy, Fernand D\u00e9deh, Ousmane Sy Savan\u00e9, Toussaint Alain\u2026 L\u2019assembl\u00e9e g\u00e9n\u00e9rale constitutive de cette association s\u2019est tenue \u00e0 la Maison de la presse &nbsp;d\u2019Abidjan-Plateau, en pr\u00e9sence de &hellip; L\u2019association \u2018\u2019M\u00e9dias et Citoyennet\u00e9\u2019\u2019 a vu le jour Lire la suite\u00a0\u00bb","og_url":"https:\/\/7culture.ci\/index.php\/2022\/06\/13\/lassociation-medias-et-citoyennete-a-vu-voit-le-jour\/","og_site_name":"7culture","article_publisher":"https:\/\/www.facebook.com\/redchefclaude","article_published_time":"2022-06-13T15:19:02+00:00","article_modified_time":"2022-06-14T08:25:59+00:00","og_image":[{"width":1080,"height":810,"url":"http:\/\/7culture.ci\/wp-content\/uploads\/2022\/06\/WhatsApp-Image-2022-06-13-at-15.01.54.jpeg","type":"image\/jpeg"}],"author":"7culture2020","twitter_card":"summary_large_image","twitter_creator":"@7culturec","twitter_site":"@7culturec","twitter_misc":{"\u00c9crit par":"7culture2020","Dur\u00e9e de lecture estim\u00e9e":"3 minutes"},"schema":{"@context":"https:\/\/schema.org","@graph":[{"@type":"Article","@id":"https:\/\/7culture.ci\/index.php\/2022\/06\/13\/lassociation-medias-et-citoyennete-a-vu-voit-le-jour\/#article","isPartOf":{"@id":"https:\/\/7culture.ci\/index.php\/2022\/06\/13\/lassociation-medias-et-citoyennete-a-vu-voit-le-jour\/"},"author":{"name":"7culture2020","@id":"https:\/\/7culture.ci\/#\/schema\/person\/16150d28d7ef66ba788c1f87f28c4426"},"headline":"L\u2019association \u2018\u2019M\u00e9dias et Citoyennet\u00e9\u2019\u2019 a vu le jour","datePublished":"2022-06-13T15:19:02+00:00","dateModified":"2022-06-14T08:25:59+00:00","mainEntityOfPage":{"@id":"https:\/\/7culture.ci\/index.php\/2022\/06\/13\/lassociation-medias-et-citoyennete-a-vu-voit-le-jour\/"},"wordCount":389,"commentCount":0,"publisher":{"@id":"https:\/\/7culture.ci\/#organization"},"articleSection":["M\u00e9dia"],"inLanguage":"fr-FR","potentialAction":[{"@type":"CommentAction","name":"Comment","target":["https:\/\/7culture.ci\/index.php\/2022\/06\/13\/lassociation-medias-et-citoyennete-a-vu-voit-le-jour\/#respond"]}]},{"@type":"WebPage","@id":"https:\/\/7culture.ci\/index.php\/2022\/06\/13\/lassociation-medias-et-citoyennete-a-vu-voit-le-jour\/","url":"https:\/\/7culture.ci\/index.php\/2022\/06\/13\/lassociation-medias-et-citoyennete-a-vu-voit-le-jour\/","name":"L\u2019association \u2018\u2019M\u00e9dias et Citoyennet\u00e9\u2019\u2019 a vu le jour -","isPartOf":{"@id":"https:\/\/7culture.ci\/#website"},"datePublished":"2022-06-13T15:19:02+00:00","dateModified":"2022-06-14T08:25:59+00:00","breadcrumb":{"@id":"https:\/\/7culture.ci\/index.php\/2022\/06\/13\/lassociation-medias-et-citoyennete-a-vu-voit-le-jour\/#breadcrumb"},"inLanguage":"fr-FR","potentialAction":[{"@type":"ReadAction","target":["https:\/\/7culture.ci\/index.php\/2022\/06\/13\/lassociation-medias-et-citoyennete-a-vu-voit-le-jour\/"]}]},{"@type":"BreadcrumbList","@id":"https:\/\/7culture.ci\/index.php\/2022\/06\/13\/lassociation-medias-et-citoyennete-a-vu-voit-le-jour\/#breadcrumb","itemListElement":[{"@type":"ListItem","position":1,"name":"Accueil","item":"https:\/\/7culture.ci\/"},{"@type":"ListItem","position":2,"name":"L\u2019association \u2018\u2019M\u00e9dias et Citoyennet\u00e9\u2019\u2019 a vu le jour"}]},{"@type":"WebSite","@id":"https:\/\/7culture.ci\/#website","url":"https:\/\/7culture.ci\/","name":"7culture","description":"Tout sur l&#039;actualit\u00e9","publisher":{"@id":"https:\/\/7culture.ci\/#organization"},"potentialAction":[{"@type":"SearchAction","target":{"@type":"EntryPoint","urlTemplate":"https:\/\/7culture.ci\/?s={search_term_string}"},"query-input":"required name=search_term_string"}],"inLanguage":"fr-FR"},{"@type":"Organization","@id":"https:\/\/7culture.ci\/#organization","name":"7culture","url":"https:\/\/7culture.ci\/","sameAs":["https:\/\/www.facebook.com\/redchefclaude","https:\/\/twitter.com\/7culturec"],"logo":{"@type":"ImageObject","inLanguage":"fr-FR","@id":"https:\/\/7culture.ci\/#\/schema\/logo\/image\/","url":"https:\/\/7culture.ci\/wp-content\/uploads\/2021\/12\/S1a-1.png","contentUrl":"https:\/\/7culture.ci\/wp-content\/uploads\/2021\/12\/S1a-1.png","width":588,"height":192,"caption":"7culture"},"image":{"@id":"https:\/\/7culture.ci\/#\/schema\/logo\/image\/"}},{"@type":"Person","@id":"https:\/\/7culture.ci\/#\/schema\/person\/16150d28d7ef66ba788c1f87f28c4426","name":"7culture2020","image":{"@type":"ImageObject","inLanguage":"fr-FR","@id":"https:\/\/7culture.ci\/#\/schema\/person\/image\/","url":"https:\/\/secure.gravatar.com\/avatar\/9a0784f951306c37bcd065f52844ef95?s=96&d=mm&r=g","contentUrl":"https:\/\/secure.gravatar.com\/avatar\/9a0784f951306c37bcd065f52844ef95?s=96&d=mm&r=g","caption":"7culture2020"},"sameAs":["http:\/\/7culture.ci","Claude.kipre"],"url":"https:\/\/7culture.ci\/index.php\/author\/7culture2020\/"}]}},"jetpack_featured_media_url":"https:\/\/7culture.ci\/wp-content\/uploads\/2022\/06\/WhatsApp-Image-2022-06-13-at-15.01.54.jpeg","jetpack_likes_enabled":true,"jetpack_sharing_enabled":true,"_links":{"self":[{"href":"https:\/\/7culture.ci\/index.php\/wp-json\/wp\/v2\/posts\/21693"}],"collection":[{"href":"https:\/\/7culture.ci\/index.php\/wp-json\/wp\/v2\/posts"}],"about":[{"href":"https:\/\/7culture.ci\/index.php\/wp-json\/wp\/v2\/types\/post"}],"author":[{"embeddable":true,"href":"https:\/\/7culture.ci\/index.php\/wp-json\/wp\/v2\/users\/1"}],"replies":[{"embeddable":true,"href":"https:\/\/7culture.ci\/index.php\/wp-json\/wp\/v2\/comments?post=21693"}],"version-history":[{"count":0,"href":"https:\/\/7culture.ci\/index.php\/wp-json\/wp\/v2\/posts\/21693\/revisions"}],"wp:featuredmedia":[{"embeddable":true,"href":"https:\/\/7culture.ci\/index.php\/wp-json\/wp\/v2\/media\/21694"}],"wp:attachment":[{"href":"https:\/\/7culture.ci\/index.php\/wp-json\/wp\/v2\/media?parent=21693"}],"wp:term":[{"taxonomy":"category","embeddable":true,"href":"https:\/\/7culture.ci\/index.php\/wp-json\/wp\/v2\/categories?post=21693"},{"taxonomy":"post_tag","embeddable":true,"href":"https:\/\/7culture.ci\/index.php\/wp-json\/wp\/v2\/tags?post=21693"}],"curies":[{"name":"wp","href":"https:\/\/api.w.org\/{rel}","templated":true}]}}