{"id":21677,"date":"2022-06-13T14:29:00","date_gmt":"2022-06-13T12:29:00","guid":{"rendered":"https:\/\/7culture.ci\/?p=21677"},"modified":"2022-06-13T14:29:03","modified_gmt":"2022-06-13T12:29:03","slug":"adeba-konan-simpose-au-palais-de-la-culture","status":"publish","type":"post","link":"https:\/\/7culture.ci\/index.php\/2022\/06\/13\/adeba-konan-simpose-au-palais-de-la-culture\/","title":{"rendered":"Adeba Konan s\u2019impose au palais de la culture"},"content":{"rendered":"\n<p>D\u00e9crit comme le nouveau ph\u00e9nom\u00e8ne de la musique baoul\u00e9 aupr\u00e8s des l\u00e9gendes comme N\u2019guess Bonsens ou Sidonie La Tigresse, Adeba Konan est en train de prendre tout le pouvoir dans la musique traditionnelle ivoirienne option baoul\u00e9. Et pour lui, d\u00e9sormais il y a un avant et un apr\u00e8s 11 juin 2022.<\/p>\n\n\n\n<p>Avant cette date, c\u2019\u00e9tait un artiste ordinaire malgr\u00e9 sa popularit\u00e9 dans sa r\u00e9gion et dans son groupe ethnique. Apr\u00e8s, c\u2019est un artiste qui confirme son statut de nationale et lorgne vers l\u2019international. Adeba Konan rejoint ainsi la short-liste des chanteurs ivoiriens \u00e0 avoir rempli la salle Anoumabo du Palais de la culture \u00e0 leur premier essai.<\/p>\n\n\n\n<figure class=\"wp-block-gallery has-nested-images columns-default is-cropped wp-block-gallery-1 is-layout-flex wp-block-gallery-is-layout-flex\">\n<figure class=\"wp-block-image size-large\"><img loading=\"lazy\" decoding=\"async\" width=\"720\" height=\"480\" data-id=\"21679\" src=\"https:\/\/7culture.ci\/wp-content\/uploads\/2022\/06\/285501366_452702430189595_4655275563894109973_n.jpg\" alt=\"\" class=\"wp-image-21679\" srcset=\"https:\/\/7culture.ci\/wp-content\/uploads\/2022\/06\/285501366_452702430189595_4655275563894109973_n.jpg 720w, https:\/\/7culture.ci\/wp-content\/uploads\/2022\/06\/285501366_452702430189595_4655275563894109973_n-300x200.jpg 300w\" sizes=\"(max-width: 720px) 100vw, 720px\" \/><\/figure>\n\n\n\n<figure class=\"wp-block-image size-large\"><img loading=\"lazy\" decoding=\"async\" width=\"720\" height=\"481\" data-id=\"21680\" src=\"https:\/\/7culture.ci\/wp-content\/uploads\/2022\/06\/285650306_452702500189588_3417989070074444281_n.jpg\" alt=\"\" class=\"wp-image-21680\" srcset=\"https:\/\/7culture.ci\/wp-content\/uploads\/2022\/06\/285650306_452702500189588_3417989070074444281_n.jpg 720w, https:\/\/7culture.ci\/wp-content\/uploads\/2022\/06\/285650306_452702500189588_3417989070074444281_n-300x200.jpg 300w\" sizes=\"(max-width: 720px) 100vw, 720px\" \/><\/figure>\n\n\n\n<figure class=\"wp-block-image size-large\"><img loading=\"lazy\" decoding=\"async\" width=\"720\" height=\"325\" data-id=\"21681\" src=\"https:\/\/7culture.ci\/wp-content\/uploads\/2022\/06\/286466282_730886891569756_7625576344068875687_n.jpg\" alt=\"\" class=\"wp-image-21681\" srcset=\"https:\/\/7culture.ci\/wp-content\/uploads\/2022\/06\/286466282_730886891569756_7625576344068875687_n.jpg 720w, https:\/\/7culture.ci\/wp-content\/uploads\/2022\/06\/286466282_730886891569756_7625576344068875687_n-300x135.jpg 300w\" sizes=\"(max-width: 720px) 100vw, 720px\" \/><\/figure>\n<\/figure>\n\n\n\n<p>Pour beaucoup d\u2019observateurs avertis, la nouvelle coqueluche de la musique baoul\u00e9 a fait fort. \u00ab&nbsp;<strong><em>L&#8217;artiste tradimoderne Adeba Konan a dompt\u00e9 la mythique salle Anoumabo du Palais de la culture Treichville<\/em><\/strong>&nbsp;\u00bb ou \u00ab&nbsp;<strong><em>F\u00e9licitation l\u2019artiste&nbsp;!&nbsp;<\/em><\/strong>\u00bb sont quelques r\u00e9actions du public sur Facebook apr\u00e8s l\u2019exploit d\u2019Adeba Konan. Mais pour beaucoup, le chanteur doit cette prouesse au soutien de sa famille \u00e9largie. \u00ab&nbsp;<strong><em>Le peuple Baoul\u00e9 a une fois de plus confirm\u00e9 sa solidarit\u00e9 l\u00e9gendaire<\/em><\/strong>&nbsp;\u00bb, a \u00e9crit un internaute.<\/p>\n\n\n\n<p>Avec son concept &#8220;<em>Otob\u00e9 Otob\u00e9<\/em>&#8221; qu\u2019on traduit par \u2018<strong><em>\u2019c\u2019est mon tour de bonheur<\/em><\/strong>\u2019\u2019 ou \u2018<strong><em>\u2019mon tour est arriv\u00e9<\/em><\/strong>\u2019\u2019, Adeba Konan a r\u00e9ussi l\u00e0 o\u00f9 de nombreux artistes se sont cass\u00e9s les dents.<\/p>\n\n\n\n<figure class=\"wp-block-gallery has-nested-images columns-default is-cropped wp-block-gallery-2 is-layout-flex wp-block-gallery-is-layout-flex\">\n<figure class=\"wp-block-image size-large\"><img loading=\"lazy\" decoding=\"async\" width=\"720\" height=\"480\" data-id=\"21682\" src=\"https:\/\/7culture.ci\/wp-content\/uploads\/2022\/06\/287241841_452702346856270_2555728876832505695_n.jpg\" alt=\"\" class=\"wp-image-21682\" srcset=\"https:\/\/7culture.ci\/wp-content\/uploads\/2022\/06\/287241841_452702346856270_2555728876832505695_n.jpg 720w, https:\/\/7culture.ci\/wp-content\/uploads\/2022\/06\/287241841_452702346856270_2555728876832505695_n-300x200.jpg 300w\" sizes=\"(max-width: 720px) 100vw, 720px\" \/><\/figure>\n\n\n\n<figure class=\"wp-block-image size-large\"><img loading=\"lazy\" decoding=\"async\" width=\"720\" height=\"960\" data-id=\"21683\" src=\"https:\/\/7culture.ci\/wp-content\/uploads\/2022\/06\/287248986_730886838236428_5369846322348458363_n.jpg\" alt=\"\" class=\"wp-image-21683\" srcset=\"https:\/\/7culture.ci\/wp-content\/uploads\/2022\/06\/287248986_730886838236428_5369846322348458363_n.jpg 720w, https:\/\/7culture.ci\/wp-content\/uploads\/2022\/06\/287248986_730886838236428_5369846322348458363_n-225x300.jpg 225w\" sizes=\"(max-width: 720px) 100vw, 720px\" \/><\/figure>\n\n\n\n<figure class=\"wp-block-image size-large\"><img loading=\"lazy\" decoding=\"async\" width=\"720\" height=\"480\" data-id=\"21684\" src=\"https:\/\/7culture.ci\/wp-content\/uploads\/2022\/06\/287512499_452702396856265_1467670148880347143_n.jpg\" alt=\"\" class=\"wp-image-21684\" srcset=\"https:\/\/7culture.ci\/wp-content\/uploads\/2022\/06\/287512499_452702396856265_1467670148880347143_n.jpg 720w, https:\/\/7culture.ci\/wp-content\/uploads\/2022\/06\/287512499_452702396856265_1467670148880347143_n-300x200.jpg 300w\" sizes=\"(max-width: 720px) 100vw, 720px\" \/><\/figure>\n<\/figure>\n\n\n\n<p>Originaire du village Kocumbo dans le d\u00e9partement de Toumodi, Adeba Konan s\u2019est form\u00e9 dans la musique traditionnelle baoul\u00e9 pendant plusieurs ann\u00e9es. Depuis plus de dix ans, il est dans la musique de fa\u00e7on professionnelle. Il est auteur des albums \u2018\u2019<em>Mihund\u00ea<\/em>\u2019\u2019 (2008), \u2018<em>\u2019Moy\u00e9 Bl\u00e9<\/em>\u2019\u2019 (2012) et \u2018\u2019<em>Lela<\/em>\u2019\u2019 (2019). Mais c\u2019est avec le single \u2018\u2019\u00d4tob\u00e9-\u00d4tob\u00e9\u2019\u2019 que sa carri\u00e8re explose. Il bouleverse l\u2019ordre \u00e9tabli. Il cr\u00e9e des mouvements de foule \u00e0 ses sorties. Ce qui s\u2019est confirm\u00e9 avec le plein du palais de la culture le samedi 11 juin dernier et permet \u00e0 Adeba Konan de s\u2019affirmer d\u00e9sormais comme l\u2019un des grands artistes de C\u00f4te d\u2019Ivoire.<\/p>\n\n\n\n<p>Par Omar AK<\/p>\n","protected":false},"excerpt":{"rendered":"<p>D\u00e9crit comme le nouveau ph\u00e9nom\u00e8ne de la musique baoul\u00e9 aupr\u00e8s des l\u00e9gendes comme N\u2019guess Bonsens ou Sidonie La Tigresse, Adeba Konan est en train de prendre tout le pouvoir dans la musique traditionnelle ivoirienne option baoul\u00e9. Et pour lui, d\u00e9sormais il y a un avant et un apr\u00e8s 11 juin 2022. Avant cette date, c\u2019\u00e9tait &hellip;<\/p>\n<p class=\"read-more\"> <a class=\"\" href=\"https:\/\/7culture.ci\/index.php\/2022\/06\/13\/adeba-konan-simpose-au-palais-de-la-culture\/\"> <span class=\"screen-reader-text\">Adeba Konan s\u2019impose au palais de la culture<\/span> Lire la suite\u00a0\u00bb<\/a><\/p>\n","protected":false},"author":1,"featured_media":21678,"comment_status":"open","ping_status":"open","sticky":false,"template":"","format":"standard","meta":{"_mi_skip_tracking":false,"_monsterinsights_sitenote_active":false,"_monsterinsights_sitenote_note":"","_monsterinsights_sitenote_category":0,"site-sidebar-layout":"default","site-content-layout":"default","ast-global-header-display":"","ast-main-header-display":"","ast-hfb-above-header-display":"","ast-hfb-below-header-display":"","ast-hfb-mobile-header-display":"","site-post-title":"","ast-breadcrumbs-content":"","ast-featured-img":"","footer-sml-layout":"","theme-transparent-header-meta":"","adv-header-id-meta":"","stick-header-meta":"","header-above-stick-meta":"","header-main-stick-meta":"","header-below-stick-meta":"","footnotes":"","jetpack_publicize_message":"","jetpack_is_tweetstorm":false,"jetpack_publicize_feature_enabled":true},"categories":[16],"tags":[],"jetpack_publicize_connections":[],"acf":[],"aioseo_notices":[],"yoast_head":"<!-- This site is optimized with the Yoast SEO plugin v19.6.1 - https:\/\/yoast.com\/wordpress\/plugins\/seo\/ -->\n<title>Adeba Konan s\u2019impose au palais de la culture -<\/title>\n<meta name=\"robots\" content=\"index, follow, max-snippet:-1, max-image-preview:large, max-video-preview:-1\" \/>\n<link rel=\"canonical\" href=\"https:\/\/7culture.ci\/index.php\/2022\/06\/13\/adeba-konan-simpose-au-palais-de-la-culture\/\" \/>\n<meta property=\"og:locale\" content=\"fr_FR\" \/>\n<meta property=\"og:type\" content=\"article\" \/>\n<meta property=\"og:title\" content=\"Adeba Konan s\u2019impose au palais de la culture -\" \/>\n<meta property=\"og:description\" content=\"D\u00e9crit comme le nouveau ph\u00e9nom\u00e8ne de la musique baoul\u00e9 aupr\u00e8s des l\u00e9gendes comme N\u2019guess Bonsens ou Sidonie La Tigresse, Adeba Konan est en train de prendre tout le pouvoir dans la musique traditionnelle ivoirienne option baoul\u00e9. Et pour lui, d\u00e9sormais il y a un avant et un apr\u00e8s 11 juin 2022. Avant cette date, c\u2019\u00e9tait &hellip; Adeba Konan s\u2019impose au palais de la culture Lire la suite\u00a0\u00bb\" \/>\n<meta property=\"og:url\" content=\"https:\/\/7culture.ci\/index.php\/2022\/06\/13\/adeba-konan-simpose-au-palais-de-la-culture\/\" \/>\n<meta property=\"og:site_name\" content=\"7culture\" \/>\n<meta property=\"article:publisher\" content=\"https:\/\/www.facebook.com\/redchefclaude\" \/>\n<meta property=\"article:published_time\" content=\"2022-06-13T12:29:00+00:00\" \/>\n<meta property=\"article:modified_time\" content=\"2022-06-13T12:29:03+00:00\" \/>\n<meta property=\"og:image\" content=\"http:\/\/7culture.ci\/wp-content\/uploads\/2022\/06\/286369089_452702306856274_6165809548780227569_n.jpg\" \/>\n\t<meta property=\"og:image:width\" content=\"720\" \/>\n\t<meta property=\"og:image:height\" content=\"480\" \/>\n\t<meta property=\"og:image:type\" content=\"image\/jpeg\" \/>\n<meta name=\"author\" content=\"7culture2020\" \/>\n<meta name=\"twitter:card\" content=\"summary_large_image\" \/>\n<meta name=\"twitter:creator\" content=\"@7culturec\" \/>\n<meta name=\"twitter:site\" content=\"@7culturec\" \/>\n<meta name=\"twitter:label1\" content=\"\u00c9crit par\" \/>\n\t<meta name=\"twitter:data1\" content=\"7culture2020\" \/>\n\t<meta name=\"twitter:label2\" content=\"Dur\u00e9e de lecture estim\u00e9e\" \/>\n\t<meta name=\"twitter:data2\" content=\"3 minutes\" \/>\n<script type=\"application\/ld+json\" class=\"yoast-schema-graph\">{\"@context\":\"https:\/\/schema.org\",\"@graph\":[{\"@type\":\"Article\",\"@id\":\"https:\/\/7culture.ci\/index.php\/2022\/06\/13\/adeba-konan-simpose-au-palais-de-la-culture\/#article\",\"isPartOf\":{\"@id\":\"https:\/\/7culture.ci\/index.php\/2022\/06\/13\/adeba-konan-simpose-au-palais-de-la-culture\/\"},\"author\":{\"name\":\"7culture2020\",\"@id\":\"https:\/\/7culture.ci\/#\/schema\/person\/16150d28d7ef66ba788c1f87f28c4426\"},\"headline\":\"Adeba Konan s\u2019impose au palais de la culture\",\"datePublished\":\"2022-06-13T12:29:00+00:00\",\"dateModified\":\"2022-06-13T12:29:03+00:00\",\"mainEntityOfPage\":{\"@id\":\"https:\/\/7culture.ci\/index.php\/2022\/06\/13\/adeba-konan-simpose-au-palais-de-la-culture\/\"},\"wordCount\":366,\"commentCount\":0,\"publisher\":{\"@id\":\"https:\/\/7culture.ci\/#organization\"},\"articleSection\":[\"Musique\"],\"inLanguage\":\"fr-FR\",\"potentialAction\":[{\"@type\":\"CommentAction\",\"name\":\"Comment\",\"target\":[\"https:\/\/7culture.ci\/index.php\/2022\/06\/13\/adeba-konan-simpose-au-palais-de-la-culture\/#respond\"]}]},{\"@type\":\"WebPage\",\"@id\":\"https:\/\/7culture.ci\/index.php\/2022\/06\/13\/adeba-konan-simpose-au-palais-de-la-culture\/\",\"url\":\"https:\/\/7culture.ci\/index.php\/2022\/06\/13\/adeba-konan-simpose-au-palais-de-la-culture\/\",\"name\":\"Adeba Konan s\u2019impose au palais de la culture -\",\"isPartOf\":{\"@id\":\"https:\/\/7culture.ci\/#website\"},\"datePublished\":\"2022-06-13T12:29:00+00:00\",\"dateModified\":\"2022-06-13T12:29:03+00:00\",\"breadcrumb\":{\"@id\":\"https:\/\/7culture.ci\/index.php\/2022\/06\/13\/adeba-konan-simpose-au-palais-de-la-culture\/#breadcrumb\"},\"inLanguage\":\"fr-FR\",\"potentialAction\":[{\"@type\":\"ReadAction\",\"target\":[\"https:\/\/7culture.ci\/index.php\/2022\/06\/13\/adeba-konan-simpose-au-palais-de-la-culture\/\"]}]},{\"@type\":\"BreadcrumbList\",\"@id\":\"https:\/\/7culture.ci\/index.php\/2022\/06\/13\/adeba-konan-simpose-au-palais-de-la-culture\/#breadcrumb\",\"itemListElement\":[{\"@type\":\"ListItem\",\"position\":1,\"name\":\"Accueil\",\"item\":\"https:\/\/7culture.ci\/\"},{\"@type\":\"ListItem\",\"position\":2,\"name\":\"Adeba Konan s\u2019impose au palais de la culture\"}]},{\"@type\":\"WebSite\",\"@id\":\"https:\/\/7culture.ci\/#website\",\"url\":\"https:\/\/7culture.ci\/\",\"name\":\"7culture\",\"description\":\"Tout sur l&#039;actualit\u00e9\",\"publisher\":{\"@id\":\"https:\/\/7culture.ci\/#organization\"},\"potentialAction\":[{\"@type\":\"SearchAction\",\"target\":{\"@type\":\"EntryPoint\",\"urlTemplate\":\"https:\/\/7culture.ci\/?s={search_term_string}\"},\"query-input\":\"required name=search_term_string\"}],\"inLanguage\":\"fr-FR\"},{\"@type\":\"Organization\",\"@id\":\"https:\/\/7culture.ci\/#organization\",\"name\":\"7culture\",\"url\":\"https:\/\/7culture.ci\/\",\"sameAs\":[\"https:\/\/www.facebook.com\/redchefclaude\",\"https:\/\/twitter.com\/7culturec\"],\"logo\":{\"@type\":\"ImageObject\",\"inLanguage\":\"fr-FR\",\"@id\":\"https:\/\/7culture.ci\/#\/schema\/logo\/image\/\",\"url\":\"https:\/\/7culture.ci\/wp-content\/uploads\/2021\/12\/S1a-1.png\",\"contentUrl\":\"https:\/\/7culture.ci\/wp-content\/uploads\/2021\/12\/S1a-1.png\",\"width\":588,\"height\":192,\"caption\":\"7culture\"},\"image\":{\"@id\":\"https:\/\/7culture.ci\/#\/schema\/logo\/image\/\"}},{\"@type\":\"Person\",\"@id\":\"https:\/\/7culture.ci\/#\/schema\/person\/16150d28d7ef66ba788c1f87f28c4426\",\"name\":\"7culture2020\",\"image\":{\"@type\":\"ImageObject\",\"inLanguage\":\"fr-FR\",\"@id\":\"https:\/\/7culture.ci\/#\/schema\/person\/image\/\",\"url\":\"https:\/\/secure.gravatar.com\/avatar\/9a0784f951306c37bcd065f52844ef95?s=96&d=mm&r=g\",\"contentUrl\":\"https:\/\/secure.gravatar.com\/avatar\/9a0784f951306c37bcd065f52844ef95?s=96&d=mm&r=g\",\"caption\":\"7culture2020\"},\"sameAs\":[\"http:\/\/7culture.ci\",\"Claude.kipre\"],\"url\":\"https:\/\/7culture.ci\/index.php\/author\/7culture2020\/\"}]}<\/script>\n<!-- \/ Yoast SEO plugin. -->","yoast_head_json":{"title":"Adeba Konan s\u2019impose au palais de la culture -","robots":{"index":"index","follow":"follow","max-snippet":"max-snippet:-1","max-image-preview":"max-image-preview:large","max-video-preview":"max-video-preview:-1"},"canonical":"https:\/\/7culture.ci\/index.php\/2022\/06\/13\/adeba-konan-simpose-au-palais-de-la-culture\/","og_locale":"fr_FR","og_type":"article","og_title":"Adeba Konan s\u2019impose au palais de la culture -","og_description":"D\u00e9crit comme le nouveau ph\u00e9nom\u00e8ne de la musique baoul\u00e9 aupr\u00e8s des l\u00e9gendes comme N\u2019guess Bonsens ou Sidonie La Tigresse, Adeba Konan est en train de prendre tout le pouvoir dans la musique traditionnelle ivoirienne option baoul\u00e9. Et pour lui, d\u00e9sormais il y a un avant et un apr\u00e8s 11 juin 2022. Avant cette date, c\u2019\u00e9tait &hellip; Adeba Konan s\u2019impose au palais de la culture Lire la suite\u00a0\u00bb","og_url":"https:\/\/7culture.ci\/index.php\/2022\/06\/13\/adeba-konan-simpose-au-palais-de-la-culture\/","og_site_name":"7culture","article_publisher":"https:\/\/www.facebook.com\/redchefclaude","article_published_time":"2022-06-13T12:29:00+00:00","article_modified_time":"2022-06-13T12:29:03+00:00","og_image":[{"width":720,"height":480,"url":"http:\/\/7culture.ci\/wp-content\/uploads\/2022\/06\/286369089_452702306856274_6165809548780227569_n.jpg","type":"image\/jpeg"}],"author":"7culture2020","twitter_card":"summary_large_image","twitter_creator":"@7culturec","twitter_site":"@7culturec","twitter_misc":{"\u00c9crit par":"7culture2020","Dur\u00e9e de lecture estim\u00e9e":"3 minutes"},"schema":{"@context":"https:\/\/schema.org","@graph":[{"@type":"Article","@id":"https:\/\/7culture.ci\/index.php\/2022\/06\/13\/adeba-konan-simpose-au-palais-de-la-culture\/#article","isPartOf":{"@id":"https:\/\/7culture.ci\/index.php\/2022\/06\/13\/adeba-konan-simpose-au-palais-de-la-culture\/"},"author":{"name":"7culture2020","@id":"https:\/\/7culture.ci\/#\/schema\/person\/16150d28d7ef66ba788c1f87f28c4426"},"headline":"Adeba Konan s\u2019impose au palais de la culture","datePublished":"2022-06-13T12:29:00+00:00","dateModified":"2022-06-13T12:29:03+00:00","mainEntityOfPage":{"@id":"https:\/\/7culture.ci\/index.php\/2022\/06\/13\/adeba-konan-simpose-au-palais-de-la-culture\/"},"wordCount":366,"commentCount":0,"publisher":{"@id":"https:\/\/7culture.ci\/#organization"},"articleSection":["Musique"],"inLanguage":"fr-FR","potentialAction":[{"@type":"CommentAction","name":"Comment","target":["https:\/\/7culture.ci\/index.php\/2022\/06\/13\/adeba-konan-simpose-au-palais-de-la-culture\/#respond"]}]},{"@type":"WebPage","@id":"https:\/\/7culture.ci\/index.php\/2022\/06\/13\/adeba-konan-simpose-au-palais-de-la-culture\/","url":"https:\/\/7culture.ci\/index.php\/2022\/06\/13\/adeba-konan-simpose-au-palais-de-la-culture\/","name":"Adeba Konan s\u2019impose au palais de la culture -","isPartOf":{"@id":"https:\/\/7culture.ci\/#website"},"datePublished":"2022-06-13T12:29:00+00:00","dateModified":"2022-06-13T12:29:03+00:00","breadcrumb":{"@id":"https:\/\/7culture.ci\/index.php\/2022\/06\/13\/adeba-konan-simpose-au-palais-de-la-culture\/#breadcrumb"},"inLanguage":"fr-FR","potentialAction":[{"@type":"ReadAction","target":["https:\/\/7culture.ci\/index.php\/2022\/06\/13\/adeba-konan-simpose-au-palais-de-la-culture\/"]}]},{"@type":"BreadcrumbList","@id":"https:\/\/7culture.ci\/index.php\/2022\/06\/13\/adeba-konan-simpose-au-palais-de-la-culture\/#breadcrumb","itemListElement":[{"@type":"ListItem","position":1,"name":"Accueil","item":"https:\/\/7culture.ci\/"},{"@type":"ListItem","position":2,"name":"Adeba Konan s\u2019impose au palais de la culture"}]},{"@type":"WebSite","@id":"https:\/\/7culture.ci\/#website","url":"https:\/\/7culture.ci\/","name":"7culture","description":"Tout sur l&#039;actualit\u00e9","publisher":{"@id":"https:\/\/7culture.ci\/#organization"},"potentialAction":[{"@type":"SearchAction","target":{"@type":"EntryPoint","urlTemplate":"https:\/\/7culture.ci\/?s={search_term_string}"},"query-input":"required name=search_term_string"}],"inLanguage":"fr-FR"},{"@type":"Organization","@id":"https:\/\/7culture.ci\/#organization","name":"7culture","url":"https:\/\/7culture.ci\/","sameAs":["https:\/\/www.facebook.com\/redchefclaude","https:\/\/twitter.com\/7culturec"],"logo":{"@type":"ImageObject","inLanguage":"fr-FR","@id":"https:\/\/7culture.ci\/#\/schema\/logo\/image\/","url":"https:\/\/7culture.ci\/wp-content\/uploads\/2021\/12\/S1a-1.png","contentUrl":"https:\/\/7culture.ci\/wp-content\/uploads\/2021\/12\/S1a-1.png","width":588,"height":192,"caption":"7culture"},"image":{"@id":"https:\/\/7culture.ci\/#\/schema\/logo\/image\/"}},{"@type":"Person","@id":"https:\/\/7culture.ci\/#\/schema\/person\/16150d28d7ef66ba788c1f87f28c4426","name":"7culture2020","image":{"@type":"ImageObject","inLanguage":"fr-FR","@id":"https:\/\/7culture.ci\/#\/schema\/person\/image\/","url":"https:\/\/secure.gravatar.com\/avatar\/9a0784f951306c37bcd065f52844ef95?s=96&d=mm&r=g","contentUrl":"https:\/\/secure.gravatar.com\/avatar\/9a0784f951306c37bcd065f52844ef95?s=96&d=mm&r=g","caption":"7culture2020"},"sameAs":["http:\/\/7culture.ci","Claude.kipre"],"url":"https:\/\/7culture.ci\/index.php\/author\/7culture2020\/"}]}},"jetpack_featured_media_url":"https:\/\/7culture.ci\/wp-content\/uploads\/2022\/06\/286369089_452702306856274_6165809548780227569_n.jpg","jetpack_likes_enabled":true,"jetpack_sharing_enabled":true,"_links":{"self":[{"href":"https:\/\/7culture.ci\/index.php\/wp-json\/wp\/v2\/posts\/21677"}],"collection":[{"href":"https:\/\/7culture.ci\/index.php\/wp-json\/wp\/v2\/posts"}],"about":[{"href":"https:\/\/7culture.ci\/index.php\/wp-json\/wp\/v2\/types\/post"}],"author":[{"embeddable":true,"href":"https:\/\/7culture.ci\/index.php\/wp-json\/wp\/v2\/users\/1"}],"replies":[{"embeddable":true,"href":"https:\/\/7culture.ci\/index.php\/wp-json\/wp\/v2\/comments?post=21677"}],"version-history":[{"count":0,"href":"https:\/\/7culture.ci\/index.php\/wp-json\/wp\/v2\/posts\/21677\/revisions"}],"wp:featuredmedia":[{"embeddable":true,"href":"https:\/\/7culture.ci\/index.php\/wp-json\/wp\/v2\/media\/21678"}],"wp:attachment":[{"href":"https:\/\/7culture.ci\/index.php\/wp-json\/wp\/v2\/media?parent=21677"}],"wp:term":[{"taxonomy":"category","embeddable":true,"href":"https:\/\/7culture.ci\/index.php\/wp-json\/wp\/v2\/categories?post=21677"},{"taxonomy":"post_tag","embeddable":true,"href":"https:\/\/7culture.ci\/index.php\/wp-json\/wp\/v2\/tags?post=21677"}],"curies":[{"name":"wp","href":"https:\/\/api.w.org\/{rel}","templated":true}]}}