{"id":21661,"date":"2022-06-13T11:33:29","date_gmt":"2022-06-13T09:33:29","guid":{"rendered":"https:\/\/7culture.ci\/?p=21661"},"modified":"2022-06-13T12:09:56","modified_gmt":"2022-06-13T10:09:56","slug":"selon-des-experts-39-ans-apres-sa-mort-ernesto-djedje-demeure-vivant-dans-la-memoire-des-ivoiriens","status":"publish","type":"post","link":"https:\/\/7culture.ci\/index.php\/2022\/06\/13\/selon-des-experts-39-ans-apres-sa-mort-ernesto-djedje-demeure-vivant-dans-la-memoire-des-ivoiriens\/","title":{"rendered":"Selon des experts, 39 ans apr\u00e8s sa mort, Ernesto Dj\u00e9dj\u00e9 demeure vivant dans la m\u00e9moire des Ivoiriens"},"content":{"rendered":"\n<p>\u00ab&nbsp;<strong><em>L\u2019art, la cr\u00e9ation, c\u2019est la manifestation du divin en l\u2019homme. La recherche de la puret\u00e9<\/em><\/strong>&nbsp;\u00bb, disait Yves Saint Laurent. Ernesto Dj\u00e9dj\u00e9 Bl\u00e9 Lou\u00e9 a su traduire cette maxime de l\u2019ancien couturier fran\u00e7ais. Raison laquelle, pr\u00e8s de 40 ans apr\u00e8s son d\u00e9c\u00e8s, d\u2019\u00e9minents enseignants-chercheurs des universit\u00e9s de C\u00f4te d\u2019Ivoire et d\u2019ailleurs lui ont rendu \u00e0 nouveau un vibrant hommage \u00e0 travers un colloque autour de la th\u00e9matique&nbsp;: \u2018<em>\u2019Ernesto Dj\u00e9dj\u00e9, ic\u00f4ne vivante de la cr\u00e9ation artistique&nbsp;: h\u00e9ritage et actualit\u00e9<\/em>\u2019\u2019.<\/p>\n\n\n\n<p>Les 8 et 9 juin 2022, \u00e0 l\u2019Institut national sup\u00e9rieur des arts et de l\u2019action culturelle (INSAAC), l\u2019Observatoire nationale de la vie et du discours politique de C\u00f4te d\u2019Ivoire (ONVDP-CI) et docteur Emmanuel Yoro Gu\u00e8ye ont organis\u00e9 un colloque international pour c\u00e9l\u00e9brer l\u2019illustre homme embl\u00e9matique de la musique ivoirienne voire subsaharienne. En effet, d\u2019\u00e9minents professeurs et enseignants-chercheurs de toutes les universit\u00e9s de C\u00f4te d\u2019Ivoire et d\u2019ailleurs ont particip\u00e9 \u00e0 ce colloque notamment les professeurs Gn\u00e8ze Logbo, Valy Sidib\u00e9, Paulin Kol\u00e9a Zigui, Koutchoukalo Tchassim, Emmanuel Toh Bi, Jean Pierre Adigran, Si\u00e9 Hien&#8230; \u00c0 l\u2019unanimit\u00e9, ils ont reconnu le g\u00e9nie d\u2019Ernesto Dj\u00e9dj\u00e9. Professeur Paulin ZIGUI \u00e0 travers le th\u00e8me&nbsp;: \u2018\u2019<em>D\u2019\u2019\u2019Aguiss\u00e9\u2019\u2019 d\u2019Ernesto Dj\u00e9dj\u00e9 \u00e0 \u2018\u2019Oley\u00e9\u2019 d\u2019Am\u00e9d\u00e9e Pierre&nbsp;: aspects pol\u00e9miques de la musique trad-moderne\u2019\u2019<\/em>, a d\u00e9montr\u00e9 la compl\u00e9mentarit\u00e9 entre la musique traditionnelle et la musique moderne en C\u00f4te d\u2019Ivoire. Mais au-del\u00e0 de toute vell\u00e9it\u00e9, le sachant Paulin Zigui a prouv\u00e9 qu\u2019Ernesto Dj\u00e9dj\u00e9 demeure l\u2019un des pionniers des artistes musiciens ivoiriens qui a non seulement fait la promotion de la musique ivoirienne, mais aussi a-t-il avou\u00e9 qu&#8217;il l\u2019a r\u00e9volutionn\u00e9e. D\u2019ailleurs Paulin Kol\u00e9a Zigui dit que ses nombreux chefs-d\u2019\u0153uvres le prouvent notamment \u2018\u2019Allouko\u2019\u2019, \u2018\u2019Digba\u2019\u2019, \u2018\u2019Gb\u00e9gb\u00e9\u2019\u2019, \u2018\u2019Zaglobi\u2019\u2019, \u2018\u2019Tohourou\u2019\u2019, \u2018\u2019Zouzoupal\u00e9\u2019\u2019, \u2018\u2019Zibot\u00e9\u2019\u2019, \u2018\u2019Aguiss\u00e9\u2019\u2019&#8230; Quant au professeur Emmanuel Toh Bi, il a mis l\u2019accent sur l\u2019aspect po\u00e9tique et la valeur des chansons, donc du m\u00e9lange bien orchestr\u00e9 musique et chanson dont le Gnoantr\u00e9&nbsp; national a su exploiter. Abondant dans le m\u00eame sens que ses pr\u00e9d\u00e9cesseurs, le professeur Si\u00e9 Hien a recommand\u00e9 aux Ivoiriens, et surtout aux \u00e9tudiants dans le domaine des arts, de capter voire de s\u2019approprier la quintessence des \u0153uvres de l\u2019ic\u00f4ne Ernesto Dj\u00e9dj\u00e9. \u00ab&nbsp;<strong><em>Parce qu<\/em><\/strong>\u2019affirme-t-il, <strong><em>Ernesto Dj\u00e9dj\u00e9 est le premier \u00e0 valoriser la culture de la C\u00f4te d\u2019Ivoire par le truchement de ses chants et de ses danses traditionnelles ivoiriennes qu\u2019il su r\u00e9volutionner sans omettre les proverbes, style et outil de communication dont il a toujours fait usage<\/em><\/strong>&nbsp;\u00bb.<\/p>\n\n\n\n<figure class=\"wp-block-image size-large is-resized\"><img loading=\"lazy\" decoding=\"async\" src=\"http:\/\/7culture.ci\/wp-content\/uploads\/2022\/06\/ernesto-djedje2-1024x576.jpg\" alt=\"\" class=\"wp-image-21610\" width=\"762\" height=\"429\" srcset=\"https:\/\/7culture.ci\/wp-content\/uploads\/2022\/06\/ernesto-djedje2-1024x576.jpg 1024w, https:\/\/7culture.ci\/wp-content\/uploads\/2022\/06\/ernesto-djedje2-300x169.jpg 300w, https:\/\/7culture.ci\/wp-content\/uploads\/2022\/06\/ernesto-djedje2-768x432.jpg 768w, https:\/\/7culture.ci\/wp-content\/uploads\/2022\/06\/ernesto-djedje2.jpg 1280w\" sizes=\"(max-width: 762px) 100vw, 762px\" \/><\/figure>\n\n\n\n<p>Docteur Emmanuel Yoro Gu\u00e8ye a remerci\u00e9 la ministre de la culture et de la francophonie Fran\u00e7oise Remarck et tous les \u00e9minents professeurs et enseignant-chercheurs qui n\u2019ont m\u00e9nag\u00e9 aucun effort en participant \u00e0 ce colloque international pour rendre hommage \u00e0 l\u2019illustre artiste Ernesto Dj\u00e9dj\u00e9 et \u00e0 son g\u00e9nie pour ce patrimoine artistique culturel qu\u2019il a l\u00e9gu\u00e9 \u00e0 la post\u00e9rit\u00e9.<\/p>\n\n\n\n<p>Par C\u00e9sar Kouakou<\/p>\n","protected":false},"excerpt":{"rendered":"<p>\u00ab&nbsp;L\u2019art, la cr\u00e9ation, c\u2019est la manifestation du divin en l\u2019homme. La recherche de la puret\u00e9&nbsp;\u00bb, disait Yves Saint Laurent. Ernesto Dj\u00e9dj\u00e9 Bl\u00e9 Lou\u00e9 a su traduire cette maxime de l\u2019ancien couturier fran\u00e7ais. Raison laquelle, pr\u00e8s de 40 ans apr\u00e8s son d\u00e9c\u00e8s, d\u2019\u00e9minents enseignants-chercheurs des universit\u00e9s de C\u00f4te d\u2019Ivoire et d\u2019ailleurs lui ont rendu \u00e0 nouveau &hellip;<\/p>\n<p class=\"read-more\"> <a class=\"\" href=\"https:\/\/7culture.ci\/index.php\/2022\/06\/13\/selon-des-experts-39-ans-apres-sa-mort-ernesto-djedje-demeure-vivant-dans-la-memoire-des-ivoiriens\/\"> <span class=\"screen-reader-text\">Selon des experts, 39 ans apr\u00e8s sa mort, Ernesto Dj\u00e9dj\u00e9 demeure vivant dans la m\u00e9moire des Ivoiriens<\/span> Lire la suite\u00a0\u00bb<\/a><\/p>\n","protected":false},"author":1,"featured_media":21609,"comment_status":"open","ping_status":"open","sticky":false,"template":"","format":"standard","meta":{"_mi_skip_tracking":false,"_monsterinsights_sitenote_active":false,"_monsterinsights_sitenote_note":"","_monsterinsights_sitenote_category":0,"site-sidebar-layout":"default","site-content-layout":"default","ast-global-header-display":"","ast-main-header-display":"","ast-hfb-above-header-display":"","ast-hfb-below-header-display":"","ast-hfb-mobile-header-display":"","site-post-title":"","ast-breadcrumbs-content":"","ast-featured-img":"","footer-sml-layout":"","theme-transparent-header-meta":"","adv-header-id-meta":"","stick-header-meta":"","header-above-stick-meta":"","header-main-stick-meta":"","header-below-stick-meta":"","footnotes":"","jetpack_publicize_message":"","jetpack_is_tweetstorm":false,"jetpack_publicize_feature_enabled":true},"categories":[22],"tags":[],"jetpack_publicize_connections":[],"acf":[],"aioseo_notices":[],"yoast_head":"<!-- This site is optimized with the Yoast SEO plugin v19.6.1 - https:\/\/yoast.com\/wordpress\/plugins\/seo\/ -->\n<title>Selon des experts, 39 ans apr\u00e8s sa mort, Ernesto Dj\u00e9dj\u00e9 demeure vivant dans la m\u00e9moire des Ivoiriens -<\/title>\n<meta name=\"robots\" content=\"index, follow, max-snippet:-1, max-image-preview:large, max-video-preview:-1\" \/>\n<link rel=\"canonical\" href=\"https:\/\/7culture.ci\/index.php\/2022\/06\/13\/selon-des-experts-39-ans-apres-sa-mort-ernesto-djedje-demeure-vivant-dans-la-memoire-des-ivoiriens\/\" \/>\n<meta property=\"og:locale\" content=\"fr_FR\" \/>\n<meta property=\"og:type\" content=\"article\" \/>\n<meta property=\"og:title\" content=\"Selon des experts, 39 ans apr\u00e8s sa mort, Ernesto Dj\u00e9dj\u00e9 demeure vivant dans la m\u00e9moire des Ivoiriens -\" \/>\n<meta property=\"og:description\" content=\"\u00ab&nbsp;L\u2019art, la cr\u00e9ation, c\u2019est la manifestation du divin en l\u2019homme. La recherche de la puret\u00e9&nbsp;\u00bb, disait Yves Saint Laurent. Ernesto Dj\u00e9dj\u00e9 Bl\u00e9 Lou\u00e9 a su traduire cette maxime de l\u2019ancien couturier fran\u00e7ais. Raison laquelle, pr\u00e8s de 40 ans apr\u00e8s son d\u00e9c\u00e8s, d\u2019\u00e9minents enseignants-chercheurs des universit\u00e9s de C\u00f4te d\u2019Ivoire et d\u2019ailleurs lui ont rendu \u00e0 nouveau &hellip; Selon des experts, 39 ans apr\u00e8s sa mort, Ernesto Dj\u00e9dj\u00e9 demeure vivant dans la m\u00e9moire des Ivoiriens Lire la suite\u00a0\u00bb\" \/>\n<meta property=\"og:url\" content=\"https:\/\/7culture.ci\/index.php\/2022\/06\/13\/selon-des-experts-39-ans-apres-sa-mort-ernesto-djedje-demeure-vivant-dans-la-memoire-des-ivoiriens\/\" \/>\n<meta property=\"og:site_name\" content=\"7culture\" \/>\n<meta property=\"article:publisher\" content=\"https:\/\/www.facebook.com\/redchefclaude\" \/>\n<meta property=\"article:published_time\" content=\"2022-06-13T09:33:29+00:00\" \/>\n<meta property=\"article:modified_time\" content=\"2022-06-13T10:09:56+00:00\" \/>\n<meta property=\"og:image\" content=\"http:\/\/7culture.ci\/wp-content\/uploads\/2022\/06\/ernesto-djedje3.jpg\" \/>\n\t<meta property=\"og:image:width\" content=\"355\" \/>\n\t<meta property=\"og:image:height\" content=\"583\" \/>\n\t<meta property=\"og:image:type\" content=\"image\/jpeg\" \/>\n<meta name=\"author\" content=\"7culture2020\" \/>\n<meta name=\"twitter:card\" content=\"summary_large_image\" \/>\n<meta name=\"twitter:creator\" content=\"@7culturec\" \/>\n<meta name=\"twitter:site\" content=\"@7culturec\" \/>\n<meta name=\"twitter:label1\" content=\"\u00c9crit par\" \/>\n\t<meta name=\"twitter:data1\" content=\"7culture2020\" \/>\n\t<meta name=\"twitter:label2\" content=\"Dur\u00e9e de lecture estim\u00e9e\" \/>\n\t<meta name=\"twitter:data2\" content=\"3 minutes\" \/>\n<script type=\"application\/ld+json\" class=\"yoast-schema-graph\">{\"@context\":\"https:\/\/schema.org\",\"@graph\":[{\"@type\":\"Article\",\"@id\":\"https:\/\/7culture.ci\/index.php\/2022\/06\/13\/selon-des-experts-39-ans-apres-sa-mort-ernesto-djedje-demeure-vivant-dans-la-memoire-des-ivoiriens\/#article\",\"isPartOf\":{\"@id\":\"https:\/\/7culture.ci\/index.php\/2022\/06\/13\/selon-des-experts-39-ans-apres-sa-mort-ernesto-djedje-demeure-vivant-dans-la-memoire-des-ivoiriens\/\"},\"author\":{\"name\":\"7culture2020\",\"@id\":\"https:\/\/7culture.ci\/#\/schema\/person\/16150d28d7ef66ba788c1f87f28c4426\"},\"headline\":\"Selon des experts, 39 ans apr\u00e8s sa mort, Ernesto Dj\u00e9dj\u00e9 demeure vivant dans la m\u00e9moire des Ivoiriens\",\"datePublished\":\"2022-06-13T09:33:29+00:00\",\"dateModified\":\"2022-06-13T10:09:56+00:00\",\"mainEntityOfPage\":{\"@id\":\"https:\/\/7culture.ci\/index.php\/2022\/06\/13\/selon-des-experts-39-ans-apres-sa-mort-ernesto-djedje-demeure-vivant-dans-la-memoire-des-ivoiriens\/\"},\"wordCount\":554,\"commentCount\":0,\"publisher\":{\"@id\":\"https:\/\/7culture.ci\/#organization\"},\"articleSection\":[\"Actualit\u00e9\"],\"inLanguage\":\"fr-FR\",\"potentialAction\":[{\"@type\":\"CommentAction\",\"name\":\"Comment\",\"target\":[\"https:\/\/7culture.ci\/index.php\/2022\/06\/13\/selon-des-experts-39-ans-apres-sa-mort-ernesto-djedje-demeure-vivant-dans-la-memoire-des-ivoiriens\/#respond\"]}]},{\"@type\":\"WebPage\",\"@id\":\"https:\/\/7culture.ci\/index.php\/2022\/06\/13\/selon-des-experts-39-ans-apres-sa-mort-ernesto-djedje-demeure-vivant-dans-la-memoire-des-ivoiriens\/\",\"url\":\"https:\/\/7culture.ci\/index.php\/2022\/06\/13\/selon-des-experts-39-ans-apres-sa-mort-ernesto-djedje-demeure-vivant-dans-la-memoire-des-ivoiriens\/\",\"name\":\"Selon des experts, 39 ans apr\u00e8s sa mort, Ernesto Dj\u00e9dj\u00e9 demeure vivant dans la m\u00e9moire des Ivoiriens -\",\"isPartOf\":{\"@id\":\"https:\/\/7culture.ci\/#website\"},\"datePublished\":\"2022-06-13T09:33:29+00:00\",\"dateModified\":\"2022-06-13T10:09:56+00:00\",\"breadcrumb\":{\"@id\":\"https:\/\/7culture.ci\/index.php\/2022\/06\/13\/selon-des-experts-39-ans-apres-sa-mort-ernesto-djedje-demeure-vivant-dans-la-memoire-des-ivoiriens\/#breadcrumb\"},\"inLanguage\":\"fr-FR\",\"potentialAction\":[{\"@type\":\"ReadAction\",\"target\":[\"https:\/\/7culture.ci\/index.php\/2022\/06\/13\/selon-des-experts-39-ans-apres-sa-mort-ernesto-djedje-demeure-vivant-dans-la-memoire-des-ivoiriens\/\"]}]},{\"@type\":\"BreadcrumbList\",\"@id\":\"https:\/\/7culture.ci\/index.php\/2022\/06\/13\/selon-des-experts-39-ans-apres-sa-mort-ernesto-djedje-demeure-vivant-dans-la-memoire-des-ivoiriens\/#breadcrumb\",\"itemListElement\":[{\"@type\":\"ListItem\",\"position\":1,\"name\":\"Accueil\",\"item\":\"https:\/\/7culture.ci\/\"},{\"@type\":\"ListItem\",\"position\":2,\"name\":\"Selon des experts, 39 ans apr\u00e8s sa mort, Ernesto Dj\u00e9dj\u00e9 demeure vivant dans la m\u00e9moire des Ivoiriens\"}]},{\"@type\":\"WebSite\",\"@id\":\"https:\/\/7culture.ci\/#website\",\"url\":\"https:\/\/7culture.ci\/\",\"name\":\"7culture\",\"description\":\"Tout sur l&#039;actualit\u00e9\",\"publisher\":{\"@id\":\"https:\/\/7culture.ci\/#organization\"},\"potentialAction\":[{\"@type\":\"SearchAction\",\"target\":{\"@type\":\"EntryPoint\",\"urlTemplate\":\"https:\/\/7culture.ci\/?s={search_term_string}\"},\"query-input\":\"required name=search_term_string\"}],\"inLanguage\":\"fr-FR\"},{\"@type\":\"Organization\",\"@id\":\"https:\/\/7culture.ci\/#organization\",\"name\":\"7culture\",\"url\":\"https:\/\/7culture.ci\/\",\"sameAs\":[\"https:\/\/www.facebook.com\/redchefclaude\",\"https:\/\/twitter.com\/7culturec\"],\"logo\":{\"@type\":\"ImageObject\",\"inLanguage\":\"fr-FR\",\"@id\":\"https:\/\/7culture.ci\/#\/schema\/logo\/image\/\",\"url\":\"https:\/\/7culture.ci\/wp-content\/uploads\/2021\/12\/S1a-1.png\",\"contentUrl\":\"https:\/\/7culture.ci\/wp-content\/uploads\/2021\/12\/S1a-1.png\",\"width\":588,\"height\":192,\"caption\":\"7culture\"},\"image\":{\"@id\":\"https:\/\/7culture.ci\/#\/schema\/logo\/image\/\"}},{\"@type\":\"Person\",\"@id\":\"https:\/\/7culture.ci\/#\/schema\/person\/16150d28d7ef66ba788c1f87f28c4426\",\"name\":\"7culture2020\",\"image\":{\"@type\":\"ImageObject\",\"inLanguage\":\"fr-FR\",\"@id\":\"https:\/\/7culture.ci\/#\/schema\/person\/image\/\",\"url\":\"https:\/\/secure.gravatar.com\/avatar\/9a0784f951306c37bcd065f52844ef95?s=96&d=mm&r=g\",\"contentUrl\":\"https:\/\/secure.gravatar.com\/avatar\/9a0784f951306c37bcd065f52844ef95?s=96&d=mm&r=g\",\"caption\":\"7culture2020\"},\"sameAs\":[\"http:\/\/7culture.ci\",\"Claude.kipre\"],\"url\":\"https:\/\/7culture.ci\/index.php\/author\/7culture2020\/\"}]}<\/script>\n<!-- \/ Yoast SEO plugin. -->","yoast_head_json":{"title":"Selon des experts, 39 ans apr\u00e8s sa mort, Ernesto Dj\u00e9dj\u00e9 demeure vivant dans la m\u00e9moire des Ivoiriens -","robots":{"index":"index","follow":"follow","max-snippet":"max-snippet:-1","max-image-preview":"max-image-preview:large","max-video-preview":"max-video-preview:-1"},"canonical":"https:\/\/7culture.ci\/index.php\/2022\/06\/13\/selon-des-experts-39-ans-apres-sa-mort-ernesto-djedje-demeure-vivant-dans-la-memoire-des-ivoiriens\/","og_locale":"fr_FR","og_type":"article","og_title":"Selon des experts, 39 ans apr\u00e8s sa mort, Ernesto Dj\u00e9dj\u00e9 demeure vivant dans la m\u00e9moire des Ivoiriens -","og_description":"\u00ab&nbsp;L\u2019art, la cr\u00e9ation, c\u2019est la manifestation du divin en l\u2019homme. La recherche de la puret\u00e9&nbsp;\u00bb, disait Yves Saint Laurent. Ernesto Dj\u00e9dj\u00e9 Bl\u00e9 Lou\u00e9 a su traduire cette maxime de l\u2019ancien couturier fran\u00e7ais. Raison laquelle, pr\u00e8s de 40 ans apr\u00e8s son d\u00e9c\u00e8s, d\u2019\u00e9minents enseignants-chercheurs des universit\u00e9s de C\u00f4te d\u2019Ivoire et d\u2019ailleurs lui ont rendu \u00e0 nouveau &hellip; Selon des experts, 39 ans apr\u00e8s sa mort, Ernesto Dj\u00e9dj\u00e9 demeure vivant dans la m\u00e9moire des Ivoiriens Lire la suite\u00a0\u00bb","og_url":"https:\/\/7culture.ci\/index.php\/2022\/06\/13\/selon-des-experts-39-ans-apres-sa-mort-ernesto-djedje-demeure-vivant-dans-la-memoire-des-ivoiriens\/","og_site_name":"7culture","article_publisher":"https:\/\/www.facebook.com\/redchefclaude","article_published_time":"2022-06-13T09:33:29+00:00","article_modified_time":"2022-06-13T10:09:56+00:00","og_image":[{"width":355,"height":583,"url":"http:\/\/7culture.ci\/wp-content\/uploads\/2022\/06\/ernesto-djedje3.jpg","type":"image\/jpeg"}],"author":"7culture2020","twitter_card":"summary_large_image","twitter_creator":"@7culturec","twitter_site":"@7culturec","twitter_misc":{"\u00c9crit par":"7culture2020","Dur\u00e9e de lecture estim\u00e9e":"3 minutes"},"schema":{"@context":"https:\/\/schema.org","@graph":[{"@type":"Article","@id":"https:\/\/7culture.ci\/index.php\/2022\/06\/13\/selon-des-experts-39-ans-apres-sa-mort-ernesto-djedje-demeure-vivant-dans-la-memoire-des-ivoiriens\/#article","isPartOf":{"@id":"https:\/\/7culture.ci\/index.php\/2022\/06\/13\/selon-des-experts-39-ans-apres-sa-mort-ernesto-djedje-demeure-vivant-dans-la-memoire-des-ivoiriens\/"},"author":{"name":"7culture2020","@id":"https:\/\/7culture.ci\/#\/schema\/person\/16150d28d7ef66ba788c1f87f28c4426"},"headline":"Selon des experts, 39 ans apr\u00e8s sa mort, Ernesto Dj\u00e9dj\u00e9 demeure vivant dans la m\u00e9moire des Ivoiriens","datePublished":"2022-06-13T09:33:29+00:00","dateModified":"2022-06-13T10:09:56+00:00","mainEntityOfPage":{"@id":"https:\/\/7culture.ci\/index.php\/2022\/06\/13\/selon-des-experts-39-ans-apres-sa-mort-ernesto-djedje-demeure-vivant-dans-la-memoire-des-ivoiriens\/"},"wordCount":554,"commentCount":0,"publisher":{"@id":"https:\/\/7culture.ci\/#organization"},"articleSection":["Actualit\u00e9"],"inLanguage":"fr-FR","potentialAction":[{"@type":"CommentAction","name":"Comment","target":["https:\/\/7culture.ci\/index.php\/2022\/06\/13\/selon-des-experts-39-ans-apres-sa-mort-ernesto-djedje-demeure-vivant-dans-la-memoire-des-ivoiriens\/#respond"]}]},{"@type":"WebPage","@id":"https:\/\/7culture.ci\/index.php\/2022\/06\/13\/selon-des-experts-39-ans-apres-sa-mort-ernesto-djedje-demeure-vivant-dans-la-memoire-des-ivoiriens\/","url":"https:\/\/7culture.ci\/index.php\/2022\/06\/13\/selon-des-experts-39-ans-apres-sa-mort-ernesto-djedje-demeure-vivant-dans-la-memoire-des-ivoiriens\/","name":"Selon des experts, 39 ans apr\u00e8s sa mort, Ernesto Dj\u00e9dj\u00e9 demeure vivant dans la m\u00e9moire des Ivoiriens -","isPartOf":{"@id":"https:\/\/7culture.ci\/#website"},"datePublished":"2022-06-13T09:33:29+00:00","dateModified":"2022-06-13T10:09:56+00:00","breadcrumb":{"@id":"https:\/\/7culture.ci\/index.php\/2022\/06\/13\/selon-des-experts-39-ans-apres-sa-mort-ernesto-djedje-demeure-vivant-dans-la-memoire-des-ivoiriens\/#breadcrumb"},"inLanguage":"fr-FR","potentialAction":[{"@type":"ReadAction","target":["https:\/\/7culture.ci\/index.php\/2022\/06\/13\/selon-des-experts-39-ans-apres-sa-mort-ernesto-djedje-demeure-vivant-dans-la-memoire-des-ivoiriens\/"]}]},{"@type":"BreadcrumbList","@id":"https:\/\/7culture.ci\/index.php\/2022\/06\/13\/selon-des-experts-39-ans-apres-sa-mort-ernesto-djedje-demeure-vivant-dans-la-memoire-des-ivoiriens\/#breadcrumb","itemListElement":[{"@type":"ListItem","position":1,"name":"Accueil","item":"https:\/\/7culture.ci\/"},{"@type":"ListItem","position":2,"name":"Selon des experts, 39 ans apr\u00e8s sa mort, Ernesto Dj\u00e9dj\u00e9 demeure vivant dans la m\u00e9moire des Ivoiriens"}]},{"@type":"WebSite","@id":"https:\/\/7culture.ci\/#website","url":"https:\/\/7culture.ci\/","name":"7culture","description":"Tout sur l&#039;actualit\u00e9","publisher":{"@id":"https:\/\/7culture.ci\/#organization"},"potentialAction":[{"@type":"SearchAction","target":{"@type":"EntryPoint","urlTemplate":"https:\/\/7culture.ci\/?s={search_term_string}"},"query-input":"required name=search_term_string"}],"inLanguage":"fr-FR"},{"@type":"Organization","@id":"https:\/\/7culture.ci\/#organization","name":"7culture","url":"https:\/\/7culture.ci\/","sameAs":["https:\/\/www.facebook.com\/redchefclaude","https:\/\/twitter.com\/7culturec"],"logo":{"@type":"ImageObject","inLanguage":"fr-FR","@id":"https:\/\/7culture.ci\/#\/schema\/logo\/image\/","url":"https:\/\/7culture.ci\/wp-content\/uploads\/2021\/12\/S1a-1.png","contentUrl":"https:\/\/7culture.ci\/wp-content\/uploads\/2021\/12\/S1a-1.png","width":588,"height":192,"caption":"7culture"},"image":{"@id":"https:\/\/7culture.ci\/#\/schema\/logo\/image\/"}},{"@type":"Person","@id":"https:\/\/7culture.ci\/#\/schema\/person\/16150d28d7ef66ba788c1f87f28c4426","name":"7culture2020","image":{"@type":"ImageObject","inLanguage":"fr-FR","@id":"https:\/\/7culture.ci\/#\/schema\/person\/image\/","url":"https:\/\/secure.gravatar.com\/avatar\/9a0784f951306c37bcd065f52844ef95?s=96&d=mm&r=g","contentUrl":"https:\/\/secure.gravatar.com\/avatar\/9a0784f951306c37bcd065f52844ef95?s=96&d=mm&r=g","caption":"7culture2020"},"sameAs":["http:\/\/7culture.ci","Claude.kipre"],"url":"https:\/\/7culture.ci\/index.php\/author\/7culture2020\/"}]}},"jetpack_featured_media_url":"https:\/\/7culture.ci\/wp-content\/uploads\/2022\/06\/ernesto-djedje3.jpg","jetpack_likes_enabled":true,"jetpack_sharing_enabled":true,"_links":{"self":[{"href":"https:\/\/7culture.ci\/index.php\/wp-json\/wp\/v2\/posts\/21661"}],"collection":[{"href":"https:\/\/7culture.ci\/index.php\/wp-json\/wp\/v2\/posts"}],"about":[{"href":"https:\/\/7culture.ci\/index.php\/wp-json\/wp\/v2\/types\/post"}],"author":[{"embeddable":true,"href":"https:\/\/7culture.ci\/index.php\/wp-json\/wp\/v2\/users\/1"}],"replies":[{"embeddable":true,"href":"https:\/\/7culture.ci\/index.php\/wp-json\/wp\/v2\/comments?post=21661"}],"version-history":[{"count":0,"href":"https:\/\/7culture.ci\/index.php\/wp-json\/wp\/v2\/posts\/21661\/revisions"}],"wp:featuredmedia":[{"embeddable":true,"href":"https:\/\/7culture.ci\/index.php\/wp-json\/wp\/v2\/media\/21609"}],"wp:attachment":[{"href":"https:\/\/7culture.ci\/index.php\/wp-json\/wp\/v2\/media?parent=21661"}],"wp:term":[{"taxonomy":"category","embeddable":true,"href":"https:\/\/7culture.ci\/index.php\/wp-json\/wp\/v2\/categories?post=21661"},{"taxonomy":"post_tag","embeddable":true,"href":"https:\/\/7culture.ci\/index.php\/wp-json\/wp\/v2\/tags?post=21661"}],"curies":[{"name":"wp","href":"https:\/\/api.w.org\/{rel}","templated":true}]}}