{"id":21596,"date":"2022-06-08T12:59:50","date_gmt":"2022-06-08T10:59:50","guid":{"rendered":"https:\/\/7culture.ci\/?p=21596"},"modified":"2022-06-10T17:26:48","modified_gmt":"2022-06-10T15:26:48","slug":"dans-son-nouveau-single-ken-de-korogo-nest-pas-tendre-avec-les-blancs","status":"publish","type":"post","link":"https:\/\/7culture.ci\/index.php\/2022\/06\/08\/dans-son-nouveau-single-ken-de-korogo-nest-pas-tendre-avec-les-blancs\/","title":{"rendered":"Dans son nouveau single, Ken de Korogo n&#8217;est pas tendre avec les Blancs!"},"content":{"rendered":"\n<p><strong><em>Le nouveau single du reggaeman franco-ivoirien, Ken de Korogo, baptis\u00e9 \u2018\u2019L\u2019Afrique est l\u00e0, pian&nbsp;!\u2018\u2019, disponible sur les plateformes de t\u00e9l\u00e9chargement en France depuis deux semaines, est un v\u00e9ritable r\u00e9quisitoire contre les anciens colonisateurs de l\u2019Afrique. &nbsp;&nbsp;&nbsp;&nbsp;&nbsp;&nbsp;&nbsp;&nbsp;&nbsp;&nbsp;&nbsp;&nbsp;&nbsp;&nbsp;&nbsp;&nbsp;&nbsp;&nbsp;&nbsp;&nbsp;&nbsp;&nbsp;&nbsp;&nbsp;&nbsp;&nbsp;&nbsp;&nbsp;&nbsp;&nbsp;&nbsp;&nbsp;&nbsp;&nbsp;&nbsp;&nbsp;&nbsp;&nbsp;&nbsp;&nbsp;&nbsp;&nbsp;&nbsp;&nbsp;&nbsp;<\/em><\/strong><\/p>\n\n\n\n<p>On le savait pas tr\u00e8s tendre avec les occidentaux, surtout les anciens colonisateurs de l\u2019Afrique, dans ses \u0153uvres ant\u00e9rieures. Le reggaeman franco-ivoirien bas\u00e9 \u00e0 Nantes, Ken de Korogo, vient de remettre le couvert avec <strong>\u2018\u2019L\u2019Afrique est l\u00e0, pian\u00a0!\u2018\u2019<\/strong>, son nouveau single disponible sur les plateformes de t\u00e9l\u00e9chargement en France depuis deux semaines. Cette \u0153uvre est un v\u00e9ritable r\u00e9quisitoire contre les anciens colonisateurs de l\u2019Afrique.<\/p>\n\n\n\n<p>\u00ab <strong><em>Tu me parles de l\u2019Afrique, comme si tout \u00e9tait fini. Tu me parles de l\u2019Afrique du paludisme et de l\u2019\u00e9bola. Tu me parles de l\u2019Afrique, comme si ce n\u2019\u00e9tait que \u00e7a&nbsp;! Apr\u00e8s l\u2019avoir colonis\u00e9e. Apr\u00e8s l\u2019avoir divis\u00e9e. Apr\u00e8s l\u2019avoir pill\u00e9e. Tu te donnes le droit de critiquer l\u2019Afrique. Toi, bouge&nbsp;! Tu n\u2019iras pas au paradis. Tchoko tchoko, l\u2019Afrique est l\u00e0, pian!<\/em><\/strong>\u00bb, chante Ken de Korogo, sur un super afro-beat du Nigeria. Un genre qu\u2019on ne lui connaissait pas avant.<\/p>\n\n\n\n<div class=\"wp-block-image\"><figure class=\"aligncenter size-full is-resized\"><img loading=\"lazy\" decoding=\"async\" src=\"https:\/\/7culture.ci\/wp-content\/uploads\/2022\/06\/ken2.jpg\" alt=\"\" class=\"wp-image-21598\" width=\"535\" height=\"535\" srcset=\"https:\/\/7culture.ci\/wp-content\/uploads\/2022\/06\/ken2.jpg 900w, https:\/\/7culture.ci\/wp-content\/uploads\/2022\/06\/ken2-300x300.jpg 300w, https:\/\/7culture.ci\/wp-content\/uploads\/2022\/06\/ken2-150x150.jpg 150w, https:\/\/7culture.ci\/wp-content\/uploads\/2022\/06\/ken2-768x768.jpg 768w\" sizes=\"(max-width: 535px) 100vw, 535px\" \/><\/figure><\/div>\n\n\n\n<p>\u00ab <strong><em>Qui dit reggae, dit afro-beat. On m\u00e8ne le m\u00eame combat. Fela Kuti n\u2019\u00e9tait pas un tendre avec l\u2019occident. Ces deux musiques se compl\u00e8tent \u00e0 merveille. C\u2019est naturellement que j\u2019ai fait ce titre \u00e0 la sauce afro-beat<\/em><\/strong>&nbsp;\u00bb, explique-t-il.<\/p>\n\n\n\n<p>Le single \u2018\u2018<em>L\u2019Afrique est l\u00e0, pian<\/em>\u2019\u2019, a \u00e9t\u00e9 pr\u00e9c\u00e9d\u00e9 de trois autres en 2021, notamment \u2018\u2018<em>Maman<\/em>\u2019\u2019, \u2018\u2018<em>Femmes battues<\/em>\u2019\u2019 et \u2018\u2018<em>D\u00e9fi africain<\/em>\u2019\u2019.<\/p>\n\n\n\n<p>Ces chansons font partie du nouvel album de 10 titres de l\u2019artiste baptis\u00e9 \u2018\u2018D<em>\u00e9fi africain\u2019\u2019<\/em>, qui sortira \u00e0 la fin de l\u2019ann\u00e9e 2022. Il a \u00e9t\u00e9 arrang\u00e9 au studio Fakoly \u00e0 Yopougon par Echantion avec la participation du batteur Marc le Beni et du groupe reggae abidjanais \u2018\u2018United\u2019\u2019. Ce sera le 5<sup>\u00e8me<\/sup> album de Ken de Korogo, qui est \u00e0 Abidjan depuis quelques jours pour la promotion de <strong>\u2018<\/strong><em>\u2019L\u2019Afrique est l\u00e0, pian!<\/em>\u2018\u2019 <\/p>\n\n\n\n<p>Par E. Cossa&nbsp;&nbsp;&nbsp;&nbsp;&nbsp;&nbsp;&nbsp;&nbsp;&nbsp;&nbsp;&nbsp;&nbsp;&nbsp;&nbsp;&nbsp;&nbsp;&nbsp;&nbsp;&nbsp;&nbsp;&nbsp;&nbsp;&nbsp;&nbsp;&nbsp;&nbsp;&nbsp;&nbsp;&nbsp;&nbsp;&nbsp;&nbsp;&nbsp;&nbsp;&nbsp;&nbsp;&nbsp;&nbsp;&nbsp;&nbsp;&nbsp;&nbsp;&nbsp;&nbsp;&nbsp;&nbsp;&nbsp;&nbsp;&nbsp;&nbsp;&nbsp;&nbsp;&nbsp;&nbsp;&nbsp;&nbsp;&nbsp;&nbsp;&nbsp;<\/p>\n","protected":false},"excerpt":{"rendered":"<p>Le nouveau single du reggaeman franco-ivoirien, Ken de Korogo, baptis\u00e9 \u2018\u2019L\u2019Afrique est l\u00e0, pian&nbsp;!\u2018\u2019, disponible sur les plateformes de t\u00e9l\u00e9chargement en France depuis deux semaines, est un v\u00e9ritable r\u00e9quisitoire contre les anciens colonisateurs de l\u2019Afrique. &nbsp;&nbsp;&nbsp;&nbsp;&nbsp;&nbsp;&nbsp;&nbsp;&nbsp;&nbsp;&nbsp;&nbsp;&nbsp;&nbsp;&nbsp;&nbsp;&nbsp;&nbsp;&nbsp;&nbsp;&nbsp;&nbsp;&nbsp;&nbsp;&nbsp;&nbsp;&nbsp;&nbsp;&nbsp;&nbsp;&nbsp;&nbsp;&nbsp;&nbsp;&nbsp;&nbsp;&nbsp;&nbsp;&nbsp;&nbsp;&nbsp;&nbsp;&nbsp;&nbsp;&nbsp; On le savait pas tr\u00e8s tendre avec les occidentaux, surtout les anciens colonisateurs de l\u2019Afrique, dans ses \u0153uvres ant\u00e9rieures. &hellip;<\/p>\n<p class=\"read-more\"> <a class=\"\" href=\"https:\/\/7culture.ci\/index.php\/2022\/06\/08\/dans-son-nouveau-single-ken-de-korogo-nest-pas-tendre-avec-les-blancs\/\"> <span class=\"screen-reader-text\">Dans son nouveau single, Ken de Korogo n&#8217;est pas tendre avec les Blancs!<\/span> Lire la suite\u00a0\u00bb<\/a><\/p>\n","protected":false},"author":1,"featured_media":21597,"comment_status":"open","ping_status":"open","sticky":false,"template":"","format":"standard","meta":{"_mi_skip_tracking":false,"_monsterinsights_sitenote_active":false,"_monsterinsights_sitenote_note":"","_monsterinsights_sitenote_category":0,"site-sidebar-layout":"default","site-content-layout":"default","ast-global-header-display":"","ast-main-header-display":"","ast-hfb-above-header-display":"","ast-hfb-below-header-display":"","ast-hfb-mobile-header-display":"","site-post-title":"","ast-breadcrumbs-content":"","ast-featured-img":"","footer-sml-layout":"","theme-transparent-header-meta":"","adv-header-id-meta":"","stick-header-meta":"","header-above-stick-meta":"","header-main-stick-meta":"","header-below-stick-meta":"","footnotes":"","jetpack_publicize_message":"","jetpack_is_tweetstorm":false,"jetpack_publicize_feature_enabled":true},"categories":[16],"tags":[],"jetpack_publicize_connections":[],"acf":[],"aioseo_notices":[],"yoast_head":"<!-- This site is optimized with the Yoast SEO plugin v19.6.1 - https:\/\/yoast.com\/wordpress\/plugins\/seo\/ -->\n<title>Dans son nouveau single, Ken de Korogo n&#039;est pas tendre avec les Blancs! -<\/title>\n<meta name=\"robots\" content=\"index, follow, max-snippet:-1, max-image-preview:large, max-video-preview:-1\" \/>\n<link rel=\"canonical\" href=\"https:\/\/7culture.ci\/index.php\/2022\/06\/08\/dans-son-nouveau-single-ken-de-korogo-nest-pas-tendre-avec-les-blancs\/\" \/>\n<meta property=\"og:locale\" content=\"fr_FR\" \/>\n<meta property=\"og:type\" content=\"article\" \/>\n<meta property=\"og:title\" content=\"Dans son nouveau single, Ken de Korogo n&#039;est pas tendre avec les Blancs! -\" \/>\n<meta property=\"og:description\" content=\"Le nouveau single du reggaeman franco-ivoirien, Ken de Korogo, baptis\u00e9 \u2018\u2019L\u2019Afrique est l\u00e0, pian&nbsp;!\u2018\u2019, disponible sur les plateformes de t\u00e9l\u00e9chargement en France depuis deux semaines, est un v\u00e9ritable r\u00e9quisitoire contre les anciens colonisateurs de l\u2019Afrique. &nbsp;&nbsp;&nbsp;&nbsp;&nbsp;&nbsp;&nbsp;&nbsp;&nbsp;&nbsp;&nbsp;&nbsp;&nbsp;&nbsp;&nbsp;&nbsp;&nbsp;&nbsp;&nbsp;&nbsp;&nbsp;&nbsp;&nbsp;&nbsp;&nbsp;&nbsp;&nbsp;&nbsp;&nbsp;&nbsp;&nbsp;&nbsp;&nbsp;&nbsp;&nbsp;&nbsp;&nbsp;&nbsp;&nbsp;&nbsp;&nbsp;&nbsp;&nbsp;&nbsp;&nbsp; On le savait pas tr\u00e8s tendre avec les occidentaux, surtout les anciens colonisateurs de l\u2019Afrique, dans ses \u0153uvres ant\u00e9rieures. &hellip; Dans son nouveau single, Ken de Korogo n&#8217;est pas tendre avec les Blancs! Lire la suite\u00a0\u00bb\" \/>\n<meta property=\"og:url\" content=\"https:\/\/7culture.ci\/index.php\/2022\/06\/08\/dans-son-nouveau-single-ken-de-korogo-nest-pas-tendre-avec-les-blancs\/\" \/>\n<meta property=\"og:site_name\" content=\"7culture\" \/>\n<meta property=\"article:publisher\" content=\"https:\/\/www.facebook.com\/redchefclaude\" \/>\n<meta property=\"article:published_time\" content=\"2022-06-08T10:59:50+00:00\" \/>\n<meta property=\"article:modified_time\" content=\"2022-06-10T15:26:48+00:00\" \/>\n<meta property=\"og:image\" content=\"http:\/\/7culture.ci\/wp-content\/uploads\/2022\/06\/ken1.jpg\" \/>\n\t<meta property=\"og:image:width\" content=\"640\" \/>\n\t<meta property=\"og:image:height\" content=\"344\" \/>\n\t<meta property=\"og:image:type\" content=\"image\/jpeg\" \/>\n<meta name=\"author\" content=\"7culture2020\" \/>\n<meta name=\"twitter:card\" content=\"summary_large_image\" \/>\n<meta name=\"twitter:creator\" content=\"@7culturec\" \/>\n<meta name=\"twitter:site\" content=\"@7culturec\" \/>\n<meta name=\"twitter:label1\" content=\"\u00c9crit par\" \/>\n\t<meta name=\"twitter:data1\" content=\"7culture2020\" \/>\n\t<meta name=\"twitter:label2\" content=\"Dur\u00e9e de lecture estim\u00e9e\" \/>\n\t<meta name=\"twitter:data2\" content=\"2 minutes\" \/>\n<script type=\"application\/ld+json\" class=\"yoast-schema-graph\">{\"@context\":\"https:\/\/schema.org\",\"@graph\":[{\"@type\":\"Article\",\"@id\":\"https:\/\/7culture.ci\/index.php\/2022\/06\/08\/dans-son-nouveau-single-ken-de-korogo-nest-pas-tendre-avec-les-blancs\/#article\",\"isPartOf\":{\"@id\":\"https:\/\/7culture.ci\/index.php\/2022\/06\/08\/dans-son-nouveau-single-ken-de-korogo-nest-pas-tendre-avec-les-blancs\/\"},\"author\":{\"name\":\"7culture2020\",\"@id\":\"https:\/\/7culture.ci\/#\/schema\/person\/16150d28d7ef66ba788c1f87f28c4426\"},\"headline\":\"Dans son nouveau single, Ken de Korogo n&#8217;est pas tendre avec les Blancs!\",\"datePublished\":\"2022-06-08T10:59:50+00:00\",\"dateModified\":\"2022-06-10T15:26:48+00:00\",\"mainEntityOfPage\":{\"@id\":\"https:\/\/7culture.ci\/index.php\/2022\/06\/08\/dans-son-nouveau-single-ken-de-korogo-nest-pas-tendre-avec-les-blancs\/\"},\"wordCount\":472,\"commentCount\":0,\"publisher\":{\"@id\":\"https:\/\/7culture.ci\/#organization\"},\"articleSection\":[\"Musique\"],\"inLanguage\":\"fr-FR\",\"potentialAction\":[{\"@type\":\"CommentAction\",\"name\":\"Comment\",\"target\":[\"https:\/\/7culture.ci\/index.php\/2022\/06\/08\/dans-son-nouveau-single-ken-de-korogo-nest-pas-tendre-avec-les-blancs\/#respond\"]}]},{\"@type\":\"WebPage\",\"@id\":\"https:\/\/7culture.ci\/index.php\/2022\/06\/08\/dans-son-nouveau-single-ken-de-korogo-nest-pas-tendre-avec-les-blancs\/\",\"url\":\"https:\/\/7culture.ci\/index.php\/2022\/06\/08\/dans-son-nouveau-single-ken-de-korogo-nest-pas-tendre-avec-les-blancs\/\",\"name\":\"Dans son nouveau single, Ken de Korogo n'est pas tendre avec les Blancs! -\",\"isPartOf\":{\"@id\":\"https:\/\/7culture.ci\/#website\"},\"datePublished\":\"2022-06-08T10:59:50+00:00\",\"dateModified\":\"2022-06-10T15:26:48+00:00\",\"breadcrumb\":{\"@id\":\"https:\/\/7culture.ci\/index.php\/2022\/06\/08\/dans-son-nouveau-single-ken-de-korogo-nest-pas-tendre-avec-les-blancs\/#breadcrumb\"},\"inLanguage\":\"fr-FR\",\"potentialAction\":[{\"@type\":\"ReadAction\",\"target\":[\"https:\/\/7culture.ci\/index.php\/2022\/06\/08\/dans-son-nouveau-single-ken-de-korogo-nest-pas-tendre-avec-les-blancs\/\"]}]},{\"@type\":\"BreadcrumbList\",\"@id\":\"https:\/\/7culture.ci\/index.php\/2022\/06\/08\/dans-son-nouveau-single-ken-de-korogo-nest-pas-tendre-avec-les-blancs\/#breadcrumb\",\"itemListElement\":[{\"@type\":\"ListItem\",\"position\":1,\"name\":\"Accueil\",\"item\":\"https:\/\/7culture.ci\/\"},{\"@type\":\"ListItem\",\"position\":2,\"name\":\"Dans son nouveau single, Ken de Korogo n&rsquo;est pas tendre avec les Blancs!\"}]},{\"@type\":\"WebSite\",\"@id\":\"https:\/\/7culture.ci\/#website\",\"url\":\"https:\/\/7culture.ci\/\",\"name\":\"7culture\",\"description\":\"Tout sur l&#039;actualit\u00e9\",\"publisher\":{\"@id\":\"https:\/\/7culture.ci\/#organization\"},\"potentialAction\":[{\"@type\":\"SearchAction\",\"target\":{\"@type\":\"EntryPoint\",\"urlTemplate\":\"https:\/\/7culture.ci\/?s={search_term_string}\"},\"query-input\":\"required name=search_term_string\"}],\"inLanguage\":\"fr-FR\"},{\"@type\":\"Organization\",\"@id\":\"https:\/\/7culture.ci\/#organization\",\"name\":\"7culture\",\"url\":\"https:\/\/7culture.ci\/\",\"sameAs\":[\"https:\/\/www.facebook.com\/redchefclaude\",\"https:\/\/twitter.com\/7culturec\"],\"logo\":{\"@type\":\"ImageObject\",\"inLanguage\":\"fr-FR\",\"@id\":\"https:\/\/7culture.ci\/#\/schema\/logo\/image\/\",\"url\":\"https:\/\/7culture.ci\/wp-content\/uploads\/2021\/12\/S1a-1.png\",\"contentUrl\":\"https:\/\/7culture.ci\/wp-content\/uploads\/2021\/12\/S1a-1.png\",\"width\":588,\"height\":192,\"caption\":\"7culture\"},\"image\":{\"@id\":\"https:\/\/7culture.ci\/#\/schema\/logo\/image\/\"}},{\"@type\":\"Person\",\"@id\":\"https:\/\/7culture.ci\/#\/schema\/person\/16150d28d7ef66ba788c1f87f28c4426\",\"name\":\"7culture2020\",\"image\":{\"@type\":\"ImageObject\",\"inLanguage\":\"fr-FR\",\"@id\":\"https:\/\/7culture.ci\/#\/schema\/person\/image\/\",\"url\":\"https:\/\/secure.gravatar.com\/avatar\/9a0784f951306c37bcd065f52844ef95?s=96&d=mm&r=g\",\"contentUrl\":\"https:\/\/secure.gravatar.com\/avatar\/9a0784f951306c37bcd065f52844ef95?s=96&d=mm&r=g\",\"caption\":\"7culture2020\"},\"sameAs\":[\"http:\/\/7culture.ci\",\"Claude.kipre\"],\"url\":\"https:\/\/7culture.ci\/index.php\/author\/7culture2020\/\"}]}<\/script>\n<!-- \/ Yoast SEO plugin. -->","yoast_head_json":{"title":"Dans son nouveau single, Ken de Korogo n'est pas tendre avec les Blancs! -","robots":{"index":"index","follow":"follow","max-snippet":"max-snippet:-1","max-image-preview":"max-image-preview:large","max-video-preview":"max-video-preview:-1"},"canonical":"https:\/\/7culture.ci\/index.php\/2022\/06\/08\/dans-son-nouveau-single-ken-de-korogo-nest-pas-tendre-avec-les-blancs\/","og_locale":"fr_FR","og_type":"article","og_title":"Dans son nouveau single, Ken de Korogo n'est pas tendre avec les Blancs! -","og_description":"Le nouveau single du reggaeman franco-ivoirien, Ken de Korogo, baptis\u00e9 \u2018\u2019L\u2019Afrique est l\u00e0, pian&nbsp;!\u2018\u2019, disponible sur les plateformes de t\u00e9l\u00e9chargement en France depuis deux semaines, est un v\u00e9ritable r\u00e9quisitoire contre les anciens colonisateurs de l\u2019Afrique. &nbsp;&nbsp;&nbsp;&nbsp;&nbsp;&nbsp;&nbsp;&nbsp;&nbsp;&nbsp;&nbsp;&nbsp;&nbsp;&nbsp;&nbsp;&nbsp;&nbsp;&nbsp;&nbsp;&nbsp;&nbsp;&nbsp;&nbsp;&nbsp;&nbsp;&nbsp;&nbsp;&nbsp;&nbsp;&nbsp;&nbsp;&nbsp;&nbsp;&nbsp;&nbsp;&nbsp;&nbsp;&nbsp;&nbsp;&nbsp;&nbsp;&nbsp;&nbsp;&nbsp;&nbsp; On le savait pas tr\u00e8s tendre avec les occidentaux, surtout les anciens colonisateurs de l\u2019Afrique, dans ses \u0153uvres ant\u00e9rieures. &hellip; Dans son nouveau single, Ken de Korogo n&#8217;est pas tendre avec les Blancs! Lire la suite\u00a0\u00bb","og_url":"https:\/\/7culture.ci\/index.php\/2022\/06\/08\/dans-son-nouveau-single-ken-de-korogo-nest-pas-tendre-avec-les-blancs\/","og_site_name":"7culture","article_publisher":"https:\/\/www.facebook.com\/redchefclaude","article_published_time":"2022-06-08T10:59:50+00:00","article_modified_time":"2022-06-10T15:26:48+00:00","og_image":[{"width":640,"height":344,"url":"http:\/\/7culture.ci\/wp-content\/uploads\/2022\/06\/ken1.jpg","type":"image\/jpeg"}],"author":"7culture2020","twitter_card":"summary_large_image","twitter_creator":"@7culturec","twitter_site":"@7culturec","twitter_misc":{"\u00c9crit par":"7culture2020","Dur\u00e9e de lecture estim\u00e9e":"2 minutes"},"schema":{"@context":"https:\/\/schema.org","@graph":[{"@type":"Article","@id":"https:\/\/7culture.ci\/index.php\/2022\/06\/08\/dans-son-nouveau-single-ken-de-korogo-nest-pas-tendre-avec-les-blancs\/#article","isPartOf":{"@id":"https:\/\/7culture.ci\/index.php\/2022\/06\/08\/dans-son-nouveau-single-ken-de-korogo-nest-pas-tendre-avec-les-blancs\/"},"author":{"name":"7culture2020","@id":"https:\/\/7culture.ci\/#\/schema\/person\/16150d28d7ef66ba788c1f87f28c4426"},"headline":"Dans son nouveau single, Ken de Korogo n&#8217;est pas tendre avec les Blancs!","datePublished":"2022-06-08T10:59:50+00:00","dateModified":"2022-06-10T15:26:48+00:00","mainEntityOfPage":{"@id":"https:\/\/7culture.ci\/index.php\/2022\/06\/08\/dans-son-nouveau-single-ken-de-korogo-nest-pas-tendre-avec-les-blancs\/"},"wordCount":472,"commentCount":0,"publisher":{"@id":"https:\/\/7culture.ci\/#organization"},"articleSection":["Musique"],"inLanguage":"fr-FR","potentialAction":[{"@type":"CommentAction","name":"Comment","target":["https:\/\/7culture.ci\/index.php\/2022\/06\/08\/dans-son-nouveau-single-ken-de-korogo-nest-pas-tendre-avec-les-blancs\/#respond"]}]},{"@type":"WebPage","@id":"https:\/\/7culture.ci\/index.php\/2022\/06\/08\/dans-son-nouveau-single-ken-de-korogo-nest-pas-tendre-avec-les-blancs\/","url":"https:\/\/7culture.ci\/index.php\/2022\/06\/08\/dans-son-nouveau-single-ken-de-korogo-nest-pas-tendre-avec-les-blancs\/","name":"Dans son nouveau single, Ken de Korogo n'est pas tendre avec les Blancs! -","isPartOf":{"@id":"https:\/\/7culture.ci\/#website"},"datePublished":"2022-06-08T10:59:50+00:00","dateModified":"2022-06-10T15:26:48+00:00","breadcrumb":{"@id":"https:\/\/7culture.ci\/index.php\/2022\/06\/08\/dans-son-nouveau-single-ken-de-korogo-nest-pas-tendre-avec-les-blancs\/#breadcrumb"},"inLanguage":"fr-FR","potentialAction":[{"@type":"ReadAction","target":["https:\/\/7culture.ci\/index.php\/2022\/06\/08\/dans-son-nouveau-single-ken-de-korogo-nest-pas-tendre-avec-les-blancs\/"]}]},{"@type":"BreadcrumbList","@id":"https:\/\/7culture.ci\/index.php\/2022\/06\/08\/dans-son-nouveau-single-ken-de-korogo-nest-pas-tendre-avec-les-blancs\/#breadcrumb","itemListElement":[{"@type":"ListItem","position":1,"name":"Accueil","item":"https:\/\/7culture.ci\/"},{"@type":"ListItem","position":2,"name":"Dans son nouveau single, Ken de Korogo n&rsquo;est pas tendre avec les Blancs!"}]},{"@type":"WebSite","@id":"https:\/\/7culture.ci\/#website","url":"https:\/\/7culture.ci\/","name":"7culture","description":"Tout sur l&#039;actualit\u00e9","publisher":{"@id":"https:\/\/7culture.ci\/#organization"},"potentialAction":[{"@type":"SearchAction","target":{"@type":"EntryPoint","urlTemplate":"https:\/\/7culture.ci\/?s={search_term_string}"},"query-input":"required name=search_term_string"}],"inLanguage":"fr-FR"},{"@type":"Organization","@id":"https:\/\/7culture.ci\/#organization","name":"7culture","url":"https:\/\/7culture.ci\/","sameAs":["https:\/\/www.facebook.com\/redchefclaude","https:\/\/twitter.com\/7culturec"],"logo":{"@type":"ImageObject","inLanguage":"fr-FR","@id":"https:\/\/7culture.ci\/#\/schema\/logo\/image\/","url":"https:\/\/7culture.ci\/wp-content\/uploads\/2021\/12\/S1a-1.png","contentUrl":"https:\/\/7culture.ci\/wp-content\/uploads\/2021\/12\/S1a-1.png","width":588,"height":192,"caption":"7culture"},"image":{"@id":"https:\/\/7culture.ci\/#\/schema\/logo\/image\/"}},{"@type":"Person","@id":"https:\/\/7culture.ci\/#\/schema\/person\/16150d28d7ef66ba788c1f87f28c4426","name":"7culture2020","image":{"@type":"ImageObject","inLanguage":"fr-FR","@id":"https:\/\/7culture.ci\/#\/schema\/person\/image\/","url":"https:\/\/secure.gravatar.com\/avatar\/9a0784f951306c37bcd065f52844ef95?s=96&d=mm&r=g","contentUrl":"https:\/\/secure.gravatar.com\/avatar\/9a0784f951306c37bcd065f52844ef95?s=96&d=mm&r=g","caption":"7culture2020"},"sameAs":["http:\/\/7culture.ci","Claude.kipre"],"url":"https:\/\/7culture.ci\/index.php\/author\/7culture2020\/"}]}},"jetpack_featured_media_url":"https:\/\/7culture.ci\/wp-content\/uploads\/2022\/06\/ken1.jpg","jetpack_likes_enabled":true,"jetpack_sharing_enabled":true,"_links":{"self":[{"href":"https:\/\/7culture.ci\/index.php\/wp-json\/wp\/v2\/posts\/21596"}],"collection":[{"href":"https:\/\/7culture.ci\/index.php\/wp-json\/wp\/v2\/posts"}],"about":[{"href":"https:\/\/7culture.ci\/index.php\/wp-json\/wp\/v2\/types\/post"}],"author":[{"embeddable":true,"href":"https:\/\/7culture.ci\/index.php\/wp-json\/wp\/v2\/users\/1"}],"replies":[{"embeddable":true,"href":"https:\/\/7culture.ci\/index.php\/wp-json\/wp\/v2\/comments?post=21596"}],"version-history":[{"count":0,"href":"https:\/\/7culture.ci\/index.php\/wp-json\/wp\/v2\/posts\/21596\/revisions"}],"wp:featuredmedia":[{"embeddable":true,"href":"https:\/\/7culture.ci\/index.php\/wp-json\/wp\/v2\/media\/21597"}],"wp:attachment":[{"href":"https:\/\/7culture.ci\/index.php\/wp-json\/wp\/v2\/media?parent=21596"}],"wp:term":[{"taxonomy":"category","embeddable":true,"href":"https:\/\/7culture.ci\/index.php\/wp-json\/wp\/v2\/categories?post=21596"},{"taxonomy":"post_tag","embeddable":true,"href":"https:\/\/7culture.ci\/index.php\/wp-json\/wp\/v2\/tags?post=21596"}],"curies":[{"name":"wp","href":"https:\/\/api.w.org\/{rel}","templated":true}]}}