{"id":21590,"date":"2022-06-07T22:13:25","date_gmt":"2022-06-07T20:13:25","guid":{"rendered":"https:\/\/7culture.ci\/?p=21590"},"modified":"2022-06-08T13:01:57","modified_gmt":"2022-06-08T11:01:57","slug":"football-ado-a-recu-idriss-diallo-le-president-de-la-fif","status":"publish","type":"post","link":"https:\/\/7culture.ci\/index.php\/2022\/06\/07\/football-ado-a-recu-idriss-diallo-le-president-de-la-fif\/","title":{"rendered":"Football : Ado a re\u00e7u Idriss Diallo, le pr\u00e9sident de la FIF"},"content":{"rendered":"\n<p><strong><em>Le pr\u00e9sident de la R\u00e9publique, Alassane Ouattara, a re\u00e7u en audience, le nouveau pr\u00e9sident \u00e9lu de la F\u00e9d\u00e9ration ivoirienne de Football (Fif), Yacine Idriss Diallo, le mardi 7 juin 2022 \u00e0 Abidjan.<\/em><\/strong><\/p>\n\n\n\n<p>Accompagn\u00e9 du ministre des Sports, Paulin Claude Danho et du pr\u00e9sident du Comit\u00e9 d&#8217;organisation de la Coupe d&#8217;Afrique des Nations (COCAN) 2023 en C\u00f4te d&#8217;Ivoire, Albert Fran\u00e7ois Amichia, le nouveau pr\u00e9sident de la FIF a dit ses remerciements au pr\u00e9sident Alassane Ouattara pour tout ce qu&#8217;il fait pour le sport, en g\u00e9n\u00e9ral, mais pour le football, en particulier.<\/p>\n\n\n\n<p>Le pr\u00e9sident de la FIF a indiqu\u00e9 que pour r\u00e9ussir sa mission \u00e0 la t\u00eate de la f\u00e9d\u00e9ration, il \u00e9tait important pour lui de venir prendre des conseils aupr\u00e8s du Chef de l&#8217;\u00c9tat, le premier Capitaine de l&#8217;\u00e9quipe nationale.<\/p>\n\n\n\n<p>Selon Yacine Idriss Diallo, il \u00e9tait urgent d&#8217;avoir un s\u00e9lectionneur national dans des d\u00e9lais tr\u00e8s courts pour monter une \u00e9quipe comp\u00e9titive avant la CAN 2023 dont la C\u00f4te d&#8217;Ivoire est le pays h\u00f4te.<\/p>\n\n\n\n<p>Il a f\u00e9licit\u00e9 le gouvernement pour la mise en place d&#8217;infrastructures sportives de qualit\u00e9 en vue d&#8217;accueillir la CAN 2023.<\/p>\n\n\n\n<p>\u00ab&nbsp;<strong><em>Nous avons eu la chance de jouer le 4 juin dernier face \u00e0 la Zambie dans un stade magnifique \u00e0 Yamoussoukro avec une pelouse exceptionnelle. C&#8217;est la preuve que la C\u00f4te d&#8217;Ivoire est au travail et que la CAN 2023 se d\u00e9roulera sur des infrastructures de haut niveau. Il faut remercier et f\u00e9liciter le gouvernement<\/em><\/strong>&nbsp;\u00bb, s&#8217;est r\u00e9joui Yacine Idriss Diallo.<\/p>\n\n\n\n<p>Le pr\u00e9sident de la FIF a soutenu que lui et son \u00e9quipe sont dans une dynamique positive, qu&#8217;ils esp\u00e8rent pouvoir tenir jusqu&#8217;\u00e0 la CAN 2023.<\/p>\n\n\n\n<p>C&#8217;est le 23 avril dernier que Yacine Idriss Diallo a \u00e9t\u00e9 \u00e9lu pr\u00e9sident de la FIF, \u00e0 l&#8217;issue d&#8217;une assembl\u00e9e g\u00e9n\u00e9rale \u00e9lective.<\/p>\n\n\n\n<p>Source : CICG<\/p>\n","protected":false},"excerpt":{"rendered":"<p>Le pr\u00e9sident de la R\u00e9publique, Alassane Ouattara, a re\u00e7u en audience, le nouveau pr\u00e9sident \u00e9lu de la F\u00e9d\u00e9ration ivoirienne de Football (Fif), Yacine Idriss Diallo, le mardi 7 juin 2022 \u00e0 Abidjan. Accompagn\u00e9 du ministre des Sports, Paulin Claude Danho et du pr\u00e9sident du Comit\u00e9 d&#8217;organisation de la Coupe d&#8217;Afrique des Nations (COCAN) 2023 en &hellip;<\/p>\n<p class=\"read-more\"> <a class=\"\" href=\"https:\/\/7culture.ci\/index.php\/2022\/06\/07\/football-ado-a-recu-idriss-diallo-le-president-de-la-fif\/\"> <span class=\"screen-reader-text\">Football : Ado a re\u00e7u Idriss Diallo, le pr\u00e9sident de la FIF<\/span> Lire la suite\u00a0\u00bb<\/a><\/p>\n","protected":false},"author":1,"featured_media":21592,"comment_status":"open","ping_status":"open","sticky":false,"template":"","format":"standard","meta":{"_mi_skip_tracking":false,"_monsterinsights_sitenote_active":false,"_monsterinsights_sitenote_note":"","_monsterinsights_sitenote_category":0,"site-sidebar-layout":"default","site-content-layout":"default","ast-global-header-display":"","ast-main-header-display":"","ast-hfb-above-header-display":"","ast-hfb-below-header-display":"","ast-hfb-mobile-header-display":"","site-post-title":"","ast-breadcrumbs-content":"","ast-featured-img":"","footer-sml-layout":"","theme-transparent-header-meta":"","adv-header-id-meta":"","stick-header-meta":"","header-above-stick-meta":"","header-main-stick-meta":"","header-below-stick-meta":"","footnotes":"","jetpack_publicize_message":"","jetpack_is_tweetstorm":false,"jetpack_publicize_feature_enabled":true},"categories":[22],"tags":[],"jetpack_publicize_connections":[],"acf":[],"aioseo_notices":[],"yoast_head":"<!-- This site is optimized with the Yoast SEO plugin v19.6.1 - https:\/\/yoast.com\/wordpress\/plugins\/seo\/ -->\n<title>Football : Ado a re\u00e7u Idriss Diallo, le pr\u00e9sident de la FIF -<\/title>\n<meta name=\"robots\" content=\"index, follow, max-snippet:-1, max-image-preview:large, max-video-preview:-1\" \/>\n<link rel=\"canonical\" href=\"https:\/\/7culture.ci\/index.php\/2022\/06\/07\/football-ado-a-recu-idriss-diallo-le-president-de-la-fif\/\" \/>\n<meta property=\"og:locale\" content=\"fr_FR\" \/>\n<meta property=\"og:type\" content=\"article\" \/>\n<meta property=\"og:title\" content=\"Football : Ado a re\u00e7u Idriss Diallo, le pr\u00e9sident de la FIF -\" \/>\n<meta property=\"og:description\" content=\"Le pr\u00e9sident de la R\u00e9publique, Alassane Ouattara, a re\u00e7u en audience, le nouveau pr\u00e9sident \u00e9lu de la F\u00e9d\u00e9ration ivoirienne de Football (Fif), Yacine Idriss Diallo, le mardi 7 juin 2022 \u00e0 Abidjan. Accompagn\u00e9 du ministre des Sports, Paulin Claude Danho et du pr\u00e9sident du Comit\u00e9 d&#8217;organisation de la Coupe d&#8217;Afrique des Nations (COCAN) 2023 en &hellip; Football : Ado a re\u00e7u Idriss Diallo, le pr\u00e9sident de la FIF Lire la suite\u00a0\u00bb\" \/>\n<meta property=\"og:url\" content=\"https:\/\/7culture.ci\/index.php\/2022\/06\/07\/football-ado-a-recu-idriss-diallo-le-president-de-la-fif\/\" \/>\n<meta property=\"og:site_name\" content=\"7culture\" \/>\n<meta property=\"article:publisher\" content=\"https:\/\/www.facebook.com\/redchefclaude\" \/>\n<meta property=\"article:published_time\" content=\"2022-06-07T20:13:25+00:00\" \/>\n<meta property=\"article:modified_time\" content=\"2022-06-08T11:01:57+00:00\" \/>\n<meta property=\"og:image\" content=\"http:\/\/7culture.ci\/wp-content\/uploads\/2022\/06\/WhatsApp-Image-2022-06-07-at-20.07.18.jpeg\" \/>\n\t<meta property=\"og:image:width\" content=\"1024\" \/>\n\t<meta property=\"og:image:height\" content=\"788\" \/>\n\t<meta property=\"og:image:type\" content=\"image\/jpeg\" \/>\n<meta name=\"author\" content=\"7culture2020\" \/>\n<meta name=\"twitter:card\" content=\"summary_large_image\" \/>\n<meta name=\"twitter:creator\" content=\"@7culturec\" \/>\n<meta name=\"twitter:site\" content=\"@7culturec\" \/>\n<meta name=\"twitter:label1\" content=\"\u00c9crit par\" \/>\n\t<meta name=\"twitter:data1\" content=\"7culture2020\" \/>\n\t<meta name=\"twitter:label2\" content=\"Dur\u00e9e de lecture estim\u00e9e\" \/>\n\t<meta name=\"twitter:data2\" content=\"2 minutes\" \/>\n<script type=\"application\/ld+json\" class=\"yoast-schema-graph\">{\"@context\":\"https:\/\/schema.org\",\"@graph\":[{\"@type\":\"Article\",\"@id\":\"https:\/\/7culture.ci\/index.php\/2022\/06\/07\/football-ado-a-recu-idriss-diallo-le-president-de-la-fif\/#article\",\"isPartOf\":{\"@id\":\"https:\/\/7culture.ci\/index.php\/2022\/06\/07\/football-ado-a-recu-idriss-diallo-le-president-de-la-fif\/\"},\"author\":{\"name\":\"7culture2020\",\"@id\":\"https:\/\/7culture.ci\/#\/schema\/person\/16150d28d7ef66ba788c1f87f28c4426\"},\"headline\":\"Football : Ado a re\u00e7u Idriss Diallo, le pr\u00e9sident de la FIF\",\"datePublished\":\"2022-06-07T20:13:25+00:00\",\"dateModified\":\"2022-06-08T11:01:57+00:00\",\"mainEntityOfPage\":{\"@id\":\"https:\/\/7culture.ci\/index.php\/2022\/06\/07\/football-ado-a-recu-idriss-diallo-le-president-de-la-fif\/\"},\"wordCount\":330,\"commentCount\":0,\"publisher\":{\"@id\":\"https:\/\/7culture.ci\/#organization\"},\"articleSection\":[\"Actualit\u00e9\"],\"inLanguage\":\"fr-FR\",\"potentialAction\":[{\"@type\":\"CommentAction\",\"name\":\"Comment\",\"target\":[\"https:\/\/7culture.ci\/index.php\/2022\/06\/07\/football-ado-a-recu-idriss-diallo-le-president-de-la-fif\/#respond\"]}]},{\"@type\":\"WebPage\",\"@id\":\"https:\/\/7culture.ci\/index.php\/2022\/06\/07\/football-ado-a-recu-idriss-diallo-le-president-de-la-fif\/\",\"url\":\"https:\/\/7culture.ci\/index.php\/2022\/06\/07\/football-ado-a-recu-idriss-diallo-le-president-de-la-fif\/\",\"name\":\"Football : Ado a re\u00e7u Idriss Diallo, le pr\u00e9sident de la FIF -\",\"isPartOf\":{\"@id\":\"https:\/\/7culture.ci\/#website\"},\"datePublished\":\"2022-06-07T20:13:25+00:00\",\"dateModified\":\"2022-06-08T11:01:57+00:00\",\"breadcrumb\":{\"@id\":\"https:\/\/7culture.ci\/index.php\/2022\/06\/07\/football-ado-a-recu-idriss-diallo-le-president-de-la-fif\/#breadcrumb\"},\"inLanguage\":\"fr-FR\",\"potentialAction\":[{\"@type\":\"ReadAction\",\"target\":[\"https:\/\/7culture.ci\/index.php\/2022\/06\/07\/football-ado-a-recu-idriss-diallo-le-president-de-la-fif\/\"]}]},{\"@type\":\"BreadcrumbList\",\"@id\":\"https:\/\/7culture.ci\/index.php\/2022\/06\/07\/football-ado-a-recu-idriss-diallo-le-president-de-la-fif\/#breadcrumb\",\"itemListElement\":[{\"@type\":\"ListItem\",\"position\":1,\"name\":\"Accueil\",\"item\":\"https:\/\/7culture.ci\/\"},{\"@type\":\"ListItem\",\"position\":2,\"name\":\"Football : Ado a re\u00e7u Idriss Diallo, le pr\u00e9sident de la FIF\"}]},{\"@type\":\"WebSite\",\"@id\":\"https:\/\/7culture.ci\/#website\",\"url\":\"https:\/\/7culture.ci\/\",\"name\":\"7culture\",\"description\":\"Tout sur l&#039;actualit\u00e9\",\"publisher\":{\"@id\":\"https:\/\/7culture.ci\/#organization\"},\"potentialAction\":[{\"@type\":\"SearchAction\",\"target\":{\"@type\":\"EntryPoint\",\"urlTemplate\":\"https:\/\/7culture.ci\/?s={search_term_string}\"},\"query-input\":\"required name=search_term_string\"}],\"inLanguage\":\"fr-FR\"},{\"@type\":\"Organization\",\"@id\":\"https:\/\/7culture.ci\/#organization\",\"name\":\"7culture\",\"url\":\"https:\/\/7culture.ci\/\",\"sameAs\":[\"https:\/\/www.facebook.com\/redchefclaude\",\"https:\/\/twitter.com\/7culturec\"],\"logo\":{\"@type\":\"ImageObject\",\"inLanguage\":\"fr-FR\",\"@id\":\"https:\/\/7culture.ci\/#\/schema\/logo\/image\/\",\"url\":\"https:\/\/7culture.ci\/wp-content\/uploads\/2021\/12\/S1a-1.png\",\"contentUrl\":\"https:\/\/7culture.ci\/wp-content\/uploads\/2021\/12\/S1a-1.png\",\"width\":588,\"height\":192,\"caption\":\"7culture\"},\"image\":{\"@id\":\"https:\/\/7culture.ci\/#\/schema\/logo\/image\/\"}},{\"@type\":\"Person\",\"@id\":\"https:\/\/7culture.ci\/#\/schema\/person\/16150d28d7ef66ba788c1f87f28c4426\",\"name\":\"7culture2020\",\"image\":{\"@type\":\"ImageObject\",\"inLanguage\":\"fr-FR\",\"@id\":\"https:\/\/7culture.ci\/#\/schema\/person\/image\/\",\"url\":\"https:\/\/secure.gravatar.com\/avatar\/9a0784f951306c37bcd065f52844ef95?s=96&d=mm&r=g\",\"contentUrl\":\"https:\/\/secure.gravatar.com\/avatar\/9a0784f951306c37bcd065f52844ef95?s=96&d=mm&r=g\",\"caption\":\"7culture2020\"},\"sameAs\":[\"http:\/\/7culture.ci\",\"Claude.kipre\"],\"url\":\"https:\/\/7culture.ci\/index.php\/author\/7culture2020\/\"}]}<\/script>\n<!-- \/ Yoast SEO plugin. -->","yoast_head_json":{"title":"Football : Ado a re\u00e7u Idriss Diallo, le pr\u00e9sident de la FIF -","robots":{"index":"index","follow":"follow","max-snippet":"max-snippet:-1","max-image-preview":"max-image-preview:large","max-video-preview":"max-video-preview:-1"},"canonical":"https:\/\/7culture.ci\/index.php\/2022\/06\/07\/football-ado-a-recu-idriss-diallo-le-president-de-la-fif\/","og_locale":"fr_FR","og_type":"article","og_title":"Football : Ado a re\u00e7u Idriss Diallo, le pr\u00e9sident de la FIF -","og_description":"Le pr\u00e9sident de la R\u00e9publique, Alassane Ouattara, a re\u00e7u en audience, le nouveau pr\u00e9sident \u00e9lu de la F\u00e9d\u00e9ration ivoirienne de Football (Fif), Yacine Idriss Diallo, le mardi 7 juin 2022 \u00e0 Abidjan. Accompagn\u00e9 du ministre des Sports, Paulin Claude Danho et du pr\u00e9sident du Comit\u00e9 d&#8217;organisation de la Coupe d&#8217;Afrique des Nations (COCAN) 2023 en &hellip; Football : Ado a re\u00e7u Idriss Diallo, le pr\u00e9sident de la FIF Lire la suite\u00a0\u00bb","og_url":"https:\/\/7culture.ci\/index.php\/2022\/06\/07\/football-ado-a-recu-idriss-diallo-le-president-de-la-fif\/","og_site_name":"7culture","article_publisher":"https:\/\/www.facebook.com\/redchefclaude","article_published_time":"2022-06-07T20:13:25+00:00","article_modified_time":"2022-06-08T11:01:57+00:00","og_image":[{"width":1024,"height":788,"url":"http:\/\/7culture.ci\/wp-content\/uploads\/2022\/06\/WhatsApp-Image-2022-06-07-at-20.07.18.jpeg","type":"image\/jpeg"}],"author":"7culture2020","twitter_card":"summary_large_image","twitter_creator":"@7culturec","twitter_site":"@7culturec","twitter_misc":{"\u00c9crit par":"7culture2020","Dur\u00e9e de lecture estim\u00e9e":"2 minutes"},"schema":{"@context":"https:\/\/schema.org","@graph":[{"@type":"Article","@id":"https:\/\/7culture.ci\/index.php\/2022\/06\/07\/football-ado-a-recu-idriss-diallo-le-president-de-la-fif\/#article","isPartOf":{"@id":"https:\/\/7culture.ci\/index.php\/2022\/06\/07\/football-ado-a-recu-idriss-diallo-le-president-de-la-fif\/"},"author":{"name":"7culture2020","@id":"https:\/\/7culture.ci\/#\/schema\/person\/16150d28d7ef66ba788c1f87f28c4426"},"headline":"Football : Ado a re\u00e7u Idriss Diallo, le pr\u00e9sident de la FIF","datePublished":"2022-06-07T20:13:25+00:00","dateModified":"2022-06-08T11:01:57+00:00","mainEntityOfPage":{"@id":"https:\/\/7culture.ci\/index.php\/2022\/06\/07\/football-ado-a-recu-idriss-diallo-le-president-de-la-fif\/"},"wordCount":330,"commentCount":0,"publisher":{"@id":"https:\/\/7culture.ci\/#organization"},"articleSection":["Actualit\u00e9"],"inLanguage":"fr-FR","potentialAction":[{"@type":"CommentAction","name":"Comment","target":["https:\/\/7culture.ci\/index.php\/2022\/06\/07\/football-ado-a-recu-idriss-diallo-le-president-de-la-fif\/#respond"]}]},{"@type":"WebPage","@id":"https:\/\/7culture.ci\/index.php\/2022\/06\/07\/football-ado-a-recu-idriss-diallo-le-president-de-la-fif\/","url":"https:\/\/7culture.ci\/index.php\/2022\/06\/07\/football-ado-a-recu-idriss-diallo-le-president-de-la-fif\/","name":"Football : Ado a re\u00e7u Idriss Diallo, le pr\u00e9sident de la FIF -","isPartOf":{"@id":"https:\/\/7culture.ci\/#website"},"datePublished":"2022-06-07T20:13:25+00:00","dateModified":"2022-06-08T11:01:57+00:00","breadcrumb":{"@id":"https:\/\/7culture.ci\/index.php\/2022\/06\/07\/football-ado-a-recu-idriss-diallo-le-president-de-la-fif\/#breadcrumb"},"inLanguage":"fr-FR","potentialAction":[{"@type":"ReadAction","target":["https:\/\/7culture.ci\/index.php\/2022\/06\/07\/football-ado-a-recu-idriss-diallo-le-president-de-la-fif\/"]}]},{"@type":"BreadcrumbList","@id":"https:\/\/7culture.ci\/index.php\/2022\/06\/07\/football-ado-a-recu-idriss-diallo-le-president-de-la-fif\/#breadcrumb","itemListElement":[{"@type":"ListItem","position":1,"name":"Accueil","item":"https:\/\/7culture.ci\/"},{"@type":"ListItem","position":2,"name":"Football : Ado a re\u00e7u Idriss Diallo, le pr\u00e9sident de la FIF"}]},{"@type":"WebSite","@id":"https:\/\/7culture.ci\/#website","url":"https:\/\/7culture.ci\/","name":"7culture","description":"Tout sur l&#039;actualit\u00e9","publisher":{"@id":"https:\/\/7culture.ci\/#organization"},"potentialAction":[{"@type":"SearchAction","target":{"@type":"EntryPoint","urlTemplate":"https:\/\/7culture.ci\/?s={search_term_string}"},"query-input":"required name=search_term_string"}],"inLanguage":"fr-FR"},{"@type":"Organization","@id":"https:\/\/7culture.ci\/#organization","name":"7culture","url":"https:\/\/7culture.ci\/","sameAs":["https:\/\/www.facebook.com\/redchefclaude","https:\/\/twitter.com\/7culturec"],"logo":{"@type":"ImageObject","inLanguage":"fr-FR","@id":"https:\/\/7culture.ci\/#\/schema\/logo\/image\/","url":"https:\/\/7culture.ci\/wp-content\/uploads\/2021\/12\/S1a-1.png","contentUrl":"https:\/\/7culture.ci\/wp-content\/uploads\/2021\/12\/S1a-1.png","width":588,"height":192,"caption":"7culture"},"image":{"@id":"https:\/\/7culture.ci\/#\/schema\/logo\/image\/"}},{"@type":"Person","@id":"https:\/\/7culture.ci\/#\/schema\/person\/16150d28d7ef66ba788c1f87f28c4426","name":"7culture2020","image":{"@type":"ImageObject","inLanguage":"fr-FR","@id":"https:\/\/7culture.ci\/#\/schema\/person\/image\/","url":"https:\/\/secure.gravatar.com\/avatar\/9a0784f951306c37bcd065f52844ef95?s=96&d=mm&r=g","contentUrl":"https:\/\/secure.gravatar.com\/avatar\/9a0784f951306c37bcd065f52844ef95?s=96&d=mm&r=g","caption":"7culture2020"},"sameAs":["http:\/\/7culture.ci","Claude.kipre"],"url":"https:\/\/7culture.ci\/index.php\/author\/7culture2020\/"}]}},"jetpack_featured_media_url":"https:\/\/7culture.ci\/wp-content\/uploads\/2022\/06\/WhatsApp-Image-2022-06-07-at-20.07.18.jpeg","jetpack_likes_enabled":true,"jetpack_sharing_enabled":true,"_links":{"self":[{"href":"https:\/\/7culture.ci\/index.php\/wp-json\/wp\/v2\/posts\/21590"}],"collection":[{"href":"https:\/\/7culture.ci\/index.php\/wp-json\/wp\/v2\/posts"}],"about":[{"href":"https:\/\/7culture.ci\/index.php\/wp-json\/wp\/v2\/types\/post"}],"author":[{"embeddable":true,"href":"https:\/\/7culture.ci\/index.php\/wp-json\/wp\/v2\/users\/1"}],"replies":[{"embeddable":true,"href":"https:\/\/7culture.ci\/index.php\/wp-json\/wp\/v2\/comments?post=21590"}],"version-history":[{"count":0,"href":"https:\/\/7culture.ci\/index.php\/wp-json\/wp\/v2\/posts\/21590\/revisions"}],"wp:featuredmedia":[{"embeddable":true,"href":"https:\/\/7culture.ci\/index.php\/wp-json\/wp\/v2\/media\/21592"}],"wp:attachment":[{"href":"https:\/\/7culture.ci\/index.php\/wp-json\/wp\/v2\/media?parent=21590"}],"wp:term":[{"taxonomy":"category","embeddable":true,"href":"https:\/\/7culture.ci\/index.php\/wp-json\/wp\/v2\/categories?post=21590"},{"taxonomy":"post_tag","embeddable":true,"href":"https:\/\/7culture.ci\/index.php\/wp-json\/wp\/v2\/tags?post=21590"}],"curies":[{"name":"wp","href":"https:\/\/api.w.org\/{rel}","templated":true}]}}