{"id":21574,"date":"2022-06-07T18:29:10","date_gmt":"2022-06-07T16:29:10","guid":{"rendered":"https:\/\/7culture.ci\/?p=21574"},"modified":"2022-06-07T18:29:15","modified_gmt":"2022-06-07T16:29:15","slug":"affaire-deces-du-chantre-osinachi-son-mari-risque-la-peine-capitale","status":"publish","type":"post","link":"https:\/\/7culture.ci\/index.php\/2022\/06\/07\/affaire-deces-du-chantre-osinachi-son-mari-risque-la-peine-capitale\/","title":{"rendered":"Affaire d\u00e9c\u00e8s du chantre Osinachi\u00a0: son mari risque la peine capitale"},"content":{"rendered":"\n<p>C\u2019est le 16 juin prochain que le proc\u00e8s sur le d\u00e9c\u00e8s tragique du chantre Osinachi Nwachukwu le 8 avril dernier, aura lieu. Le suspect num\u00e9ro un est son mari, Peter Nwachukwu, soup\u00e7onn\u00e9 de 23 chefs d&#8217;accusation dont les cas de violence domestique et homicide. En attendant le jugement, la partie civile r\u00e9clame la peine capitale pour le pr\u00e9venu.<\/p>\n\n\n\n<p>La haute cour f\u00e9d\u00e9rale \u00e0 Wuse a ordonn\u00e9 que l&#8217;accus\u00e9 soit plac\u00e9 au centre correctionnel de Kuje en attendant l&#8217;audience et la d\u00e9cision des poursuites judiciaires pour homicide et violence conjugale.<\/p>\n\n\n\n<figure class=\"wp-block-image size-full is-resized\"><img loading=\"lazy\" decoding=\"async\" src=\"https:\/\/7culture.ci\/wp-content\/uploads\/2022\/06\/oshinachi3.jpg\" alt=\"\" class=\"wp-image-21576\" width=\"428\" height=\"571\" srcset=\"https:\/\/7culture.ci\/wp-content\/uploads\/2022\/06\/oshinachi3.jpg 750w, https:\/\/7culture.ci\/wp-content\/uploads\/2022\/06\/oshinachi3-225x300.jpg 225w\" sizes=\"(max-width: 428px) 100vw, 428px\" \/><\/figure>\n\n\n\n<p>C\u2019est vrai que le meurtre de la c\u00e9l\u00e8bre chanteuse de gospel remue le tout Nigeria et ses fans du monde entier, mais toujours est-il que son \u00e9poux b\u00e9n\u00e9ficie de la pr\u00e9somption d\u2019innocence. Interrog\u00e9 sur les circonstances du d\u00e9c\u00e8s de son \u00e9pouse, Peter Nwachukwu, accus\u00e9&nbsp;de 23 chefs d&#8217;accusation, a plaid\u00e9 non coupable.<\/p>\n\n\n\n<div class=\"wp-block-image\"><figure class=\"aligncenter size-full\"><img loading=\"lazy\" decoding=\"async\" width=\"500\" height=\"500\" src=\"https:\/\/7culture.ci\/wp-content\/uploads\/2022\/06\/oshinachi2.webp\" alt=\"\" class=\"wp-image-21577\" srcset=\"https:\/\/7culture.ci\/wp-content\/uploads\/2022\/06\/oshinachi2.webp 500w, https:\/\/7culture.ci\/wp-content\/uploads\/2022\/06\/oshinachi2-300x300.webp 300w, https:\/\/7culture.ci\/wp-content\/uploads\/2022\/06\/oshinachi2-150x150.webp 150w\" sizes=\"(max-width: 500px) 100vw, 500px\" \/><\/figure><\/div>\n\n\n\n<p>L\u2019auteure de la chanson populaire \u2018\u2019Ekwueme\u2019\u2019 \u00e9tait un chantre tr\u00e8s populaire dans son pays et au-del\u00e0. Elle aurait \u00e9t\u00e9 victime de violences conjugales et domestiques depuis de nombreuses ann\u00e9es mais elle ne disait rien. Le coup fatal et de trop est arriv\u00e9 le 5 avril 2022 suite \u00e0 une \u00e9ni\u00e8me dispute entre M. et Mme Nwachukwu. Conduite \u00e0 l\u2019h\u00f4pital, Osinachi succombe \u00e0 ses blessures le 8 avril 2022. A 43 ans&nbsp;!<\/p>\n\n\n\n<p>Par Omar AK<\/p>\n","protected":false},"excerpt":{"rendered":"<p>C\u2019est le 16 juin prochain que le proc\u00e8s sur le d\u00e9c\u00e8s tragique du chantre Osinachi Nwachukwu le 8 avril dernier, aura lieu. Le suspect num\u00e9ro un est son mari, Peter Nwachukwu, soup\u00e7onn\u00e9 de 23 chefs d&#8217;accusation dont les cas de violence domestique et homicide. En attendant le jugement, la partie civile r\u00e9clame la peine capitale &hellip;<\/p>\n<p class=\"read-more\"> <a class=\"\" href=\"https:\/\/7culture.ci\/index.php\/2022\/06\/07\/affaire-deces-du-chantre-osinachi-son-mari-risque-la-peine-capitale\/\"> <span class=\"screen-reader-text\">Affaire d\u00e9c\u00e8s du chantre Osinachi\u00a0: son mari risque la peine capitale<\/span> Lire la suite\u00a0\u00bb<\/a><\/p>\n","protected":false},"author":1,"featured_media":21575,"comment_status":"open","ping_status":"open","sticky":false,"template":"","format":"standard","meta":{"_mi_skip_tracking":false,"_monsterinsights_sitenote_active":false,"_monsterinsights_sitenote_note":"","_monsterinsights_sitenote_category":0,"site-sidebar-layout":"default","site-content-layout":"default","ast-global-header-display":"","ast-main-header-display":"","ast-hfb-above-header-display":"","ast-hfb-below-header-display":"","ast-hfb-mobile-header-display":"","site-post-title":"","ast-breadcrumbs-content":"","ast-featured-img":"","footer-sml-layout":"","theme-transparent-header-meta":"","adv-header-id-meta":"","stick-header-meta":"","header-above-stick-meta":"","header-main-stick-meta":"","header-below-stick-meta":"","footnotes":"","jetpack_publicize_message":"","jetpack_is_tweetstorm":false,"jetpack_publicize_feature_enabled":true},"categories":[22],"tags":[],"jetpack_publicize_connections":[],"acf":[],"aioseo_notices":[],"yoast_head":"<!-- This site is optimized with the Yoast SEO plugin v19.6.1 - https:\/\/yoast.com\/wordpress\/plugins\/seo\/ -->\n<title>Affaire d\u00e9c\u00e8s du chantre Osinachi\u00a0: son mari risque la peine capitale -<\/title>\n<meta name=\"robots\" content=\"index, follow, max-snippet:-1, max-image-preview:large, max-video-preview:-1\" \/>\n<link rel=\"canonical\" href=\"https:\/\/7culture.ci\/index.php\/2022\/06\/07\/affaire-deces-du-chantre-osinachi-son-mari-risque-la-peine-capitale\/\" \/>\n<meta property=\"og:locale\" content=\"fr_FR\" \/>\n<meta property=\"og:type\" content=\"article\" \/>\n<meta property=\"og:title\" content=\"Affaire d\u00e9c\u00e8s du chantre Osinachi\u00a0: son mari risque la peine capitale -\" \/>\n<meta property=\"og:description\" content=\"C\u2019est le 16 juin prochain que le proc\u00e8s sur le d\u00e9c\u00e8s tragique du chantre Osinachi Nwachukwu le 8 avril dernier, aura lieu. Le suspect num\u00e9ro un est son mari, Peter Nwachukwu, soup\u00e7onn\u00e9 de 23 chefs d&#8217;accusation dont les cas de violence domestique et homicide. En attendant le jugement, la partie civile r\u00e9clame la peine capitale &hellip; Affaire d\u00e9c\u00e8s du chantre Osinachi\u00a0: son mari risque la peine capitale Lire la suite\u00a0\u00bb\" \/>\n<meta property=\"og:url\" content=\"https:\/\/7culture.ci\/index.php\/2022\/06\/07\/affaire-deces-du-chantre-osinachi-son-mari-risque-la-peine-capitale\/\" \/>\n<meta property=\"og:site_name\" content=\"7culture\" \/>\n<meta property=\"article:publisher\" content=\"https:\/\/www.facebook.com\/redchefclaude\" \/>\n<meta property=\"article:published_time\" content=\"2022-06-07T16:29:10+00:00\" \/>\n<meta property=\"article:modified_time\" content=\"2022-06-07T16:29:15+00:00\" \/>\n<meta property=\"og:image\" content=\"http:\/\/7culture.ci\/wp-content\/uploads\/2022\/06\/oshinachi1.jpg\" \/>\n\t<meta property=\"og:image:width\" content=\"500\" \/>\n\t<meta property=\"og:image:height\" content=\"500\" \/>\n\t<meta property=\"og:image:type\" content=\"image\/jpeg\" \/>\n<meta name=\"author\" content=\"7culture2020\" \/>\n<meta name=\"twitter:card\" content=\"summary_large_image\" \/>\n<meta name=\"twitter:creator\" content=\"@7culturec\" \/>\n<meta name=\"twitter:site\" content=\"@7culturec\" \/>\n<meta name=\"twitter:label1\" content=\"\u00c9crit par\" \/>\n\t<meta name=\"twitter:data1\" content=\"7culture2020\" \/>\n\t<meta name=\"twitter:label2\" content=\"Dur\u00e9e de lecture estim\u00e9e\" \/>\n\t<meta name=\"twitter:data2\" content=\"2 minutes\" \/>\n<script type=\"application\/ld+json\" class=\"yoast-schema-graph\">{\"@context\":\"https:\/\/schema.org\",\"@graph\":[{\"@type\":\"Article\",\"@id\":\"https:\/\/7culture.ci\/index.php\/2022\/06\/07\/affaire-deces-du-chantre-osinachi-son-mari-risque-la-peine-capitale\/#article\",\"isPartOf\":{\"@id\":\"https:\/\/7culture.ci\/index.php\/2022\/06\/07\/affaire-deces-du-chantre-osinachi-son-mari-risque-la-peine-capitale\/\"},\"author\":{\"name\":\"7culture2020\",\"@id\":\"https:\/\/7culture.ci\/#\/schema\/person\/16150d28d7ef66ba788c1f87f28c4426\"},\"headline\":\"Affaire d\u00e9c\u00e8s du chantre Osinachi\u00a0: son mari risque la peine capitale\",\"datePublished\":\"2022-06-07T16:29:10+00:00\",\"dateModified\":\"2022-06-07T16:29:15+00:00\",\"mainEntityOfPage\":{\"@id\":\"https:\/\/7culture.ci\/index.php\/2022\/06\/07\/affaire-deces-du-chantre-osinachi-son-mari-risque-la-peine-capitale\/\"},\"wordCount\":243,\"commentCount\":0,\"publisher\":{\"@id\":\"https:\/\/7culture.ci\/#organization\"},\"articleSection\":[\"Actualit\u00e9\"],\"inLanguage\":\"fr-FR\",\"potentialAction\":[{\"@type\":\"CommentAction\",\"name\":\"Comment\",\"target\":[\"https:\/\/7culture.ci\/index.php\/2022\/06\/07\/affaire-deces-du-chantre-osinachi-son-mari-risque-la-peine-capitale\/#respond\"]}]},{\"@type\":\"WebPage\",\"@id\":\"https:\/\/7culture.ci\/index.php\/2022\/06\/07\/affaire-deces-du-chantre-osinachi-son-mari-risque-la-peine-capitale\/\",\"url\":\"https:\/\/7culture.ci\/index.php\/2022\/06\/07\/affaire-deces-du-chantre-osinachi-son-mari-risque-la-peine-capitale\/\",\"name\":\"Affaire d\u00e9c\u00e8s du chantre Osinachi\u00a0: son mari risque la peine capitale -\",\"isPartOf\":{\"@id\":\"https:\/\/7culture.ci\/#website\"},\"datePublished\":\"2022-06-07T16:29:10+00:00\",\"dateModified\":\"2022-06-07T16:29:15+00:00\",\"breadcrumb\":{\"@id\":\"https:\/\/7culture.ci\/index.php\/2022\/06\/07\/affaire-deces-du-chantre-osinachi-son-mari-risque-la-peine-capitale\/#breadcrumb\"},\"inLanguage\":\"fr-FR\",\"potentialAction\":[{\"@type\":\"ReadAction\",\"target\":[\"https:\/\/7culture.ci\/index.php\/2022\/06\/07\/affaire-deces-du-chantre-osinachi-son-mari-risque-la-peine-capitale\/\"]}]},{\"@type\":\"BreadcrumbList\",\"@id\":\"https:\/\/7culture.ci\/index.php\/2022\/06\/07\/affaire-deces-du-chantre-osinachi-son-mari-risque-la-peine-capitale\/#breadcrumb\",\"itemListElement\":[{\"@type\":\"ListItem\",\"position\":1,\"name\":\"Accueil\",\"item\":\"https:\/\/7culture.ci\/\"},{\"@type\":\"ListItem\",\"position\":2,\"name\":\"Affaire d\u00e9c\u00e8s du chantre Osinachi\u00a0: son mari risque la peine capitale\"}]},{\"@type\":\"WebSite\",\"@id\":\"https:\/\/7culture.ci\/#website\",\"url\":\"https:\/\/7culture.ci\/\",\"name\":\"7culture\",\"description\":\"Tout sur l&#039;actualit\u00e9\",\"publisher\":{\"@id\":\"https:\/\/7culture.ci\/#organization\"},\"potentialAction\":[{\"@type\":\"SearchAction\",\"target\":{\"@type\":\"EntryPoint\",\"urlTemplate\":\"https:\/\/7culture.ci\/?s={search_term_string}\"},\"query-input\":\"required name=search_term_string\"}],\"inLanguage\":\"fr-FR\"},{\"@type\":\"Organization\",\"@id\":\"https:\/\/7culture.ci\/#organization\",\"name\":\"7culture\",\"url\":\"https:\/\/7culture.ci\/\",\"sameAs\":[\"https:\/\/www.facebook.com\/redchefclaude\",\"https:\/\/twitter.com\/7culturec\"],\"logo\":{\"@type\":\"ImageObject\",\"inLanguage\":\"fr-FR\",\"@id\":\"https:\/\/7culture.ci\/#\/schema\/logo\/image\/\",\"url\":\"https:\/\/7culture.ci\/wp-content\/uploads\/2021\/12\/S1a-1.png\",\"contentUrl\":\"https:\/\/7culture.ci\/wp-content\/uploads\/2021\/12\/S1a-1.png\",\"width\":588,\"height\":192,\"caption\":\"7culture\"},\"image\":{\"@id\":\"https:\/\/7culture.ci\/#\/schema\/logo\/image\/\"}},{\"@type\":\"Person\",\"@id\":\"https:\/\/7culture.ci\/#\/schema\/person\/16150d28d7ef66ba788c1f87f28c4426\",\"name\":\"7culture2020\",\"image\":{\"@type\":\"ImageObject\",\"inLanguage\":\"fr-FR\",\"@id\":\"https:\/\/7culture.ci\/#\/schema\/person\/image\/\",\"url\":\"https:\/\/secure.gravatar.com\/avatar\/9a0784f951306c37bcd065f52844ef95?s=96&d=mm&r=g\",\"contentUrl\":\"https:\/\/secure.gravatar.com\/avatar\/9a0784f951306c37bcd065f52844ef95?s=96&d=mm&r=g\",\"caption\":\"7culture2020\"},\"sameAs\":[\"http:\/\/7culture.ci\",\"Claude.kipre\"],\"url\":\"https:\/\/7culture.ci\/index.php\/author\/7culture2020\/\"}]}<\/script>\n<!-- \/ Yoast SEO plugin. -->","yoast_head_json":{"title":"Affaire d\u00e9c\u00e8s du chantre Osinachi\u00a0: son mari risque la peine capitale -","robots":{"index":"index","follow":"follow","max-snippet":"max-snippet:-1","max-image-preview":"max-image-preview:large","max-video-preview":"max-video-preview:-1"},"canonical":"https:\/\/7culture.ci\/index.php\/2022\/06\/07\/affaire-deces-du-chantre-osinachi-son-mari-risque-la-peine-capitale\/","og_locale":"fr_FR","og_type":"article","og_title":"Affaire d\u00e9c\u00e8s du chantre Osinachi\u00a0: son mari risque la peine capitale -","og_description":"C\u2019est le 16 juin prochain que le proc\u00e8s sur le d\u00e9c\u00e8s tragique du chantre Osinachi Nwachukwu le 8 avril dernier, aura lieu. Le suspect num\u00e9ro un est son mari, Peter Nwachukwu, soup\u00e7onn\u00e9 de 23 chefs d&#8217;accusation dont les cas de violence domestique et homicide. En attendant le jugement, la partie civile r\u00e9clame la peine capitale &hellip; Affaire d\u00e9c\u00e8s du chantre Osinachi\u00a0: son mari risque la peine capitale Lire la suite\u00a0\u00bb","og_url":"https:\/\/7culture.ci\/index.php\/2022\/06\/07\/affaire-deces-du-chantre-osinachi-son-mari-risque-la-peine-capitale\/","og_site_name":"7culture","article_publisher":"https:\/\/www.facebook.com\/redchefclaude","article_published_time":"2022-06-07T16:29:10+00:00","article_modified_time":"2022-06-07T16:29:15+00:00","og_image":[{"width":500,"height":500,"url":"http:\/\/7culture.ci\/wp-content\/uploads\/2022\/06\/oshinachi1.jpg","type":"image\/jpeg"}],"author":"7culture2020","twitter_card":"summary_large_image","twitter_creator":"@7culturec","twitter_site":"@7culturec","twitter_misc":{"\u00c9crit par":"7culture2020","Dur\u00e9e de lecture estim\u00e9e":"2 minutes"},"schema":{"@context":"https:\/\/schema.org","@graph":[{"@type":"Article","@id":"https:\/\/7culture.ci\/index.php\/2022\/06\/07\/affaire-deces-du-chantre-osinachi-son-mari-risque-la-peine-capitale\/#article","isPartOf":{"@id":"https:\/\/7culture.ci\/index.php\/2022\/06\/07\/affaire-deces-du-chantre-osinachi-son-mari-risque-la-peine-capitale\/"},"author":{"name":"7culture2020","@id":"https:\/\/7culture.ci\/#\/schema\/person\/16150d28d7ef66ba788c1f87f28c4426"},"headline":"Affaire d\u00e9c\u00e8s du chantre Osinachi\u00a0: son mari risque la peine capitale","datePublished":"2022-06-07T16:29:10+00:00","dateModified":"2022-06-07T16:29:15+00:00","mainEntityOfPage":{"@id":"https:\/\/7culture.ci\/index.php\/2022\/06\/07\/affaire-deces-du-chantre-osinachi-son-mari-risque-la-peine-capitale\/"},"wordCount":243,"commentCount":0,"publisher":{"@id":"https:\/\/7culture.ci\/#organization"},"articleSection":["Actualit\u00e9"],"inLanguage":"fr-FR","potentialAction":[{"@type":"CommentAction","name":"Comment","target":["https:\/\/7culture.ci\/index.php\/2022\/06\/07\/affaire-deces-du-chantre-osinachi-son-mari-risque-la-peine-capitale\/#respond"]}]},{"@type":"WebPage","@id":"https:\/\/7culture.ci\/index.php\/2022\/06\/07\/affaire-deces-du-chantre-osinachi-son-mari-risque-la-peine-capitale\/","url":"https:\/\/7culture.ci\/index.php\/2022\/06\/07\/affaire-deces-du-chantre-osinachi-son-mari-risque-la-peine-capitale\/","name":"Affaire d\u00e9c\u00e8s du chantre Osinachi\u00a0: son mari risque la peine capitale -","isPartOf":{"@id":"https:\/\/7culture.ci\/#website"},"datePublished":"2022-06-07T16:29:10+00:00","dateModified":"2022-06-07T16:29:15+00:00","breadcrumb":{"@id":"https:\/\/7culture.ci\/index.php\/2022\/06\/07\/affaire-deces-du-chantre-osinachi-son-mari-risque-la-peine-capitale\/#breadcrumb"},"inLanguage":"fr-FR","potentialAction":[{"@type":"ReadAction","target":["https:\/\/7culture.ci\/index.php\/2022\/06\/07\/affaire-deces-du-chantre-osinachi-son-mari-risque-la-peine-capitale\/"]}]},{"@type":"BreadcrumbList","@id":"https:\/\/7culture.ci\/index.php\/2022\/06\/07\/affaire-deces-du-chantre-osinachi-son-mari-risque-la-peine-capitale\/#breadcrumb","itemListElement":[{"@type":"ListItem","position":1,"name":"Accueil","item":"https:\/\/7culture.ci\/"},{"@type":"ListItem","position":2,"name":"Affaire d\u00e9c\u00e8s du chantre Osinachi\u00a0: son mari risque la peine capitale"}]},{"@type":"WebSite","@id":"https:\/\/7culture.ci\/#website","url":"https:\/\/7culture.ci\/","name":"7culture","description":"Tout sur l&#039;actualit\u00e9","publisher":{"@id":"https:\/\/7culture.ci\/#organization"},"potentialAction":[{"@type":"SearchAction","target":{"@type":"EntryPoint","urlTemplate":"https:\/\/7culture.ci\/?s={search_term_string}"},"query-input":"required name=search_term_string"}],"inLanguage":"fr-FR"},{"@type":"Organization","@id":"https:\/\/7culture.ci\/#organization","name":"7culture","url":"https:\/\/7culture.ci\/","sameAs":["https:\/\/www.facebook.com\/redchefclaude","https:\/\/twitter.com\/7culturec"],"logo":{"@type":"ImageObject","inLanguage":"fr-FR","@id":"https:\/\/7culture.ci\/#\/schema\/logo\/image\/","url":"https:\/\/7culture.ci\/wp-content\/uploads\/2021\/12\/S1a-1.png","contentUrl":"https:\/\/7culture.ci\/wp-content\/uploads\/2021\/12\/S1a-1.png","width":588,"height":192,"caption":"7culture"},"image":{"@id":"https:\/\/7culture.ci\/#\/schema\/logo\/image\/"}},{"@type":"Person","@id":"https:\/\/7culture.ci\/#\/schema\/person\/16150d28d7ef66ba788c1f87f28c4426","name":"7culture2020","image":{"@type":"ImageObject","inLanguage":"fr-FR","@id":"https:\/\/7culture.ci\/#\/schema\/person\/image\/","url":"https:\/\/secure.gravatar.com\/avatar\/9a0784f951306c37bcd065f52844ef95?s=96&d=mm&r=g","contentUrl":"https:\/\/secure.gravatar.com\/avatar\/9a0784f951306c37bcd065f52844ef95?s=96&d=mm&r=g","caption":"7culture2020"},"sameAs":["http:\/\/7culture.ci","Claude.kipre"],"url":"https:\/\/7culture.ci\/index.php\/author\/7culture2020\/"}]}},"jetpack_featured_media_url":"https:\/\/7culture.ci\/wp-content\/uploads\/2022\/06\/oshinachi1.jpg","jetpack_likes_enabled":true,"jetpack_sharing_enabled":true,"_links":{"self":[{"href":"https:\/\/7culture.ci\/index.php\/wp-json\/wp\/v2\/posts\/21574"}],"collection":[{"href":"https:\/\/7culture.ci\/index.php\/wp-json\/wp\/v2\/posts"}],"about":[{"href":"https:\/\/7culture.ci\/index.php\/wp-json\/wp\/v2\/types\/post"}],"author":[{"embeddable":true,"href":"https:\/\/7culture.ci\/index.php\/wp-json\/wp\/v2\/users\/1"}],"replies":[{"embeddable":true,"href":"https:\/\/7culture.ci\/index.php\/wp-json\/wp\/v2\/comments?post=21574"}],"version-history":[{"count":0,"href":"https:\/\/7culture.ci\/index.php\/wp-json\/wp\/v2\/posts\/21574\/revisions"}],"wp:featuredmedia":[{"embeddable":true,"href":"https:\/\/7culture.ci\/index.php\/wp-json\/wp\/v2\/media\/21575"}],"wp:attachment":[{"href":"https:\/\/7culture.ci\/index.php\/wp-json\/wp\/v2\/media?parent=21574"}],"wp:term":[{"taxonomy":"category","embeddable":true,"href":"https:\/\/7culture.ci\/index.php\/wp-json\/wp\/v2\/categories?post=21574"},{"taxonomy":"post_tag","embeddable":true,"href":"https:\/\/7culture.ci\/index.php\/wp-json\/wp\/v2\/tags?post=21574"}],"curies":[{"name":"wp","href":"https:\/\/api.w.org\/{rel}","templated":true}]}}