{"id":21571,"date":"2022-06-07T17:43:15","date_gmt":"2022-06-07T15:43:15","guid":{"rendered":"https:\/\/7culture.ci\/?p=21571"},"modified":"2022-06-07T17:43:17","modified_gmt":"2022-06-07T15:43:17","slug":"lancine-kramo-fadika-lultime-separation-ce-jeudi-9-juin","status":"publish","type":"post","link":"https:\/\/7culture.ci\/index.php\/2022\/06\/07\/lancine-kramo-fadika-lultime-separation-ce-jeudi-9-juin\/","title":{"rendered":"Lancin\u00e9-Kramo Fadika\u00a0: l\u2019ultime s\u00e9paration ce jeudi 9 juin\u00a0!"},"content":{"rendered":"\n<p>Comme au cin\u00e9ma qu\u2019il a tant affectionn\u00e9 et auquel il a donn\u00e9 sa vie, on dira que le clap de fin du film de Lancin\u00e9-Kramo Fadika, ce sera pour le jeudi 9 juin. D\u00e9c\u00e9d\u00e9 le 5 juin des suites d\u2019une courte maladie, le cin\u00e9aste sera conduit \u00e0 sa derni\u00e8re au cimeti\u00e8re municipal d\u2019Adjam\u00e9-Williamsville \u00e0 Abidjan. Ce jeudi 9 juin, tout commence \u00e0 10 heures avec la lev\u00e9e de corps \u00e0 Ivosep \u00e0 Treichville. Apr\u00e8s cette \u00e9tape, il s\u2019en suivra la pri\u00e8re mortuaire \u00e0 la grande mosqu\u00e9e de Williamsville. L\u2019ultime s\u00e9paration du 7<sup>e<\/sup> \u00c9talon de Yennenga d\u2019avec les siens et le monde des vivants se fera enfin au cimeti\u00e8re municipal de Williamsville.<\/p>\n\n\n\n<p>Par Omar AK<\/p>\n","protected":false},"excerpt":{"rendered":"<p>Comme au cin\u00e9ma qu\u2019il a tant affectionn\u00e9 et auquel il a donn\u00e9 sa vie, on dira que le clap de fin du film de Lancin\u00e9-Kramo Fadika, ce sera pour le jeudi 9 juin. D\u00e9c\u00e9d\u00e9 le 5 juin des suites d\u2019une courte maladie, le cin\u00e9aste sera conduit \u00e0 sa derni\u00e8re au cimeti\u00e8re municipal d\u2019Adjam\u00e9-Williamsville \u00e0 Abidjan. &hellip;<\/p>\n<p class=\"read-more\"> <a class=\"\" href=\"https:\/\/7culture.ci\/index.php\/2022\/06\/07\/lancine-kramo-fadika-lultime-separation-ce-jeudi-9-juin\/\"> <span class=\"screen-reader-text\">Lancin\u00e9-Kramo Fadika\u00a0: l\u2019ultime s\u00e9paration ce jeudi 9 juin\u00a0!<\/span> Lire la suite\u00a0\u00bb<\/a><\/p>\n","protected":false},"author":1,"featured_media":21572,"comment_status":"open","ping_status":"open","sticky":false,"template":"","format":"standard","meta":{"_mi_skip_tracking":false,"_monsterinsights_sitenote_active":false,"_monsterinsights_sitenote_note":"","_monsterinsights_sitenote_category":0,"site-sidebar-layout":"default","site-content-layout":"default","ast-global-header-display":"","ast-main-header-display":"","ast-hfb-above-header-display":"","ast-hfb-below-header-display":"","ast-hfb-mobile-header-display":"","site-post-title":"","ast-breadcrumbs-content":"","ast-featured-img":"","footer-sml-layout":"","theme-transparent-header-meta":"","adv-header-id-meta":"","stick-header-meta":"","header-above-stick-meta":"","header-main-stick-meta":"","header-below-stick-meta":"","footnotes":"","jetpack_publicize_message":"","jetpack_is_tweetstorm":false,"jetpack_publicize_feature_enabled":true},"categories":[22],"tags":[],"jetpack_publicize_connections":[],"acf":[],"aioseo_notices":[],"yoast_head":"<!-- This site is optimized with the Yoast SEO plugin v19.6.1 - https:\/\/yoast.com\/wordpress\/plugins\/seo\/ -->\n<title>Lancin\u00e9-Kramo Fadika\u00a0: l\u2019ultime s\u00e9paration ce jeudi 9 juin\u00a0! -<\/title>\n<meta name=\"robots\" content=\"index, follow, max-snippet:-1, max-image-preview:large, max-video-preview:-1\" \/>\n<link rel=\"canonical\" href=\"https:\/\/7culture.ci\/index.php\/2022\/06\/07\/lancine-kramo-fadika-lultime-separation-ce-jeudi-9-juin\/\" \/>\n<meta property=\"og:locale\" content=\"fr_FR\" \/>\n<meta property=\"og:type\" content=\"article\" \/>\n<meta property=\"og:title\" content=\"Lancin\u00e9-Kramo Fadika\u00a0: l\u2019ultime s\u00e9paration ce jeudi 9 juin\u00a0! -\" \/>\n<meta property=\"og:description\" content=\"Comme au cin\u00e9ma qu\u2019il a tant affectionn\u00e9 et auquel il a donn\u00e9 sa vie, on dira que le clap de fin du film de Lancin\u00e9-Kramo Fadika, ce sera pour le jeudi 9 juin. D\u00e9c\u00e9d\u00e9 le 5 juin des suites d\u2019une courte maladie, le cin\u00e9aste sera conduit \u00e0 sa derni\u00e8re au cimeti\u00e8re municipal d\u2019Adjam\u00e9-Williamsville \u00e0 Abidjan. &hellip; Lancin\u00e9-Kramo Fadika\u00a0: l\u2019ultime s\u00e9paration ce jeudi 9 juin\u00a0! Lire la suite\u00a0\u00bb\" \/>\n<meta property=\"og:url\" content=\"https:\/\/7culture.ci\/index.php\/2022\/06\/07\/lancine-kramo-fadika-lultime-separation-ce-jeudi-9-juin\/\" \/>\n<meta property=\"og:site_name\" content=\"7culture\" \/>\n<meta property=\"article:publisher\" content=\"https:\/\/www.facebook.com\/redchefclaude\" \/>\n<meta property=\"article:published_time\" content=\"2022-06-07T15:43:15+00:00\" \/>\n<meta property=\"article:modified_time\" content=\"2022-06-07T15:43:17+00:00\" \/>\n<meta property=\"og:image\" content=\"http:\/\/7culture.ci\/wp-content\/uploads\/2022\/06\/lancine-k1-1.jpg\" \/>\n\t<meta property=\"og:image:width\" content=\"1630\" \/>\n\t<meta property=\"og:image:height\" content=\"1107\" \/>\n\t<meta property=\"og:image:type\" content=\"image\/jpeg\" \/>\n<meta name=\"author\" content=\"7culture2020\" \/>\n<meta name=\"twitter:card\" content=\"summary_large_image\" \/>\n<meta name=\"twitter:creator\" content=\"@7culturec\" \/>\n<meta name=\"twitter:site\" content=\"@7culturec\" \/>\n<meta name=\"twitter:label1\" content=\"\u00c9crit par\" \/>\n\t<meta name=\"twitter:data1\" content=\"7culture2020\" \/>\n\t<meta name=\"twitter:label2\" content=\"Dur\u00e9e de lecture estim\u00e9e\" \/>\n\t<meta name=\"twitter:data2\" content=\"1 minute\" \/>\n<script type=\"application\/ld+json\" class=\"yoast-schema-graph\">{\"@context\":\"https:\/\/schema.org\",\"@graph\":[{\"@type\":\"Article\",\"@id\":\"https:\/\/7culture.ci\/index.php\/2022\/06\/07\/lancine-kramo-fadika-lultime-separation-ce-jeudi-9-juin\/#article\",\"isPartOf\":{\"@id\":\"https:\/\/7culture.ci\/index.php\/2022\/06\/07\/lancine-kramo-fadika-lultime-separation-ce-jeudi-9-juin\/\"},\"author\":{\"name\":\"7culture2020\",\"@id\":\"https:\/\/7culture.ci\/#\/schema\/person\/16150d28d7ef66ba788c1f87f28c4426\"},\"headline\":\"Lancin\u00e9-Kramo Fadika\u00a0: l\u2019ultime s\u00e9paration ce jeudi 9 juin\u00a0!\",\"datePublished\":\"2022-06-07T15:43:15+00:00\",\"dateModified\":\"2022-06-07T15:43:17+00:00\",\"mainEntityOfPage\":{\"@id\":\"https:\/\/7culture.ci\/index.php\/2022\/06\/07\/lancine-kramo-fadika-lultime-separation-ce-jeudi-9-juin\/\"},\"wordCount\":134,\"commentCount\":0,\"publisher\":{\"@id\":\"https:\/\/7culture.ci\/#organization\"},\"articleSection\":[\"Actualit\u00e9\"],\"inLanguage\":\"fr-FR\",\"potentialAction\":[{\"@type\":\"CommentAction\",\"name\":\"Comment\",\"target\":[\"https:\/\/7culture.ci\/index.php\/2022\/06\/07\/lancine-kramo-fadika-lultime-separation-ce-jeudi-9-juin\/#respond\"]}]},{\"@type\":\"WebPage\",\"@id\":\"https:\/\/7culture.ci\/index.php\/2022\/06\/07\/lancine-kramo-fadika-lultime-separation-ce-jeudi-9-juin\/\",\"url\":\"https:\/\/7culture.ci\/index.php\/2022\/06\/07\/lancine-kramo-fadika-lultime-separation-ce-jeudi-9-juin\/\",\"name\":\"Lancin\u00e9-Kramo Fadika\u00a0: l\u2019ultime s\u00e9paration ce jeudi 9 juin\u00a0! -\",\"isPartOf\":{\"@id\":\"https:\/\/7culture.ci\/#website\"},\"datePublished\":\"2022-06-07T15:43:15+00:00\",\"dateModified\":\"2022-06-07T15:43:17+00:00\",\"breadcrumb\":{\"@id\":\"https:\/\/7culture.ci\/index.php\/2022\/06\/07\/lancine-kramo-fadika-lultime-separation-ce-jeudi-9-juin\/#breadcrumb\"},\"inLanguage\":\"fr-FR\",\"potentialAction\":[{\"@type\":\"ReadAction\",\"target\":[\"https:\/\/7culture.ci\/index.php\/2022\/06\/07\/lancine-kramo-fadika-lultime-separation-ce-jeudi-9-juin\/\"]}]},{\"@type\":\"BreadcrumbList\",\"@id\":\"https:\/\/7culture.ci\/index.php\/2022\/06\/07\/lancine-kramo-fadika-lultime-separation-ce-jeudi-9-juin\/#breadcrumb\",\"itemListElement\":[{\"@type\":\"ListItem\",\"position\":1,\"name\":\"Accueil\",\"item\":\"https:\/\/7culture.ci\/\"},{\"@type\":\"ListItem\",\"position\":2,\"name\":\"Lancin\u00e9-Kramo Fadika\u00a0: l\u2019ultime s\u00e9paration ce jeudi 9 juin\u00a0!\"}]},{\"@type\":\"WebSite\",\"@id\":\"https:\/\/7culture.ci\/#website\",\"url\":\"https:\/\/7culture.ci\/\",\"name\":\"7culture\",\"description\":\"Tout sur l&#039;actualit\u00e9\",\"publisher\":{\"@id\":\"https:\/\/7culture.ci\/#organization\"},\"potentialAction\":[{\"@type\":\"SearchAction\",\"target\":{\"@type\":\"EntryPoint\",\"urlTemplate\":\"https:\/\/7culture.ci\/?s={search_term_string}\"},\"query-input\":\"required name=search_term_string\"}],\"inLanguage\":\"fr-FR\"},{\"@type\":\"Organization\",\"@id\":\"https:\/\/7culture.ci\/#organization\",\"name\":\"7culture\",\"url\":\"https:\/\/7culture.ci\/\",\"sameAs\":[\"https:\/\/www.facebook.com\/redchefclaude\",\"https:\/\/twitter.com\/7culturec\"],\"logo\":{\"@type\":\"ImageObject\",\"inLanguage\":\"fr-FR\",\"@id\":\"https:\/\/7culture.ci\/#\/schema\/logo\/image\/\",\"url\":\"https:\/\/7culture.ci\/wp-content\/uploads\/2021\/12\/S1a-1.png\",\"contentUrl\":\"https:\/\/7culture.ci\/wp-content\/uploads\/2021\/12\/S1a-1.png\",\"width\":588,\"height\":192,\"caption\":\"7culture\"},\"image\":{\"@id\":\"https:\/\/7culture.ci\/#\/schema\/logo\/image\/\"}},{\"@type\":\"Person\",\"@id\":\"https:\/\/7culture.ci\/#\/schema\/person\/16150d28d7ef66ba788c1f87f28c4426\",\"name\":\"7culture2020\",\"image\":{\"@type\":\"ImageObject\",\"inLanguage\":\"fr-FR\",\"@id\":\"https:\/\/7culture.ci\/#\/schema\/person\/image\/\",\"url\":\"https:\/\/secure.gravatar.com\/avatar\/9a0784f951306c37bcd065f52844ef95?s=96&d=mm&r=g\",\"contentUrl\":\"https:\/\/secure.gravatar.com\/avatar\/9a0784f951306c37bcd065f52844ef95?s=96&d=mm&r=g\",\"caption\":\"7culture2020\"},\"sameAs\":[\"http:\/\/7culture.ci\",\"Claude.kipre\"],\"url\":\"https:\/\/7culture.ci\/index.php\/author\/7culture2020\/\"}]}<\/script>\n<!-- \/ Yoast SEO plugin. -->","yoast_head_json":{"title":"Lancin\u00e9-Kramo Fadika\u00a0: l\u2019ultime s\u00e9paration ce jeudi 9 juin\u00a0! -","robots":{"index":"index","follow":"follow","max-snippet":"max-snippet:-1","max-image-preview":"max-image-preview:large","max-video-preview":"max-video-preview:-1"},"canonical":"https:\/\/7culture.ci\/index.php\/2022\/06\/07\/lancine-kramo-fadika-lultime-separation-ce-jeudi-9-juin\/","og_locale":"fr_FR","og_type":"article","og_title":"Lancin\u00e9-Kramo Fadika\u00a0: l\u2019ultime s\u00e9paration ce jeudi 9 juin\u00a0! -","og_description":"Comme au cin\u00e9ma qu\u2019il a tant affectionn\u00e9 et auquel il a donn\u00e9 sa vie, on dira que le clap de fin du film de Lancin\u00e9-Kramo Fadika, ce sera pour le jeudi 9 juin. D\u00e9c\u00e9d\u00e9 le 5 juin des suites d\u2019une courte maladie, le cin\u00e9aste sera conduit \u00e0 sa derni\u00e8re au cimeti\u00e8re municipal d\u2019Adjam\u00e9-Williamsville \u00e0 Abidjan. &hellip; Lancin\u00e9-Kramo Fadika\u00a0: l\u2019ultime s\u00e9paration ce jeudi 9 juin\u00a0! Lire la suite\u00a0\u00bb","og_url":"https:\/\/7culture.ci\/index.php\/2022\/06\/07\/lancine-kramo-fadika-lultime-separation-ce-jeudi-9-juin\/","og_site_name":"7culture","article_publisher":"https:\/\/www.facebook.com\/redchefclaude","article_published_time":"2022-06-07T15:43:15+00:00","article_modified_time":"2022-06-07T15:43:17+00:00","og_image":[{"width":1630,"height":1107,"url":"http:\/\/7culture.ci\/wp-content\/uploads\/2022\/06\/lancine-k1-1.jpg","type":"image\/jpeg"}],"author":"7culture2020","twitter_card":"summary_large_image","twitter_creator":"@7culturec","twitter_site":"@7culturec","twitter_misc":{"\u00c9crit par":"7culture2020","Dur\u00e9e de lecture estim\u00e9e":"1 minute"},"schema":{"@context":"https:\/\/schema.org","@graph":[{"@type":"Article","@id":"https:\/\/7culture.ci\/index.php\/2022\/06\/07\/lancine-kramo-fadika-lultime-separation-ce-jeudi-9-juin\/#article","isPartOf":{"@id":"https:\/\/7culture.ci\/index.php\/2022\/06\/07\/lancine-kramo-fadika-lultime-separation-ce-jeudi-9-juin\/"},"author":{"name":"7culture2020","@id":"https:\/\/7culture.ci\/#\/schema\/person\/16150d28d7ef66ba788c1f87f28c4426"},"headline":"Lancin\u00e9-Kramo Fadika\u00a0: l\u2019ultime s\u00e9paration ce jeudi 9 juin\u00a0!","datePublished":"2022-06-07T15:43:15+00:00","dateModified":"2022-06-07T15:43:17+00:00","mainEntityOfPage":{"@id":"https:\/\/7culture.ci\/index.php\/2022\/06\/07\/lancine-kramo-fadika-lultime-separation-ce-jeudi-9-juin\/"},"wordCount":134,"commentCount":0,"publisher":{"@id":"https:\/\/7culture.ci\/#organization"},"articleSection":["Actualit\u00e9"],"inLanguage":"fr-FR","potentialAction":[{"@type":"CommentAction","name":"Comment","target":["https:\/\/7culture.ci\/index.php\/2022\/06\/07\/lancine-kramo-fadika-lultime-separation-ce-jeudi-9-juin\/#respond"]}]},{"@type":"WebPage","@id":"https:\/\/7culture.ci\/index.php\/2022\/06\/07\/lancine-kramo-fadika-lultime-separation-ce-jeudi-9-juin\/","url":"https:\/\/7culture.ci\/index.php\/2022\/06\/07\/lancine-kramo-fadika-lultime-separation-ce-jeudi-9-juin\/","name":"Lancin\u00e9-Kramo Fadika\u00a0: l\u2019ultime s\u00e9paration ce jeudi 9 juin\u00a0! -","isPartOf":{"@id":"https:\/\/7culture.ci\/#website"},"datePublished":"2022-06-07T15:43:15+00:00","dateModified":"2022-06-07T15:43:17+00:00","breadcrumb":{"@id":"https:\/\/7culture.ci\/index.php\/2022\/06\/07\/lancine-kramo-fadika-lultime-separation-ce-jeudi-9-juin\/#breadcrumb"},"inLanguage":"fr-FR","potentialAction":[{"@type":"ReadAction","target":["https:\/\/7culture.ci\/index.php\/2022\/06\/07\/lancine-kramo-fadika-lultime-separation-ce-jeudi-9-juin\/"]}]},{"@type":"BreadcrumbList","@id":"https:\/\/7culture.ci\/index.php\/2022\/06\/07\/lancine-kramo-fadika-lultime-separation-ce-jeudi-9-juin\/#breadcrumb","itemListElement":[{"@type":"ListItem","position":1,"name":"Accueil","item":"https:\/\/7culture.ci\/"},{"@type":"ListItem","position":2,"name":"Lancin\u00e9-Kramo Fadika\u00a0: l\u2019ultime s\u00e9paration ce jeudi 9 juin\u00a0!"}]},{"@type":"WebSite","@id":"https:\/\/7culture.ci\/#website","url":"https:\/\/7culture.ci\/","name":"7culture","description":"Tout sur l&#039;actualit\u00e9","publisher":{"@id":"https:\/\/7culture.ci\/#organization"},"potentialAction":[{"@type":"SearchAction","target":{"@type":"EntryPoint","urlTemplate":"https:\/\/7culture.ci\/?s={search_term_string}"},"query-input":"required name=search_term_string"}],"inLanguage":"fr-FR"},{"@type":"Organization","@id":"https:\/\/7culture.ci\/#organization","name":"7culture","url":"https:\/\/7culture.ci\/","sameAs":["https:\/\/www.facebook.com\/redchefclaude","https:\/\/twitter.com\/7culturec"],"logo":{"@type":"ImageObject","inLanguage":"fr-FR","@id":"https:\/\/7culture.ci\/#\/schema\/logo\/image\/","url":"https:\/\/7culture.ci\/wp-content\/uploads\/2021\/12\/S1a-1.png","contentUrl":"https:\/\/7culture.ci\/wp-content\/uploads\/2021\/12\/S1a-1.png","width":588,"height":192,"caption":"7culture"},"image":{"@id":"https:\/\/7culture.ci\/#\/schema\/logo\/image\/"}},{"@type":"Person","@id":"https:\/\/7culture.ci\/#\/schema\/person\/16150d28d7ef66ba788c1f87f28c4426","name":"7culture2020","image":{"@type":"ImageObject","inLanguage":"fr-FR","@id":"https:\/\/7culture.ci\/#\/schema\/person\/image\/","url":"https:\/\/secure.gravatar.com\/avatar\/9a0784f951306c37bcd065f52844ef95?s=96&d=mm&r=g","contentUrl":"https:\/\/secure.gravatar.com\/avatar\/9a0784f951306c37bcd065f52844ef95?s=96&d=mm&r=g","caption":"7culture2020"},"sameAs":["http:\/\/7culture.ci","Claude.kipre"],"url":"https:\/\/7culture.ci\/index.php\/author\/7culture2020\/"}]}},"jetpack_featured_media_url":"https:\/\/7culture.ci\/wp-content\/uploads\/2022\/06\/lancine-k1-1.jpg","jetpack_likes_enabled":true,"jetpack_sharing_enabled":true,"_links":{"self":[{"href":"https:\/\/7culture.ci\/index.php\/wp-json\/wp\/v2\/posts\/21571"}],"collection":[{"href":"https:\/\/7culture.ci\/index.php\/wp-json\/wp\/v2\/posts"}],"about":[{"href":"https:\/\/7culture.ci\/index.php\/wp-json\/wp\/v2\/types\/post"}],"author":[{"embeddable":true,"href":"https:\/\/7culture.ci\/index.php\/wp-json\/wp\/v2\/users\/1"}],"replies":[{"embeddable":true,"href":"https:\/\/7culture.ci\/index.php\/wp-json\/wp\/v2\/comments?post=21571"}],"version-history":[{"count":0,"href":"https:\/\/7culture.ci\/index.php\/wp-json\/wp\/v2\/posts\/21571\/revisions"}],"wp:featuredmedia":[{"embeddable":true,"href":"https:\/\/7culture.ci\/index.php\/wp-json\/wp\/v2\/media\/21572"}],"wp:attachment":[{"href":"https:\/\/7culture.ci\/index.php\/wp-json\/wp\/v2\/media?parent=21571"}],"wp:term":[{"taxonomy":"category","embeddable":true,"href":"https:\/\/7culture.ci\/index.php\/wp-json\/wp\/v2\/categories?post=21571"},{"taxonomy":"post_tag","embeddable":true,"href":"https:\/\/7culture.ci\/index.php\/wp-json\/wp\/v2\/tags?post=21571"}],"curies":[{"name":"wp","href":"https:\/\/api.w.org\/{rel}","templated":true}]}}