{"id":21564,"date":"2022-06-07T17:12:40","date_gmt":"2022-06-07T15:12:40","guid":{"rendered":"https:\/\/7culture.ci\/?p=21564"},"modified":"2022-06-07T20:12:22","modified_gmt":"2022-06-07T18:12:22","slug":"disparition-six-ans-apres-son-deces-qui-etait-francois-konian","status":"publish","type":"post","link":"https:\/\/7culture.ci\/index.php\/2022\/06\/07\/disparition-six-ans-apres-son-deces-qui-etait-francois-konian\/","title":{"rendered":"Disparition\u00a0: Six ans apr\u00e8s son d\u00e9c\u00e8s, qui \u00e9tait Fran\u00e7ois Konian\u00a0?"},"content":{"rendered":"\n<p><strong><em>7 juin 2016-7 juin 2022&nbsp;! Voil\u00e0 six ans que Fran\u00e7ois Konian a quitt\u00e9 le monde des vivants. Celui qu\u2019on appelait affectueusement \u2018\u2019le boss\u2019\u2019 ou \u2018\u2019Papa Konian\u2019\u2019 dans le milieu du show-biz ivoirien voire africain a laiss\u00e9 un h\u00e9ritage incommensurable. Fondateur de radio Jam, l\u2019une des stations de radios les plus \u00e9cout\u00e9es \u00e0 Abidjan, il \u00e9tait auparavant producteur de disques, de musique\u2026 Les artistes comme B\u00e9b\u00e9 Manga avec \u2018\u2019Amio\u2019\u2019, Nayanka Bell, Les Woya ou les RAS lui donnent leurs carri\u00e8res.<\/em><\/strong><\/p>\n\n\n\n<p><strong><em>En ce triste anniversaire de la disparition du Boss, nous vous proposons un article que Jeune Afrique lui avait consacr\u00e9 au lendemain de son d\u00e9c\u00e8s et intitul\u00e9&nbsp;: \u2018\u2019 Hommage \u00e0 Fran\u00e7ois Konian Banny, esprit rebelle de la musique ivoirienne\u2019\u2019<\/em><\/strong>.<\/p>\n\n\n\n<p><strong>Fran\u00e7ois Konian Banny est d\u00e9c\u00e9d\u00e9 le 7 juin, \u00e0 l\u2019\u00e2ge de 69 ans. Il aura r\u00e9volutionn\u00e9 le secteur de la musique en C\u00f4te d\u2019Ivoire.<\/strong><\/p>\n\n\n\n<p>Il aurait voulu \u00eatre pilote. Son p\u00e8re le voyait imprimeur. Il aura \u00e9t\u00e9 l\u2019une des figures majeures de l\u2019industrie musicale de l\u2019Afrique de l\u2019Ouest francophone. L\u2019ex-producteur et fondateur de Radio JAM Fran\u00e7ois Konian Banny est d\u00e9c\u00e9d\u00e9 le 7 juin \u00e0 l\u2019\u00e2ge de 69 ans.<\/p>\n\n\n\n<p>Nourri de rock, de blues et de jazz plut\u00f4t que de musique ivoirienne dans les ann\u00e9es 1960, fan de Harley-Davidson, \u00ab Papa Fran\u00e7ois \u00bb comme on le surnommait \u00e0 Abidjan a su tr\u00e8s t\u00f4t qu\u2019il consacrerait sa vie \u00e0 la musique. Nous l\u2019avions longuement rencontr\u00e9 en 2013 dans les locaux de Radio JAM, l\u2019une des stations commerciales les plus \u00e9cout\u00e9es de C\u00f4te d\u2019Ivoire. Un b\u00e2timent de ciment brut, install\u00e9 \u00e0 Treichville, l\u00e0 m\u00eame o\u00f9 tout avait commenc\u00e9. L\u00e0 m\u00eame o\u00f9 dans la nuit de la Saint-Sylvestre au milieu des ann\u00e9es 1970, il pressa son premier vinyle.<\/p>\n\n\n\n<figure class=\"wp-block-image size-full\"><img loading=\"lazy\" decoding=\"async\" width=\"600\" height=\"300\" src=\"https:\/\/7culture.ci\/wp-content\/uploads\/2022\/06\/konian2.jpg\" alt=\"\" class=\"wp-image-21567\" srcset=\"https:\/\/7culture.ci\/wp-content\/uploads\/2022\/06\/konian2.jpg 600w, https:\/\/7culture.ci\/wp-content\/uploads\/2022\/06\/konian2-300x150.jpg 300w\" sizes=\"(max-width: 600px) 100vw, 600px\" \/><\/figure>\n\n\n\n<p>Son parcours, il nous l\u2019avait racont\u00e9 pendant plus de trois heures assis derri\u00e8re son bureau, avant de nous emmener d\u00e9jeuner. Fran\u00e7ois Konian, c\u2019\u00e9tait un mythe : un homme de l\u2019ombre, inaccessible, fuyant les m\u00e9dias et les mondanit\u00e9s, un esprit rebelle, un visionnaire qui aura r\u00e9volutionn\u00e9 le monde de la musique en C\u00f4te d\u2019Ivoire et au-del\u00e0. Celui \u00e0 qui pas un chanteur ivoirien ne rend hommage lorsqu\u2019il sort un nouveau disque. Un homme appr\u00e9ci\u00e9, s\u00e9v\u00e8re aussi, craint parfois car terriblement ind\u00e9pendant et intransigeant. Un professionnel que pendant plus d\u2019une semaine Henry Salvador a recherch\u00e9 vainement \u00e0 Abidjan afin d\u2019avoir l\u2019autorisation de reprendre \u2018\u2019AmiO\u2019\u2019 de la Camerounaise B\u00e9be Manga\u2026 jusqu\u2019\u00e0 ce qu\u2019il apprenne, dans le vol qui le ramenait \u00e0 Paris, que Fran\u00e7ois Konian \u00e9tait aussi du voyage.<\/p>\n\n\n\n<p>\u2018<strong><em>\u2019FRAN\u00c7OIS KONIAN, C\u2019EST CELUI QUI REFUSE DE VOIR UN HOMME JOUER DE LA KORA ASSIS PAR TERRE POUR LES TOURISTES\u2019\u2019<\/em><\/strong><\/p>\n\n\n\n<div class=\"wp-block-image\"><figure class=\"aligncenter size-full is-resized\"><img loading=\"lazy\" decoding=\"async\" src=\"https:\/\/7culture.ci\/wp-content\/uploads\/2022\/06\/konian3.jpg\" alt=\"\" class=\"wp-image-21568\" width=\"568\" height=\"411\" srcset=\"https:\/\/7culture.ci\/wp-content\/uploads\/2022\/06\/konian3.jpg 720w, https:\/\/7culture.ci\/wp-content\/uploads\/2022\/06\/konian3-300x217.jpg 300w\" sizes=\"(max-width: 568px) 100vw, 568px\" \/><\/figure><\/div>\n\n\n\n<p>Fran\u00e7ois Konian, c\u2019est celui qui refuse de voir un homme jouer de la kora assis par terre pour les touristes. Qui a produit les figures qui auront marqu\u00e9 la sc\u00e8ne musicale des ann\u00e9es 1960-1980, WOYA (Marcellin Yac\u00e9, Manou Gallo), Ernesto Dj\u00e9dj\u00e9, Am\u00e9d\u00e9e Pierre\u2026 Cette aventure nous voulions l\u2019\u00e9crire dans un livre avec lui, la transmettre aux jeunes g\u00e9n\u00e9rations. Las, le sort en aura d\u00e9cid\u00e9 autrement. Nous lui rendons aujourd\u2019hui hommage en lui donnant une derni\u00e8re fois la parole pour que vive sa m\u00e9moire, pour que l\u2019on n\u2019oublie pas que lorsqu\u2019il choisit de consacrer sa vie \u00e0 la culture, il le fit envers et contre tous ainsi qu\u2019il le raconte en cette matin\u00e9e du 09 septembre 2013. La suite<a href=\"https:\/\/www.jeuneafrique.com\/332244\/culture\/hommage-pere-de-lindustrie-musicale-ivoirienne-francois-konian-banny\/\"> <strong>ICI<\/strong><\/a><strong>.<\/strong><\/p>\n","protected":false},"excerpt":{"rendered":"<p>7 juin 2016-7 juin 2022&nbsp;! Voil\u00e0 six ans que Fran\u00e7ois Konian a quitt\u00e9 le monde des vivants. Celui qu\u2019on appelait affectueusement \u2018\u2019le boss\u2019\u2019 ou \u2018\u2019Papa Konian\u2019\u2019 dans le milieu du show-biz ivoirien voire africain a laiss\u00e9 un h\u00e9ritage incommensurable. Fondateur de radio Jam, l\u2019une des stations de radios les plus \u00e9cout\u00e9es \u00e0 Abidjan, il \u00e9tait &hellip;<\/p>\n<p class=\"read-more\"> <a class=\"\" href=\"https:\/\/7culture.ci\/index.php\/2022\/06\/07\/disparition-six-ans-apres-son-deces-qui-etait-francois-konian\/\"> <span class=\"screen-reader-text\">Disparition\u00a0: Six ans apr\u00e8s son d\u00e9c\u00e8s, qui \u00e9tait Fran\u00e7ois Konian\u00a0?<\/span> Lire la suite\u00a0\u00bb<\/a><\/p>\n","protected":false},"author":1,"featured_media":21566,"comment_status":"open","ping_status":"open","sticky":false,"template":"","format":"standard","meta":{"_mi_skip_tracking":false,"_monsterinsights_sitenote_active":false,"_monsterinsights_sitenote_note":"","_monsterinsights_sitenote_category":0,"site-sidebar-layout":"default","site-content-layout":"default","ast-global-header-display":"","ast-main-header-display":"","ast-hfb-above-header-display":"","ast-hfb-below-header-display":"","ast-hfb-mobile-header-display":"","site-post-title":"","ast-breadcrumbs-content":"","ast-featured-img":"","footer-sml-layout":"","theme-transparent-header-meta":"","adv-header-id-meta":"","stick-header-meta":"","header-above-stick-meta":"","header-main-stick-meta":"","header-below-stick-meta":"","footnotes":"","jetpack_publicize_message":"","jetpack_is_tweetstorm":false,"jetpack_publicize_feature_enabled":true},"categories":[22],"tags":[],"jetpack_publicize_connections":[],"acf":[],"aioseo_notices":[],"yoast_head":"<!-- This site is optimized with the Yoast SEO plugin v19.6.1 - https:\/\/yoast.com\/wordpress\/plugins\/seo\/ -->\n<title>Disparition\u00a0: Six ans apr\u00e8s son d\u00e9c\u00e8s, qui \u00e9tait Fran\u00e7ois Konian\u00a0? -<\/title>\n<meta name=\"robots\" content=\"index, follow, max-snippet:-1, max-image-preview:large, max-video-preview:-1\" \/>\n<link rel=\"canonical\" href=\"https:\/\/7culture.ci\/index.php\/2022\/06\/07\/disparition-six-ans-apres-son-deces-qui-etait-francois-konian\/\" \/>\n<meta property=\"og:locale\" content=\"fr_FR\" \/>\n<meta property=\"og:type\" content=\"article\" \/>\n<meta property=\"og:title\" content=\"Disparition\u00a0: Six ans apr\u00e8s son d\u00e9c\u00e8s, qui \u00e9tait Fran\u00e7ois Konian\u00a0? -\" \/>\n<meta property=\"og:description\" content=\"7 juin 2016-7 juin 2022&nbsp;! Voil\u00e0 six ans que Fran\u00e7ois Konian a quitt\u00e9 le monde des vivants. Celui qu\u2019on appelait affectueusement \u2018\u2019le boss\u2019\u2019 ou \u2018\u2019Papa Konian\u2019\u2019 dans le milieu du show-biz ivoirien voire africain a laiss\u00e9 un h\u00e9ritage incommensurable. Fondateur de radio Jam, l\u2019une des stations de radios les plus \u00e9cout\u00e9es \u00e0 Abidjan, il \u00e9tait &hellip; Disparition\u00a0: Six ans apr\u00e8s son d\u00e9c\u00e8s, qui \u00e9tait Fran\u00e7ois Konian\u00a0? Lire la suite\u00a0\u00bb\" \/>\n<meta property=\"og:url\" content=\"https:\/\/7culture.ci\/index.php\/2022\/06\/07\/disparition-six-ans-apres-son-deces-qui-etait-francois-konian\/\" \/>\n<meta property=\"og:site_name\" content=\"7culture\" \/>\n<meta property=\"article:publisher\" content=\"https:\/\/www.facebook.com\/redchefclaude\" \/>\n<meta property=\"article:published_time\" content=\"2022-06-07T15:12:40+00:00\" \/>\n<meta property=\"article:modified_time\" content=\"2022-06-07T18:12:22+00:00\" \/>\n<meta property=\"og:image\" content=\"http:\/\/7culture.ci\/wp-content\/uploads\/2022\/06\/konian1.jpg\" \/>\n\t<meta property=\"og:image:width\" content=\"720\" \/>\n\t<meta property=\"og:image:height\" content=\"480\" \/>\n\t<meta property=\"og:image:type\" content=\"image\/jpeg\" \/>\n<meta name=\"author\" content=\"7culture2020\" \/>\n<meta name=\"twitter:card\" content=\"summary_large_image\" \/>\n<meta name=\"twitter:creator\" content=\"@7culturec\" \/>\n<meta name=\"twitter:site\" content=\"@7culturec\" \/>\n<meta name=\"twitter:label1\" content=\"\u00c9crit par\" \/>\n\t<meta name=\"twitter:data1\" content=\"7culture2020\" \/>\n\t<meta name=\"twitter:label2\" content=\"Dur\u00e9e de lecture estim\u00e9e\" \/>\n\t<meta name=\"twitter:data2\" content=\"4 minutes\" \/>\n<script type=\"application\/ld+json\" class=\"yoast-schema-graph\">{\"@context\":\"https:\/\/schema.org\",\"@graph\":[{\"@type\":\"Article\",\"@id\":\"https:\/\/7culture.ci\/index.php\/2022\/06\/07\/disparition-six-ans-apres-son-deces-qui-etait-francois-konian\/#article\",\"isPartOf\":{\"@id\":\"https:\/\/7culture.ci\/index.php\/2022\/06\/07\/disparition-six-ans-apres-son-deces-qui-etait-francois-konian\/\"},\"author\":{\"name\":\"7culture2020\",\"@id\":\"https:\/\/7culture.ci\/#\/schema\/person\/16150d28d7ef66ba788c1f87f28c4426\"},\"headline\":\"Disparition\u00a0: Six ans apr\u00e8s son d\u00e9c\u00e8s, qui \u00e9tait Fran\u00e7ois Konian\u00a0?\",\"datePublished\":\"2022-06-07T15:12:40+00:00\",\"dateModified\":\"2022-06-07T18:12:22+00:00\",\"mainEntityOfPage\":{\"@id\":\"https:\/\/7culture.ci\/index.php\/2022\/06\/07\/disparition-six-ans-apres-son-deces-qui-etait-francois-konian\/\"},\"wordCount\":622,\"commentCount\":0,\"publisher\":{\"@id\":\"https:\/\/7culture.ci\/#organization\"},\"articleSection\":[\"Actualit\u00e9\"],\"inLanguage\":\"fr-FR\",\"potentialAction\":[{\"@type\":\"CommentAction\",\"name\":\"Comment\",\"target\":[\"https:\/\/7culture.ci\/index.php\/2022\/06\/07\/disparition-six-ans-apres-son-deces-qui-etait-francois-konian\/#respond\"]}]},{\"@type\":\"WebPage\",\"@id\":\"https:\/\/7culture.ci\/index.php\/2022\/06\/07\/disparition-six-ans-apres-son-deces-qui-etait-francois-konian\/\",\"url\":\"https:\/\/7culture.ci\/index.php\/2022\/06\/07\/disparition-six-ans-apres-son-deces-qui-etait-francois-konian\/\",\"name\":\"Disparition\u00a0: Six ans apr\u00e8s son d\u00e9c\u00e8s, qui \u00e9tait Fran\u00e7ois Konian\u00a0? -\",\"isPartOf\":{\"@id\":\"https:\/\/7culture.ci\/#website\"},\"datePublished\":\"2022-06-07T15:12:40+00:00\",\"dateModified\":\"2022-06-07T18:12:22+00:00\",\"breadcrumb\":{\"@id\":\"https:\/\/7culture.ci\/index.php\/2022\/06\/07\/disparition-six-ans-apres-son-deces-qui-etait-francois-konian\/#breadcrumb\"},\"inLanguage\":\"fr-FR\",\"potentialAction\":[{\"@type\":\"ReadAction\",\"target\":[\"https:\/\/7culture.ci\/index.php\/2022\/06\/07\/disparition-six-ans-apres-son-deces-qui-etait-francois-konian\/\"]}]},{\"@type\":\"BreadcrumbList\",\"@id\":\"https:\/\/7culture.ci\/index.php\/2022\/06\/07\/disparition-six-ans-apres-son-deces-qui-etait-francois-konian\/#breadcrumb\",\"itemListElement\":[{\"@type\":\"ListItem\",\"position\":1,\"name\":\"Accueil\",\"item\":\"https:\/\/7culture.ci\/\"},{\"@type\":\"ListItem\",\"position\":2,\"name\":\"Disparition\u00a0: Six ans apr\u00e8s son d\u00e9c\u00e8s, qui \u00e9tait Fran\u00e7ois Konian\u00a0?\"}]},{\"@type\":\"WebSite\",\"@id\":\"https:\/\/7culture.ci\/#website\",\"url\":\"https:\/\/7culture.ci\/\",\"name\":\"7culture\",\"description\":\"Tout sur l&#039;actualit\u00e9\",\"publisher\":{\"@id\":\"https:\/\/7culture.ci\/#organization\"},\"potentialAction\":[{\"@type\":\"SearchAction\",\"target\":{\"@type\":\"EntryPoint\",\"urlTemplate\":\"https:\/\/7culture.ci\/?s={search_term_string}\"},\"query-input\":\"required name=search_term_string\"}],\"inLanguage\":\"fr-FR\"},{\"@type\":\"Organization\",\"@id\":\"https:\/\/7culture.ci\/#organization\",\"name\":\"7culture\",\"url\":\"https:\/\/7culture.ci\/\",\"sameAs\":[\"https:\/\/www.facebook.com\/redchefclaude\",\"https:\/\/twitter.com\/7culturec\"],\"logo\":{\"@type\":\"ImageObject\",\"inLanguage\":\"fr-FR\",\"@id\":\"https:\/\/7culture.ci\/#\/schema\/logo\/image\/\",\"url\":\"https:\/\/7culture.ci\/wp-content\/uploads\/2021\/12\/S1a-1.png\",\"contentUrl\":\"https:\/\/7culture.ci\/wp-content\/uploads\/2021\/12\/S1a-1.png\",\"width\":588,\"height\":192,\"caption\":\"7culture\"},\"image\":{\"@id\":\"https:\/\/7culture.ci\/#\/schema\/logo\/image\/\"}},{\"@type\":\"Person\",\"@id\":\"https:\/\/7culture.ci\/#\/schema\/person\/16150d28d7ef66ba788c1f87f28c4426\",\"name\":\"7culture2020\",\"image\":{\"@type\":\"ImageObject\",\"inLanguage\":\"fr-FR\",\"@id\":\"https:\/\/7culture.ci\/#\/schema\/person\/image\/\",\"url\":\"https:\/\/secure.gravatar.com\/avatar\/9a0784f951306c37bcd065f52844ef95?s=96&d=mm&r=g\",\"contentUrl\":\"https:\/\/secure.gravatar.com\/avatar\/9a0784f951306c37bcd065f52844ef95?s=96&d=mm&r=g\",\"caption\":\"7culture2020\"},\"sameAs\":[\"http:\/\/7culture.ci\",\"Claude.kipre\"],\"url\":\"https:\/\/7culture.ci\/index.php\/author\/7culture2020\/\"}]}<\/script>\n<!-- \/ Yoast SEO plugin. -->","yoast_head_json":{"title":"Disparition\u00a0: Six ans apr\u00e8s son d\u00e9c\u00e8s, qui \u00e9tait Fran\u00e7ois Konian\u00a0? -","robots":{"index":"index","follow":"follow","max-snippet":"max-snippet:-1","max-image-preview":"max-image-preview:large","max-video-preview":"max-video-preview:-1"},"canonical":"https:\/\/7culture.ci\/index.php\/2022\/06\/07\/disparition-six-ans-apres-son-deces-qui-etait-francois-konian\/","og_locale":"fr_FR","og_type":"article","og_title":"Disparition\u00a0: Six ans apr\u00e8s son d\u00e9c\u00e8s, qui \u00e9tait Fran\u00e7ois Konian\u00a0? -","og_description":"7 juin 2016-7 juin 2022&nbsp;! Voil\u00e0 six ans que Fran\u00e7ois Konian a quitt\u00e9 le monde des vivants. Celui qu\u2019on appelait affectueusement \u2018\u2019le boss\u2019\u2019 ou \u2018\u2019Papa Konian\u2019\u2019 dans le milieu du show-biz ivoirien voire africain a laiss\u00e9 un h\u00e9ritage incommensurable. Fondateur de radio Jam, l\u2019une des stations de radios les plus \u00e9cout\u00e9es \u00e0 Abidjan, il \u00e9tait &hellip; Disparition\u00a0: Six ans apr\u00e8s son d\u00e9c\u00e8s, qui \u00e9tait Fran\u00e7ois Konian\u00a0? Lire la suite\u00a0\u00bb","og_url":"https:\/\/7culture.ci\/index.php\/2022\/06\/07\/disparition-six-ans-apres-son-deces-qui-etait-francois-konian\/","og_site_name":"7culture","article_publisher":"https:\/\/www.facebook.com\/redchefclaude","article_published_time":"2022-06-07T15:12:40+00:00","article_modified_time":"2022-06-07T18:12:22+00:00","og_image":[{"width":720,"height":480,"url":"http:\/\/7culture.ci\/wp-content\/uploads\/2022\/06\/konian1.jpg","type":"image\/jpeg"}],"author":"7culture2020","twitter_card":"summary_large_image","twitter_creator":"@7culturec","twitter_site":"@7culturec","twitter_misc":{"\u00c9crit par":"7culture2020","Dur\u00e9e de lecture estim\u00e9e":"4 minutes"},"schema":{"@context":"https:\/\/schema.org","@graph":[{"@type":"Article","@id":"https:\/\/7culture.ci\/index.php\/2022\/06\/07\/disparition-six-ans-apres-son-deces-qui-etait-francois-konian\/#article","isPartOf":{"@id":"https:\/\/7culture.ci\/index.php\/2022\/06\/07\/disparition-six-ans-apres-son-deces-qui-etait-francois-konian\/"},"author":{"name":"7culture2020","@id":"https:\/\/7culture.ci\/#\/schema\/person\/16150d28d7ef66ba788c1f87f28c4426"},"headline":"Disparition\u00a0: Six ans apr\u00e8s son d\u00e9c\u00e8s, qui \u00e9tait Fran\u00e7ois Konian\u00a0?","datePublished":"2022-06-07T15:12:40+00:00","dateModified":"2022-06-07T18:12:22+00:00","mainEntityOfPage":{"@id":"https:\/\/7culture.ci\/index.php\/2022\/06\/07\/disparition-six-ans-apres-son-deces-qui-etait-francois-konian\/"},"wordCount":622,"commentCount":0,"publisher":{"@id":"https:\/\/7culture.ci\/#organization"},"articleSection":["Actualit\u00e9"],"inLanguage":"fr-FR","potentialAction":[{"@type":"CommentAction","name":"Comment","target":["https:\/\/7culture.ci\/index.php\/2022\/06\/07\/disparition-six-ans-apres-son-deces-qui-etait-francois-konian\/#respond"]}]},{"@type":"WebPage","@id":"https:\/\/7culture.ci\/index.php\/2022\/06\/07\/disparition-six-ans-apres-son-deces-qui-etait-francois-konian\/","url":"https:\/\/7culture.ci\/index.php\/2022\/06\/07\/disparition-six-ans-apres-son-deces-qui-etait-francois-konian\/","name":"Disparition\u00a0: Six ans apr\u00e8s son d\u00e9c\u00e8s, qui \u00e9tait Fran\u00e7ois Konian\u00a0? -","isPartOf":{"@id":"https:\/\/7culture.ci\/#website"},"datePublished":"2022-06-07T15:12:40+00:00","dateModified":"2022-06-07T18:12:22+00:00","breadcrumb":{"@id":"https:\/\/7culture.ci\/index.php\/2022\/06\/07\/disparition-six-ans-apres-son-deces-qui-etait-francois-konian\/#breadcrumb"},"inLanguage":"fr-FR","potentialAction":[{"@type":"ReadAction","target":["https:\/\/7culture.ci\/index.php\/2022\/06\/07\/disparition-six-ans-apres-son-deces-qui-etait-francois-konian\/"]}]},{"@type":"BreadcrumbList","@id":"https:\/\/7culture.ci\/index.php\/2022\/06\/07\/disparition-six-ans-apres-son-deces-qui-etait-francois-konian\/#breadcrumb","itemListElement":[{"@type":"ListItem","position":1,"name":"Accueil","item":"https:\/\/7culture.ci\/"},{"@type":"ListItem","position":2,"name":"Disparition\u00a0: Six ans apr\u00e8s son d\u00e9c\u00e8s, qui \u00e9tait Fran\u00e7ois Konian\u00a0?"}]},{"@type":"WebSite","@id":"https:\/\/7culture.ci\/#website","url":"https:\/\/7culture.ci\/","name":"7culture","description":"Tout sur l&#039;actualit\u00e9","publisher":{"@id":"https:\/\/7culture.ci\/#organization"},"potentialAction":[{"@type":"SearchAction","target":{"@type":"EntryPoint","urlTemplate":"https:\/\/7culture.ci\/?s={search_term_string}"},"query-input":"required name=search_term_string"}],"inLanguage":"fr-FR"},{"@type":"Organization","@id":"https:\/\/7culture.ci\/#organization","name":"7culture","url":"https:\/\/7culture.ci\/","sameAs":["https:\/\/www.facebook.com\/redchefclaude","https:\/\/twitter.com\/7culturec"],"logo":{"@type":"ImageObject","inLanguage":"fr-FR","@id":"https:\/\/7culture.ci\/#\/schema\/logo\/image\/","url":"https:\/\/7culture.ci\/wp-content\/uploads\/2021\/12\/S1a-1.png","contentUrl":"https:\/\/7culture.ci\/wp-content\/uploads\/2021\/12\/S1a-1.png","width":588,"height":192,"caption":"7culture"},"image":{"@id":"https:\/\/7culture.ci\/#\/schema\/logo\/image\/"}},{"@type":"Person","@id":"https:\/\/7culture.ci\/#\/schema\/person\/16150d28d7ef66ba788c1f87f28c4426","name":"7culture2020","image":{"@type":"ImageObject","inLanguage":"fr-FR","@id":"https:\/\/7culture.ci\/#\/schema\/person\/image\/","url":"https:\/\/secure.gravatar.com\/avatar\/9a0784f951306c37bcd065f52844ef95?s=96&d=mm&r=g","contentUrl":"https:\/\/secure.gravatar.com\/avatar\/9a0784f951306c37bcd065f52844ef95?s=96&d=mm&r=g","caption":"7culture2020"},"sameAs":["http:\/\/7culture.ci","Claude.kipre"],"url":"https:\/\/7culture.ci\/index.php\/author\/7culture2020\/"}]}},"jetpack_featured_media_url":"https:\/\/7culture.ci\/wp-content\/uploads\/2022\/06\/konian1.jpg","jetpack_likes_enabled":true,"jetpack_sharing_enabled":true,"_links":{"self":[{"href":"https:\/\/7culture.ci\/index.php\/wp-json\/wp\/v2\/posts\/21564"}],"collection":[{"href":"https:\/\/7culture.ci\/index.php\/wp-json\/wp\/v2\/posts"}],"about":[{"href":"https:\/\/7culture.ci\/index.php\/wp-json\/wp\/v2\/types\/post"}],"author":[{"embeddable":true,"href":"https:\/\/7culture.ci\/index.php\/wp-json\/wp\/v2\/users\/1"}],"replies":[{"embeddable":true,"href":"https:\/\/7culture.ci\/index.php\/wp-json\/wp\/v2\/comments?post=21564"}],"version-history":[{"count":0,"href":"https:\/\/7culture.ci\/index.php\/wp-json\/wp\/v2\/posts\/21564\/revisions"}],"wp:featuredmedia":[{"embeddable":true,"href":"https:\/\/7culture.ci\/index.php\/wp-json\/wp\/v2\/media\/21566"}],"wp:attachment":[{"href":"https:\/\/7culture.ci\/index.php\/wp-json\/wp\/v2\/media?parent=21564"}],"wp:term":[{"taxonomy":"category","embeddable":true,"href":"https:\/\/7culture.ci\/index.php\/wp-json\/wp\/v2\/categories?post=21564"},{"taxonomy":"post_tag","embeddable":true,"href":"https:\/\/7culture.ci\/index.php\/wp-json\/wp\/v2\/tags?post=21564"}],"curies":[{"name":"wp","href":"https:\/\/api.w.org\/{rel}","templated":true}]}}