{"id":21549,"date":"2022-06-06T12:01:55","date_gmt":"2022-06-06T10:01:55","guid":{"rendered":"https:\/\/7culture.ci\/?p=21549"},"modified":"2022-06-13T19:31:18","modified_gmt":"2022-06-13T17:31:18","slug":"deces-de-lancine-kramo-fatika-le-cinema-ivoirien-perd-un-de-ses-illustres-ambassadeurs","status":"publish","type":"post","link":"https:\/\/7culture.ci\/index.php\/2022\/06\/06\/deces-de-lancine-kramo-fatika-le-cinema-ivoirien-perd-un-de-ses-illustres-ambassadeurs\/","title":{"rendered":"D\u00e9c\u00e8s de Lancin\u00e9-Kramo Fatika\u00a0: le cin\u00e9ma ivoirien perd un de ses illustres ambassadeurs\u00a0!"},"content":{"rendered":"\n<p>Ecran noir sur le cin\u00e9ma ivoirien voire africain&nbsp;! Le r\u00e9alisateur Lancin\u00e9 Kramo Fatika est d\u00e9c\u00e9d\u00e9 le dimanche 5 juin des suites d\u2019une courte maladie.  Il y a quelques semaines en arri\u00e8re, le cin\u00e9aste \u00e9tait victime d&#8217;un AVC. Il avait 74 ans&nbsp;! Homme affable et professionnel, le cin\u00e9aste \u00e9tait un homme respect\u00e9 dans son pays et par l\u2019ensemble des acteurs du 7<sup>e<\/sup> art. Depuis l\u2019annonce de sa disparition &nbsp;subite, les hommages se sont amplifi\u00e9s sur internet. Preuve l\u2019homme n\u2019\u00e9tait pas un inconnu. En tout cas, de Ouagadougou \u00e0 Cannes en passant par Carthage, Tanger et Khouribga, tous les grands festival du continent ont d\u00e9roul\u00e9 le tapis rouge \u00e0 Lancin\u00e9 Kramo Fadika.<\/p>\n\n\n\n<p>C\u2019est de 1981 que la reconnaissance commence pour le cin\u00e9aste ivoirien. Son film \u2018\u2019Dj\u00e9li, conte d&#8217;aujourd&#8217;hui\u2019\u2019 remporte le Grand prix (\u00c9talon de Yennenga) au 7<sup>e<\/sup> Festival panafricain du cin\u00e9ma et de la t\u00e9l\u00e9vision de Ouagadougou (FESPACO). Ce qui fait de lui le premier r\u00e9alisateur ivoirien \u00e0 soulever le bel \u00e9talon de Ouagadougou. Quelques ann\u00e9es tard, en 2017, le Fespaco l\u2019immortalise sur l\u2019avenue des cin\u00e9astes dans la capitale burkinab\u00e8 \u00e0 travers une statue de bronze.<\/p>\n\n\n\n<div class=\"wp-block-image\"><figure class=\"aligncenter size-full is-resized\"><img loading=\"lazy\" decoding=\"async\" src=\"https:\/\/7culture.ci\/wp-content\/uploads\/2022\/06\/FADIKA_Kramo_Lancine1.jpg\" alt=\"\" class=\"wp-image-21552\" width=\"472\" height=\"589\" srcset=\"https:\/\/7culture.ci\/wp-content\/uploads\/2022\/06\/FADIKA_Kramo_Lancine1.jpg 656w, https:\/\/7culture.ci\/wp-content\/uploads\/2022\/06\/FADIKA_Kramo_Lancine1-240x300.jpg 240w\" sizes=\"(max-width: 472px) 100vw, 472px\" \/><\/figure><\/div>\n\n\n\n<p>De 2013 \u00e0 2016, Kramo-Lancin\u00e9 Fadika \u00e9tait le directeur g\u00e9n\u00e9ral \u00e0 l&#8217;Office National du Cin\u00e9ma de C\u00f4te d&#8217;Ivoire (ONAC-CI). Apr\u00e8s il a \u00e9t\u00e9 Conseiller technique charg\u00e9 du cin\u00e9ma au minist\u00e8re de la Culture et de la Francophonie. Il est producteur avec sa soci\u00e9t\u00e9 \u2018\u2019Palmar\u00e8s Production\u2019\u2019. Avec sa disparition, le cin\u00e9ma ivoirien perd un illustre ambassadeur.<\/p>\n\n\n\n<p>Le natif de Danan\u00e9 \u00e0 l\u2019Ouest de la C\u00f4te d&#8217;Ivoire a fait des \u00e9tudes de Lettres modernes \u00e0 l&#8217;Universit\u00e9 d&#8217;Abidjan puis de cin\u00e9ma \u00e0 l&#8217;Ecole Louis Lumi\u00e8re \u00e0 Paris. Quand il revient au pays apr\u00e8s sa formation, Lancin\u00e9-Kramo Fadika entre en 1975 \u00e0 l&#8217;Office National de Promotion Rurale o\u00f9 il s&#8217;occupe de films p\u00e9dagogiques et d&#8217;\u00e9missions de t\u00e9l\u00e9vision sur des probl\u00e8mes de d\u00e9veloppement. En 1974, il r\u00e9alise son premier court m\u00e9trage intitul\u00e9 \u2018\u2019La fin de la course\u2019\u2019. Entre 1975 et 1981 il r\u00e9alise une dizaine de films p\u00e9dagogiques et \u00e9ducatifs et des \u00e9missions de t\u00e9l\u00e9vision. La r\u00e9alisation de \u2018\u2019Dj\u00e9li, conte d\u2019aujourd\u2019hui\u2019\u2019 qui lui apporte le sacre continental en 1981 au Fespaco, commence en 1978 pour se terminer en 1981.<\/p>\n\n\n\n<p><strong>Filmographie<\/strong><\/p>\n\n\n\n<p>1974 : \u2018\u2019La Fin de la course\u2019\u2019, court m\u00e9trage fiction de 17 mn<\/p>\n\n\n\n<p>1980 : \u2018\u2019Dj\u00e9li, conte d&#8217;aujourd&#8217;hui\u2019\u2019, long m\u00e9trage fiction Etalon d&#8217;or de Yennega &amp; Prix de le critique Internationale &amp; Prix de l&#8217;Office Catholique International du Cin\u00e9ma (OCIC) au Fespaco 1981, \u00e0 Ouagadougou.<\/p>\n\n\n\n<p>1993 : \u2018\u2019Wariko\u2019\u2019 (Le gros lot), long m\u00e9trage fiction, Prix d&#8217;interpr\u00e9tation masculine au Festival Africain de Khouribga, Prix de la ville de Ouagadougou &amp; Prix de la meilleure com\u00e9die au Fespaco 95.<\/p>\n\n\n\n<p>Par Omar AK<\/p>\n","protected":false},"excerpt":{"rendered":"<p>Ecran noir sur le cin\u00e9ma ivoirien voire africain&nbsp;! Le r\u00e9alisateur Lancin\u00e9 Kramo Fatika est d\u00e9c\u00e9d\u00e9 le dimanche 5 juin des suites d\u2019une courte maladie. Il y a quelques semaines en arri\u00e8re, le cin\u00e9aste \u00e9tait victime d&#8217;un AVC. Il avait 74 ans&nbsp;! Homme affable et professionnel, le cin\u00e9aste \u00e9tait un homme respect\u00e9 dans son pays et &hellip;<\/p>\n<p class=\"read-more\"> <a class=\"\" href=\"https:\/\/7culture.ci\/index.php\/2022\/06\/06\/deces-de-lancine-kramo-fatika-le-cinema-ivoirien-perd-un-de-ses-illustres-ambassadeurs\/\"> <span class=\"screen-reader-text\">D\u00e9c\u00e8s de Lancin\u00e9-Kramo Fatika\u00a0: le cin\u00e9ma ivoirien perd un de ses illustres ambassadeurs\u00a0!<\/span> Lire la suite\u00a0\u00bb<\/a><\/p>\n","protected":false},"author":1,"featured_media":21551,"comment_status":"open","ping_status":"open","sticky":false,"template":"","format":"standard","meta":{"_mi_skip_tracking":false,"_monsterinsights_sitenote_active":false,"_monsterinsights_sitenote_note":"","_monsterinsights_sitenote_category":0,"site-sidebar-layout":"default","site-content-layout":"default","ast-global-header-display":"","ast-main-header-display":"","ast-hfb-above-header-display":"","ast-hfb-below-header-display":"","ast-hfb-mobile-header-display":"","site-post-title":"","ast-breadcrumbs-content":"","ast-featured-img":"","footer-sml-layout":"","theme-transparent-header-meta":"","adv-header-id-meta":"","stick-header-meta":"","header-above-stick-meta":"","header-main-stick-meta":"","header-below-stick-meta":"","footnotes":"","jetpack_publicize_message":"","jetpack_is_tweetstorm":false,"jetpack_publicize_feature_enabled":true},"categories":[22],"tags":[],"jetpack_publicize_connections":[],"acf":[],"aioseo_notices":[],"yoast_head":"<!-- This site is optimized with the Yoast SEO plugin v19.6.1 - https:\/\/yoast.com\/wordpress\/plugins\/seo\/ -->\n<title>D\u00e9c\u00e8s de Lancin\u00e9-Kramo Fatika\u00a0: le cin\u00e9ma ivoirien perd un de ses illustres ambassadeurs\u00a0! -<\/title>\n<meta name=\"robots\" content=\"index, follow, max-snippet:-1, max-image-preview:large, max-video-preview:-1\" \/>\n<link rel=\"canonical\" href=\"https:\/\/7culture.ci\/index.php\/2022\/06\/06\/deces-de-lancine-kramo-fatika-le-cinema-ivoirien-perd-un-de-ses-illustres-ambassadeurs\/\" \/>\n<meta property=\"og:locale\" content=\"fr_FR\" \/>\n<meta property=\"og:type\" content=\"article\" \/>\n<meta property=\"og:title\" content=\"D\u00e9c\u00e8s de Lancin\u00e9-Kramo Fatika\u00a0: le cin\u00e9ma ivoirien perd un de ses illustres ambassadeurs\u00a0! -\" \/>\n<meta property=\"og:description\" content=\"Ecran noir sur le cin\u00e9ma ivoirien voire africain&nbsp;! Le r\u00e9alisateur Lancin\u00e9 Kramo Fatika est d\u00e9c\u00e9d\u00e9 le dimanche 5 juin des suites d\u2019une courte maladie. Il y a quelques semaines en arri\u00e8re, le cin\u00e9aste \u00e9tait victime d&#8217;un AVC. Il avait 74 ans&nbsp;! Homme affable et professionnel, le cin\u00e9aste \u00e9tait un homme respect\u00e9 dans son pays et &hellip; D\u00e9c\u00e8s de Lancin\u00e9-Kramo Fatika\u00a0: le cin\u00e9ma ivoirien perd un de ses illustres ambassadeurs\u00a0! Lire la suite\u00a0\u00bb\" \/>\n<meta property=\"og:url\" content=\"https:\/\/7culture.ci\/index.php\/2022\/06\/06\/deces-de-lancine-kramo-fatika-le-cinema-ivoirien-perd-un-de-ses-illustres-ambassadeurs\/\" \/>\n<meta property=\"og:site_name\" content=\"7culture\" \/>\n<meta property=\"article:publisher\" content=\"https:\/\/www.facebook.com\/redchefclaude\" \/>\n<meta property=\"article:published_time\" content=\"2022-06-06T10:01:55+00:00\" \/>\n<meta property=\"article:modified_time\" content=\"2022-06-13T17:31:18+00:00\" \/>\n<meta property=\"og:image\" content=\"http:\/\/7culture.ci\/wp-content\/uploads\/2022\/06\/FADIKA_Kramo_Lancine2.jpg\" \/>\n\t<meta property=\"og:image:width\" content=\"720\" \/>\n\t<meta property=\"og:image:height\" content=\"960\" \/>\n\t<meta property=\"og:image:type\" content=\"image\/jpeg\" \/>\n<meta name=\"author\" content=\"7culture2020\" \/>\n<meta name=\"twitter:card\" content=\"summary_large_image\" \/>\n<meta name=\"twitter:creator\" content=\"@7culturec\" \/>\n<meta name=\"twitter:site\" content=\"@7culturec\" \/>\n<meta name=\"twitter:label1\" content=\"\u00c9crit par\" \/>\n\t<meta name=\"twitter:data1\" content=\"7culture2020\" \/>\n\t<meta name=\"twitter:label2\" content=\"Dur\u00e9e de lecture estim\u00e9e\" \/>\n\t<meta name=\"twitter:data2\" content=\"3 minutes\" \/>\n<script type=\"application\/ld+json\" class=\"yoast-schema-graph\">{\"@context\":\"https:\/\/schema.org\",\"@graph\":[{\"@type\":\"Article\",\"@id\":\"https:\/\/7culture.ci\/index.php\/2022\/06\/06\/deces-de-lancine-kramo-fatika-le-cinema-ivoirien-perd-un-de-ses-illustres-ambassadeurs\/#article\",\"isPartOf\":{\"@id\":\"https:\/\/7culture.ci\/index.php\/2022\/06\/06\/deces-de-lancine-kramo-fatika-le-cinema-ivoirien-perd-un-de-ses-illustres-ambassadeurs\/\"},\"author\":{\"name\":\"7culture2020\",\"@id\":\"https:\/\/7culture.ci\/#\/schema\/person\/16150d28d7ef66ba788c1f87f28c4426\"},\"headline\":\"D\u00e9c\u00e8s de Lancin\u00e9-Kramo Fatika\u00a0: le cin\u00e9ma ivoirien perd un de ses illustres ambassadeurs\u00a0!\",\"datePublished\":\"2022-06-06T10:01:55+00:00\",\"dateModified\":\"2022-06-13T17:31:18+00:00\",\"mainEntityOfPage\":{\"@id\":\"https:\/\/7culture.ci\/index.php\/2022\/06\/06\/deces-de-lancine-kramo-fatika-le-cinema-ivoirien-perd-un-de-ses-illustres-ambassadeurs\/\"},\"wordCount\":489,\"commentCount\":0,\"publisher\":{\"@id\":\"https:\/\/7culture.ci\/#organization\"},\"articleSection\":[\"Actualit\u00e9\"],\"inLanguage\":\"fr-FR\",\"potentialAction\":[{\"@type\":\"CommentAction\",\"name\":\"Comment\",\"target\":[\"https:\/\/7culture.ci\/index.php\/2022\/06\/06\/deces-de-lancine-kramo-fatika-le-cinema-ivoirien-perd-un-de-ses-illustres-ambassadeurs\/#respond\"]}]},{\"@type\":\"WebPage\",\"@id\":\"https:\/\/7culture.ci\/index.php\/2022\/06\/06\/deces-de-lancine-kramo-fatika-le-cinema-ivoirien-perd-un-de-ses-illustres-ambassadeurs\/\",\"url\":\"https:\/\/7culture.ci\/index.php\/2022\/06\/06\/deces-de-lancine-kramo-fatika-le-cinema-ivoirien-perd-un-de-ses-illustres-ambassadeurs\/\",\"name\":\"D\u00e9c\u00e8s de Lancin\u00e9-Kramo Fatika\u00a0: le cin\u00e9ma ivoirien perd un de ses illustres ambassadeurs\u00a0! -\",\"isPartOf\":{\"@id\":\"https:\/\/7culture.ci\/#website\"},\"datePublished\":\"2022-06-06T10:01:55+00:00\",\"dateModified\":\"2022-06-13T17:31:18+00:00\",\"breadcrumb\":{\"@id\":\"https:\/\/7culture.ci\/index.php\/2022\/06\/06\/deces-de-lancine-kramo-fatika-le-cinema-ivoirien-perd-un-de-ses-illustres-ambassadeurs\/#breadcrumb\"},\"inLanguage\":\"fr-FR\",\"potentialAction\":[{\"@type\":\"ReadAction\",\"target\":[\"https:\/\/7culture.ci\/index.php\/2022\/06\/06\/deces-de-lancine-kramo-fatika-le-cinema-ivoirien-perd-un-de-ses-illustres-ambassadeurs\/\"]}]},{\"@type\":\"BreadcrumbList\",\"@id\":\"https:\/\/7culture.ci\/index.php\/2022\/06\/06\/deces-de-lancine-kramo-fatika-le-cinema-ivoirien-perd-un-de-ses-illustres-ambassadeurs\/#breadcrumb\",\"itemListElement\":[{\"@type\":\"ListItem\",\"position\":1,\"name\":\"Accueil\",\"item\":\"https:\/\/7culture.ci\/\"},{\"@type\":\"ListItem\",\"position\":2,\"name\":\"D\u00e9c\u00e8s de Lancin\u00e9-Kramo Fatika\u00a0: le cin\u00e9ma ivoirien perd un de ses illustres ambassadeurs\u00a0!\"}]},{\"@type\":\"WebSite\",\"@id\":\"https:\/\/7culture.ci\/#website\",\"url\":\"https:\/\/7culture.ci\/\",\"name\":\"7culture\",\"description\":\"Tout sur l&#039;actualit\u00e9\",\"publisher\":{\"@id\":\"https:\/\/7culture.ci\/#organization\"},\"potentialAction\":[{\"@type\":\"SearchAction\",\"target\":{\"@type\":\"EntryPoint\",\"urlTemplate\":\"https:\/\/7culture.ci\/?s={search_term_string}\"},\"query-input\":\"required name=search_term_string\"}],\"inLanguage\":\"fr-FR\"},{\"@type\":\"Organization\",\"@id\":\"https:\/\/7culture.ci\/#organization\",\"name\":\"7culture\",\"url\":\"https:\/\/7culture.ci\/\",\"sameAs\":[\"https:\/\/www.facebook.com\/redchefclaude\",\"https:\/\/twitter.com\/7culturec\"],\"logo\":{\"@type\":\"ImageObject\",\"inLanguage\":\"fr-FR\",\"@id\":\"https:\/\/7culture.ci\/#\/schema\/logo\/image\/\",\"url\":\"https:\/\/7culture.ci\/wp-content\/uploads\/2021\/12\/S1a-1.png\",\"contentUrl\":\"https:\/\/7culture.ci\/wp-content\/uploads\/2021\/12\/S1a-1.png\",\"width\":588,\"height\":192,\"caption\":\"7culture\"},\"image\":{\"@id\":\"https:\/\/7culture.ci\/#\/schema\/logo\/image\/\"}},{\"@type\":\"Person\",\"@id\":\"https:\/\/7culture.ci\/#\/schema\/person\/16150d28d7ef66ba788c1f87f28c4426\",\"name\":\"7culture2020\",\"image\":{\"@type\":\"ImageObject\",\"inLanguage\":\"fr-FR\",\"@id\":\"https:\/\/7culture.ci\/#\/schema\/person\/image\/\",\"url\":\"https:\/\/secure.gravatar.com\/avatar\/9a0784f951306c37bcd065f52844ef95?s=96&d=mm&r=g\",\"contentUrl\":\"https:\/\/secure.gravatar.com\/avatar\/9a0784f951306c37bcd065f52844ef95?s=96&d=mm&r=g\",\"caption\":\"7culture2020\"},\"sameAs\":[\"http:\/\/7culture.ci\",\"Claude.kipre\"],\"url\":\"https:\/\/7culture.ci\/index.php\/author\/7culture2020\/\"}]}<\/script>\n<!-- \/ Yoast SEO plugin. -->","yoast_head_json":{"title":"D\u00e9c\u00e8s de Lancin\u00e9-Kramo Fatika\u00a0: le cin\u00e9ma ivoirien perd un de ses illustres ambassadeurs\u00a0! -","robots":{"index":"index","follow":"follow","max-snippet":"max-snippet:-1","max-image-preview":"max-image-preview:large","max-video-preview":"max-video-preview:-1"},"canonical":"https:\/\/7culture.ci\/index.php\/2022\/06\/06\/deces-de-lancine-kramo-fatika-le-cinema-ivoirien-perd-un-de-ses-illustres-ambassadeurs\/","og_locale":"fr_FR","og_type":"article","og_title":"D\u00e9c\u00e8s de Lancin\u00e9-Kramo Fatika\u00a0: le cin\u00e9ma ivoirien perd un de ses illustres ambassadeurs\u00a0! -","og_description":"Ecran noir sur le cin\u00e9ma ivoirien voire africain&nbsp;! Le r\u00e9alisateur Lancin\u00e9 Kramo Fatika est d\u00e9c\u00e9d\u00e9 le dimanche 5 juin des suites d\u2019une courte maladie. Il y a quelques semaines en arri\u00e8re, le cin\u00e9aste \u00e9tait victime d&#8217;un AVC. Il avait 74 ans&nbsp;! Homme affable et professionnel, le cin\u00e9aste \u00e9tait un homme respect\u00e9 dans son pays et &hellip; D\u00e9c\u00e8s de Lancin\u00e9-Kramo Fatika\u00a0: le cin\u00e9ma ivoirien perd un de ses illustres ambassadeurs\u00a0! Lire la suite\u00a0\u00bb","og_url":"https:\/\/7culture.ci\/index.php\/2022\/06\/06\/deces-de-lancine-kramo-fatika-le-cinema-ivoirien-perd-un-de-ses-illustres-ambassadeurs\/","og_site_name":"7culture","article_publisher":"https:\/\/www.facebook.com\/redchefclaude","article_published_time":"2022-06-06T10:01:55+00:00","article_modified_time":"2022-06-13T17:31:18+00:00","og_image":[{"width":720,"height":960,"url":"http:\/\/7culture.ci\/wp-content\/uploads\/2022\/06\/FADIKA_Kramo_Lancine2.jpg","type":"image\/jpeg"}],"author":"7culture2020","twitter_card":"summary_large_image","twitter_creator":"@7culturec","twitter_site":"@7culturec","twitter_misc":{"\u00c9crit par":"7culture2020","Dur\u00e9e de lecture estim\u00e9e":"3 minutes"},"schema":{"@context":"https:\/\/schema.org","@graph":[{"@type":"Article","@id":"https:\/\/7culture.ci\/index.php\/2022\/06\/06\/deces-de-lancine-kramo-fatika-le-cinema-ivoirien-perd-un-de-ses-illustres-ambassadeurs\/#article","isPartOf":{"@id":"https:\/\/7culture.ci\/index.php\/2022\/06\/06\/deces-de-lancine-kramo-fatika-le-cinema-ivoirien-perd-un-de-ses-illustres-ambassadeurs\/"},"author":{"name":"7culture2020","@id":"https:\/\/7culture.ci\/#\/schema\/person\/16150d28d7ef66ba788c1f87f28c4426"},"headline":"D\u00e9c\u00e8s de Lancin\u00e9-Kramo Fatika\u00a0: le cin\u00e9ma ivoirien perd un de ses illustres ambassadeurs\u00a0!","datePublished":"2022-06-06T10:01:55+00:00","dateModified":"2022-06-13T17:31:18+00:00","mainEntityOfPage":{"@id":"https:\/\/7culture.ci\/index.php\/2022\/06\/06\/deces-de-lancine-kramo-fatika-le-cinema-ivoirien-perd-un-de-ses-illustres-ambassadeurs\/"},"wordCount":489,"commentCount":0,"publisher":{"@id":"https:\/\/7culture.ci\/#organization"},"articleSection":["Actualit\u00e9"],"inLanguage":"fr-FR","potentialAction":[{"@type":"CommentAction","name":"Comment","target":["https:\/\/7culture.ci\/index.php\/2022\/06\/06\/deces-de-lancine-kramo-fatika-le-cinema-ivoirien-perd-un-de-ses-illustres-ambassadeurs\/#respond"]}]},{"@type":"WebPage","@id":"https:\/\/7culture.ci\/index.php\/2022\/06\/06\/deces-de-lancine-kramo-fatika-le-cinema-ivoirien-perd-un-de-ses-illustres-ambassadeurs\/","url":"https:\/\/7culture.ci\/index.php\/2022\/06\/06\/deces-de-lancine-kramo-fatika-le-cinema-ivoirien-perd-un-de-ses-illustres-ambassadeurs\/","name":"D\u00e9c\u00e8s de Lancin\u00e9-Kramo Fatika\u00a0: le cin\u00e9ma ivoirien perd un de ses illustres ambassadeurs\u00a0! -","isPartOf":{"@id":"https:\/\/7culture.ci\/#website"},"datePublished":"2022-06-06T10:01:55+00:00","dateModified":"2022-06-13T17:31:18+00:00","breadcrumb":{"@id":"https:\/\/7culture.ci\/index.php\/2022\/06\/06\/deces-de-lancine-kramo-fatika-le-cinema-ivoirien-perd-un-de-ses-illustres-ambassadeurs\/#breadcrumb"},"inLanguage":"fr-FR","potentialAction":[{"@type":"ReadAction","target":["https:\/\/7culture.ci\/index.php\/2022\/06\/06\/deces-de-lancine-kramo-fatika-le-cinema-ivoirien-perd-un-de-ses-illustres-ambassadeurs\/"]}]},{"@type":"BreadcrumbList","@id":"https:\/\/7culture.ci\/index.php\/2022\/06\/06\/deces-de-lancine-kramo-fatika-le-cinema-ivoirien-perd-un-de-ses-illustres-ambassadeurs\/#breadcrumb","itemListElement":[{"@type":"ListItem","position":1,"name":"Accueil","item":"https:\/\/7culture.ci\/"},{"@type":"ListItem","position":2,"name":"D\u00e9c\u00e8s de Lancin\u00e9-Kramo Fatika\u00a0: le cin\u00e9ma ivoirien perd un de ses illustres ambassadeurs\u00a0!"}]},{"@type":"WebSite","@id":"https:\/\/7culture.ci\/#website","url":"https:\/\/7culture.ci\/","name":"7culture","description":"Tout sur l&#039;actualit\u00e9","publisher":{"@id":"https:\/\/7culture.ci\/#organization"},"potentialAction":[{"@type":"SearchAction","target":{"@type":"EntryPoint","urlTemplate":"https:\/\/7culture.ci\/?s={search_term_string}"},"query-input":"required name=search_term_string"}],"inLanguage":"fr-FR"},{"@type":"Organization","@id":"https:\/\/7culture.ci\/#organization","name":"7culture","url":"https:\/\/7culture.ci\/","sameAs":["https:\/\/www.facebook.com\/redchefclaude","https:\/\/twitter.com\/7culturec"],"logo":{"@type":"ImageObject","inLanguage":"fr-FR","@id":"https:\/\/7culture.ci\/#\/schema\/logo\/image\/","url":"https:\/\/7culture.ci\/wp-content\/uploads\/2021\/12\/S1a-1.png","contentUrl":"https:\/\/7culture.ci\/wp-content\/uploads\/2021\/12\/S1a-1.png","width":588,"height":192,"caption":"7culture"},"image":{"@id":"https:\/\/7culture.ci\/#\/schema\/logo\/image\/"}},{"@type":"Person","@id":"https:\/\/7culture.ci\/#\/schema\/person\/16150d28d7ef66ba788c1f87f28c4426","name":"7culture2020","image":{"@type":"ImageObject","inLanguage":"fr-FR","@id":"https:\/\/7culture.ci\/#\/schema\/person\/image\/","url":"https:\/\/secure.gravatar.com\/avatar\/9a0784f951306c37bcd065f52844ef95?s=96&d=mm&r=g","contentUrl":"https:\/\/secure.gravatar.com\/avatar\/9a0784f951306c37bcd065f52844ef95?s=96&d=mm&r=g","caption":"7culture2020"},"sameAs":["http:\/\/7culture.ci","Claude.kipre"],"url":"https:\/\/7culture.ci\/index.php\/author\/7culture2020\/"}]}},"jetpack_featured_media_url":"https:\/\/7culture.ci\/wp-content\/uploads\/2022\/06\/FADIKA_Kramo_Lancine2.jpg","jetpack_likes_enabled":true,"jetpack_sharing_enabled":true,"_links":{"self":[{"href":"https:\/\/7culture.ci\/index.php\/wp-json\/wp\/v2\/posts\/21549"}],"collection":[{"href":"https:\/\/7culture.ci\/index.php\/wp-json\/wp\/v2\/posts"}],"about":[{"href":"https:\/\/7culture.ci\/index.php\/wp-json\/wp\/v2\/types\/post"}],"author":[{"embeddable":true,"href":"https:\/\/7culture.ci\/index.php\/wp-json\/wp\/v2\/users\/1"}],"replies":[{"embeddable":true,"href":"https:\/\/7culture.ci\/index.php\/wp-json\/wp\/v2\/comments?post=21549"}],"version-history":[{"count":0,"href":"https:\/\/7culture.ci\/index.php\/wp-json\/wp\/v2\/posts\/21549\/revisions"}],"wp:featuredmedia":[{"embeddable":true,"href":"https:\/\/7culture.ci\/index.php\/wp-json\/wp\/v2\/media\/21551"}],"wp:attachment":[{"href":"https:\/\/7culture.ci\/index.php\/wp-json\/wp\/v2\/media?parent=21549"}],"wp:term":[{"taxonomy":"category","embeddable":true,"href":"https:\/\/7culture.ci\/index.php\/wp-json\/wp\/v2\/categories?post=21549"},{"taxonomy":"post_tag","embeddable":true,"href":"https:\/\/7culture.ci\/index.php\/wp-json\/wp\/v2\/tags?post=21549"}],"curies":[{"name":"wp","href":"https:\/\/api.w.org\/{rel}","templated":true}]}}