{"id":21538,"date":"2022-06-04T21:40:37","date_gmt":"2022-06-04T19:40:37","guid":{"rendered":"https:\/\/7culture.ci\/?p=21538"},"modified":"2022-06-06T12:03:21","modified_gmt":"2022-06-06T10:03:21","slug":"beaute-bien-etre-un-nouveau-feymies-hair-care-center-est-ouvert","status":"publish","type":"post","link":"https:\/\/7culture.ci\/index.php\/2022\/06\/04\/beaute-bien-etre-un-nouveau-feymies-hair-care-center-est-ouvert\/","title":{"rendered":"Beaut\u00e9 &#038; bien-\u00eatre\u00a0: Un nouveau Feymie&#8217;s Hair Care Center est ouvert"},"content":{"rendered":"\n<p><strong><em>L\u2019institut de beaut\u00e9 Feymie&#8217;s Hair Care Center, situ\u00e9 \u00e0 Abidjan Cocody Riviera Faya (Carrefour Bernard), a ouvert ses portes le samedi 4 juin 2022. Toujours aux commandes, Mme Fleur B\u00e9n\u00e9dicte Kassi Ze Bi veut s\u2019approcher de sa client\u00e8le.<\/em><\/strong><\/p>\n\n\n\n<p>Le samedi 4 juin 2022, le centre Feymie\u2019s Hair Care Center a franchi un autre palier dans son expansion. Apr\u00e8s son si\u00e8ge d\u2019Abidjan II-Plateaux Vallons, le centre de soins capillaires pour les cheveux et les peaux de type africain a ouvert une nouvelle repr\u00e9sentation \u00e0 Abidjan Cocody Riviera Faya au Carrefour Bernard. \u00ab&nbsp;<strong><em>Avec les embouteillages pour aller aux Vallons et en voyant les gens qui se tapent un long chemin pour y aller, c\u2019\u00e9tait quand m\u00eame important pour nous rapprocher de notre client\u00e8le pour qu\u2019elle puisse moins souffrir dans le d\u00e9placement pour pouvoir se faire belle. Il \u00e9tait imp\u00e9ratif et n\u00e9cessiteux de venir vers notre client\u00e8le qui habite la zone nord pour leur faciliter la vie<\/em><\/strong>\u00bb, explique Mme Fleur B\u00e9n\u00e9dicte Kassi Ze Bi, Directrice de Feymie\u2019s Hair Care Center. Selon la responsable, le nouvel espace baptis\u00e9 \u2018\u2019 Feymie\u2019s Privil\u00e8ges\u2019\u2019, a non seulement les m\u00eames commodit\u00e9s qu\u2019\u00e0 la maison m\u00e8re mais encore plus. \u00ab&nbsp;<strong><em>A Feymie\u2019s Privil\u00e8ges, il y a une salle privative pour la consultation pour les personnes qui aiment bien \u00eatre seules en toute intimit\u00e9 pour les soins<\/em><\/strong>\u00bb, souligne la directrice Mme Kassi Ze Bi. En plus de la salle privative pour les soins des personnes qui sont voil\u00e9es et qui veulent \u00eatre en intimit\u00e9, l\u2019espace beaut\u00e9 comprend \u00e9galement une salle de consultation pour tout le monde, une salle de formation et une boutique physique apr\u00e8s la boutique en ligne.<\/p>\n\n\n\n<figure class=\"wp-block-gallery has-nested-images columns-default is-cropped wp-block-gallery-1 is-layout-flex wp-block-gallery-is-layout-flex\">\n<figure class=\"wp-block-image size-large\"><img loading=\"lazy\" decoding=\"async\" width=\"1024\" height=\"768\" data-id=\"21541\" src=\"https:\/\/7culture.ci\/wp-content\/uploads\/2022\/06\/WhatsApp-Image-2022-06-04-at-19.34.28-1-1024x768.jpeg\" alt=\"\" class=\"wp-image-21541\" srcset=\"https:\/\/7culture.ci\/wp-content\/uploads\/2022\/06\/WhatsApp-Image-2022-06-04-at-19.34.28-1-1024x768.jpeg 1024w, https:\/\/7culture.ci\/wp-content\/uploads\/2022\/06\/WhatsApp-Image-2022-06-04-at-19.34.28-1-300x225.jpeg 300w, https:\/\/7culture.ci\/wp-content\/uploads\/2022\/06\/WhatsApp-Image-2022-06-04-at-19.34.28-1-768x576.jpeg 768w, https:\/\/7culture.ci\/wp-content\/uploads\/2022\/06\/WhatsApp-Image-2022-06-04-at-19.34.28-1.jpeg 1080w\" sizes=\"(max-width: 1024px) 100vw, 1024px\" \/><\/figure>\n\n\n\n<figure class=\"wp-block-image size-large\"><img loading=\"lazy\" decoding=\"async\" width=\"1024\" height=\"768\" data-id=\"21542\" src=\"https:\/\/7culture.ci\/wp-content\/uploads\/2022\/06\/WhatsApp-Image-2022-06-04-at-19.34.28-1024x768.jpeg\" alt=\"\" class=\"wp-image-21542\" srcset=\"https:\/\/7culture.ci\/wp-content\/uploads\/2022\/06\/WhatsApp-Image-2022-06-04-at-19.34.28-1024x768.jpeg 1024w, https:\/\/7culture.ci\/wp-content\/uploads\/2022\/06\/WhatsApp-Image-2022-06-04-at-19.34.28-300x225.jpeg 300w, https:\/\/7culture.ci\/wp-content\/uploads\/2022\/06\/WhatsApp-Image-2022-06-04-at-19.34.28-768x576.jpeg 768w, https:\/\/7culture.ci\/wp-content\/uploads\/2022\/06\/WhatsApp-Image-2022-06-04-at-19.34.28.jpeg 1080w\" sizes=\"(max-width: 1024px) 100vw, 1024px\" \/><\/figure>\n\n\n\n<figure class=\"wp-block-image size-large\"><img loading=\"lazy\" decoding=\"async\" width=\"1024\" height=\"768\" data-id=\"21543\" src=\"https:\/\/7culture.ci\/wp-content\/uploads\/2022\/06\/WhatsApp-Image-2022-06-04-at-19.34.29-2-1024x768.jpeg\" alt=\"\" class=\"wp-image-21543\" srcset=\"https:\/\/7culture.ci\/wp-content\/uploads\/2022\/06\/WhatsApp-Image-2022-06-04-at-19.34.29-2-1024x768.jpeg 1024w, https:\/\/7culture.ci\/wp-content\/uploads\/2022\/06\/WhatsApp-Image-2022-06-04-at-19.34.29-2-300x225.jpeg 300w, https:\/\/7culture.ci\/wp-content\/uploads\/2022\/06\/WhatsApp-Image-2022-06-04-at-19.34.29-2-768x576.jpeg 768w, https:\/\/7culture.ci\/wp-content\/uploads\/2022\/06\/WhatsApp-Image-2022-06-04-at-19.34.29-2.jpeg 1080w\" sizes=\"(max-width: 1024px) 100vw, 1024px\" \/><\/figure>\n<\/figure>\n\n\n\n<p>La bonne nouvelle, c\u2019est que tous les produits Feymie\u2019s Hair Care Center sont d\u00e9sormais accessibles \u00e0 l\u2019institut de Faya. Le centre dispose des produits pour les cheveux, la peau et des ingr\u00e9dients cosm\u00e9tiques pour celles qui veulent faire elles-m\u00eames leurs produits. \u00ab&nbsp;<strong><em>On a beaucoup d\u2019huiles v\u00e9g\u00e9tales car nous sommes producteurs de ces huiles essentielles<\/em><\/strong>&nbsp;\u00bb, rassure Mme Ze Bi.<\/p>\n\n\n\n<figure class=\"wp-block-gallery has-nested-images columns-default is-cropped wp-block-gallery-2 is-layout-flex wp-block-gallery-is-layout-flex\">\n<figure class=\"wp-block-image size-large\"><img loading=\"lazy\" decoding=\"async\" width=\"1024\" height=\"768\" data-id=\"21544\" src=\"https:\/\/7culture.ci\/wp-content\/uploads\/2022\/06\/WhatsApp-Image-2022-06-04-at-19.34.29-1-1024x768.jpeg\" alt=\"\" class=\"wp-image-21544\" srcset=\"https:\/\/7culture.ci\/wp-content\/uploads\/2022\/06\/WhatsApp-Image-2022-06-04-at-19.34.29-1-1024x768.jpeg 1024w, https:\/\/7culture.ci\/wp-content\/uploads\/2022\/06\/WhatsApp-Image-2022-06-04-at-19.34.29-1-300x225.jpeg 300w, https:\/\/7culture.ci\/wp-content\/uploads\/2022\/06\/WhatsApp-Image-2022-06-04-at-19.34.29-1-768x576.jpeg 768w, https:\/\/7culture.ci\/wp-content\/uploads\/2022\/06\/WhatsApp-Image-2022-06-04-at-19.34.29-1.jpeg 1080w\" sizes=\"(max-width: 1024px) 100vw, 1024px\" \/><\/figure>\n\n\n\n<figure class=\"wp-block-image size-large\"><img loading=\"lazy\" decoding=\"async\" width=\"1024\" height=\"768\" data-id=\"21545\" src=\"https:\/\/7culture.ci\/wp-content\/uploads\/2022\/06\/WhatsApp-Image-2022-06-04-at-19.34.29-3-1024x768.jpeg\" alt=\"\" class=\"wp-image-21545\" srcset=\"https:\/\/7culture.ci\/wp-content\/uploads\/2022\/06\/WhatsApp-Image-2022-06-04-at-19.34.29-3-1024x768.jpeg 1024w, https:\/\/7culture.ci\/wp-content\/uploads\/2022\/06\/WhatsApp-Image-2022-06-04-at-19.34.29-3-300x225.jpeg 300w, https:\/\/7culture.ci\/wp-content\/uploads\/2022\/06\/WhatsApp-Image-2022-06-04-at-19.34.29-3-768x576.jpeg 768w, https:\/\/7culture.ci\/wp-content\/uploads\/2022\/06\/WhatsApp-Image-2022-06-04-at-19.34.29-3.jpeg 1080w\" sizes=\"(max-width: 1024px) 100vw, 1024px\" \/><\/figure>\n\n\n\n<figure class=\"wp-block-image size-large\"><img loading=\"lazy\" decoding=\"async\" width=\"1024\" height=\"768\" data-id=\"21546\" src=\"https:\/\/7culture.ci\/wp-content\/uploads\/2022\/06\/WhatsApp-Image-2022-06-04-at-19.34.29-4-1024x768.jpeg\" alt=\"\" class=\"wp-image-21546\" srcset=\"https:\/\/7culture.ci\/wp-content\/uploads\/2022\/06\/WhatsApp-Image-2022-06-04-at-19.34.29-4-1024x768.jpeg 1024w, https:\/\/7culture.ci\/wp-content\/uploads\/2022\/06\/WhatsApp-Image-2022-06-04-at-19.34.29-4-300x225.jpeg 300w, https:\/\/7culture.ci\/wp-content\/uploads\/2022\/06\/WhatsApp-Image-2022-06-04-at-19.34.29-4-768x576.jpeg 768w, https:\/\/7culture.ci\/wp-content\/uploads\/2022\/06\/WhatsApp-Image-2022-06-04-at-19.34.29-4.jpeg 1080w\" sizes=\"(max-width: 1024px) 100vw, 1024px\" \/><\/figure>\n<\/figure>\n\n\n\n<p>A la pr\u00e9sentation de son nouvel institut de beaut\u00e9, Mme Ze Bi en a profit\u00e9 pour montrer les qualit\u00e9s du cheveu afro. \u00ab&nbsp;<strong><em>On a des masses de personnes qui nous visitent l\u00e0. Contrairement \u00e0 ce qui se dit, le cheveu afro pousse. Il y a toutes les longueurs de cheveux sauf que chacun a son rythme. On ne se compare pas \u00e0 quelqu\u2019un. C\u2019est une chose qui est tr\u00e8s importante<\/em><\/strong>&nbsp;\u00bb, insiste-t-elle. La Directrice de Feymies Hair Care Center a \u00e9galement d\u00e9voil\u00e9 les raisons qui l\u2019ont amen\u00e9e \u00e0 ouvrir un institut pour cheveux et les peaux de type africain. \u00ab&nbsp;<strong><em>Je ne voulais pas que mes filles ressentent la souffrance du d\u00e9frisage. Je voulais chercher \u00e0 faire autrement pour pouvoir casser la chaine de douleur en se d\u00e9frisant<\/em><\/strong>&nbsp;\u00bb, a-t-elle dit. <\/p>\n\n\n\n<p>Par Omar AK<\/p>\n","protected":false},"excerpt":{"rendered":"<p>L\u2019institut de beaut\u00e9 Feymie&#8217;s Hair Care Center, situ\u00e9 \u00e0 Abidjan Cocody Riviera Faya (Carrefour Bernard), a ouvert ses portes le samedi 4 juin 2022. Toujours aux commandes, Mme Fleur B\u00e9n\u00e9dicte Kassi Ze Bi veut s\u2019approcher de sa client\u00e8le. Le samedi 4 juin 2022, le centre Feymie\u2019s Hair Care Center a franchi un autre palier dans &hellip;<\/p>\n<p class=\"read-more\"> <a class=\"\" href=\"https:\/\/7culture.ci\/index.php\/2022\/06\/04\/beaute-bien-etre-un-nouveau-feymies-hair-care-center-est-ouvert\/\"> <span class=\"screen-reader-text\">Beaut\u00e9 &#038; bien-\u00eatre\u00a0: Un nouveau Feymie&#8217;s Hair Care Center est ouvert<\/span> Lire la suite\u00a0\u00bb<\/a><\/p>\n","protected":false},"author":1,"featured_media":21540,"comment_status":"open","ping_status":"open","sticky":false,"template":"","format":"standard","meta":{"_mi_skip_tracking":false,"_monsterinsights_sitenote_active":false,"_monsterinsights_sitenote_note":"","_monsterinsights_sitenote_category":0,"site-sidebar-layout":"default","site-content-layout":"default","ast-global-header-display":"","ast-main-header-display":"","ast-hfb-above-header-display":"","ast-hfb-below-header-display":"","ast-hfb-mobile-header-display":"","site-post-title":"","ast-breadcrumbs-content":"","ast-featured-img":"","footer-sml-layout":"","theme-transparent-header-meta":"","adv-header-id-meta":"","stick-header-meta":"","header-above-stick-meta":"","header-main-stick-meta":"","header-below-stick-meta":"","footnotes":"","jetpack_publicize_message":"","jetpack_is_tweetstorm":false,"jetpack_publicize_feature_enabled":true},"categories":[22],"tags":[],"jetpack_publicize_connections":[],"acf":[],"aioseo_notices":[],"yoast_head":"<!-- This site is optimized with the Yoast SEO plugin v19.6.1 - https:\/\/yoast.com\/wordpress\/plugins\/seo\/ -->\n<title>Beaut\u00e9 &amp; bien-\u00eatre\u00a0: Un nouveau Feymie&#039;s Hair Care Center est ouvert -<\/title>\n<meta name=\"robots\" content=\"index, follow, max-snippet:-1, max-image-preview:large, max-video-preview:-1\" \/>\n<link rel=\"canonical\" href=\"https:\/\/7culture.ci\/index.php\/2022\/06\/04\/beaute-bien-etre-un-nouveau-feymies-hair-care-center-est-ouvert\/\" \/>\n<meta property=\"og:locale\" content=\"fr_FR\" \/>\n<meta property=\"og:type\" content=\"article\" \/>\n<meta property=\"og:title\" content=\"Beaut\u00e9 &amp; bien-\u00eatre\u00a0: Un nouveau Feymie&#039;s Hair Care Center est ouvert -\" \/>\n<meta property=\"og:description\" content=\"L\u2019institut de beaut\u00e9 Feymie&#8217;s Hair Care Center, situ\u00e9 \u00e0 Abidjan Cocody Riviera Faya (Carrefour Bernard), a ouvert ses portes le samedi 4 juin 2022. Toujours aux commandes, Mme Fleur B\u00e9n\u00e9dicte Kassi Ze Bi veut s\u2019approcher de sa client\u00e8le. Le samedi 4 juin 2022, le centre Feymie\u2019s Hair Care Center a franchi un autre palier dans &hellip; Beaut\u00e9 &#038; bien-\u00eatre\u00a0: Un nouveau Feymie&#8217;s Hair Care Center est ouvert Lire la suite\u00a0\u00bb\" \/>\n<meta property=\"og:url\" content=\"https:\/\/7culture.ci\/index.php\/2022\/06\/04\/beaute-bien-etre-un-nouveau-feymies-hair-care-center-est-ouvert\/\" \/>\n<meta property=\"og:site_name\" content=\"7culture\" \/>\n<meta property=\"article:publisher\" content=\"https:\/\/www.facebook.com\/redchefclaude\" \/>\n<meta property=\"article:published_time\" content=\"2022-06-04T19:40:37+00:00\" \/>\n<meta property=\"article:modified_time\" content=\"2022-06-06T10:03:21+00:00\" \/>\n<meta property=\"og:image\" content=\"http:\/\/7culture.ci\/wp-content\/uploads\/2022\/06\/WhatsApp-Image-2022-06-04-at-19.34.29.jpeg\" \/>\n\t<meta property=\"og:image:width\" content=\"1080\" \/>\n\t<meta property=\"og:image:height\" content=\"810\" \/>\n\t<meta property=\"og:image:type\" content=\"image\/jpeg\" \/>\n<meta name=\"author\" content=\"7culture2020\" \/>\n<meta name=\"twitter:card\" content=\"summary_large_image\" \/>\n<meta name=\"twitter:creator\" content=\"@7culturec\" \/>\n<meta name=\"twitter:site\" content=\"@7culturec\" \/>\n<meta name=\"twitter:label1\" content=\"\u00c9crit par\" \/>\n\t<meta name=\"twitter:data1\" content=\"7culture2020\" \/>\n\t<meta name=\"twitter:label2\" content=\"Dur\u00e9e de lecture estim\u00e9e\" \/>\n\t<meta name=\"twitter:data2\" content=\"4 minutes\" \/>\n<script type=\"application\/ld+json\" class=\"yoast-schema-graph\">{\"@context\":\"https:\/\/schema.org\",\"@graph\":[{\"@type\":\"Article\",\"@id\":\"https:\/\/7culture.ci\/index.php\/2022\/06\/04\/beaute-bien-etre-un-nouveau-feymies-hair-care-center-est-ouvert\/#article\",\"isPartOf\":{\"@id\":\"https:\/\/7culture.ci\/index.php\/2022\/06\/04\/beaute-bien-etre-un-nouveau-feymies-hair-care-center-est-ouvert\/\"},\"author\":{\"name\":\"7culture2020\",\"@id\":\"https:\/\/7culture.ci\/#\/schema\/person\/16150d28d7ef66ba788c1f87f28c4426\"},\"headline\":\"Beaut\u00e9 &#038; bien-\u00eatre\u00a0: Un nouveau Feymie&#8217;s Hair Care Center est ouvert\",\"datePublished\":\"2022-06-04T19:40:37+00:00\",\"dateModified\":\"2022-06-06T10:03:21+00:00\",\"mainEntityOfPage\":{\"@id\":\"https:\/\/7culture.ci\/index.php\/2022\/06\/04\/beaute-bien-etre-un-nouveau-feymies-hair-care-center-est-ouvert\/\"},\"wordCount\":515,\"commentCount\":0,\"publisher\":{\"@id\":\"https:\/\/7culture.ci\/#organization\"},\"articleSection\":[\"Actualit\u00e9\"],\"inLanguage\":\"fr-FR\",\"potentialAction\":[{\"@type\":\"CommentAction\",\"name\":\"Comment\",\"target\":[\"https:\/\/7culture.ci\/index.php\/2022\/06\/04\/beaute-bien-etre-un-nouveau-feymies-hair-care-center-est-ouvert\/#respond\"]}]},{\"@type\":\"WebPage\",\"@id\":\"https:\/\/7culture.ci\/index.php\/2022\/06\/04\/beaute-bien-etre-un-nouveau-feymies-hair-care-center-est-ouvert\/\",\"url\":\"https:\/\/7culture.ci\/index.php\/2022\/06\/04\/beaute-bien-etre-un-nouveau-feymies-hair-care-center-est-ouvert\/\",\"name\":\"Beaut\u00e9 & bien-\u00eatre\u00a0: Un nouveau Feymie's Hair Care Center est ouvert -\",\"isPartOf\":{\"@id\":\"https:\/\/7culture.ci\/#website\"},\"datePublished\":\"2022-06-04T19:40:37+00:00\",\"dateModified\":\"2022-06-06T10:03:21+00:00\",\"breadcrumb\":{\"@id\":\"https:\/\/7culture.ci\/index.php\/2022\/06\/04\/beaute-bien-etre-un-nouveau-feymies-hair-care-center-est-ouvert\/#breadcrumb\"},\"inLanguage\":\"fr-FR\",\"potentialAction\":[{\"@type\":\"ReadAction\",\"target\":[\"https:\/\/7culture.ci\/index.php\/2022\/06\/04\/beaute-bien-etre-un-nouveau-feymies-hair-care-center-est-ouvert\/\"]}]},{\"@type\":\"BreadcrumbList\",\"@id\":\"https:\/\/7culture.ci\/index.php\/2022\/06\/04\/beaute-bien-etre-un-nouveau-feymies-hair-care-center-est-ouvert\/#breadcrumb\",\"itemListElement\":[{\"@type\":\"ListItem\",\"position\":1,\"name\":\"Accueil\",\"item\":\"https:\/\/7culture.ci\/\"},{\"@type\":\"ListItem\",\"position\":2,\"name\":\"Beaut\u00e9 &#038; bien-\u00eatre\u00a0: Un nouveau Feymie&rsquo;s Hair Care Center est ouvert\"}]},{\"@type\":\"WebSite\",\"@id\":\"https:\/\/7culture.ci\/#website\",\"url\":\"https:\/\/7culture.ci\/\",\"name\":\"7culture\",\"description\":\"Tout sur l&#039;actualit\u00e9\",\"publisher\":{\"@id\":\"https:\/\/7culture.ci\/#organization\"},\"potentialAction\":[{\"@type\":\"SearchAction\",\"target\":{\"@type\":\"EntryPoint\",\"urlTemplate\":\"https:\/\/7culture.ci\/?s={search_term_string}\"},\"query-input\":\"required name=search_term_string\"}],\"inLanguage\":\"fr-FR\"},{\"@type\":\"Organization\",\"@id\":\"https:\/\/7culture.ci\/#organization\",\"name\":\"7culture\",\"url\":\"https:\/\/7culture.ci\/\",\"sameAs\":[\"https:\/\/www.facebook.com\/redchefclaude\",\"https:\/\/twitter.com\/7culturec\"],\"logo\":{\"@type\":\"ImageObject\",\"inLanguage\":\"fr-FR\",\"@id\":\"https:\/\/7culture.ci\/#\/schema\/logo\/image\/\",\"url\":\"https:\/\/7culture.ci\/wp-content\/uploads\/2021\/12\/S1a-1.png\",\"contentUrl\":\"https:\/\/7culture.ci\/wp-content\/uploads\/2021\/12\/S1a-1.png\",\"width\":588,\"height\":192,\"caption\":\"7culture\"},\"image\":{\"@id\":\"https:\/\/7culture.ci\/#\/schema\/logo\/image\/\"}},{\"@type\":\"Person\",\"@id\":\"https:\/\/7culture.ci\/#\/schema\/person\/16150d28d7ef66ba788c1f87f28c4426\",\"name\":\"7culture2020\",\"image\":{\"@type\":\"ImageObject\",\"inLanguage\":\"fr-FR\",\"@id\":\"https:\/\/7culture.ci\/#\/schema\/person\/image\/\",\"url\":\"https:\/\/secure.gravatar.com\/avatar\/9a0784f951306c37bcd065f52844ef95?s=96&d=mm&r=g\",\"contentUrl\":\"https:\/\/secure.gravatar.com\/avatar\/9a0784f951306c37bcd065f52844ef95?s=96&d=mm&r=g\",\"caption\":\"7culture2020\"},\"sameAs\":[\"http:\/\/7culture.ci\",\"Claude.kipre\"],\"url\":\"https:\/\/7culture.ci\/index.php\/author\/7culture2020\/\"}]}<\/script>\n<!-- \/ Yoast SEO plugin. -->","yoast_head_json":{"title":"Beaut\u00e9 & bien-\u00eatre\u00a0: Un nouveau Feymie's Hair Care Center est ouvert -","robots":{"index":"index","follow":"follow","max-snippet":"max-snippet:-1","max-image-preview":"max-image-preview:large","max-video-preview":"max-video-preview:-1"},"canonical":"https:\/\/7culture.ci\/index.php\/2022\/06\/04\/beaute-bien-etre-un-nouveau-feymies-hair-care-center-est-ouvert\/","og_locale":"fr_FR","og_type":"article","og_title":"Beaut\u00e9 & bien-\u00eatre\u00a0: Un nouveau Feymie's Hair Care Center est ouvert -","og_description":"L\u2019institut de beaut\u00e9 Feymie&#8217;s Hair Care Center, situ\u00e9 \u00e0 Abidjan Cocody Riviera Faya (Carrefour Bernard), a ouvert ses portes le samedi 4 juin 2022. Toujours aux commandes, Mme Fleur B\u00e9n\u00e9dicte Kassi Ze Bi veut s\u2019approcher de sa client\u00e8le. Le samedi 4 juin 2022, le centre Feymie\u2019s Hair Care Center a franchi un autre palier dans &hellip; Beaut\u00e9 &#038; bien-\u00eatre\u00a0: Un nouveau Feymie&#8217;s Hair Care Center est ouvert Lire la suite\u00a0\u00bb","og_url":"https:\/\/7culture.ci\/index.php\/2022\/06\/04\/beaute-bien-etre-un-nouveau-feymies-hair-care-center-est-ouvert\/","og_site_name":"7culture","article_publisher":"https:\/\/www.facebook.com\/redchefclaude","article_published_time":"2022-06-04T19:40:37+00:00","article_modified_time":"2022-06-06T10:03:21+00:00","og_image":[{"width":1080,"height":810,"url":"http:\/\/7culture.ci\/wp-content\/uploads\/2022\/06\/WhatsApp-Image-2022-06-04-at-19.34.29.jpeg","type":"image\/jpeg"}],"author":"7culture2020","twitter_card":"summary_large_image","twitter_creator":"@7culturec","twitter_site":"@7culturec","twitter_misc":{"\u00c9crit par":"7culture2020","Dur\u00e9e de lecture estim\u00e9e":"4 minutes"},"schema":{"@context":"https:\/\/schema.org","@graph":[{"@type":"Article","@id":"https:\/\/7culture.ci\/index.php\/2022\/06\/04\/beaute-bien-etre-un-nouveau-feymies-hair-care-center-est-ouvert\/#article","isPartOf":{"@id":"https:\/\/7culture.ci\/index.php\/2022\/06\/04\/beaute-bien-etre-un-nouveau-feymies-hair-care-center-est-ouvert\/"},"author":{"name":"7culture2020","@id":"https:\/\/7culture.ci\/#\/schema\/person\/16150d28d7ef66ba788c1f87f28c4426"},"headline":"Beaut\u00e9 &#038; bien-\u00eatre\u00a0: Un nouveau Feymie&#8217;s Hair Care Center est ouvert","datePublished":"2022-06-04T19:40:37+00:00","dateModified":"2022-06-06T10:03:21+00:00","mainEntityOfPage":{"@id":"https:\/\/7culture.ci\/index.php\/2022\/06\/04\/beaute-bien-etre-un-nouveau-feymies-hair-care-center-est-ouvert\/"},"wordCount":515,"commentCount":0,"publisher":{"@id":"https:\/\/7culture.ci\/#organization"},"articleSection":["Actualit\u00e9"],"inLanguage":"fr-FR","potentialAction":[{"@type":"CommentAction","name":"Comment","target":["https:\/\/7culture.ci\/index.php\/2022\/06\/04\/beaute-bien-etre-un-nouveau-feymies-hair-care-center-est-ouvert\/#respond"]}]},{"@type":"WebPage","@id":"https:\/\/7culture.ci\/index.php\/2022\/06\/04\/beaute-bien-etre-un-nouveau-feymies-hair-care-center-est-ouvert\/","url":"https:\/\/7culture.ci\/index.php\/2022\/06\/04\/beaute-bien-etre-un-nouveau-feymies-hair-care-center-est-ouvert\/","name":"Beaut\u00e9 & bien-\u00eatre\u00a0: Un nouveau Feymie's Hair Care Center est ouvert -","isPartOf":{"@id":"https:\/\/7culture.ci\/#website"},"datePublished":"2022-06-04T19:40:37+00:00","dateModified":"2022-06-06T10:03:21+00:00","breadcrumb":{"@id":"https:\/\/7culture.ci\/index.php\/2022\/06\/04\/beaute-bien-etre-un-nouveau-feymies-hair-care-center-est-ouvert\/#breadcrumb"},"inLanguage":"fr-FR","potentialAction":[{"@type":"ReadAction","target":["https:\/\/7culture.ci\/index.php\/2022\/06\/04\/beaute-bien-etre-un-nouveau-feymies-hair-care-center-est-ouvert\/"]}]},{"@type":"BreadcrumbList","@id":"https:\/\/7culture.ci\/index.php\/2022\/06\/04\/beaute-bien-etre-un-nouveau-feymies-hair-care-center-est-ouvert\/#breadcrumb","itemListElement":[{"@type":"ListItem","position":1,"name":"Accueil","item":"https:\/\/7culture.ci\/"},{"@type":"ListItem","position":2,"name":"Beaut\u00e9 &#038; bien-\u00eatre\u00a0: Un nouveau Feymie&rsquo;s Hair Care Center est ouvert"}]},{"@type":"WebSite","@id":"https:\/\/7culture.ci\/#website","url":"https:\/\/7culture.ci\/","name":"7culture","description":"Tout sur l&#039;actualit\u00e9","publisher":{"@id":"https:\/\/7culture.ci\/#organization"},"potentialAction":[{"@type":"SearchAction","target":{"@type":"EntryPoint","urlTemplate":"https:\/\/7culture.ci\/?s={search_term_string}"},"query-input":"required name=search_term_string"}],"inLanguage":"fr-FR"},{"@type":"Organization","@id":"https:\/\/7culture.ci\/#organization","name":"7culture","url":"https:\/\/7culture.ci\/","sameAs":["https:\/\/www.facebook.com\/redchefclaude","https:\/\/twitter.com\/7culturec"],"logo":{"@type":"ImageObject","inLanguage":"fr-FR","@id":"https:\/\/7culture.ci\/#\/schema\/logo\/image\/","url":"https:\/\/7culture.ci\/wp-content\/uploads\/2021\/12\/S1a-1.png","contentUrl":"https:\/\/7culture.ci\/wp-content\/uploads\/2021\/12\/S1a-1.png","width":588,"height":192,"caption":"7culture"},"image":{"@id":"https:\/\/7culture.ci\/#\/schema\/logo\/image\/"}},{"@type":"Person","@id":"https:\/\/7culture.ci\/#\/schema\/person\/16150d28d7ef66ba788c1f87f28c4426","name":"7culture2020","image":{"@type":"ImageObject","inLanguage":"fr-FR","@id":"https:\/\/7culture.ci\/#\/schema\/person\/image\/","url":"https:\/\/secure.gravatar.com\/avatar\/9a0784f951306c37bcd065f52844ef95?s=96&d=mm&r=g","contentUrl":"https:\/\/secure.gravatar.com\/avatar\/9a0784f951306c37bcd065f52844ef95?s=96&d=mm&r=g","caption":"7culture2020"},"sameAs":["http:\/\/7culture.ci","Claude.kipre"],"url":"https:\/\/7culture.ci\/index.php\/author\/7culture2020\/"}]}},"jetpack_featured_media_url":"https:\/\/7culture.ci\/wp-content\/uploads\/2022\/06\/WhatsApp-Image-2022-06-04-at-19.34.29.jpeg","jetpack_likes_enabled":true,"jetpack_sharing_enabled":true,"_links":{"self":[{"href":"https:\/\/7culture.ci\/index.php\/wp-json\/wp\/v2\/posts\/21538"}],"collection":[{"href":"https:\/\/7culture.ci\/index.php\/wp-json\/wp\/v2\/posts"}],"about":[{"href":"https:\/\/7culture.ci\/index.php\/wp-json\/wp\/v2\/types\/post"}],"author":[{"embeddable":true,"href":"https:\/\/7culture.ci\/index.php\/wp-json\/wp\/v2\/users\/1"}],"replies":[{"embeddable":true,"href":"https:\/\/7culture.ci\/index.php\/wp-json\/wp\/v2\/comments?post=21538"}],"version-history":[{"count":0,"href":"https:\/\/7culture.ci\/index.php\/wp-json\/wp\/v2\/posts\/21538\/revisions"}],"wp:featuredmedia":[{"embeddable":true,"href":"https:\/\/7culture.ci\/index.php\/wp-json\/wp\/v2\/media\/21540"}],"wp:attachment":[{"href":"https:\/\/7culture.ci\/index.php\/wp-json\/wp\/v2\/media?parent=21538"}],"wp:term":[{"taxonomy":"category","embeddable":true,"href":"https:\/\/7culture.ci\/index.php\/wp-json\/wp\/v2\/categories?post=21538"},{"taxonomy":"post_tag","embeddable":true,"href":"https:\/\/7culture.ci\/index.php\/wp-json\/wp\/v2\/tags?post=21538"}],"curies":[{"name":"wp","href":"https:\/\/api.w.org\/{rel}","templated":true}]}}