{"id":21499,"date":"2022-06-02T16:17:32","date_gmt":"2022-06-02T14:17:32","guid":{"rendered":"https:\/\/7culture.ci\/?p=21499"},"modified":"2022-06-02T16:17:35","modified_gmt":"2022-06-02T14:17:35","slug":"people-johnny-depp-gagne-son-proces-contre-amber-heard","status":"publish","type":"post","link":"https:\/\/7culture.ci\/index.php\/2022\/06\/02\/people-johnny-depp-gagne-son-proces-contre-amber-heard\/","title":{"rendered":"People\u00a0: Johnny Depp gagne son proc\u00e8s contre Amber Heard"},"content":{"rendered":"\n<p><strong><em>Le jury l&#8217;a &#8220;rendu \u00e0 la vie&#8221;. Johnny Depp a fait part de son soulagement ce mercredi apr\u00e8s le verdict dans le proc\u00e8s l&#8217;opposant \u00e0 son ex-\u00e9pouse. La justice a conclu qu&#8217;Amber Heard avait diffam\u00e9 l&#8217;acteur dans la presse.<\/em><\/strong><\/p>\n\n\n\n<p>Apr\u00e8s plusieurs semaines o\u00f9 de nombreuses r\u00e9v\u00e9lations se sont succ\u00e9d\u00e9 gr\u00e2ce \u00e0 des t\u00e9moins cl\u00e9s, le proc\u00e8s pour diffamation qui oppose Johnny Depp \u00e0 Amber Heard est officiellement termin\u00e9. Les jur\u00e9s ont rendu leur verdict ce mercredi 1er juin apr\u00e8s 13 heures de d\u00e9lib\u00e9ration. C\u2019est Amber Heard qui a \u00e9t\u00e9 reconnue coupable de diffamation contre Johnny Depp. L\u2019actrice a \u00e9t\u00e9 condamn\u00e9e \u00e0 verser 15 millions de dollars de dommages et int\u00e9r\u00eats \u00e0 son ex-\u00e9poux. Ce dernier a d\u2019ailleurs lui aussi \u00e9t\u00e9 reconnu coupable de diffamation pour l\u2019une de ses d\u00e9clarations et doit de son c\u00f4t\u00e9 donner la somme de 2 millions de dollars \u00e0 la star d\u2019\u2019\u2019Aquaman\u2019\u2019. Quelques heures apr\u00e8s la sentence, Johnny Depp et Amber Heard ont chacun publi\u00e9 un message sur leurs r\u00e9seaux sociaux.<\/p>\n\n\n\n<figure class=\"wp-block-image size-large is-resized\"><img loading=\"lazy\" decoding=\"async\" src=\"https:\/\/7culture.ci\/wp-content\/uploads\/2022\/06\/johnny-amber1-1024x682.jpg\" alt=\"\" class=\"wp-image-21501\" width=\"622\" height=\"414\" srcset=\"https:\/\/7culture.ci\/wp-content\/uploads\/2022\/06\/johnny-amber1-1024x682.jpg 1024w, https:\/\/7culture.ci\/wp-content\/uploads\/2022\/06\/johnny-amber1-300x200.jpg 300w, https:\/\/7culture.ci\/wp-content\/uploads\/2022\/06\/johnny-amber1-768x512.jpg 768w, https:\/\/7culture.ci\/wp-content\/uploads\/2022\/06\/johnny-amber1-1536x1024.jpg 1536w, https:\/\/7culture.ci\/wp-content\/uploads\/2022\/06\/johnny-amber1.jpg 2000w\" sizes=\"(max-width: 622px) 100vw, 622px\" \/><\/figure>\n\n\n\n<p>\u00ab<strong><em>Il y a six ans, ma vie, celle de mes enfants, celle de mes proches, et aussi celle des gens qui m&#8217;ont soutenu et cru en moi, a d\u00e9finitivement chang\u00e9. En un clin d&#8217;\u0153il. Six ans plus tard, le jury m&#8217;a rendu ma vie. Je suis v\u00e9ritablement touch\u00e9. Dire la v\u00e9rit\u00e9 \u00e9tait quelque chose que je devais \u00e0 mes enfants et \u00e0 tous ceux qui m&#8217;ont soutenu avec fermet\u00e9. Je me sens en paix en sachant que j&#8217;ai enfin accompli cela. Je tiens \u00e0 souligner le noble travail du juge, des jur\u00e9s, du personnel du tribunal et des sh\u00e9rifs qui ont sacrifi\u00e9 leur temps pour en arriver l\u00e0, ainsi qu\u2019\u00e0 mon \u00e9quipe juridique diligente et in\u00e9branlable qui a fait un travail extraordinaire en m\u2019aidant \u00e0 partager la v\u00e9rit\u00e9. Le meilleur reste \u00e0 venir et un nouveau chapitre commence enfin. La v\u00e9rit\u00e9 ne p\u00e9rit jamais<\/em><\/strong>\u00bb, a twitt\u00e9 l\u2019acteur.<\/p>\n\n\n\n<div class=\"wp-block-image\"><figure class=\"aligncenter size-full\"><img loading=\"lazy\" decoding=\"async\" width=\"630\" height=\"386\" src=\"https:\/\/7culture.ci\/wp-content\/uploads\/2022\/06\/johnny-amber2.jpg\" alt=\"\" class=\"wp-image-21502\" srcset=\"https:\/\/7culture.ci\/wp-content\/uploads\/2022\/06\/johnny-amber2.jpg 630w, https:\/\/7culture.ci\/wp-content\/uploads\/2022\/06\/johnny-amber2-300x184.jpg 300w\" sizes=\"(max-width: 630px) 100vw, 630px\" \/><\/figure><\/div>\n\n\n\n<p>De son c\u00f4t\u00e9, Amber Heard, pr\u00e9sente au tribunal, a accueilli le verdict la mine grave et t\u00eate baiss\u00e9e, avant de rompre son silence dans un communiqu\u00e9 partag\u00e9 sur ses r\u00e9seaux sociaux en \u00e9voquant sa \u00ab<strong><em>d\u00e9ception incommensurable<\/em><\/strong>\u00bb. \u00ab<strong><em>Je suis d\u00e9vast\u00e9e par le fait que la montagne de preuves n&#8217;ait pas \u00e9t\u00e9 suffisante pour faire face au pouvoir, \u00e0 l&#8217;influence et \u00e0 l&#8217;ascendant bien plus importants de mon ex-mari<\/em><\/strong>\u00bb, a-t-elle \u00e9crit.<\/p>\n","protected":false},"excerpt":{"rendered":"<p>Le jury l&#8217;a &#8220;rendu \u00e0 la vie&#8221;. Johnny Depp a fait part de son soulagement ce mercredi apr\u00e8s le verdict dans le proc\u00e8s l&#8217;opposant \u00e0 son ex-\u00e9pouse. La justice a conclu qu&#8217;Amber Heard avait diffam\u00e9 l&#8217;acteur dans la presse. Apr\u00e8s plusieurs semaines o\u00f9 de nombreuses r\u00e9v\u00e9lations se sont succ\u00e9d\u00e9 gr\u00e2ce \u00e0 des t\u00e9moins cl\u00e9s, le &hellip;<\/p>\n<p class=\"read-more\"> <a class=\"\" href=\"https:\/\/7culture.ci\/index.php\/2022\/06\/02\/people-johnny-depp-gagne-son-proces-contre-amber-heard\/\"> <span class=\"screen-reader-text\">People\u00a0: Johnny Depp gagne son proc\u00e8s contre Amber Heard<\/span> Lire la suite\u00a0\u00bb<\/a><\/p>\n","protected":false},"author":1,"featured_media":21500,"comment_status":"open","ping_status":"open","sticky":false,"template":"","format":"standard","meta":{"_mi_skip_tracking":false,"_monsterinsights_sitenote_active":false,"_monsterinsights_sitenote_note":"","_monsterinsights_sitenote_category":0,"site-sidebar-layout":"default","site-content-layout":"default","ast-global-header-display":"","ast-main-header-display":"","ast-hfb-above-header-display":"","ast-hfb-below-header-display":"","ast-hfb-mobile-header-display":"","site-post-title":"","ast-breadcrumbs-content":"","ast-featured-img":"","footer-sml-layout":"","theme-transparent-header-meta":"","adv-header-id-meta":"","stick-header-meta":"","header-above-stick-meta":"","header-main-stick-meta":"","header-below-stick-meta":"","footnotes":"","jetpack_publicize_message":"","jetpack_is_tweetstorm":false,"jetpack_publicize_feature_enabled":true},"categories":[22],"tags":[],"jetpack_publicize_connections":[],"acf":[],"aioseo_notices":[],"yoast_head":"<!-- This site is optimized with the Yoast SEO plugin v19.6.1 - https:\/\/yoast.com\/wordpress\/plugins\/seo\/ -->\n<title>People\u00a0: Johnny Depp gagne son proc\u00e8s contre Amber Heard -<\/title>\n<meta name=\"robots\" content=\"index, follow, max-snippet:-1, max-image-preview:large, max-video-preview:-1\" \/>\n<link rel=\"canonical\" href=\"https:\/\/7culture.ci\/index.php\/2022\/06\/02\/people-johnny-depp-gagne-son-proces-contre-amber-heard\/\" \/>\n<meta property=\"og:locale\" content=\"fr_FR\" \/>\n<meta property=\"og:type\" content=\"article\" \/>\n<meta property=\"og:title\" content=\"People\u00a0: Johnny Depp gagne son proc\u00e8s contre Amber Heard -\" \/>\n<meta property=\"og:description\" content=\"Le jury l&#8217;a &#8220;rendu \u00e0 la vie&#8221;. Johnny Depp a fait part de son soulagement ce mercredi apr\u00e8s le verdict dans le proc\u00e8s l&#8217;opposant \u00e0 son ex-\u00e9pouse. La justice a conclu qu&#8217;Amber Heard avait diffam\u00e9 l&#8217;acteur dans la presse. Apr\u00e8s plusieurs semaines o\u00f9 de nombreuses r\u00e9v\u00e9lations se sont succ\u00e9d\u00e9 gr\u00e2ce \u00e0 des t\u00e9moins cl\u00e9s, le &hellip; People\u00a0: Johnny Depp gagne son proc\u00e8s contre Amber Heard Lire la suite\u00a0\u00bb\" \/>\n<meta property=\"og:url\" content=\"https:\/\/7culture.ci\/index.php\/2022\/06\/02\/people-johnny-depp-gagne-son-proces-contre-amber-heard\/\" \/>\n<meta property=\"og:site_name\" content=\"7culture\" \/>\n<meta property=\"article:publisher\" content=\"https:\/\/www.facebook.com\/redchefclaude\" \/>\n<meta property=\"article:published_time\" content=\"2022-06-02T14:17:32+00:00\" \/>\n<meta property=\"article:modified_time\" content=\"2022-06-02T14:17:35+00:00\" \/>\n<meta property=\"og:image\" content=\"http:\/\/7culture.ci\/wp-content\/uploads\/2022\/06\/johnny-amber3.jpg\" \/>\n\t<meta property=\"og:image:width\" content=\"856\" \/>\n\t<meta property=\"og:image:height\" content=\"482\" \/>\n\t<meta property=\"og:image:type\" content=\"image\/jpeg\" \/>\n<meta name=\"author\" content=\"7culture2020\" \/>\n<meta name=\"twitter:card\" content=\"summary_large_image\" \/>\n<meta name=\"twitter:creator\" content=\"@7culturec\" \/>\n<meta name=\"twitter:site\" content=\"@7culturec\" \/>\n<meta name=\"twitter:label1\" content=\"\u00c9crit par\" \/>\n\t<meta name=\"twitter:data1\" content=\"7culture2020\" \/>\n\t<meta name=\"twitter:label2\" content=\"Dur\u00e9e de lecture estim\u00e9e\" \/>\n\t<meta name=\"twitter:data2\" content=\"3 minutes\" \/>\n<script type=\"application\/ld+json\" class=\"yoast-schema-graph\">{\"@context\":\"https:\/\/schema.org\",\"@graph\":[{\"@type\":\"Article\",\"@id\":\"https:\/\/7culture.ci\/index.php\/2022\/06\/02\/people-johnny-depp-gagne-son-proces-contre-amber-heard\/#article\",\"isPartOf\":{\"@id\":\"https:\/\/7culture.ci\/index.php\/2022\/06\/02\/people-johnny-depp-gagne-son-proces-contre-amber-heard\/\"},\"author\":{\"name\":\"7culture2020\",\"@id\":\"https:\/\/7culture.ci\/#\/schema\/person\/16150d28d7ef66ba788c1f87f28c4426\"},\"headline\":\"People\u00a0: Johnny Depp gagne son proc\u00e8s contre Amber Heard\",\"datePublished\":\"2022-06-02T14:17:32+00:00\",\"dateModified\":\"2022-06-02T14:17:35+00:00\",\"mainEntityOfPage\":{\"@id\":\"https:\/\/7culture.ci\/index.php\/2022\/06\/02\/people-johnny-depp-gagne-son-proces-contre-amber-heard\/\"},\"wordCount\":422,\"commentCount\":0,\"publisher\":{\"@id\":\"https:\/\/7culture.ci\/#organization\"},\"articleSection\":[\"Actualit\u00e9\"],\"inLanguage\":\"fr-FR\",\"potentialAction\":[{\"@type\":\"CommentAction\",\"name\":\"Comment\",\"target\":[\"https:\/\/7culture.ci\/index.php\/2022\/06\/02\/people-johnny-depp-gagne-son-proces-contre-amber-heard\/#respond\"]}]},{\"@type\":\"WebPage\",\"@id\":\"https:\/\/7culture.ci\/index.php\/2022\/06\/02\/people-johnny-depp-gagne-son-proces-contre-amber-heard\/\",\"url\":\"https:\/\/7culture.ci\/index.php\/2022\/06\/02\/people-johnny-depp-gagne-son-proces-contre-amber-heard\/\",\"name\":\"People\u00a0: Johnny Depp gagne son proc\u00e8s contre Amber Heard -\",\"isPartOf\":{\"@id\":\"https:\/\/7culture.ci\/#website\"},\"datePublished\":\"2022-06-02T14:17:32+00:00\",\"dateModified\":\"2022-06-02T14:17:35+00:00\",\"breadcrumb\":{\"@id\":\"https:\/\/7culture.ci\/index.php\/2022\/06\/02\/people-johnny-depp-gagne-son-proces-contre-amber-heard\/#breadcrumb\"},\"inLanguage\":\"fr-FR\",\"potentialAction\":[{\"@type\":\"ReadAction\",\"target\":[\"https:\/\/7culture.ci\/index.php\/2022\/06\/02\/people-johnny-depp-gagne-son-proces-contre-amber-heard\/\"]}]},{\"@type\":\"BreadcrumbList\",\"@id\":\"https:\/\/7culture.ci\/index.php\/2022\/06\/02\/people-johnny-depp-gagne-son-proces-contre-amber-heard\/#breadcrumb\",\"itemListElement\":[{\"@type\":\"ListItem\",\"position\":1,\"name\":\"Accueil\",\"item\":\"https:\/\/7culture.ci\/\"},{\"@type\":\"ListItem\",\"position\":2,\"name\":\"People\u00a0: Johnny Depp gagne son proc\u00e8s contre Amber Heard\"}]},{\"@type\":\"WebSite\",\"@id\":\"https:\/\/7culture.ci\/#website\",\"url\":\"https:\/\/7culture.ci\/\",\"name\":\"7culture\",\"description\":\"Tout sur l&#039;actualit\u00e9\",\"publisher\":{\"@id\":\"https:\/\/7culture.ci\/#organization\"},\"potentialAction\":[{\"@type\":\"SearchAction\",\"target\":{\"@type\":\"EntryPoint\",\"urlTemplate\":\"https:\/\/7culture.ci\/?s={search_term_string}\"},\"query-input\":\"required name=search_term_string\"}],\"inLanguage\":\"fr-FR\"},{\"@type\":\"Organization\",\"@id\":\"https:\/\/7culture.ci\/#organization\",\"name\":\"7culture\",\"url\":\"https:\/\/7culture.ci\/\",\"sameAs\":[\"https:\/\/www.facebook.com\/redchefclaude\",\"https:\/\/twitter.com\/7culturec\"],\"logo\":{\"@type\":\"ImageObject\",\"inLanguage\":\"fr-FR\",\"@id\":\"https:\/\/7culture.ci\/#\/schema\/logo\/image\/\",\"url\":\"https:\/\/7culture.ci\/wp-content\/uploads\/2021\/12\/S1a-1.png\",\"contentUrl\":\"https:\/\/7culture.ci\/wp-content\/uploads\/2021\/12\/S1a-1.png\",\"width\":588,\"height\":192,\"caption\":\"7culture\"},\"image\":{\"@id\":\"https:\/\/7culture.ci\/#\/schema\/logo\/image\/\"}},{\"@type\":\"Person\",\"@id\":\"https:\/\/7culture.ci\/#\/schema\/person\/16150d28d7ef66ba788c1f87f28c4426\",\"name\":\"7culture2020\",\"image\":{\"@type\":\"ImageObject\",\"inLanguage\":\"fr-FR\",\"@id\":\"https:\/\/7culture.ci\/#\/schema\/person\/image\/\",\"url\":\"https:\/\/secure.gravatar.com\/avatar\/9a0784f951306c37bcd065f52844ef95?s=96&d=mm&r=g\",\"contentUrl\":\"https:\/\/secure.gravatar.com\/avatar\/9a0784f951306c37bcd065f52844ef95?s=96&d=mm&r=g\",\"caption\":\"7culture2020\"},\"sameAs\":[\"http:\/\/7culture.ci\",\"Claude.kipre\"],\"url\":\"https:\/\/7culture.ci\/index.php\/author\/7culture2020\/\"}]}<\/script>\n<!-- \/ Yoast SEO plugin. -->","yoast_head_json":{"title":"People\u00a0: Johnny Depp gagne son proc\u00e8s contre Amber Heard -","robots":{"index":"index","follow":"follow","max-snippet":"max-snippet:-1","max-image-preview":"max-image-preview:large","max-video-preview":"max-video-preview:-1"},"canonical":"https:\/\/7culture.ci\/index.php\/2022\/06\/02\/people-johnny-depp-gagne-son-proces-contre-amber-heard\/","og_locale":"fr_FR","og_type":"article","og_title":"People\u00a0: Johnny Depp gagne son proc\u00e8s contre Amber Heard -","og_description":"Le jury l&#8217;a &#8220;rendu \u00e0 la vie&#8221;. Johnny Depp a fait part de son soulagement ce mercredi apr\u00e8s le verdict dans le proc\u00e8s l&#8217;opposant \u00e0 son ex-\u00e9pouse. La justice a conclu qu&#8217;Amber Heard avait diffam\u00e9 l&#8217;acteur dans la presse. Apr\u00e8s plusieurs semaines o\u00f9 de nombreuses r\u00e9v\u00e9lations se sont succ\u00e9d\u00e9 gr\u00e2ce \u00e0 des t\u00e9moins cl\u00e9s, le &hellip; People\u00a0: Johnny Depp gagne son proc\u00e8s contre Amber Heard Lire la suite\u00a0\u00bb","og_url":"https:\/\/7culture.ci\/index.php\/2022\/06\/02\/people-johnny-depp-gagne-son-proces-contre-amber-heard\/","og_site_name":"7culture","article_publisher":"https:\/\/www.facebook.com\/redchefclaude","article_published_time":"2022-06-02T14:17:32+00:00","article_modified_time":"2022-06-02T14:17:35+00:00","og_image":[{"width":856,"height":482,"url":"http:\/\/7culture.ci\/wp-content\/uploads\/2022\/06\/johnny-amber3.jpg","type":"image\/jpeg"}],"author":"7culture2020","twitter_card":"summary_large_image","twitter_creator":"@7culturec","twitter_site":"@7culturec","twitter_misc":{"\u00c9crit par":"7culture2020","Dur\u00e9e de lecture estim\u00e9e":"3 minutes"},"schema":{"@context":"https:\/\/schema.org","@graph":[{"@type":"Article","@id":"https:\/\/7culture.ci\/index.php\/2022\/06\/02\/people-johnny-depp-gagne-son-proces-contre-amber-heard\/#article","isPartOf":{"@id":"https:\/\/7culture.ci\/index.php\/2022\/06\/02\/people-johnny-depp-gagne-son-proces-contre-amber-heard\/"},"author":{"name":"7culture2020","@id":"https:\/\/7culture.ci\/#\/schema\/person\/16150d28d7ef66ba788c1f87f28c4426"},"headline":"People\u00a0: Johnny Depp gagne son proc\u00e8s contre Amber Heard","datePublished":"2022-06-02T14:17:32+00:00","dateModified":"2022-06-02T14:17:35+00:00","mainEntityOfPage":{"@id":"https:\/\/7culture.ci\/index.php\/2022\/06\/02\/people-johnny-depp-gagne-son-proces-contre-amber-heard\/"},"wordCount":422,"commentCount":0,"publisher":{"@id":"https:\/\/7culture.ci\/#organization"},"articleSection":["Actualit\u00e9"],"inLanguage":"fr-FR","potentialAction":[{"@type":"CommentAction","name":"Comment","target":["https:\/\/7culture.ci\/index.php\/2022\/06\/02\/people-johnny-depp-gagne-son-proces-contre-amber-heard\/#respond"]}]},{"@type":"WebPage","@id":"https:\/\/7culture.ci\/index.php\/2022\/06\/02\/people-johnny-depp-gagne-son-proces-contre-amber-heard\/","url":"https:\/\/7culture.ci\/index.php\/2022\/06\/02\/people-johnny-depp-gagne-son-proces-contre-amber-heard\/","name":"People\u00a0: Johnny Depp gagne son proc\u00e8s contre Amber Heard -","isPartOf":{"@id":"https:\/\/7culture.ci\/#website"},"datePublished":"2022-06-02T14:17:32+00:00","dateModified":"2022-06-02T14:17:35+00:00","breadcrumb":{"@id":"https:\/\/7culture.ci\/index.php\/2022\/06\/02\/people-johnny-depp-gagne-son-proces-contre-amber-heard\/#breadcrumb"},"inLanguage":"fr-FR","potentialAction":[{"@type":"ReadAction","target":["https:\/\/7culture.ci\/index.php\/2022\/06\/02\/people-johnny-depp-gagne-son-proces-contre-amber-heard\/"]}]},{"@type":"BreadcrumbList","@id":"https:\/\/7culture.ci\/index.php\/2022\/06\/02\/people-johnny-depp-gagne-son-proces-contre-amber-heard\/#breadcrumb","itemListElement":[{"@type":"ListItem","position":1,"name":"Accueil","item":"https:\/\/7culture.ci\/"},{"@type":"ListItem","position":2,"name":"People\u00a0: Johnny Depp gagne son proc\u00e8s contre Amber Heard"}]},{"@type":"WebSite","@id":"https:\/\/7culture.ci\/#website","url":"https:\/\/7culture.ci\/","name":"7culture","description":"Tout sur l&#039;actualit\u00e9","publisher":{"@id":"https:\/\/7culture.ci\/#organization"},"potentialAction":[{"@type":"SearchAction","target":{"@type":"EntryPoint","urlTemplate":"https:\/\/7culture.ci\/?s={search_term_string}"},"query-input":"required name=search_term_string"}],"inLanguage":"fr-FR"},{"@type":"Organization","@id":"https:\/\/7culture.ci\/#organization","name":"7culture","url":"https:\/\/7culture.ci\/","sameAs":["https:\/\/www.facebook.com\/redchefclaude","https:\/\/twitter.com\/7culturec"],"logo":{"@type":"ImageObject","inLanguage":"fr-FR","@id":"https:\/\/7culture.ci\/#\/schema\/logo\/image\/","url":"https:\/\/7culture.ci\/wp-content\/uploads\/2021\/12\/S1a-1.png","contentUrl":"https:\/\/7culture.ci\/wp-content\/uploads\/2021\/12\/S1a-1.png","width":588,"height":192,"caption":"7culture"},"image":{"@id":"https:\/\/7culture.ci\/#\/schema\/logo\/image\/"}},{"@type":"Person","@id":"https:\/\/7culture.ci\/#\/schema\/person\/16150d28d7ef66ba788c1f87f28c4426","name":"7culture2020","image":{"@type":"ImageObject","inLanguage":"fr-FR","@id":"https:\/\/7culture.ci\/#\/schema\/person\/image\/","url":"https:\/\/secure.gravatar.com\/avatar\/9a0784f951306c37bcd065f52844ef95?s=96&d=mm&r=g","contentUrl":"https:\/\/secure.gravatar.com\/avatar\/9a0784f951306c37bcd065f52844ef95?s=96&d=mm&r=g","caption":"7culture2020"},"sameAs":["http:\/\/7culture.ci","Claude.kipre"],"url":"https:\/\/7culture.ci\/index.php\/author\/7culture2020\/"}]}},"jetpack_featured_media_url":"https:\/\/7culture.ci\/wp-content\/uploads\/2022\/06\/johnny-amber3.jpg","jetpack_likes_enabled":true,"jetpack_sharing_enabled":true,"_links":{"self":[{"href":"https:\/\/7culture.ci\/index.php\/wp-json\/wp\/v2\/posts\/21499"}],"collection":[{"href":"https:\/\/7culture.ci\/index.php\/wp-json\/wp\/v2\/posts"}],"about":[{"href":"https:\/\/7culture.ci\/index.php\/wp-json\/wp\/v2\/types\/post"}],"author":[{"embeddable":true,"href":"https:\/\/7culture.ci\/index.php\/wp-json\/wp\/v2\/users\/1"}],"replies":[{"embeddable":true,"href":"https:\/\/7culture.ci\/index.php\/wp-json\/wp\/v2\/comments?post=21499"}],"version-history":[{"count":0,"href":"https:\/\/7culture.ci\/index.php\/wp-json\/wp\/v2\/posts\/21499\/revisions"}],"wp:featuredmedia":[{"embeddable":true,"href":"https:\/\/7culture.ci\/index.php\/wp-json\/wp\/v2\/media\/21500"}],"wp:attachment":[{"href":"https:\/\/7culture.ci\/index.php\/wp-json\/wp\/v2\/media?parent=21499"}],"wp:term":[{"taxonomy":"category","embeddable":true,"href":"https:\/\/7culture.ci\/index.php\/wp-json\/wp\/v2\/categories?post=21499"},{"taxonomy":"post_tag","embeddable":true,"href":"https:\/\/7culture.ci\/index.php\/wp-json\/wp\/v2\/tags?post=21499"}],"curies":[{"name":"wp","href":"https:\/\/api.w.org\/{rel}","templated":true}]}}