{"id":21404,"date":"2022-05-30T13:33:29","date_gmt":"2022-05-30T11:33:29","guid":{"rendered":"https:\/\/7culture.ci\/?p=21404"},"modified":"2022-05-30T13:33:34","modified_gmt":"2022-05-30T11:33:34","slug":"miss-olivia-yace-pose-la-premiere-pierre-dun-hopital-a-ngokro","status":"publish","type":"post","link":"https:\/\/7culture.ci\/index.php\/2022\/05\/30\/miss-olivia-yace-pose-la-premiere-pierre-dun-hopital-a-ngokro\/","title":{"rendered":"Miss Olivia Yac\u00e9 pose la premi\u00e8re pierre d\u2019un h\u00f4pital \u00e0 N\u2019gokro"},"content":{"rendered":"\n<p>Une semaine apr\u00e8s la remise des clefs du Centre de sant\u00e9 rural de Nanglais dans la R\u00e9gion du Gb\u00eak\u00ea, les fondations COMICI et LONACI ont proc\u00e9d\u00e9 le vendredi 27 mai dernier \u00e0 la pose de la premi\u00e8re pierre d&#8217;un dispensaire \u00e0 N&#8217;gokro en pr\u00e9sence de Miss Olivia Yac\u00e9, Miss CI 2021.<\/p>\n\n\n\n<p>Et de 2 pour les Fondations COMICI et LONACI! Conform\u00e9ment \u00e0 leurs termes de collaboration, depuis l&#8217;ann\u00e9e derni\u00e8re,&nbsp; ces deux partenaires ont d\u00e9cid\u00e9 d&#8217;offrir une \u0153uvre de charit\u00e9 d&#8217;int\u00e9r\u00eat communautaire aux r\u00e9gions d&#8217;\u00e9lection des Miss nationales.<\/p>\n\n\n\n<figure class=\"wp-block-gallery has-nested-images columns-default is-cropped wp-block-gallery-1 is-layout-flex wp-block-gallery-is-layout-flex\">\n<figure class=\"wp-block-image size-large\"><img loading=\"lazy\" decoding=\"async\" width=\"1024\" height=\"768\" data-id=\"21406\" src=\"https:\/\/7culture.ci\/wp-content\/uploads\/2022\/05\/IMG-20220527-WA0089-1024x768.jpg\" alt=\"\" class=\"wp-image-21406\" srcset=\"https:\/\/7culture.ci\/wp-content\/uploads\/2022\/05\/IMG-20220527-WA0089-1024x768.jpg 1024w, https:\/\/7culture.ci\/wp-content\/uploads\/2022\/05\/IMG-20220527-WA0089-300x225.jpg 300w, https:\/\/7culture.ci\/wp-content\/uploads\/2022\/05\/IMG-20220527-WA0089-768x576.jpg 768w, https:\/\/7culture.ci\/wp-content\/uploads\/2022\/05\/IMG-20220527-WA0089.jpg 1280w\" sizes=\"(max-width: 1024px) 100vw, 1024px\" \/><\/figure>\n\n\n\n<figure class=\"wp-block-image size-large\"><img loading=\"lazy\" decoding=\"async\" width=\"1024\" height=\"768\" data-id=\"21407\" src=\"https:\/\/7culture.ci\/wp-content\/uploads\/2022\/05\/IMG-20220527-WA0091-1024x768.jpg\" alt=\"\" class=\"wp-image-21407\" srcset=\"https:\/\/7culture.ci\/wp-content\/uploads\/2022\/05\/IMG-20220527-WA0091-1024x768.jpg 1024w, https:\/\/7culture.ci\/wp-content\/uploads\/2022\/05\/IMG-20220527-WA0091-300x225.jpg 300w, https:\/\/7culture.ci\/wp-content\/uploads\/2022\/05\/IMG-20220527-WA0091-768x576.jpg 768w, https:\/\/7culture.ci\/wp-content\/uploads\/2022\/05\/IMG-20220527-WA0091.jpg 1280w\" sizes=\"(max-width: 1024px) 100vw, 1024px\" \/><\/figure>\n\n\n\n<figure class=\"wp-block-image size-large\"><img loading=\"lazy\" decoding=\"async\" width=\"768\" height=\"1024\" data-id=\"21408\" src=\"https:\/\/7culture.ci\/wp-content\/uploads\/2022\/05\/IMG-20220527-WA0093-768x1024.jpg\" alt=\"\" class=\"wp-image-21408\" srcset=\"https:\/\/7culture.ci\/wp-content\/uploads\/2022\/05\/IMG-20220527-WA0093-768x1024.jpg 768w, https:\/\/7culture.ci\/wp-content\/uploads\/2022\/05\/IMG-20220527-WA0093-225x300.jpg 225w, https:\/\/7culture.ci\/wp-content\/uploads\/2022\/05\/IMG-20220527-WA0093.jpg 960w\" sizes=\"(max-width: 768px) 100vw, 768px\" \/><\/figure>\n<\/figure>\n\n\n\n<p>Un an apr\u00e8s la pose de la premi\u00e8re pierre d&#8217;un Centre de sant\u00e9 rural \u00e0 Nanglais non loin de Sakassou dans la R\u00e9gion du Gb\u00eak\u00ea, cet \u00e9tablissement sanitaire enti\u00e8rement achev\u00e9, a \u00e9t\u00e9 remis aux b\u00e9n\u00e9ficiaires le 22 mai dernier.<\/p>\n\n\n\n<p>Une semaine apr\u00e8s,&nbsp; soit le 28 mai, c&#8217;\u00e9tait au tour de N&#8217;gokro dans le District Autonome de Yamoussoukro d\u2019accueillir la c\u00e9r\u00e9monie de pose de premi\u00e8re pierre d&#8217;un dispensaire qui verra le jour dans quelques mois. C\u2019est dans cette r\u00e9gion qu\u2019Olivia Yac\u00e9 a \u00e9t\u00e9 \u00e9lue en pr\u00e9s\u00e9lection avant d\u2019\u00eatre sacr\u00e9e Miss nationale par la suite.&nbsp;<\/p>\n\n\n\n<figure class=\"wp-block-gallery has-nested-images columns-default is-cropped wp-block-gallery-2 is-layout-flex wp-block-gallery-is-layout-flex\">\n<figure class=\"wp-block-image size-large\"><img loading=\"lazy\" decoding=\"async\" width=\"1024\" height=\"768\" data-id=\"21410\" src=\"https:\/\/7culture.ci\/wp-content\/uploads\/2022\/05\/IMG-20220527-WA0076-1024x768.jpg\" alt=\"\" class=\"wp-image-21410\" srcset=\"https:\/\/7culture.ci\/wp-content\/uploads\/2022\/05\/IMG-20220527-WA0076-1024x768.jpg 1024w, https:\/\/7culture.ci\/wp-content\/uploads\/2022\/05\/IMG-20220527-WA0076-300x225.jpg 300w, https:\/\/7culture.ci\/wp-content\/uploads\/2022\/05\/IMG-20220527-WA0076-768x576.jpg 768w, https:\/\/7culture.ci\/wp-content\/uploads\/2022\/05\/IMG-20220527-WA0076.jpg 1280w\" sizes=\"(max-width: 1024px) 100vw, 1024px\" \/><\/figure>\n\n\n\n<figure class=\"wp-block-image size-large\"><img loading=\"lazy\" decoding=\"async\" width=\"768\" height=\"1024\" data-id=\"21411\" src=\"https:\/\/7culture.ci\/wp-content\/uploads\/2022\/05\/IMG-20220527-WA0084-768x1024.jpg\" alt=\"\" class=\"wp-image-21411\" srcset=\"https:\/\/7culture.ci\/wp-content\/uploads\/2022\/05\/IMG-20220527-WA0084-768x1024.jpg 768w, https:\/\/7culture.ci\/wp-content\/uploads\/2022\/05\/IMG-20220527-WA0084-225x300.jpg 225w, https:\/\/7culture.ci\/wp-content\/uploads\/2022\/05\/IMG-20220527-WA0084.jpg 960w\" sizes=\"(max-width: 768px) 100vw, 768px\" \/><\/figure>\n\n\n\n<figure class=\"wp-block-image size-large\"><img loading=\"lazy\" decoding=\"async\" width=\"768\" height=\"1024\" data-id=\"21409\" src=\"https:\/\/7culture.ci\/wp-content\/uploads\/2022\/05\/IMG-20220527-WA0096-768x1024.jpg\" alt=\"\" class=\"wp-image-21409\" srcset=\"https:\/\/7culture.ci\/wp-content\/uploads\/2022\/05\/IMG-20220527-WA0096-768x1024.jpg 768w, https:\/\/7culture.ci\/wp-content\/uploads\/2022\/05\/IMG-20220527-WA0096-225x300.jpg 225w, https:\/\/7culture.ci\/wp-content\/uploads\/2022\/05\/IMG-20220527-WA0096.jpg 960w\" sizes=\"(max-width: 768px) 100vw, 768px\" \/><\/figure>\n<\/figure>\n\n\n\n<p>L\u2019\u00e9v\u00e8nement s\u2019est d\u00e9roul\u00e9 en pr\u00e9sence des plus hautes autorit\u00e9s politiques et administratives, des parents de Miss Olivia Yac\u00e9 et de la 2<sup>e<\/sup> Dauphine Miss Monde 2021 elle-m\u00eame. Le premier coup de pioche a \u00e9t\u00e9 donn\u00e9 devant une foule d&#8217;habitants et d&#8217;admirateurs conquis.<\/p>\n\n\n\n<p>Avec SerCom<\/p>\n","protected":false},"excerpt":{"rendered":"<p>Une semaine apr\u00e8s la remise des clefs du Centre de sant\u00e9 rural de Nanglais dans la R\u00e9gion du Gb\u00eak\u00ea, les fondations COMICI et LONACI ont proc\u00e9d\u00e9 le vendredi 27 mai dernier \u00e0 la pose de la premi\u00e8re pierre d&#8217;un dispensaire \u00e0 N&#8217;gokro en pr\u00e9sence de Miss Olivia Yac\u00e9, Miss CI 2021. Et de 2 pour &hellip;<\/p>\n<p class=\"read-more\"> <a class=\"\" href=\"https:\/\/7culture.ci\/index.php\/2022\/05\/30\/miss-olivia-yace-pose-la-premiere-pierre-dun-hopital-a-ngokro\/\"> <span class=\"screen-reader-text\">Miss Olivia Yac\u00e9 pose la premi\u00e8re pierre d\u2019un h\u00f4pital \u00e0 N\u2019gokro<\/span> Lire la suite\u00a0\u00bb<\/a><\/p>\n","protected":false},"author":1,"featured_media":21413,"comment_status":"open","ping_status":"open","sticky":false,"template":"","format":"standard","meta":{"_mi_skip_tracking":false,"_monsterinsights_sitenote_active":false,"_monsterinsights_sitenote_note":"","_monsterinsights_sitenote_category":0,"site-sidebar-layout":"default","site-content-layout":"default","ast-global-header-display":"","ast-main-header-display":"","ast-hfb-above-header-display":"","ast-hfb-below-header-display":"","ast-hfb-mobile-header-display":"","site-post-title":"","ast-breadcrumbs-content":"","ast-featured-img":"","footer-sml-layout":"","theme-transparent-header-meta":"","adv-header-id-meta":"","stick-header-meta":"","header-above-stick-meta":"","header-main-stick-meta":"","header-below-stick-meta":"","footnotes":"","jetpack_publicize_message":"","jetpack_is_tweetstorm":false,"jetpack_publicize_feature_enabled":true},"categories":[22],"tags":[],"jetpack_publicize_connections":[],"acf":[],"aioseo_notices":[],"yoast_head":"<!-- This site is optimized with the Yoast SEO plugin v19.6.1 - https:\/\/yoast.com\/wordpress\/plugins\/seo\/ -->\n<title>Miss Olivia Yac\u00e9 pose la premi\u00e8re pierre d\u2019un h\u00f4pital \u00e0 N\u2019gokro - 7culture<\/title>\n<meta name=\"robots\" content=\"index, follow, max-snippet:-1, max-image-preview:large, max-video-preview:-1\" \/>\n<link rel=\"canonical\" href=\"https:\/\/7culture.ci\/index.php\/2022\/05\/30\/miss-olivia-yace-pose-la-premiere-pierre-dun-hopital-a-ngokro\/\" \/>\n<meta property=\"og:locale\" content=\"fr_FR\" \/>\n<meta property=\"og:type\" content=\"article\" \/>\n<meta property=\"og:title\" content=\"Miss Olivia Yac\u00e9 pose la premi\u00e8re pierre d\u2019un h\u00f4pital \u00e0 N\u2019gokro - 7culture\" \/>\n<meta property=\"og:description\" content=\"Une semaine apr\u00e8s la remise des clefs du Centre de sant\u00e9 rural de Nanglais dans la R\u00e9gion du Gb\u00eak\u00ea, les fondations COMICI et LONACI ont proc\u00e9d\u00e9 le vendredi 27 mai dernier \u00e0 la pose de la premi\u00e8re pierre d&#8217;un dispensaire \u00e0 N&#8217;gokro en pr\u00e9sence de Miss Olivia Yac\u00e9, Miss CI 2021. Et de 2 pour &hellip; Miss Olivia Yac\u00e9 pose la premi\u00e8re pierre d\u2019un h\u00f4pital \u00e0 N\u2019gokro Lire la suite\u00a0\u00bb\" \/>\n<meta property=\"og:url\" content=\"https:\/\/7culture.ci\/index.php\/2022\/05\/30\/miss-olivia-yace-pose-la-premiere-pierre-dun-hopital-a-ngokro\/\" \/>\n<meta property=\"og:site_name\" content=\"7culture\" \/>\n<meta property=\"article:publisher\" content=\"https:\/\/www.facebook.com\/redchefclaude\" \/>\n<meta property=\"article:published_time\" content=\"2022-05-30T11:33:29+00:00\" \/>\n<meta property=\"article:modified_time\" content=\"2022-05-30T11:33:34+00:00\" \/>\n<meta property=\"og:image\" content=\"http:\/\/7culture.ci\/wp-content\/uploads\/2022\/05\/ngokro.jpg\" \/>\n\t<meta property=\"og:image:width\" content=\"897\" \/>\n\t<meta property=\"og:image:height\" content=\"871\" \/>\n\t<meta property=\"og:image:type\" content=\"image\/jpeg\" \/>\n<meta name=\"author\" content=\"7culture2020\" \/>\n<meta name=\"twitter:card\" content=\"summary_large_image\" \/>\n<meta name=\"twitter:creator\" content=\"@7culturec\" \/>\n<meta name=\"twitter:site\" content=\"@7culturec\" \/>\n<meta name=\"twitter:label1\" content=\"\u00c9crit par\" \/>\n\t<meta name=\"twitter:data1\" content=\"7culture2020\" \/>\n\t<meta name=\"twitter:label2\" content=\"Dur\u00e9e de lecture estim\u00e9e\" \/>\n\t<meta name=\"twitter:data2\" content=\"3 minutes\" \/>\n<script type=\"application\/ld+json\" class=\"yoast-schema-graph\">{\"@context\":\"https:\/\/schema.org\",\"@graph\":[{\"@type\":\"Article\",\"@id\":\"https:\/\/7culture.ci\/index.php\/2022\/05\/30\/miss-olivia-yace-pose-la-premiere-pierre-dun-hopital-a-ngokro\/#article\",\"isPartOf\":{\"@id\":\"https:\/\/7culture.ci\/index.php\/2022\/05\/30\/miss-olivia-yace-pose-la-premiere-pierre-dun-hopital-a-ngokro\/\"},\"author\":{\"name\":\"7culture2020\",\"@id\":\"https:\/\/7culture.ci\/#\/schema\/person\/16150d28d7ef66ba788c1f87f28c4426\"},\"headline\":\"Miss Olivia Yac\u00e9 pose la premi\u00e8re pierre d\u2019un h\u00f4pital \u00e0 N\u2019gokro\",\"datePublished\":\"2022-05-30T11:33:29+00:00\",\"dateModified\":\"2022-05-30T11:33:34+00:00\",\"mainEntityOfPage\":{\"@id\":\"https:\/\/7culture.ci\/index.php\/2022\/05\/30\/miss-olivia-yace-pose-la-premiere-pierre-dun-hopital-a-ngokro\/\"},\"wordCount\":272,\"commentCount\":0,\"publisher\":{\"@id\":\"https:\/\/7culture.ci\/#organization\"},\"articleSection\":[\"Actualit\u00e9\"],\"inLanguage\":\"fr-FR\",\"potentialAction\":[{\"@type\":\"CommentAction\",\"name\":\"Comment\",\"target\":[\"https:\/\/7culture.ci\/index.php\/2022\/05\/30\/miss-olivia-yace-pose-la-premiere-pierre-dun-hopital-a-ngokro\/#respond\"]}]},{\"@type\":\"WebPage\",\"@id\":\"https:\/\/7culture.ci\/index.php\/2022\/05\/30\/miss-olivia-yace-pose-la-premiere-pierre-dun-hopital-a-ngokro\/\",\"url\":\"https:\/\/7culture.ci\/index.php\/2022\/05\/30\/miss-olivia-yace-pose-la-premiere-pierre-dun-hopital-a-ngokro\/\",\"name\":\"Miss Olivia Yac\u00e9 pose la premi\u00e8re pierre d\u2019un h\u00f4pital \u00e0 N\u2019gokro - 7culture\",\"isPartOf\":{\"@id\":\"https:\/\/7culture.ci\/#website\"},\"datePublished\":\"2022-05-30T11:33:29+00:00\",\"dateModified\":\"2022-05-30T11:33:34+00:00\",\"breadcrumb\":{\"@id\":\"https:\/\/7culture.ci\/index.php\/2022\/05\/30\/miss-olivia-yace-pose-la-premiere-pierre-dun-hopital-a-ngokro\/#breadcrumb\"},\"inLanguage\":\"fr-FR\",\"potentialAction\":[{\"@type\":\"ReadAction\",\"target\":[\"https:\/\/7culture.ci\/index.php\/2022\/05\/30\/miss-olivia-yace-pose-la-premiere-pierre-dun-hopital-a-ngokro\/\"]}]},{\"@type\":\"BreadcrumbList\",\"@id\":\"https:\/\/7culture.ci\/index.php\/2022\/05\/30\/miss-olivia-yace-pose-la-premiere-pierre-dun-hopital-a-ngokro\/#breadcrumb\",\"itemListElement\":[{\"@type\":\"ListItem\",\"position\":1,\"name\":\"Accueil\",\"item\":\"https:\/\/7culture.ci\/\"},{\"@type\":\"ListItem\",\"position\":2,\"name\":\"Miss Olivia Yac\u00e9 pose la premi\u00e8re pierre d\u2019un h\u00f4pital \u00e0 N\u2019gokro\"}]},{\"@type\":\"WebSite\",\"@id\":\"https:\/\/7culture.ci\/#website\",\"url\":\"https:\/\/7culture.ci\/\",\"name\":\"7culture\",\"description\":\"Tout sur l&#039;actualit\u00e9\",\"publisher\":{\"@id\":\"https:\/\/7culture.ci\/#organization\"},\"potentialAction\":[{\"@type\":\"SearchAction\",\"target\":{\"@type\":\"EntryPoint\",\"urlTemplate\":\"https:\/\/7culture.ci\/?s={search_term_string}\"},\"query-input\":\"required name=search_term_string\"}],\"inLanguage\":\"fr-FR\"},{\"@type\":\"Organization\",\"@id\":\"https:\/\/7culture.ci\/#organization\",\"name\":\"7culture\",\"url\":\"https:\/\/7culture.ci\/\",\"sameAs\":[\"https:\/\/www.facebook.com\/redchefclaude\",\"https:\/\/twitter.com\/7culturec\"],\"logo\":{\"@type\":\"ImageObject\",\"inLanguage\":\"fr-FR\",\"@id\":\"https:\/\/7culture.ci\/#\/schema\/logo\/image\/\",\"url\":\"https:\/\/7culture.ci\/wp-content\/uploads\/2021\/12\/S1a-1.png\",\"contentUrl\":\"https:\/\/7culture.ci\/wp-content\/uploads\/2021\/12\/S1a-1.png\",\"width\":588,\"height\":192,\"caption\":\"7culture\"},\"image\":{\"@id\":\"https:\/\/7culture.ci\/#\/schema\/logo\/image\/\"}},{\"@type\":\"Person\",\"@id\":\"https:\/\/7culture.ci\/#\/schema\/person\/16150d28d7ef66ba788c1f87f28c4426\",\"name\":\"7culture2020\",\"image\":{\"@type\":\"ImageObject\",\"inLanguage\":\"fr-FR\",\"@id\":\"https:\/\/7culture.ci\/#\/schema\/person\/image\/\",\"url\":\"https:\/\/secure.gravatar.com\/avatar\/9a0784f951306c37bcd065f52844ef95?s=96&d=mm&r=g\",\"contentUrl\":\"https:\/\/secure.gravatar.com\/avatar\/9a0784f951306c37bcd065f52844ef95?s=96&d=mm&r=g\",\"caption\":\"7culture2020\"},\"sameAs\":[\"http:\/\/7culture.ci\",\"Claude.kipre\"],\"url\":\"https:\/\/7culture.ci\/index.php\/author\/7culture2020\/\"}]}<\/script>\n<!-- \/ Yoast SEO plugin. -->","yoast_head_json":{"title":"Miss Olivia Yac\u00e9 pose la premi\u00e8re pierre d\u2019un h\u00f4pital \u00e0 N\u2019gokro - 7culture","robots":{"index":"index","follow":"follow","max-snippet":"max-snippet:-1","max-image-preview":"max-image-preview:large","max-video-preview":"max-video-preview:-1"},"canonical":"https:\/\/7culture.ci\/index.php\/2022\/05\/30\/miss-olivia-yace-pose-la-premiere-pierre-dun-hopital-a-ngokro\/","og_locale":"fr_FR","og_type":"article","og_title":"Miss Olivia Yac\u00e9 pose la premi\u00e8re pierre d\u2019un h\u00f4pital \u00e0 N\u2019gokro - 7culture","og_description":"Une semaine apr\u00e8s la remise des clefs du Centre de sant\u00e9 rural de Nanglais dans la R\u00e9gion du Gb\u00eak\u00ea, les fondations COMICI et LONACI ont proc\u00e9d\u00e9 le vendredi 27 mai dernier \u00e0 la pose de la premi\u00e8re pierre d&#8217;un dispensaire \u00e0 N&#8217;gokro en pr\u00e9sence de Miss Olivia Yac\u00e9, Miss CI 2021. Et de 2 pour &hellip; Miss Olivia Yac\u00e9 pose la premi\u00e8re pierre d\u2019un h\u00f4pital \u00e0 N\u2019gokro Lire la suite\u00a0\u00bb","og_url":"https:\/\/7culture.ci\/index.php\/2022\/05\/30\/miss-olivia-yace-pose-la-premiere-pierre-dun-hopital-a-ngokro\/","og_site_name":"7culture","article_publisher":"https:\/\/www.facebook.com\/redchefclaude","article_published_time":"2022-05-30T11:33:29+00:00","article_modified_time":"2022-05-30T11:33:34+00:00","og_image":[{"width":897,"height":871,"url":"http:\/\/7culture.ci\/wp-content\/uploads\/2022\/05\/ngokro.jpg","type":"image\/jpeg"}],"author":"7culture2020","twitter_card":"summary_large_image","twitter_creator":"@7culturec","twitter_site":"@7culturec","twitter_misc":{"\u00c9crit par":"7culture2020","Dur\u00e9e de lecture estim\u00e9e":"3 minutes"},"schema":{"@context":"https:\/\/schema.org","@graph":[{"@type":"Article","@id":"https:\/\/7culture.ci\/index.php\/2022\/05\/30\/miss-olivia-yace-pose-la-premiere-pierre-dun-hopital-a-ngokro\/#article","isPartOf":{"@id":"https:\/\/7culture.ci\/index.php\/2022\/05\/30\/miss-olivia-yace-pose-la-premiere-pierre-dun-hopital-a-ngokro\/"},"author":{"name":"7culture2020","@id":"https:\/\/7culture.ci\/#\/schema\/person\/16150d28d7ef66ba788c1f87f28c4426"},"headline":"Miss Olivia Yac\u00e9 pose la premi\u00e8re pierre d\u2019un h\u00f4pital \u00e0 N\u2019gokro","datePublished":"2022-05-30T11:33:29+00:00","dateModified":"2022-05-30T11:33:34+00:00","mainEntityOfPage":{"@id":"https:\/\/7culture.ci\/index.php\/2022\/05\/30\/miss-olivia-yace-pose-la-premiere-pierre-dun-hopital-a-ngokro\/"},"wordCount":272,"commentCount":0,"publisher":{"@id":"https:\/\/7culture.ci\/#organization"},"articleSection":["Actualit\u00e9"],"inLanguage":"fr-FR","potentialAction":[{"@type":"CommentAction","name":"Comment","target":["https:\/\/7culture.ci\/index.php\/2022\/05\/30\/miss-olivia-yace-pose-la-premiere-pierre-dun-hopital-a-ngokro\/#respond"]}]},{"@type":"WebPage","@id":"https:\/\/7culture.ci\/index.php\/2022\/05\/30\/miss-olivia-yace-pose-la-premiere-pierre-dun-hopital-a-ngokro\/","url":"https:\/\/7culture.ci\/index.php\/2022\/05\/30\/miss-olivia-yace-pose-la-premiere-pierre-dun-hopital-a-ngokro\/","name":"Miss Olivia Yac\u00e9 pose la premi\u00e8re pierre d\u2019un h\u00f4pital \u00e0 N\u2019gokro - 7culture","isPartOf":{"@id":"https:\/\/7culture.ci\/#website"},"datePublished":"2022-05-30T11:33:29+00:00","dateModified":"2022-05-30T11:33:34+00:00","breadcrumb":{"@id":"https:\/\/7culture.ci\/index.php\/2022\/05\/30\/miss-olivia-yace-pose-la-premiere-pierre-dun-hopital-a-ngokro\/#breadcrumb"},"inLanguage":"fr-FR","potentialAction":[{"@type":"ReadAction","target":["https:\/\/7culture.ci\/index.php\/2022\/05\/30\/miss-olivia-yace-pose-la-premiere-pierre-dun-hopital-a-ngokro\/"]}]},{"@type":"BreadcrumbList","@id":"https:\/\/7culture.ci\/index.php\/2022\/05\/30\/miss-olivia-yace-pose-la-premiere-pierre-dun-hopital-a-ngokro\/#breadcrumb","itemListElement":[{"@type":"ListItem","position":1,"name":"Accueil","item":"https:\/\/7culture.ci\/"},{"@type":"ListItem","position":2,"name":"Miss Olivia Yac\u00e9 pose la premi\u00e8re pierre d\u2019un h\u00f4pital \u00e0 N\u2019gokro"}]},{"@type":"WebSite","@id":"https:\/\/7culture.ci\/#website","url":"https:\/\/7culture.ci\/","name":"7culture","description":"Tout sur l&#039;actualit\u00e9","publisher":{"@id":"https:\/\/7culture.ci\/#organization"},"potentialAction":[{"@type":"SearchAction","target":{"@type":"EntryPoint","urlTemplate":"https:\/\/7culture.ci\/?s={search_term_string}"},"query-input":"required name=search_term_string"}],"inLanguage":"fr-FR"},{"@type":"Organization","@id":"https:\/\/7culture.ci\/#organization","name":"7culture","url":"https:\/\/7culture.ci\/","sameAs":["https:\/\/www.facebook.com\/redchefclaude","https:\/\/twitter.com\/7culturec"],"logo":{"@type":"ImageObject","inLanguage":"fr-FR","@id":"https:\/\/7culture.ci\/#\/schema\/logo\/image\/","url":"https:\/\/7culture.ci\/wp-content\/uploads\/2021\/12\/S1a-1.png","contentUrl":"https:\/\/7culture.ci\/wp-content\/uploads\/2021\/12\/S1a-1.png","width":588,"height":192,"caption":"7culture"},"image":{"@id":"https:\/\/7culture.ci\/#\/schema\/logo\/image\/"}},{"@type":"Person","@id":"https:\/\/7culture.ci\/#\/schema\/person\/16150d28d7ef66ba788c1f87f28c4426","name":"7culture2020","image":{"@type":"ImageObject","inLanguage":"fr-FR","@id":"https:\/\/7culture.ci\/#\/schema\/person\/image\/","url":"https:\/\/secure.gravatar.com\/avatar\/9a0784f951306c37bcd065f52844ef95?s=96&d=mm&r=g","contentUrl":"https:\/\/secure.gravatar.com\/avatar\/9a0784f951306c37bcd065f52844ef95?s=96&d=mm&r=g","caption":"7culture2020"},"sameAs":["http:\/\/7culture.ci","Claude.kipre"],"url":"https:\/\/7culture.ci\/index.php\/author\/7culture2020\/"}]}},"jetpack_featured_media_url":"https:\/\/7culture.ci\/wp-content\/uploads\/2022\/05\/ngokro.jpg","jetpack_likes_enabled":true,"jetpack_sharing_enabled":true,"_links":{"self":[{"href":"https:\/\/7culture.ci\/index.php\/wp-json\/wp\/v2\/posts\/21404"}],"collection":[{"href":"https:\/\/7culture.ci\/index.php\/wp-json\/wp\/v2\/posts"}],"about":[{"href":"https:\/\/7culture.ci\/index.php\/wp-json\/wp\/v2\/types\/post"}],"author":[{"embeddable":true,"href":"https:\/\/7culture.ci\/index.php\/wp-json\/wp\/v2\/users\/1"}],"replies":[{"embeddable":true,"href":"https:\/\/7culture.ci\/index.php\/wp-json\/wp\/v2\/comments?post=21404"}],"version-history":[{"count":0,"href":"https:\/\/7culture.ci\/index.php\/wp-json\/wp\/v2\/posts\/21404\/revisions"}],"wp:featuredmedia":[{"embeddable":true,"href":"https:\/\/7culture.ci\/index.php\/wp-json\/wp\/v2\/media\/21413"}],"wp:attachment":[{"href":"https:\/\/7culture.ci\/index.php\/wp-json\/wp\/v2\/media?parent=21404"}],"wp:term":[{"taxonomy":"category","embeddable":true,"href":"https:\/\/7culture.ci\/index.php\/wp-json\/wp\/v2\/categories?post=21404"},{"taxonomy":"post_tag","embeddable":true,"href":"https:\/\/7culture.ci\/index.php\/wp-json\/wp\/v2\/tags?post=21404"}],"curies":[{"name":"wp","href":"https:\/\/api.w.org\/{rel}","templated":true}]}}