{"id":21377,"date":"2022-05-26T18:14:07","date_gmt":"2022-05-26T16:14:07","guid":{"rendered":"https:\/\/7culture.ci\/?p=21377"},"modified":"2022-06-03T16:57:36","modified_gmt":"2022-06-03T14:57:36","slug":"ujocci-le-bureau-2-de-philip-kla-investi","status":"publish","type":"post","link":"https:\/\/7culture.ci\/index.php\/2022\/05\/26\/ujocci-le-bureau-2-de-philip-kla-investi\/","title":{"rendered":"UJOCCI\u00a0: le bureau 2 de Philip Kla investi\u00a0!"},"content":{"rendered":"\n<p>C\u2019est reparti pour un nouveau bail pour Philip Kla et son bureau ex\u00e9cutif. R\u00e9\u00e9lu \u00e0 la t\u00eate de l\u2019Union des Journalistes Culturels de C\u00f4te d\u2019Ivoire (UJOCCI) le samedi 11 d\u00e9cembre 2022, Philip Kla a \u00e9t\u00e9 officiellement investi ce mercredi 25 mai 2022 \u00e0 la Maison de la Presse d\u2019Abidjan-Plateau. L\u2019\u00e9v\u00e8nement a r\u00e9uni un beau monde issu de la presse culturelle, des acteurs de la culture, des \u00e9tudiants mais \u00e9galement des cadres du pays. \u00ab <strong><em>Ce deuxi\u00e8me mandat est plac\u00e9 sous le sceau de l\u2019action, de la solidarit\u00e9 et du renforcement des acquis. Nous nous rapprocherons davantage de nos diff\u00e9rents minist\u00e8res de tutelle, \u00e0 savoir le minist\u00e8re de la Communication et de l\u2019Economie Num\u00e9rique et le minist\u00e8re de la Culture et de la Francophonie, sans oublier toutes les organisations et structures nationales et internationales qui \u0153uvrent pour le bon fonctionnement de la chose culturelle<\/em><\/strong> \u00bb, a not\u00e9 Philip Kla pendant son speech.<\/p>\n\n\n\n<figure class=\"wp-block-gallery has-nested-images columns-default is-cropped wp-block-gallery-1 is-layout-flex wp-block-gallery-is-layout-flex\">\n<figure class=\"wp-block-image size-large\"><img loading=\"lazy\" decoding=\"async\" width=\"1024\" height=\"683\" data-id=\"21383\" src=\"https:\/\/7culture.ci\/wp-content\/uploads\/2022\/05\/WhatsApp-Image-2022-05-26-at-13.00.50-1024x683.jpeg\" alt=\"\" class=\"wp-image-21383\" srcset=\"https:\/\/7culture.ci\/wp-content\/uploads\/2022\/05\/WhatsApp-Image-2022-05-26-at-13.00.50-1024x683.jpeg 1024w, https:\/\/7culture.ci\/wp-content\/uploads\/2022\/05\/WhatsApp-Image-2022-05-26-at-13.00.50-300x200.jpeg 300w, https:\/\/7culture.ci\/wp-content\/uploads\/2022\/05\/WhatsApp-Image-2022-05-26-at-13.00.50-768x512.jpeg 768w, https:\/\/7culture.ci\/wp-content\/uploads\/2022\/05\/WhatsApp-Image-2022-05-26-at-13.00.50.jpeg 1080w\" sizes=\"(max-width: 1024px) 100vw, 1024px\" \/><\/figure>\n\n\n\n<figure class=\"wp-block-image size-large\"><img loading=\"lazy\" decoding=\"async\" width=\"683\" height=\"1024\" data-id=\"21385\" src=\"https:\/\/7culture.ci\/wp-content\/uploads\/2022\/05\/WhatsApp-Image-2022-05-26-at-13.00.56-1-683x1024.jpeg\" alt=\"\" class=\"wp-image-21385\" srcset=\"https:\/\/7culture.ci\/wp-content\/uploads\/2022\/05\/WhatsApp-Image-2022-05-26-at-13.00.56-1-683x1024.jpeg 683w, https:\/\/7culture.ci\/wp-content\/uploads\/2022\/05\/WhatsApp-Image-2022-05-26-at-13.00.56-1-200x300.jpeg 200w, https:\/\/7culture.ci\/wp-content\/uploads\/2022\/05\/WhatsApp-Image-2022-05-26-at-13.00.56-1.jpeg 720w\" sizes=\"(max-width: 683px) 100vw, 683px\" \/><\/figure>\n\n\n\n<figure class=\"wp-block-image size-large\"><img loading=\"lazy\" decoding=\"async\" width=\"683\" height=\"1024\" data-id=\"21384\" src=\"https:\/\/7culture.ci\/wp-content\/uploads\/2022\/05\/WhatsApp-Image-2022-05-26-at-13.00.59-1-683x1024.jpeg\" alt=\"\" class=\"wp-image-21384\" srcset=\"https:\/\/7culture.ci\/wp-content\/uploads\/2022\/05\/WhatsApp-Image-2022-05-26-at-13.00.59-1-683x1024.jpeg 683w, https:\/\/7culture.ci\/wp-content\/uploads\/2022\/05\/WhatsApp-Image-2022-05-26-at-13.00.59-1-200x300.jpeg 200w, https:\/\/7culture.ci\/wp-content\/uploads\/2022\/05\/WhatsApp-Image-2022-05-26-at-13.00.59-1.jpeg 720w\" sizes=\"(max-width: 683px) 100vw, 683px\" \/><\/figure>\n<\/figure>\n\n\n\n<p>La c\u00e9r\u00e9monie \u00e9tait parrain\u00e9e par Abdoulaye Lamine Demb\u00e9l\u00e9, Directeur des affaires financi\u00e8res du minist\u00e8re du Commerce, de l\u2019Industrie et du D\u00e9veloppement des PME. Tout en souhaitant bonne chance au pr\u00e9sident Philip Kla et \u00e0 son \u00e9quipe, il les a aussi exhort\u00e9s \u00e0 int\u00e9grer dans leur mandat, les valeurs d\u2019humilit\u00e9, de travail et d\u2019int\u00e9grit\u00e9. Pr\u00e9sidente de cet \u00e9v\u00e8nement, Rebecca Houphou\u00ebt F\u00eat\u00ea, pr\u00e9sidente du Conseil de gestion de l\u2019Office Ivoirien de la Propri\u00e9t\u00e9 Intellectuelle (OIPI), s\u2019est dit honor\u00e9e d\u2019\u00eatre associ\u00e9e \u00e0 cette investiture du pr\u00e9sident de l\u2019union des journalistes culturel de C\u00f4te d\u2019Ivoire (UJOCCI). Elle n\u2019est pas \u00e9trang\u00e8re au milieu de la culture. Dans son parcours professionnel, elle est l\u2019initiatrice de l\u2019orchestre de l\u2019universit\u00e9 de Bouak\u00e9. Elle a aussi soutenu les journalistes dans leur ensemble dans des projets de d\u00e9veloppement culturel et autre. Jeune cadre dynamique de la r\u00e9gion du N\u2019Zi dont est originaire le pr\u00e9sident investi, Hartmann Aka \u00e9tait l\u2019invit\u00e9 d\u2019honneur de la c\u00e9r\u00e9monie.<\/p>\n\n\n\n<figure class=\"wp-block-gallery has-nested-images columns-default is-cropped wp-block-gallery-2 is-layout-flex wp-block-gallery-is-layout-flex\">\n<figure class=\"wp-block-image size-large\"><img loading=\"lazy\" decoding=\"async\" width=\"1024\" height=\"683\" data-id=\"21386\" src=\"https:\/\/7culture.ci\/wp-content\/uploads\/2022\/05\/WhatsApp-Image-2022-05-26-at-13.01.04-1024x683.jpeg\" alt=\"\" class=\"wp-image-21386\" srcset=\"https:\/\/7culture.ci\/wp-content\/uploads\/2022\/05\/WhatsApp-Image-2022-05-26-at-13.01.04-1024x683.jpeg 1024w, https:\/\/7culture.ci\/wp-content\/uploads\/2022\/05\/WhatsApp-Image-2022-05-26-at-13.01.04-300x200.jpeg 300w, https:\/\/7culture.ci\/wp-content\/uploads\/2022\/05\/WhatsApp-Image-2022-05-26-at-13.01.04-768x512.jpeg 768w, https:\/\/7culture.ci\/wp-content\/uploads\/2022\/05\/WhatsApp-Image-2022-05-26-at-13.01.04.jpeg 1080w\" sizes=\"(max-width: 1024px) 100vw, 1024px\" \/><\/figure>\n\n\n\n<figure class=\"wp-block-image size-large\"><img loading=\"lazy\" decoding=\"async\" width=\"1024\" height=\"683\" data-id=\"21388\" src=\"https:\/\/7culture.ci\/wp-content\/uploads\/2022\/05\/WhatsApp-Image-2022-05-26-at-13.01.14-1024x683.jpeg\" alt=\"\" class=\"wp-image-21388\" srcset=\"https:\/\/7culture.ci\/wp-content\/uploads\/2022\/05\/WhatsApp-Image-2022-05-26-at-13.01.14-1024x683.jpeg 1024w, https:\/\/7culture.ci\/wp-content\/uploads\/2022\/05\/WhatsApp-Image-2022-05-26-at-13.01.14-300x200.jpeg 300w, https:\/\/7culture.ci\/wp-content\/uploads\/2022\/05\/WhatsApp-Image-2022-05-26-at-13.01.14-768x512.jpeg 768w, https:\/\/7culture.ci\/wp-content\/uploads\/2022\/05\/WhatsApp-Image-2022-05-26-at-13.01.14.jpeg 1080w\" sizes=\"(max-width: 1024px) 100vw, 1024px\" \/><\/figure>\n\n\n\n<figure class=\"wp-block-image size-large\"><img loading=\"lazy\" decoding=\"async\" width=\"1024\" height=\"683\" data-id=\"21387\" src=\"https:\/\/7culture.ci\/wp-content\/uploads\/2022\/05\/WhatsApp-Image-2022-05-26-at-13.01.22-1024x683.jpeg\" alt=\"\" class=\"wp-image-21387\" srcset=\"https:\/\/7culture.ci\/wp-content\/uploads\/2022\/05\/WhatsApp-Image-2022-05-26-at-13.01.22-1024x683.jpeg 1024w, https:\/\/7culture.ci\/wp-content\/uploads\/2022\/05\/WhatsApp-Image-2022-05-26-at-13.01.22-300x200.jpeg 300w, https:\/\/7culture.ci\/wp-content\/uploads\/2022\/05\/WhatsApp-Image-2022-05-26-at-13.01.22-768x512.jpeg 768w, https:\/\/7culture.ci\/wp-content\/uploads\/2022\/05\/WhatsApp-Image-2022-05-26-at-13.01.22.jpeg 1080w\" sizes=\"(max-width: 1024px) 100vw, 1024px\" \/><\/figure>\n<\/figure>\n\n\n\n<p>A cette investiture, Florent Galaty, directeur de cabinet du minist\u00e8re de la Culture et de la Francophonie, repr\u00e9sentait la ministre Fran\u00e7oise Remarck. Il a souhait\u00e9 repartir sur de nouvelles bases avec l\u2019UJOCCI pour construire ensemble la maison Culture. Parrain personnel du pr\u00e9sident Philip Kla, Alaf\u00e9 Wakili, DG de l\u2019Intelligent d\u2019Abidjan n\u2019a pas manqu\u00e9 \u00e0 la c\u00e9r\u00e9monie. L\u2019Union nationale des journalistes de C\u00f4te d\u2019Ivoire (UNJCI), la grande faiti\u00e8re de la presse ivoirienne, \u00e9tait repr\u00e9sent\u00e9e par Claude Kipr\u00e9 qui portait la voix du pr\u00e9sident Jean-Claude Coulibaly. Ancien pr\u00e9sident de l\u2019UJOCCI, Olivier Yro, actuel pr\u00e9sident de l\u2019Organisation des journalistes professionnels de C\u00f4te d\u2019Ivoire (OJPCI) \u00e9tait l\u00e0 pour soutenir celui qui assure la continuit\u00e9 de leur union.<\/p>\n\n\n\n<p>Par Omar AK<\/p>\n","protected":false},"excerpt":{"rendered":"<p>C\u2019est reparti pour un nouveau bail pour Philip Kla et son bureau ex\u00e9cutif. R\u00e9\u00e9lu \u00e0 la t\u00eate de l\u2019Union des Journalistes Culturels de C\u00f4te d\u2019Ivoire (UJOCCI) le samedi 11 d\u00e9cembre 2022, Philip Kla a \u00e9t\u00e9 officiellement investi ce mercredi 25 mai 2022 \u00e0 la Maison de la Presse d\u2019Abidjan-Plateau. L\u2019\u00e9v\u00e8nement a r\u00e9uni un beau monde &hellip;<\/p>\n<p class=\"read-more\"> <a class=\"\" href=\"https:\/\/7culture.ci\/index.php\/2022\/05\/26\/ujocci-le-bureau-2-de-philip-kla-investi\/\"> <span class=\"screen-reader-text\">UJOCCI\u00a0: le bureau 2 de Philip Kla investi\u00a0!<\/span> Lire la suite\u00a0\u00bb<\/a><\/p>\n","protected":false},"author":1,"featured_media":21394,"comment_status":"open","ping_status":"open","sticky":false,"template":"","format":"standard","meta":{"_mi_skip_tracking":false,"_monsterinsights_sitenote_active":false,"_monsterinsights_sitenote_note":"","_monsterinsights_sitenote_category":0,"site-sidebar-layout":"default","site-content-layout":"default","ast-global-header-display":"","ast-main-header-display":"","ast-hfb-above-header-display":"","ast-hfb-below-header-display":"","ast-hfb-mobile-header-display":"","site-post-title":"","ast-breadcrumbs-content":"","ast-featured-img":"","footer-sml-layout":"","theme-transparent-header-meta":"","adv-header-id-meta":"","stick-header-meta":"","header-above-stick-meta":"","header-main-stick-meta":"","header-below-stick-meta":"","footnotes":"","jetpack_publicize_message":"","jetpack_is_tweetstorm":false,"jetpack_publicize_feature_enabled":true},"categories":[22],"tags":[],"jetpack_publicize_connections":[],"acf":[],"aioseo_notices":[],"yoast_head":"<!-- This site is optimized with the Yoast SEO plugin v19.6.1 - https:\/\/yoast.com\/wordpress\/plugins\/seo\/ -->\n<title>UJOCCI\u00a0: le bureau 2 de Philip Kla investi\u00a0! -<\/title>\n<meta name=\"robots\" content=\"index, follow, max-snippet:-1, max-image-preview:large, max-video-preview:-1\" \/>\n<link rel=\"canonical\" href=\"https:\/\/7culture.ci\/index.php\/2022\/05\/26\/ujocci-le-bureau-2-de-philip-kla-investi\/\" \/>\n<meta property=\"og:locale\" content=\"fr_FR\" \/>\n<meta property=\"og:type\" content=\"article\" \/>\n<meta property=\"og:title\" content=\"UJOCCI\u00a0: le bureau 2 de Philip Kla investi\u00a0! -\" \/>\n<meta property=\"og:description\" content=\"C\u2019est reparti pour un nouveau bail pour Philip Kla et son bureau ex\u00e9cutif. R\u00e9\u00e9lu \u00e0 la t\u00eate de l\u2019Union des Journalistes Culturels de C\u00f4te d\u2019Ivoire (UJOCCI) le samedi 11 d\u00e9cembre 2022, Philip Kla a \u00e9t\u00e9 officiellement investi ce mercredi 25 mai 2022 \u00e0 la Maison de la Presse d\u2019Abidjan-Plateau. L\u2019\u00e9v\u00e8nement a r\u00e9uni un beau monde &hellip; UJOCCI\u00a0: le bureau 2 de Philip Kla investi\u00a0! Lire la suite\u00a0\u00bb\" \/>\n<meta property=\"og:url\" content=\"https:\/\/7culture.ci\/index.php\/2022\/05\/26\/ujocci-le-bureau-2-de-philip-kla-investi\/\" \/>\n<meta property=\"og:site_name\" content=\"7culture\" \/>\n<meta property=\"article:publisher\" content=\"https:\/\/www.facebook.com\/redchefclaude\" \/>\n<meta property=\"article:published_time\" content=\"2022-05-26T16:14:07+00:00\" \/>\n<meta property=\"article:modified_time\" content=\"2022-06-03T14:57:36+00:00\" \/>\n<meta property=\"og:image\" content=\"http:\/\/7culture.ci\/wp-content\/uploads\/2022\/05\/WhatsApp-Image-2022-05-26-at-16.36.02.jpeg\" \/>\n\t<meta property=\"og:image:width\" content=\"1080\" \/>\n\t<meta property=\"og:image:height\" content=\"720\" \/>\n\t<meta property=\"og:image:type\" content=\"image\/jpeg\" \/>\n<meta name=\"author\" content=\"7culture2020\" \/>\n<meta name=\"twitter:card\" content=\"summary_large_image\" \/>\n<meta name=\"twitter:creator\" content=\"@7culturec\" \/>\n<meta name=\"twitter:site\" content=\"@7culturec\" \/>\n<meta name=\"twitter:label1\" content=\"\u00c9crit par\" \/>\n\t<meta name=\"twitter:data1\" content=\"7culture2020\" \/>\n\t<meta name=\"twitter:label2\" content=\"Dur\u00e9e de lecture estim\u00e9e\" \/>\n\t<meta name=\"twitter:data2\" content=\"4 minutes\" \/>\n<script type=\"application\/ld+json\" class=\"yoast-schema-graph\">{\"@context\":\"https:\/\/schema.org\",\"@graph\":[{\"@type\":\"Article\",\"@id\":\"https:\/\/7culture.ci\/index.php\/2022\/05\/26\/ujocci-le-bureau-2-de-philip-kla-investi\/#article\",\"isPartOf\":{\"@id\":\"https:\/\/7culture.ci\/index.php\/2022\/05\/26\/ujocci-le-bureau-2-de-philip-kla-investi\/\"},\"author\":{\"name\":\"7culture2020\",\"@id\":\"https:\/\/7culture.ci\/#\/schema\/person\/16150d28d7ef66ba788c1f87f28c4426\"},\"headline\":\"UJOCCI\u00a0: le bureau 2 de Philip Kla investi\u00a0!\",\"datePublished\":\"2022-05-26T16:14:07+00:00\",\"dateModified\":\"2022-06-03T14:57:36+00:00\",\"mainEntityOfPage\":{\"@id\":\"https:\/\/7culture.ci\/index.php\/2022\/05\/26\/ujocci-le-bureau-2-de-philip-kla-investi\/\"},\"wordCount\":499,\"commentCount\":0,\"publisher\":{\"@id\":\"https:\/\/7culture.ci\/#organization\"},\"articleSection\":[\"Actualit\u00e9\"],\"inLanguage\":\"fr-FR\",\"potentialAction\":[{\"@type\":\"CommentAction\",\"name\":\"Comment\",\"target\":[\"https:\/\/7culture.ci\/index.php\/2022\/05\/26\/ujocci-le-bureau-2-de-philip-kla-investi\/#respond\"]}]},{\"@type\":\"WebPage\",\"@id\":\"https:\/\/7culture.ci\/index.php\/2022\/05\/26\/ujocci-le-bureau-2-de-philip-kla-investi\/\",\"url\":\"https:\/\/7culture.ci\/index.php\/2022\/05\/26\/ujocci-le-bureau-2-de-philip-kla-investi\/\",\"name\":\"UJOCCI\u00a0: le bureau 2 de Philip Kla investi\u00a0! -\",\"isPartOf\":{\"@id\":\"https:\/\/7culture.ci\/#website\"},\"datePublished\":\"2022-05-26T16:14:07+00:00\",\"dateModified\":\"2022-06-03T14:57:36+00:00\",\"breadcrumb\":{\"@id\":\"https:\/\/7culture.ci\/index.php\/2022\/05\/26\/ujocci-le-bureau-2-de-philip-kla-investi\/#breadcrumb\"},\"inLanguage\":\"fr-FR\",\"potentialAction\":[{\"@type\":\"ReadAction\",\"target\":[\"https:\/\/7culture.ci\/index.php\/2022\/05\/26\/ujocci-le-bureau-2-de-philip-kla-investi\/\"]}]},{\"@type\":\"BreadcrumbList\",\"@id\":\"https:\/\/7culture.ci\/index.php\/2022\/05\/26\/ujocci-le-bureau-2-de-philip-kla-investi\/#breadcrumb\",\"itemListElement\":[{\"@type\":\"ListItem\",\"position\":1,\"name\":\"Accueil\",\"item\":\"https:\/\/7culture.ci\/\"},{\"@type\":\"ListItem\",\"position\":2,\"name\":\"UJOCCI\u00a0: le bureau 2 de Philip Kla investi\u00a0!\"}]},{\"@type\":\"WebSite\",\"@id\":\"https:\/\/7culture.ci\/#website\",\"url\":\"https:\/\/7culture.ci\/\",\"name\":\"7culture\",\"description\":\"Tout sur l&#039;actualit\u00e9\",\"publisher\":{\"@id\":\"https:\/\/7culture.ci\/#organization\"},\"potentialAction\":[{\"@type\":\"SearchAction\",\"target\":{\"@type\":\"EntryPoint\",\"urlTemplate\":\"https:\/\/7culture.ci\/?s={search_term_string}\"},\"query-input\":\"required name=search_term_string\"}],\"inLanguage\":\"fr-FR\"},{\"@type\":\"Organization\",\"@id\":\"https:\/\/7culture.ci\/#organization\",\"name\":\"7culture\",\"url\":\"https:\/\/7culture.ci\/\",\"sameAs\":[\"https:\/\/www.facebook.com\/redchefclaude\",\"https:\/\/twitter.com\/7culturec\"],\"logo\":{\"@type\":\"ImageObject\",\"inLanguage\":\"fr-FR\",\"@id\":\"https:\/\/7culture.ci\/#\/schema\/logo\/image\/\",\"url\":\"https:\/\/7culture.ci\/wp-content\/uploads\/2021\/12\/S1a-1.png\",\"contentUrl\":\"https:\/\/7culture.ci\/wp-content\/uploads\/2021\/12\/S1a-1.png\",\"width\":588,\"height\":192,\"caption\":\"7culture\"},\"image\":{\"@id\":\"https:\/\/7culture.ci\/#\/schema\/logo\/image\/\"}},{\"@type\":\"Person\",\"@id\":\"https:\/\/7culture.ci\/#\/schema\/person\/16150d28d7ef66ba788c1f87f28c4426\",\"name\":\"7culture2020\",\"image\":{\"@type\":\"ImageObject\",\"inLanguage\":\"fr-FR\",\"@id\":\"https:\/\/7culture.ci\/#\/schema\/person\/image\/\",\"url\":\"https:\/\/secure.gravatar.com\/avatar\/9a0784f951306c37bcd065f52844ef95?s=96&d=mm&r=g\",\"contentUrl\":\"https:\/\/secure.gravatar.com\/avatar\/9a0784f951306c37bcd065f52844ef95?s=96&d=mm&r=g\",\"caption\":\"7culture2020\"},\"sameAs\":[\"http:\/\/7culture.ci\",\"Claude.kipre\"],\"url\":\"https:\/\/7culture.ci\/index.php\/author\/7culture2020\/\"}]}<\/script>\n<!-- \/ Yoast SEO plugin. -->","yoast_head_json":{"title":"UJOCCI\u00a0: le bureau 2 de Philip Kla investi\u00a0! -","robots":{"index":"index","follow":"follow","max-snippet":"max-snippet:-1","max-image-preview":"max-image-preview:large","max-video-preview":"max-video-preview:-1"},"canonical":"https:\/\/7culture.ci\/index.php\/2022\/05\/26\/ujocci-le-bureau-2-de-philip-kla-investi\/","og_locale":"fr_FR","og_type":"article","og_title":"UJOCCI\u00a0: le bureau 2 de Philip Kla investi\u00a0! -","og_description":"C\u2019est reparti pour un nouveau bail pour Philip Kla et son bureau ex\u00e9cutif. R\u00e9\u00e9lu \u00e0 la t\u00eate de l\u2019Union des Journalistes Culturels de C\u00f4te d\u2019Ivoire (UJOCCI) le samedi 11 d\u00e9cembre 2022, Philip Kla a \u00e9t\u00e9 officiellement investi ce mercredi 25 mai 2022 \u00e0 la Maison de la Presse d\u2019Abidjan-Plateau. L\u2019\u00e9v\u00e8nement a r\u00e9uni un beau monde &hellip; UJOCCI\u00a0: le bureau 2 de Philip Kla investi\u00a0! Lire la suite\u00a0\u00bb","og_url":"https:\/\/7culture.ci\/index.php\/2022\/05\/26\/ujocci-le-bureau-2-de-philip-kla-investi\/","og_site_name":"7culture","article_publisher":"https:\/\/www.facebook.com\/redchefclaude","article_published_time":"2022-05-26T16:14:07+00:00","article_modified_time":"2022-06-03T14:57:36+00:00","og_image":[{"width":1080,"height":720,"url":"http:\/\/7culture.ci\/wp-content\/uploads\/2022\/05\/WhatsApp-Image-2022-05-26-at-16.36.02.jpeg","type":"image\/jpeg"}],"author":"7culture2020","twitter_card":"summary_large_image","twitter_creator":"@7culturec","twitter_site":"@7culturec","twitter_misc":{"\u00c9crit par":"7culture2020","Dur\u00e9e de lecture estim\u00e9e":"4 minutes"},"schema":{"@context":"https:\/\/schema.org","@graph":[{"@type":"Article","@id":"https:\/\/7culture.ci\/index.php\/2022\/05\/26\/ujocci-le-bureau-2-de-philip-kla-investi\/#article","isPartOf":{"@id":"https:\/\/7culture.ci\/index.php\/2022\/05\/26\/ujocci-le-bureau-2-de-philip-kla-investi\/"},"author":{"name":"7culture2020","@id":"https:\/\/7culture.ci\/#\/schema\/person\/16150d28d7ef66ba788c1f87f28c4426"},"headline":"UJOCCI\u00a0: le bureau 2 de Philip Kla investi\u00a0!","datePublished":"2022-05-26T16:14:07+00:00","dateModified":"2022-06-03T14:57:36+00:00","mainEntityOfPage":{"@id":"https:\/\/7culture.ci\/index.php\/2022\/05\/26\/ujocci-le-bureau-2-de-philip-kla-investi\/"},"wordCount":499,"commentCount":0,"publisher":{"@id":"https:\/\/7culture.ci\/#organization"},"articleSection":["Actualit\u00e9"],"inLanguage":"fr-FR","potentialAction":[{"@type":"CommentAction","name":"Comment","target":["https:\/\/7culture.ci\/index.php\/2022\/05\/26\/ujocci-le-bureau-2-de-philip-kla-investi\/#respond"]}]},{"@type":"WebPage","@id":"https:\/\/7culture.ci\/index.php\/2022\/05\/26\/ujocci-le-bureau-2-de-philip-kla-investi\/","url":"https:\/\/7culture.ci\/index.php\/2022\/05\/26\/ujocci-le-bureau-2-de-philip-kla-investi\/","name":"UJOCCI\u00a0: le bureau 2 de Philip Kla investi\u00a0! -","isPartOf":{"@id":"https:\/\/7culture.ci\/#website"},"datePublished":"2022-05-26T16:14:07+00:00","dateModified":"2022-06-03T14:57:36+00:00","breadcrumb":{"@id":"https:\/\/7culture.ci\/index.php\/2022\/05\/26\/ujocci-le-bureau-2-de-philip-kla-investi\/#breadcrumb"},"inLanguage":"fr-FR","potentialAction":[{"@type":"ReadAction","target":["https:\/\/7culture.ci\/index.php\/2022\/05\/26\/ujocci-le-bureau-2-de-philip-kla-investi\/"]}]},{"@type":"BreadcrumbList","@id":"https:\/\/7culture.ci\/index.php\/2022\/05\/26\/ujocci-le-bureau-2-de-philip-kla-investi\/#breadcrumb","itemListElement":[{"@type":"ListItem","position":1,"name":"Accueil","item":"https:\/\/7culture.ci\/"},{"@type":"ListItem","position":2,"name":"UJOCCI\u00a0: le bureau 2 de Philip Kla investi\u00a0!"}]},{"@type":"WebSite","@id":"https:\/\/7culture.ci\/#website","url":"https:\/\/7culture.ci\/","name":"7culture","description":"Tout sur l&#039;actualit\u00e9","publisher":{"@id":"https:\/\/7culture.ci\/#organization"},"potentialAction":[{"@type":"SearchAction","target":{"@type":"EntryPoint","urlTemplate":"https:\/\/7culture.ci\/?s={search_term_string}"},"query-input":"required name=search_term_string"}],"inLanguage":"fr-FR"},{"@type":"Organization","@id":"https:\/\/7culture.ci\/#organization","name":"7culture","url":"https:\/\/7culture.ci\/","sameAs":["https:\/\/www.facebook.com\/redchefclaude","https:\/\/twitter.com\/7culturec"],"logo":{"@type":"ImageObject","inLanguage":"fr-FR","@id":"https:\/\/7culture.ci\/#\/schema\/logo\/image\/","url":"https:\/\/7culture.ci\/wp-content\/uploads\/2021\/12\/S1a-1.png","contentUrl":"https:\/\/7culture.ci\/wp-content\/uploads\/2021\/12\/S1a-1.png","width":588,"height":192,"caption":"7culture"},"image":{"@id":"https:\/\/7culture.ci\/#\/schema\/logo\/image\/"}},{"@type":"Person","@id":"https:\/\/7culture.ci\/#\/schema\/person\/16150d28d7ef66ba788c1f87f28c4426","name":"7culture2020","image":{"@type":"ImageObject","inLanguage":"fr-FR","@id":"https:\/\/7culture.ci\/#\/schema\/person\/image\/","url":"https:\/\/secure.gravatar.com\/avatar\/9a0784f951306c37bcd065f52844ef95?s=96&d=mm&r=g","contentUrl":"https:\/\/secure.gravatar.com\/avatar\/9a0784f951306c37bcd065f52844ef95?s=96&d=mm&r=g","caption":"7culture2020"},"sameAs":["http:\/\/7culture.ci","Claude.kipre"],"url":"https:\/\/7culture.ci\/index.php\/author\/7culture2020\/"}]}},"jetpack_featured_media_url":"https:\/\/7culture.ci\/wp-content\/uploads\/2022\/05\/WhatsApp-Image-2022-05-26-at-16.36.02.jpeg","jetpack_likes_enabled":true,"jetpack_sharing_enabled":true,"_links":{"self":[{"href":"https:\/\/7culture.ci\/index.php\/wp-json\/wp\/v2\/posts\/21377"}],"collection":[{"href":"https:\/\/7culture.ci\/index.php\/wp-json\/wp\/v2\/posts"}],"about":[{"href":"https:\/\/7culture.ci\/index.php\/wp-json\/wp\/v2\/types\/post"}],"author":[{"embeddable":true,"href":"https:\/\/7culture.ci\/index.php\/wp-json\/wp\/v2\/users\/1"}],"replies":[{"embeddable":true,"href":"https:\/\/7culture.ci\/index.php\/wp-json\/wp\/v2\/comments?post=21377"}],"version-history":[{"count":0,"href":"https:\/\/7culture.ci\/index.php\/wp-json\/wp\/v2\/posts\/21377\/revisions"}],"wp:featuredmedia":[{"embeddable":true,"href":"https:\/\/7culture.ci\/index.php\/wp-json\/wp\/v2\/media\/21394"}],"wp:attachment":[{"href":"https:\/\/7culture.ci\/index.php\/wp-json\/wp\/v2\/media?parent=21377"}],"wp:term":[{"taxonomy":"category","embeddable":true,"href":"https:\/\/7culture.ci\/index.php\/wp-json\/wp\/v2\/categories?post=21377"},{"taxonomy":"post_tag","embeddable":true,"href":"https:\/\/7culture.ci\/index.php\/wp-json\/wp\/v2\/tags?post=21377"}],"curies":[{"name":"wp","href":"https:\/\/api.w.org\/{rel}","templated":true}]}}