{"id":21284,"date":"2022-05-23T17:55:34","date_gmt":"2022-05-23T15:55:34","guid":{"rendered":"https:\/\/7culture.ci\/?p=21284"},"modified":"2022-05-23T17:55:38","modified_gmt":"2022-05-23T15:55:38","slug":"miss-kenza-attie-va-offrir-un-orphelinat-a-bamela","status":"publish","type":"post","link":"https:\/\/7culture.ci\/index.php\/2022\/05\/23\/miss-kenza-attie-va-offrir-un-orphelinat-a-bamela\/","title":{"rendered":"Miss Kenza Atti\u00e9 va offrir un orphelinat \u00e0 Bamela"},"content":{"rendered":"\n<p>Miss R\u00e9gion du Gb\u00eak\u00ea et 2<sup>e<\/sup> Dauphine Miss C\u00f4te d&#8217;Ivoire 2021, Kenza Atti\u00e9 nourrit beaucoup d\u2019espoirs et d\u2019ambitions pour son village de Bamela dans la commune de Botro dans le Gb\u00eak\u00ea. Le vendredi 20 mai dernier, elle a proc\u00e9d\u00e9 \u00e0 la pose de la premi\u00e8re pierre de l\u2019orphelinat du village. \u00ab&nbsp;<strong><em>Plusieurs mois de recherche et de discussions qui se sont concr\u00e9tis\u00e9s hier, vendredi 20 mai 2022, avec la pose de la premi\u00e8re de mon orphelinat qui sera construit sur deux hectares dans mon village \u00e0 Bamela&nbsp;<\/em><\/strong>\u00bb, s\u2019est-elle exprim\u00e9e sur sa page Facebook.<\/p>\n\n\n\n<figure class=\"wp-block-gallery has-nested-images columns-default is-cropped wp-block-gallery-1 is-layout-flex wp-block-gallery-is-layout-flex\">\n<figure class=\"wp-block-image size-large\"><img loading=\"lazy\" decoding=\"async\" width=\"1024\" height=\"683\" data-id=\"21286\" src=\"https:\/\/7culture.ci\/wp-content\/uploads\/2022\/05\/Kenza2-1024x683.jpg\" alt=\"\" class=\"wp-image-21286\" srcset=\"https:\/\/7culture.ci\/wp-content\/uploads\/2022\/05\/Kenza2-1024x683.jpg 1024w, https:\/\/7culture.ci\/wp-content\/uploads\/2022\/05\/Kenza2-300x200.jpg 300w, https:\/\/7culture.ci\/wp-content\/uploads\/2022\/05\/Kenza2-768x512.jpg 768w, https:\/\/7culture.ci\/wp-content\/uploads\/2022\/05\/Kenza2-1536x1024.jpg 1536w, https:\/\/7culture.ci\/wp-content\/uploads\/2022\/05\/Kenza2.jpg 2048w\" sizes=\"(max-width: 1024px) 100vw, 1024px\" \/><\/figure>\n\n\n\n<figure class=\"wp-block-image size-large\"><img loading=\"lazy\" decoding=\"async\" width=\"1024\" height=\"683\" data-id=\"21288\" src=\"https:\/\/7culture.ci\/wp-content\/uploads\/2022\/05\/kenza4-1024x683.jpg\" alt=\"\" class=\"wp-image-21288\" srcset=\"https:\/\/7culture.ci\/wp-content\/uploads\/2022\/05\/kenza4-1024x683.jpg 1024w, https:\/\/7culture.ci\/wp-content\/uploads\/2022\/05\/kenza4-300x200.jpg 300w, https:\/\/7culture.ci\/wp-content\/uploads\/2022\/05\/kenza4-768x512.jpg 768w, https:\/\/7culture.ci\/wp-content\/uploads\/2022\/05\/kenza4-1536x1024.jpg 1536w, https:\/\/7culture.ci\/wp-content\/uploads\/2022\/05\/kenza4.jpg 2048w\" sizes=\"(max-width: 1024px) 100vw, 1024px\" \/><\/figure>\n\n\n\n<figure class=\"wp-block-image size-large\"><img loading=\"lazy\" decoding=\"async\" width=\"1024\" height=\"683\" data-id=\"21287\" src=\"https:\/\/7culture.ci\/wp-content\/uploads\/2022\/05\/kenza5-1024x683.jpg\" alt=\"\" class=\"wp-image-21287\" srcset=\"https:\/\/7culture.ci\/wp-content\/uploads\/2022\/05\/kenza5-1024x683.jpg 1024w, https:\/\/7culture.ci\/wp-content\/uploads\/2022\/05\/kenza5-300x200.jpg 300w, https:\/\/7culture.ci\/wp-content\/uploads\/2022\/05\/kenza5-768x512.jpg 768w, https:\/\/7culture.ci\/wp-content\/uploads\/2022\/05\/kenza5-1536x1024.jpg 1536w, https:\/\/7culture.ci\/wp-content\/uploads\/2022\/05\/kenza5.jpg 2048w\" sizes=\"(max-width: 1024px) 100vw, 1024px\" \/><\/figure>\n<\/figure>\n\n\n\n<p>C\u2019est \u00e0 la pr\u00e9fecture de Botro que la c\u00e9r\u00e9monie officielle a eu lieu. Devant les autorit\u00e9s politiques, administratives et coutumi\u00e8re Miss Kenza Atti\u00e9 a d\u00e9voil\u00e9 tout son projet. Pour elle, la pose de la premi\u00e8re pierre de son centre social d\u2019accueil, est le d\u00e9but d\u2019un r\u00eave qu\u2019elle souhaite r\u00e9aliser pour son village. \u00ab<strong><em>J&#8217;ai un r\u00eave. Et permettez-moi de le partager avec vous aujourd&#8217;hui. Je r\u00eave d&#8217;un lieu o\u00f9 des enfants dans le besoin pourraient se r\u00e9fugier et trouver tout l&#8217;amour, la s\u00e9curit\u00e9 et le soutien dont ils ont besoin pour grandir et devenir des adultes heureux et responsables. Je r\u00eave d&#8217;un lieu o\u00f9 je verrai courir ces enfants, joyeux et sereins. D&#8217;un lieu o\u00f9 ils pourront apprendre tout ce qui leur sera utile pour d\u00e9marrer une vie paisible et construire leur propre famille. Je vois des b\u00e2timents pour dortoirs, r\u00e9fectoires, salles d&#8217;\u00e9tudes, une biblioth\u00e8que&#8230; et m\u00eame un potager, un poulailler, une \u00e9table&#8230;\u00bb<\/em><\/strong>, a-t-elle dit devant ses parents.<\/p>\n\n\n\n<figure class=\"wp-block-gallery has-nested-images columns-default is-cropped wp-block-gallery-2 is-layout-flex wp-block-gallery-is-layout-flex\">\n<figure class=\"wp-block-image size-large\"><img loading=\"lazy\" decoding=\"async\" width=\"682\" height=\"1024\" data-id=\"21289\" src=\"https:\/\/7culture.ci\/wp-content\/uploads\/2022\/05\/kenza3-682x1024.jpg\" alt=\"\" class=\"wp-image-21289\" srcset=\"https:\/\/7culture.ci\/wp-content\/uploads\/2022\/05\/kenza3-682x1024.jpg 682w, https:\/\/7culture.ci\/wp-content\/uploads\/2022\/05\/kenza3-200x300.jpg 200w, https:\/\/7culture.ci\/wp-content\/uploads\/2022\/05\/kenza3-768x1154.jpg 768w, https:\/\/7culture.ci\/wp-content\/uploads\/2022\/05\/kenza3.jpg 852w\" sizes=\"(max-width: 682px) 100vw, 682px\" \/><\/figure>\n\n\n\n<figure class=\"wp-block-image size-large\"><img loading=\"lazy\" decoding=\"async\" width=\"683\" height=\"1024\" data-id=\"21291\" src=\"https:\/\/7culture.ci\/wp-content\/uploads\/2022\/05\/kenza9-683x1024.jpg\" alt=\"\" class=\"wp-image-21291\" srcset=\"https:\/\/7culture.ci\/wp-content\/uploads\/2022\/05\/kenza9-683x1024.jpg 683w, https:\/\/7culture.ci\/wp-content\/uploads\/2022\/05\/kenza9-200x300.jpg 200w, https:\/\/7culture.ci\/wp-content\/uploads\/2022\/05\/kenza9-768x1152.jpg 768w, https:\/\/7culture.ci\/wp-content\/uploads\/2022\/05\/kenza9-1024x1536.jpg 1024w, https:\/\/7culture.ci\/wp-content\/uploads\/2022\/05\/kenza9.jpg 1365w\" sizes=\"(max-width: 683px) 100vw, 683px\" \/><\/figure>\n\n\n\n<figure class=\"wp-block-image size-large\"><img loading=\"lazy\" decoding=\"async\" width=\"1024\" height=\"683\" data-id=\"21290\" src=\"https:\/\/7culture.ci\/wp-content\/uploads\/2022\/05\/kenza10.jpg\" alt=\"\" class=\"wp-image-21290\" srcset=\"https:\/\/7culture.ci\/wp-content\/uploads\/2022\/05\/kenza10.jpg 1024w, https:\/\/7culture.ci\/wp-content\/uploads\/2022\/05\/kenza10-300x200.jpg 300w, https:\/\/7culture.ci\/wp-content\/uploads\/2022\/05\/kenza10-768x512.jpg 768w\" sizes=\"(max-width: 1024px) 100vw, 1024px\" \/><\/figure>\n<\/figure>\n\n\n\n<p>Par Omar AK<\/p>\n","protected":false},"excerpt":{"rendered":"<p>Miss R\u00e9gion du Gb\u00eak\u00ea et 2e Dauphine Miss C\u00f4te d&#8217;Ivoire 2021, Kenza Atti\u00e9 nourrit beaucoup d\u2019espoirs et d\u2019ambitions pour son village de Bamela dans la commune de Botro dans le Gb\u00eak\u00ea. Le vendredi 20 mai dernier, elle a proc\u00e9d\u00e9 \u00e0 la pose de la premi\u00e8re pierre de l\u2019orphelinat du village. \u00ab&nbsp;Plusieurs mois de recherche et &hellip;<\/p>\n<p class=\"read-more\"> <a class=\"\" href=\"https:\/\/7culture.ci\/index.php\/2022\/05\/23\/miss-kenza-attie-va-offrir-un-orphelinat-a-bamela\/\"> <span class=\"screen-reader-text\">Miss Kenza Atti\u00e9 va offrir un orphelinat \u00e0 Bamela<\/span> Lire la suite\u00a0\u00bb<\/a><\/p>\n","protected":false},"author":1,"featured_media":21285,"comment_status":"open","ping_status":"open","sticky":false,"template":"","format":"standard","meta":{"_mi_skip_tracking":false,"_monsterinsights_sitenote_active":false,"_monsterinsights_sitenote_note":"","_monsterinsights_sitenote_category":0,"site-sidebar-layout":"default","site-content-layout":"default","ast-global-header-display":"","ast-main-header-display":"","ast-hfb-above-header-display":"","ast-hfb-below-header-display":"","ast-hfb-mobile-header-display":"","site-post-title":"","ast-breadcrumbs-content":"","ast-featured-img":"","footer-sml-layout":"","theme-transparent-header-meta":"","adv-header-id-meta":"","stick-header-meta":"","header-above-stick-meta":"","header-main-stick-meta":"","header-below-stick-meta":"","footnotes":"","jetpack_publicize_message":"","jetpack_is_tweetstorm":false,"jetpack_publicize_feature_enabled":true},"categories":[22],"tags":[],"jetpack_publicize_connections":[],"acf":[],"aioseo_notices":[],"yoast_head":"<!-- This site is optimized with the Yoast SEO plugin v19.6.1 - https:\/\/yoast.com\/wordpress\/plugins\/seo\/ -->\n<title>Miss Kenza Atti\u00e9 va offrir un orphelinat \u00e0 Bamela -<\/title>\n<meta name=\"robots\" content=\"index, follow, max-snippet:-1, max-image-preview:large, max-video-preview:-1\" \/>\n<link rel=\"canonical\" href=\"https:\/\/7culture.ci\/index.php\/2022\/05\/23\/miss-kenza-attie-va-offrir-un-orphelinat-a-bamela\/\" \/>\n<meta property=\"og:locale\" content=\"fr_FR\" \/>\n<meta property=\"og:type\" content=\"article\" \/>\n<meta property=\"og:title\" content=\"Miss Kenza Atti\u00e9 va offrir un orphelinat \u00e0 Bamela -\" \/>\n<meta property=\"og:description\" content=\"Miss R\u00e9gion du Gb\u00eak\u00ea et 2e Dauphine Miss C\u00f4te d&#8217;Ivoire 2021, Kenza Atti\u00e9 nourrit beaucoup d\u2019espoirs et d\u2019ambitions pour son village de Bamela dans la commune de Botro dans le Gb\u00eak\u00ea. Le vendredi 20 mai dernier, elle a proc\u00e9d\u00e9 \u00e0 la pose de la premi\u00e8re pierre de l\u2019orphelinat du village. \u00ab&nbsp;Plusieurs mois de recherche et &hellip; Miss Kenza Atti\u00e9 va offrir un orphelinat \u00e0 Bamela Lire la suite\u00a0\u00bb\" \/>\n<meta property=\"og:url\" content=\"https:\/\/7culture.ci\/index.php\/2022\/05\/23\/miss-kenza-attie-va-offrir-un-orphelinat-a-bamela\/\" \/>\n<meta property=\"og:site_name\" content=\"7culture\" \/>\n<meta property=\"article:publisher\" content=\"https:\/\/www.facebook.com\/redchefclaude\" \/>\n<meta property=\"article:published_time\" content=\"2022-05-23T15:55:34+00:00\" \/>\n<meta property=\"article:modified_time\" content=\"2022-05-23T15:55:38+00:00\" \/>\n<meta property=\"og:image\" content=\"http:\/\/7culture.ci\/wp-content\/uploads\/2022\/05\/Kenza1.jpg\" \/>\n\t<meta property=\"og:image:width\" content=\"960\" \/>\n\t<meta property=\"og:image:height\" content=\"720\" \/>\n\t<meta property=\"og:image:type\" content=\"image\/jpeg\" \/>\n<meta name=\"author\" content=\"7culture2020\" \/>\n<meta name=\"twitter:card\" content=\"summary_large_image\" \/>\n<meta name=\"twitter:creator\" content=\"@7culturec\" \/>\n<meta name=\"twitter:site\" content=\"@7culturec\" \/>\n<meta name=\"twitter:label1\" content=\"\u00c9crit par\" \/>\n\t<meta name=\"twitter:data1\" content=\"7culture2020\" \/>\n\t<meta name=\"twitter:label2\" content=\"Dur\u00e9e de lecture estim\u00e9e\" \/>\n\t<meta name=\"twitter:data2\" content=\"3 minutes\" \/>\n<script type=\"application\/ld+json\" class=\"yoast-schema-graph\">{\"@context\":\"https:\/\/schema.org\",\"@graph\":[{\"@type\":\"Article\",\"@id\":\"https:\/\/7culture.ci\/index.php\/2022\/05\/23\/miss-kenza-attie-va-offrir-un-orphelinat-a-bamela\/#article\",\"isPartOf\":{\"@id\":\"https:\/\/7culture.ci\/index.php\/2022\/05\/23\/miss-kenza-attie-va-offrir-un-orphelinat-a-bamela\/\"},\"author\":{\"name\":\"7culture2020\",\"@id\":\"https:\/\/7culture.ci\/#\/schema\/person\/16150d28d7ef66ba788c1f87f28c4426\"},\"headline\":\"Miss Kenza Atti\u00e9 va offrir un orphelinat \u00e0 Bamela\",\"datePublished\":\"2022-05-23T15:55:34+00:00\",\"dateModified\":\"2022-05-23T15:55:38+00:00\",\"mainEntityOfPage\":{\"@id\":\"https:\/\/7culture.ci\/index.php\/2022\/05\/23\/miss-kenza-attie-va-offrir-un-orphelinat-a-bamela\/\"},\"wordCount\":294,\"commentCount\":0,\"publisher\":{\"@id\":\"https:\/\/7culture.ci\/#organization\"},\"articleSection\":[\"Actualit\u00e9\"],\"inLanguage\":\"fr-FR\",\"potentialAction\":[{\"@type\":\"CommentAction\",\"name\":\"Comment\",\"target\":[\"https:\/\/7culture.ci\/index.php\/2022\/05\/23\/miss-kenza-attie-va-offrir-un-orphelinat-a-bamela\/#respond\"]}]},{\"@type\":\"WebPage\",\"@id\":\"https:\/\/7culture.ci\/index.php\/2022\/05\/23\/miss-kenza-attie-va-offrir-un-orphelinat-a-bamela\/\",\"url\":\"https:\/\/7culture.ci\/index.php\/2022\/05\/23\/miss-kenza-attie-va-offrir-un-orphelinat-a-bamela\/\",\"name\":\"Miss Kenza Atti\u00e9 va offrir un orphelinat \u00e0 Bamela -\",\"isPartOf\":{\"@id\":\"https:\/\/7culture.ci\/#website\"},\"datePublished\":\"2022-05-23T15:55:34+00:00\",\"dateModified\":\"2022-05-23T15:55:38+00:00\",\"breadcrumb\":{\"@id\":\"https:\/\/7culture.ci\/index.php\/2022\/05\/23\/miss-kenza-attie-va-offrir-un-orphelinat-a-bamela\/#breadcrumb\"},\"inLanguage\":\"fr-FR\",\"potentialAction\":[{\"@type\":\"ReadAction\",\"target\":[\"https:\/\/7culture.ci\/index.php\/2022\/05\/23\/miss-kenza-attie-va-offrir-un-orphelinat-a-bamela\/\"]}]},{\"@type\":\"BreadcrumbList\",\"@id\":\"https:\/\/7culture.ci\/index.php\/2022\/05\/23\/miss-kenza-attie-va-offrir-un-orphelinat-a-bamela\/#breadcrumb\",\"itemListElement\":[{\"@type\":\"ListItem\",\"position\":1,\"name\":\"Accueil\",\"item\":\"https:\/\/7culture.ci\/\"},{\"@type\":\"ListItem\",\"position\":2,\"name\":\"Miss Kenza Atti\u00e9 va offrir un orphelinat \u00e0 Bamela\"}]},{\"@type\":\"WebSite\",\"@id\":\"https:\/\/7culture.ci\/#website\",\"url\":\"https:\/\/7culture.ci\/\",\"name\":\"7culture\",\"description\":\"Tout sur l&#039;actualit\u00e9\",\"publisher\":{\"@id\":\"https:\/\/7culture.ci\/#organization\"},\"potentialAction\":[{\"@type\":\"SearchAction\",\"target\":{\"@type\":\"EntryPoint\",\"urlTemplate\":\"https:\/\/7culture.ci\/?s={search_term_string}\"},\"query-input\":\"required name=search_term_string\"}],\"inLanguage\":\"fr-FR\"},{\"@type\":\"Organization\",\"@id\":\"https:\/\/7culture.ci\/#organization\",\"name\":\"7culture\",\"url\":\"https:\/\/7culture.ci\/\",\"sameAs\":[\"https:\/\/www.facebook.com\/redchefclaude\",\"https:\/\/twitter.com\/7culturec\"],\"logo\":{\"@type\":\"ImageObject\",\"inLanguage\":\"fr-FR\",\"@id\":\"https:\/\/7culture.ci\/#\/schema\/logo\/image\/\",\"url\":\"https:\/\/7culture.ci\/wp-content\/uploads\/2021\/12\/S1a-1.png\",\"contentUrl\":\"https:\/\/7culture.ci\/wp-content\/uploads\/2021\/12\/S1a-1.png\",\"width\":588,\"height\":192,\"caption\":\"7culture\"},\"image\":{\"@id\":\"https:\/\/7culture.ci\/#\/schema\/logo\/image\/\"}},{\"@type\":\"Person\",\"@id\":\"https:\/\/7culture.ci\/#\/schema\/person\/16150d28d7ef66ba788c1f87f28c4426\",\"name\":\"7culture2020\",\"image\":{\"@type\":\"ImageObject\",\"inLanguage\":\"fr-FR\",\"@id\":\"https:\/\/7culture.ci\/#\/schema\/person\/image\/\",\"url\":\"https:\/\/secure.gravatar.com\/avatar\/9a0784f951306c37bcd065f52844ef95?s=96&d=mm&r=g\",\"contentUrl\":\"https:\/\/secure.gravatar.com\/avatar\/9a0784f951306c37bcd065f52844ef95?s=96&d=mm&r=g\",\"caption\":\"7culture2020\"},\"sameAs\":[\"http:\/\/7culture.ci\",\"Claude.kipre\"],\"url\":\"https:\/\/7culture.ci\/index.php\/author\/7culture2020\/\"}]}<\/script>\n<!-- \/ Yoast SEO plugin. -->","yoast_head_json":{"title":"Miss Kenza Atti\u00e9 va offrir un orphelinat \u00e0 Bamela -","robots":{"index":"index","follow":"follow","max-snippet":"max-snippet:-1","max-image-preview":"max-image-preview:large","max-video-preview":"max-video-preview:-1"},"canonical":"https:\/\/7culture.ci\/index.php\/2022\/05\/23\/miss-kenza-attie-va-offrir-un-orphelinat-a-bamela\/","og_locale":"fr_FR","og_type":"article","og_title":"Miss Kenza Atti\u00e9 va offrir un orphelinat \u00e0 Bamela -","og_description":"Miss R\u00e9gion du Gb\u00eak\u00ea et 2e Dauphine Miss C\u00f4te d&#8217;Ivoire 2021, Kenza Atti\u00e9 nourrit beaucoup d\u2019espoirs et d\u2019ambitions pour son village de Bamela dans la commune de Botro dans le Gb\u00eak\u00ea. Le vendredi 20 mai dernier, elle a proc\u00e9d\u00e9 \u00e0 la pose de la premi\u00e8re pierre de l\u2019orphelinat du village. \u00ab&nbsp;Plusieurs mois de recherche et &hellip; Miss Kenza Atti\u00e9 va offrir un orphelinat \u00e0 Bamela Lire la suite\u00a0\u00bb","og_url":"https:\/\/7culture.ci\/index.php\/2022\/05\/23\/miss-kenza-attie-va-offrir-un-orphelinat-a-bamela\/","og_site_name":"7culture","article_publisher":"https:\/\/www.facebook.com\/redchefclaude","article_published_time":"2022-05-23T15:55:34+00:00","article_modified_time":"2022-05-23T15:55:38+00:00","og_image":[{"width":960,"height":720,"url":"http:\/\/7culture.ci\/wp-content\/uploads\/2022\/05\/Kenza1.jpg","type":"image\/jpeg"}],"author":"7culture2020","twitter_card":"summary_large_image","twitter_creator":"@7culturec","twitter_site":"@7culturec","twitter_misc":{"\u00c9crit par":"7culture2020","Dur\u00e9e de lecture estim\u00e9e":"3 minutes"},"schema":{"@context":"https:\/\/schema.org","@graph":[{"@type":"Article","@id":"https:\/\/7culture.ci\/index.php\/2022\/05\/23\/miss-kenza-attie-va-offrir-un-orphelinat-a-bamela\/#article","isPartOf":{"@id":"https:\/\/7culture.ci\/index.php\/2022\/05\/23\/miss-kenza-attie-va-offrir-un-orphelinat-a-bamela\/"},"author":{"name":"7culture2020","@id":"https:\/\/7culture.ci\/#\/schema\/person\/16150d28d7ef66ba788c1f87f28c4426"},"headline":"Miss Kenza Atti\u00e9 va offrir un orphelinat \u00e0 Bamela","datePublished":"2022-05-23T15:55:34+00:00","dateModified":"2022-05-23T15:55:38+00:00","mainEntityOfPage":{"@id":"https:\/\/7culture.ci\/index.php\/2022\/05\/23\/miss-kenza-attie-va-offrir-un-orphelinat-a-bamela\/"},"wordCount":294,"commentCount":0,"publisher":{"@id":"https:\/\/7culture.ci\/#organization"},"articleSection":["Actualit\u00e9"],"inLanguage":"fr-FR","potentialAction":[{"@type":"CommentAction","name":"Comment","target":["https:\/\/7culture.ci\/index.php\/2022\/05\/23\/miss-kenza-attie-va-offrir-un-orphelinat-a-bamela\/#respond"]}]},{"@type":"WebPage","@id":"https:\/\/7culture.ci\/index.php\/2022\/05\/23\/miss-kenza-attie-va-offrir-un-orphelinat-a-bamela\/","url":"https:\/\/7culture.ci\/index.php\/2022\/05\/23\/miss-kenza-attie-va-offrir-un-orphelinat-a-bamela\/","name":"Miss Kenza Atti\u00e9 va offrir un orphelinat \u00e0 Bamela -","isPartOf":{"@id":"https:\/\/7culture.ci\/#website"},"datePublished":"2022-05-23T15:55:34+00:00","dateModified":"2022-05-23T15:55:38+00:00","breadcrumb":{"@id":"https:\/\/7culture.ci\/index.php\/2022\/05\/23\/miss-kenza-attie-va-offrir-un-orphelinat-a-bamela\/#breadcrumb"},"inLanguage":"fr-FR","potentialAction":[{"@type":"ReadAction","target":["https:\/\/7culture.ci\/index.php\/2022\/05\/23\/miss-kenza-attie-va-offrir-un-orphelinat-a-bamela\/"]}]},{"@type":"BreadcrumbList","@id":"https:\/\/7culture.ci\/index.php\/2022\/05\/23\/miss-kenza-attie-va-offrir-un-orphelinat-a-bamela\/#breadcrumb","itemListElement":[{"@type":"ListItem","position":1,"name":"Accueil","item":"https:\/\/7culture.ci\/"},{"@type":"ListItem","position":2,"name":"Miss Kenza Atti\u00e9 va offrir un orphelinat \u00e0 Bamela"}]},{"@type":"WebSite","@id":"https:\/\/7culture.ci\/#website","url":"https:\/\/7culture.ci\/","name":"7culture","description":"Tout sur l&#039;actualit\u00e9","publisher":{"@id":"https:\/\/7culture.ci\/#organization"},"potentialAction":[{"@type":"SearchAction","target":{"@type":"EntryPoint","urlTemplate":"https:\/\/7culture.ci\/?s={search_term_string}"},"query-input":"required name=search_term_string"}],"inLanguage":"fr-FR"},{"@type":"Organization","@id":"https:\/\/7culture.ci\/#organization","name":"7culture","url":"https:\/\/7culture.ci\/","sameAs":["https:\/\/www.facebook.com\/redchefclaude","https:\/\/twitter.com\/7culturec"],"logo":{"@type":"ImageObject","inLanguage":"fr-FR","@id":"https:\/\/7culture.ci\/#\/schema\/logo\/image\/","url":"https:\/\/7culture.ci\/wp-content\/uploads\/2021\/12\/S1a-1.png","contentUrl":"https:\/\/7culture.ci\/wp-content\/uploads\/2021\/12\/S1a-1.png","width":588,"height":192,"caption":"7culture"},"image":{"@id":"https:\/\/7culture.ci\/#\/schema\/logo\/image\/"}},{"@type":"Person","@id":"https:\/\/7culture.ci\/#\/schema\/person\/16150d28d7ef66ba788c1f87f28c4426","name":"7culture2020","image":{"@type":"ImageObject","inLanguage":"fr-FR","@id":"https:\/\/7culture.ci\/#\/schema\/person\/image\/","url":"https:\/\/secure.gravatar.com\/avatar\/9a0784f951306c37bcd065f52844ef95?s=96&d=mm&r=g","contentUrl":"https:\/\/secure.gravatar.com\/avatar\/9a0784f951306c37bcd065f52844ef95?s=96&d=mm&r=g","caption":"7culture2020"},"sameAs":["http:\/\/7culture.ci","Claude.kipre"],"url":"https:\/\/7culture.ci\/index.php\/author\/7culture2020\/"}]}},"jetpack_featured_media_url":"https:\/\/7culture.ci\/wp-content\/uploads\/2022\/05\/Kenza1.jpg","jetpack_likes_enabled":true,"jetpack_sharing_enabled":true,"_links":{"self":[{"href":"https:\/\/7culture.ci\/index.php\/wp-json\/wp\/v2\/posts\/21284"}],"collection":[{"href":"https:\/\/7culture.ci\/index.php\/wp-json\/wp\/v2\/posts"}],"about":[{"href":"https:\/\/7culture.ci\/index.php\/wp-json\/wp\/v2\/types\/post"}],"author":[{"embeddable":true,"href":"https:\/\/7culture.ci\/index.php\/wp-json\/wp\/v2\/users\/1"}],"replies":[{"embeddable":true,"href":"https:\/\/7culture.ci\/index.php\/wp-json\/wp\/v2\/comments?post=21284"}],"version-history":[{"count":0,"href":"https:\/\/7culture.ci\/index.php\/wp-json\/wp\/v2\/posts\/21284\/revisions"}],"wp:featuredmedia":[{"embeddable":true,"href":"https:\/\/7culture.ci\/index.php\/wp-json\/wp\/v2\/media\/21285"}],"wp:attachment":[{"href":"https:\/\/7culture.ci\/index.php\/wp-json\/wp\/v2\/media?parent=21284"}],"wp:term":[{"taxonomy":"category","embeddable":true,"href":"https:\/\/7culture.ci\/index.php\/wp-json\/wp\/v2\/categories?post=21284"},{"taxonomy":"post_tag","embeddable":true,"href":"https:\/\/7culture.ci\/index.php\/wp-json\/wp\/v2\/tags?post=21284"}],"curies":[{"name":"wp","href":"https:\/\/api.w.org\/{rel}","templated":true}]}}