{"id":21191,"date":"2022-05-18T14:49:35","date_gmt":"2022-05-18T12:49:35","guid":{"rendered":"https:\/\/7culture.ci\/?p=21191"},"modified":"2022-05-26T19:31:10","modified_gmt":"2022-05-26T17:31:10","slug":"sila-2022-le-livre-est-en-fete","status":"publish","type":"post","link":"https:\/\/7culture.ci\/index.php\/2022\/05\/18\/sila-2022-le-livre-est-en-fete\/","title":{"rendered":"Sila 2022\u00a0: le livre est en f\u00eate\u00a0!"},"content":{"rendered":"\n<p>Apr\u00e8s deux ans d\u2019interruption due \u00e0 la crise sanitaire de la covid-19, le Salon international du livre d\u2019Abidjan (SILA) est de retour. La 12<sup>e<\/sup> \u00e9dition a ouvert ses portes ce mardi 14 mai au palais de la Culture d\u2019Abidjan-Treichville. Pendant cinq jours, tous les acteurs du livre et les amoureux de la lecture vont se rencontrer dans les stands et les conf\u00e9rences-d\u00e9bats pour \u00e9changer. \u00ab&nbsp;<strong><em>Le Salon International du Livre d\u2019Abidjan est le symbole de ce que peuvent produire de plus f\u00e9cond, les partenariats en mati\u00e8re de politique culturelle r\u00e9gionale et le r\u00e9sultat de l\u2019investissement des collectivit\u00e9s locales. A l\u2019heure des r\u00e9formes territoriales et des choix que les uns et les autres doivent faire, cela m\u00e9rite particuli\u00e8rement d\u2019\u00eatre r\u00e9affirm\u00e9, au moment o\u00f9 nous sommes debout<\/em><\/strong>&nbsp;\u00bb, a dit \u00e0 la c\u00e9r\u00e9monie d\u2019ouverture, M. Anges F\u00e9lix N\u2019Dakpri, Commissaire G\u00e9n\u00e9ral du SILA. Pour le patron du Sila, cela fait 23 ans que ce salon rythme l\u2019ann\u00e9e culturelle avec un succ\u00e8s croissant pour attirer aujourd\u2019hui plus de 10000 visiteurs en moyenne par jour, parmi lesquels pr\u00e8s de 70% d\u2019enfants qui sont accompagn\u00e9s dans leur d\u00e9couverte de la lecture. <strong><em>\u00ab&nbsp;Nous devrons \u0153uvrer \u00e0 booster une lecture jeunesse<\/em><\/strong>&nbsp;\u00bb, a insist\u00e9 le commissaire g\u00e9n\u00e9ral. Avant de conclure son discours&nbsp;: \u00ab&nbsp;<strong><em>Il y a 23 ans que le Sila est la vitrine de la diversit\u00e9 et du rayonnement international d\u2019un secteur. 23 ans qu\u2019il fait de l\u2019acc\u00e8s \u00e0 la lecture une de ses plus grandes priorit\u00e9s et r\u00e9unit tous les professionnels du livre, les associations, les m\u00e9diateurs, les enseignants, autour d\u2019une m\u00eame ambition. La coh\u00e9sion humaine. Pour cette 12e \u00e9dition, nous lirons les livres et les livres nous lieront. Durablement<\/em><\/strong>&nbsp;\u00bb.<\/p>\n\n\n\n<p>Ses propos ont \u00e9t\u00e9 soutenus par M. Abdoulaye Diop, le ministre de la culture et de la communication S\u00e9n\u00e9gal, pays invit\u00e9 d\u2019honneur de cette \u00e9dition. Le repr\u00e9sentant de la forte d\u00e9l\u00e9gation s\u00e9n\u00e9galaise a \u00e9voqu\u00e9 les liens historiques entre son pays et la C\u00f4te d\u2019Ivoire. \u00ab&nbsp;<strong><em>Nous nous sentons vraiment chez nous en C\u00f4te d\u2019Ivoire, au milieu des Ivoiriens parmi lesquels une tr\u00e8s importante communaut\u00e9 de nos ressortissants. Ceux-ci y vivent et s\u2019y \u00e9panouissent, ils y produisent aussi des \u0153uvres de beaut\u00e9 qui d\u00e9ploient et subliment nos relations. Mieux, le livre nous lie solidement et durablement, \u00e0 travers les exp\u00e9riences partag\u00e9es, depuis les Nouvelles Editions Africaines (Dakar-Abidjan-Lom\u00e9), en passant par les \u00e9ditions des auteurs des deux pays indiff\u00e9remment chez l\u2019un ou chez l\u2019autre et, bien avant tout cela, par le pont qu\u2019ont b\u00e2ti des sommit\u00e9s litt\u00e9raires comme Bernard Dadi\u00e9. Cet ancien de l\u2019Ecole normale William Ponty de Gor\u00e9e et qui, pendant dix ans a servi \u00e0 l\u2019IFAN \u00e0 Dakar, cet homme qui aura v\u00e9cu 103 ans au service du livre et de la Culture, n\u2019est pas pour nous, l\u2019auteur de Climbi\u00e9, de Pagne noir et autres romans, contes, po\u00e9sie et th\u00e9\u00e2tre. Il est \u00e9galement le S\u00e9n\u00e9gal et la C\u00f4te d\u2019Ivoire dans la permanence et la fid\u00e9lit\u00e9 \u00e0 l\u2019essentiel. A travers lui, je voudrais rendre hommage \u00e0 tous les auteurs Ivoiriens et africains dans ce bel espace du Palais de la Culture de Treichville qui porte son illustre nom<\/em><\/strong>&nbsp;\u00bb, a-t-il dit.<\/p>\n\n\n\n<p>L\u2019\u00e9crivain \u00e0 l\u2018honneur du Sila 2022 est l\u2019Ivoirien Camara Nangala. L\u2019auteur du \u2018\u2019Cahier noir\u2019\u2019 a re\u00e7u le Prix de la reconnaissance pour toute son \u0153uvre.<\/p>\n\n\n\n<p>Cette 12e \u00e9dition du Sila se d\u00e9roule autour du th\u00e8me \u00ab Engagement pour un lectorat africain actif et durable \u00bb. Elle est parrain\u00e9e par M. Eug\u00e8ne Aka Aou\u00e9l\u00e9, pr\u00e9sident du Conseil \u00e9conomique, social, environnemental et culturel et co-pr\u00e9sid\u00e9e par Mmes Fran\u00e7oise Remarck, ministre de la Culture et de la Francophonie et Mariatou Kon\u00e9, ministre de l&#8217;\u00c9ducation Nationale et de l&#8217;Alphab\u00e9tisation. L\u2019\u00e9v\u00e8nement avait aussi accueilli M. Jeannot Ahoussou Kouadio, le pr\u00e9sident du S\u00e9nat ivoirien. Tout ce beau monde \u00e9tait pr\u00e9sent \u00e0 la c\u00e9r\u00e9monie d\u2019ouverture officielle du Salon international du livre d\u2019Abidjan qui refermera ses portes le 21 mai.<\/p>\n\n\n\n<p>Par Omar AK<\/p>\n","protected":false},"excerpt":{"rendered":"<p>Apr\u00e8s deux ans d\u2019interruption due \u00e0 la crise sanitaire de la covid-19, le Salon international du livre d\u2019Abidjan (SILA) est de retour. La 12e \u00e9dition a ouvert ses portes ce mardi 14 mai au palais de la Culture d\u2019Abidjan-Treichville. Pendant cinq jours, tous les acteurs du livre et les amoureux de la lecture vont se &hellip;<\/p>\n<p class=\"read-more\"> <a class=\"\" href=\"https:\/\/7culture.ci\/index.php\/2022\/05\/18\/sila-2022-le-livre-est-en-fete\/\"> <span class=\"screen-reader-text\">Sila 2022\u00a0: le livre est en f\u00eate\u00a0!<\/span> Lire la suite\u00a0\u00bb<\/a><\/p>\n","protected":false},"author":1,"featured_media":21192,"comment_status":"open","ping_status":"open","sticky":false,"template":"","format":"standard","meta":{"_mi_skip_tracking":false,"_monsterinsights_sitenote_active":false,"_monsterinsights_sitenote_note":"","_monsterinsights_sitenote_category":0,"site-sidebar-layout":"default","site-content-layout":"default","ast-global-header-display":"","ast-main-header-display":"","ast-hfb-above-header-display":"","ast-hfb-below-header-display":"","ast-hfb-mobile-header-display":"","site-post-title":"","ast-breadcrumbs-content":"","ast-featured-img":"","footer-sml-layout":"","theme-transparent-header-meta":"","adv-header-id-meta":"","stick-header-meta":"","header-above-stick-meta":"","header-main-stick-meta":"","header-below-stick-meta":"","footnotes":"","jetpack_publicize_message":"","jetpack_is_tweetstorm":false,"jetpack_publicize_feature_enabled":true},"categories":[22],"tags":[],"jetpack_publicize_connections":[],"acf":[],"aioseo_notices":[],"yoast_head":"<!-- This site is optimized with the Yoast SEO plugin v19.6.1 - https:\/\/yoast.com\/wordpress\/plugins\/seo\/ -->\n<title>Sila 2022\u00a0: le livre est en f\u00eate\u00a0! -<\/title>\n<meta name=\"robots\" content=\"index, follow, max-snippet:-1, max-image-preview:large, max-video-preview:-1\" \/>\n<link rel=\"canonical\" href=\"https:\/\/7culture.ci\/index.php\/2022\/05\/18\/sila-2022-le-livre-est-en-fete\/\" \/>\n<meta property=\"og:locale\" content=\"fr_FR\" \/>\n<meta property=\"og:type\" content=\"article\" \/>\n<meta property=\"og:title\" content=\"Sila 2022\u00a0: le livre est en f\u00eate\u00a0! -\" \/>\n<meta property=\"og:description\" content=\"Apr\u00e8s deux ans d\u2019interruption due \u00e0 la crise sanitaire de la covid-19, le Salon international du livre d\u2019Abidjan (SILA) est de retour. La 12e \u00e9dition a ouvert ses portes ce mardi 14 mai au palais de la Culture d\u2019Abidjan-Treichville. Pendant cinq jours, tous les acteurs du livre et les amoureux de la lecture vont se &hellip; Sila 2022\u00a0: le livre est en f\u00eate\u00a0! Lire la suite\u00a0\u00bb\" \/>\n<meta property=\"og:url\" content=\"https:\/\/7culture.ci\/index.php\/2022\/05\/18\/sila-2022-le-livre-est-en-fete\/\" \/>\n<meta property=\"og:site_name\" content=\"7culture\" \/>\n<meta property=\"article:publisher\" content=\"https:\/\/www.facebook.com\/redchefclaude\" \/>\n<meta property=\"article:published_time\" content=\"2022-05-18T12:49:35+00:00\" \/>\n<meta property=\"article:modified_time\" content=\"2022-05-26T17:31:10+00:00\" \/>\n<meta property=\"og:image\" content=\"http:\/\/7culture.ci\/wp-content\/uploads\/2022\/05\/WhatsApp-Image-2022-05-17-at-19.57.34.jpeg\" \/>\n\t<meta property=\"og:image:width\" content=\"960\" \/>\n\t<meta property=\"og:image:height\" content=\"720\" \/>\n\t<meta property=\"og:image:type\" content=\"image\/jpeg\" \/>\n<meta name=\"author\" content=\"7culture2020\" \/>\n<meta name=\"twitter:card\" content=\"summary_large_image\" \/>\n<meta name=\"twitter:creator\" content=\"@7culturec\" \/>\n<meta name=\"twitter:site\" content=\"@7culturec\" \/>\n<meta name=\"twitter:label1\" content=\"\u00c9crit par\" \/>\n\t<meta name=\"twitter:data1\" content=\"7culture2020\" \/>\n\t<meta name=\"twitter:label2\" content=\"Dur\u00e9e de lecture estim\u00e9e\" \/>\n\t<meta name=\"twitter:data2\" content=\"4 minutes\" \/>\n<script type=\"application\/ld+json\" class=\"yoast-schema-graph\">{\"@context\":\"https:\/\/schema.org\",\"@graph\":[{\"@type\":\"Article\",\"@id\":\"https:\/\/7culture.ci\/index.php\/2022\/05\/18\/sila-2022-le-livre-est-en-fete\/#article\",\"isPartOf\":{\"@id\":\"https:\/\/7culture.ci\/index.php\/2022\/05\/18\/sila-2022-le-livre-est-en-fete\/\"},\"author\":{\"name\":\"7culture2020\",\"@id\":\"https:\/\/7culture.ci\/#\/schema\/person\/16150d28d7ef66ba788c1f87f28c4426\"},\"headline\":\"Sila 2022\u00a0: le livre est en f\u00eate\u00a0!\",\"datePublished\":\"2022-05-18T12:49:35+00:00\",\"dateModified\":\"2022-05-26T17:31:10+00:00\",\"mainEntityOfPage\":{\"@id\":\"https:\/\/7culture.ci\/index.php\/2022\/05\/18\/sila-2022-le-livre-est-en-fete\/\"},\"wordCount\":736,\"commentCount\":0,\"publisher\":{\"@id\":\"https:\/\/7culture.ci\/#organization\"},\"articleSection\":[\"Actualit\u00e9\"],\"inLanguage\":\"fr-FR\",\"potentialAction\":[{\"@type\":\"CommentAction\",\"name\":\"Comment\",\"target\":[\"https:\/\/7culture.ci\/index.php\/2022\/05\/18\/sila-2022-le-livre-est-en-fete\/#respond\"]}]},{\"@type\":\"WebPage\",\"@id\":\"https:\/\/7culture.ci\/index.php\/2022\/05\/18\/sila-2022-le-livre-est-en-fete\/\",\"url\":\"https:\/\/7culture.ci\/index.php\/2022\/05\/18\/sila-2022-le-livre-est-en-fete\/\",\"name\":\"Sila 2022\u00a0: le livre est en f\u00eate\u00a0! -\",\"isPartOf\":{\"@id\":\"https:\/\/7culture.ci\/#website\"},\"datePublished\":\"2022-05-18T12:49:35+00:00\",\"dateModified\":\"2022-05-26T17:31:10+00:00\",\"breadcrumb\":{\"@id\":\"https:\/\/7culture.ci\/index.php\/2022\/05\/18\/sila-2022-le-livre-est-en-fete\/#breadcrumb\"},\"inLanguage\":\"fr-FR\",\"potentialAction\":[{\"@type\":\"ReadAction\",\"target\":[\"https:\/\/7culture.ci\/index.php\/2022\/05\/18\/sila-2022-le-livre-est-en-fete\/\"]}]},{\"@type\":\"BreadcrumbList\",\"@id\":\"https:\/\/7culture.ci\/index.php\/2022\/05\/18\/sila-2022-le-livre-est-en-fete\/#breadcrumb\",\"itemListElement\":[{\"@type\":\"ListItem\",\"position\":1,\"name\":\"Accueil\",\"item\":\"https:\/\/7culture.ci\/\"},{\"@type\":\"ListItem\",\"position\":2,\"name\":\"Sila 2022\u00a0: le livre est en f\u00eate\u00a0!\"}]},{\"@type\":\"WebSite\",\"@id\":\"https:\/\/7culture.ci\/#website\",\"url\":\"https:\/\/7culture.ci\/\",\"name\":\"7culture\",\"description\":\"Tout sur l&#039;actualit\u00e9\",\"publisher\":{\"@id\":\"https:\/\/7culture.ci\/#organization\"},\"potentialAction\":[{\"@type\":\"SearchAction\",\"target\":{\"@type\":\"EntryPoint\",\"urlTemplate\":\"https:\/\/7culture.ci\/?s={search_term_string}\"},\"query-input\":\"required name=search_term_string\"}],\"inLanguage\":\"fr-FR\"},{\"@type\":\"Organization\",\"@id\":\"https:\/\/7culture.ci\/#organization\",\"name\":\"7culture\",\"url\":\"https:\/\/7culture.ci\/\",\"sameAs\":[\"https:\/\/www.facebook.com\/redchefclaude\",\"https:\/\/twitter.com\/7culturec\"],\"logo\":{\"@type\":\"ImageObject\",\"inLanguage\":\"fr-FR\",\"@id\":\"https:\/\/7culture.ci\/#\/schema\/logo\/image\/\",\"url\":\"https:\/\/7culture.ci\/wp-content\/uploads\/2021\/12\/S1a-1.png\",\"contentUrl\":\"https:\/\/7culture.ci\/wp-content\/uploads\/2021\/12\/S1a-1.png\",\"width\":588,\"height\":192,\"caption\":\"7culture\"},\"image\":{\"@id\":\"https:\/\/7culture.ci\/#\/schema\/logo\/image\/\"}},{\"@type\":\"Person\",\"@id\":\"https:\/\/7culture.ci\/#\/schema\/person\/16150d28d7ef66ba788c1f87f28c4426\",\"name\":\"7culture2020\",\"image\":{\"@type\":\"ImageObject\",\"inLanguage\":\"fr-FR\",\"@id\":\"https:\/\/7culture.ci\/#\/schema\/person\/image\/\",\"url\":\"https:\/\/secure.gravatar.com\/avatar\/9a0784f951306c37bcd065f52844ef95?s=96&d=mm&r=g\",\"contentUrl\":\"https:\/\/secure.gravatar.com\/avatar\/9a0784f951306c37bcd065f52844ef95?s=96&d=mm&r=g\",\"caption\":\"7culture2020\"},\"sameAs\":[\"http:\/\/7culture.ci\",\"Claude.kipre\"],\"url\":\"https:\/\/7culture.ci\/index.php\/author\/7culture2020\/\"}]}<\/script>\n<!-- \/ Yoast SEO plugin. -->","yoast_head_json":{"title":"Sila 2022\u00a0: le livre est en f\u00eate\u00a0! -","robots":{"index":"index","follow":"follow","max-snippet":"max-snippet:-1","max-image-preview":"max-image-preview:large","max-video-preview":"max-video-preview:-1"},"canonical":"https:\/\/7culture.ci\/index.php\/2022\/05\/18\/sila-2022-le-livre-est-en-fete\/","og_locale":"fr_FR","og_type":"article","og_title":"Sila 2022\u00a0: le livre est en f\u00eate\u00a0! -","og_description":"Apr\u00e8s deux ans d\u2019interruption due \u00e0 la crise sanitaire de la covid-19, le Salon international du livre d\u2019Abidjan (SILA) est de retour. La 12e \u00e9dition a ouvert ses portes ce mardi 14 mai au palais de la Culture d\u2019Abidjan-Treichville. Pendant cinq jours, tous les acteurs du livre et les amoureux de la lecture vont se &hellip; Sila 2022\u00a0: le livre est en f\u00eate\u00a0! Lire la suite\u00a0\u00bb","og_url":"https:\/\/7culture.ci\/index.php\/2022\/05\/18\/sila-2022-le-livre-est-en-fete\/","og_site_name":"7culture","article_publisher":"https:\/\/www.facebook.com\/redchefclaude","article_published_time":"2022-05-18T12:49:35+00:00","article_modified_time":"2022-05-26T17:31:10+00:00","og_image":[{"width":960,"height":720,"url":"http:\/\/7culture.ci\/wp-content\/uploads\/2022\/05\/WhatsApp-Image-2022-05-17-at-19.57.34.jpeg","type":"image\/jpeg"}],"author":"7culture2020","twitter_card":"summary_large_image","twitter_creator":"@7culturec","twitter_site":"@7culturec","twitter_misc":{"\u00c9crit par":"7culture2020","Dur\u00e9e de lecture estim\u00e9e":"4 minutes"},"schema":{"@context":"https:\/\/schema.org","@graph":[{"@type":"Article","@id":"https:\/\/7culture.ci\/index.php\/2022\/05\/18\/sila-2022-le-livre-est-en-fete\/#article","isPartOf":{"@id":"https:\/\/7culture.ci\/index.php\/2022\/05\/18\/sila-2022-le-livre-est-en-fete\/"},"author":{"name":"7culture2020","@id":"https:\/\/7culture.ci\/#\/schema\/person\/16150d28d7ef66ba788c1f87f28c4426"},"headline":"Sila 2022\u00a0: le livre est en f\u00eate\u00a0!","datePublished":"2022-05-18T12:49:35+00:00","dateModified":"2022-05-26T17:31:10+00:00","mainEntityOfPage":{"@id":"https:\/\/7culture.ci\/index.php\/2022\/05\/18\/sila-2022-le-livre-est-en-fete\/"},"wordCount":736,"commentCount":0,"publisher":{"@id":"https:\/\/7culture.ci\/#organization"},"articleSection":["Actualit\u00e9"],"inLanguage":"fr-FR","potentialAction":[{"@type":"CommentAction","name":"Comment","target":["https:\/\/7culture.ci\/index.php\/2022\/05\/18\/sila-2022-le-livre-est-en-fete\/#respond"]}]},{"@type":"WebPage","@id":"https:\/\/7culture.ci\/index.php\/2022\/05\/18\/sila-2022-le-livre-est-en-fete\/","url":"https:\/\/7culture.ci\/index.php\/2022\/05\/18\/sila-2022-le-livre-est-en-fete\/","name":"Sila 2022\u00a0: le livre est en f\u00eate\u00a0! -","isPartOf":{"@id":"https:\/\/7culture.ci\/#website"},"datePublished":"2022-05-18T12:49:35+00:00","dateModified":"2022-05-26T17:31:10+00:00","breadcrumb":{"@id":"https:\/\/7culture.ci\/index.php\/2022\/05\/18\/sila-2022-le-livre-est-en-fete\/#breadcrumb"},"inLanguage":"fr-FR","potentialAction":[{"@type":"ReadAction","target":["https:\/\/7culture.ci\/index.php\/2022\/05\/18\/sila-2022-le-livre-est-en-fete\/"]}]},{"@type":"BreadcrumbList","@id":"https:\/\/7culture.ci\/index.php\/2022\/05\/18\/sila-2022-le-livre-est-en-fete\/#breadcrumb","itemListElement":[{"@type":"ListItem","position":1,"name":"Accueil","item":"https:\/\/7culture.ci\/"},{"@type":"ListItem","position":2,"name":"Sila 2022\u00a0: le livre est en f\u00eate\u00a0!"}]},{"@type":"WebSite","@id":"https:\/\/7culture.ci\/#website","url":"https:\/\/7culture.ci\/","name":"7culture","description":"Tout sur l&#039;actualit\u00e9","publisher":{"@id":"https:\/\/7culture.ci\/#organization"},"potentialAction":[{"@type":"SearchAction","target":{"@type":"EntryPoint","urlTemplate":"https:\/\/7culture.ci\/?s={search_term_string}"},"query-input":"required name=search_term_string"}],"inLanguage":"fr-FR"},{"@type":"Organization","@id":"https:\/\/7culture.ci\/#organization","name":"7culture","url":"https:\/\/7culture.ci\/","sameAs":["https:\/\/www.facebook.com\/redchefclaude","https:\/\/twitter.com\/7culturec"],"logo":{"@type":"ImageObject","inLanguage":"fr-FR","@id":"https:\/\/7culture.ci\/#\/schema\/logo\/image\/","url":"https:\/\/7culture.ci\/wp-content\/uploads\/2021\/12\/S1a-1.png","contentUrl":"https:\/\/7culture.ci\/wp-content\/uploads\/2021\/12\/S1a-1.png","width":588,"height":192,"caption":"7culture"},"image":{"@id":"https:\/\/7culture.ci\/#\/schema\/logo\/image\/"}},{"@type":"Person","@id":"https:\/\/7culture.ci\/#\/schema\/person\/16150d28d7ef66ba788c1f87f28c4426","name":"7culture2020","image":{"@type":"ImageObject","inLanguage":"fr-FR","@id":"https:\/\/7culture.ci\/#\/schema\/person\/image\/","url":"https:\/\/secure.gravatar.com\/avatar\/9a0784f951306c37bcd065f52844ef95?s=96&d=mm&r=g","contentUrl":"https:\/\/secure.gravatar.com\/avatar\/9a0784f951306c37bcd065f52844ef95?s=96&d=mm&r=g","caption":"7culture2020"},"sameAs":["http:\/\/7culture.ci","Claude.kipre"],"url":"https:\/\/7culture.ci\/index.php\/author\/7culture2020\/"}]}},"jetpack_featured_media_url":"https:\/\/7culture.ci\/wp-content\/uploads\/2022\/05\/WhatsApp-Image-2022-05-17-at-19.57.34.jpeg","jetpack_likes_enabled":true,"jetpack_sharing_enabled":true,"_links":{"self":[{"href":"https:\/\/7culture.ci\/index.php\/wp-json\/wp\/v2\/posts\/21191"}],"collection":[{"href":"https:\/\/7culture.ci\/index.php\/wp-json\/wp\/v2\/posts"}],"about":[{"href":"https:\/\/7culture.ci\/index.php\/wp-json\/wp\/v2\/types\/post"}],"author":[{"embeddable":true,"href":"https:\/\/7culture.ci\/index.php\/wp-json\/wp\/v2\/users\/1"}],"replies":[{"embeddable":true,"href":"https:\/\/7culture.ci\/index.php\/wp-json\/wp\/v2\/comments?post=21191"}],"version-history":[{"count":0,"href":"https:\/\/7culture.ci\/index.php\/wp-json\/wp\/v2\/posts\/21191\/revisions"}],"wp:featuredmedia":[{"embeddable":true,"href":"https:\/\/7culture.ci\/index.php\/wp-json\/wp\/v2\/media\/21192"}],"wp:attachment":[{"href":"https:\/\/7culture.ci\/index.php\/wp-json\/wp\/v2\/media?parent=21191"}],"wp:term":[{"taxonomy":"category","embeddable":true,"href":"https:\/\/7culture.ci\/index.php\/wp-json\/wp\/v2\/categories?post=21191"},{"taxonomy":"post_tag","embeddable":true,"href":"https:\/\/7culture.ci\/index.php\/wp-json\/wp\/v2\/tags?post=21191"}],"curies":[{"name":"wp","href":"https:\/\/api.w.org\/{rel}","templated":true}]}}