{"id":21179,"date":"2022-05-17T17:15:14","date_gmt":"2022-05-17T15:15:14","guid":{"rendered":"https:\/\/7culture.ci\/?p=21179"},"modified":"2022-05-17T17:15:17","modified_gmt":"2022-05-17T15:15:17","slug":"porlhala-festival-2022-le-ministre-du-tourisme-salue-la-grande-richesse-du-patrimoine-senoufo","status":"publish","type":"post","link":"https:\/\/7culture.ci\/index.php\/2022\/05\/17\/porlhala-festival-2022-le-ministre-du-tourisme-salue-la-grande-richesse-du-patrimoine-senoufo\/","title":{"rendered":"Porlhala Festival 2022\u00a0: le ministre du Tourisme salue la grande richesse du patrimoine Senoufo"},"content":{"rendered":"\n<p><strong><em>La 1<sup>\u00e8re<\/sup> \u00e9dition\u00a0du Porlhala Festival, \u00e0\u00a0 Kouto, sous le haut-patronage du Ministre d&#8217;\u00c9tat T\u00e9n\u00e9 Birahima Ouattara et pr\u00e9sid\u00e9e par le ministre du Tourisme,\u00a0 du 13 au 15 mai, a \u00e9t\u00e9 riche et rythm\u00e9e.<\/em><\/strong><\/p>\n\n\n\n<p>Repr\u00e9sentant le ministre d&#8217;\u00c9tat, ministre de la D\u00e9fense et pr\u00e9sident du Conseil r\u00e9gional du Tchologo, T\u00e9n\u00e9 Birahima Ouattara, le ministre du Tourisme, Siandou Fofana, a not\u00e9 en son nom, lors de son allocution \u00e0 la c\u00e9r\u00e9monie d&#8217;ouverture, le samedi 14 mai dernier, le caract\u00e8re f\u00e9d\u00e9rateur et la contribution exemplaire du Poro \u00e0 la paix et \u00e0 la coh\u00e9sion sociale. Tout en soulignant au passage que&nbsp;le Porlhala Festival (Grand\u2019messe du Poro en langue senoufo), s\u2019\u00e9rige,&nbsp;un moule de l\u2019int\u00e9gration africaine.<\/p>\n\n\n\n<figure class=\"wp-block-gallery has-nested-images columns-default is-cropped wp-block-gallery-1 is-layout-flex wp-block-gallery-is-layout-flex\">\n<figure class=\"wp-block-image size-large\"><img loading=\"lazy\" decoding=\"async\" width=\"1024\" height=\"683\" data-id=\"21181\" src=\"https:\/\/7culture.ci\/wp-content\/uploads\/2022\/05\/WhatsApp-Image-2022-05-17-at-12.37.11-2-1024x683.jpeg\" alt=\"\" class=\"wp-image-21181\" srcset=\"https:\/\/7culture.ci\/wp-content\/uploads\/2022\/05\/WhatsApp-Image-2022-05-17-at-12.37.11-2-1024x683.jpeg 1024w, https:\/\/7culture.ci\/wp-content\/uploads\/2022\/05\/WhatsApp-Image-2022-05-17-at-12.37.11-2-300x200.jpeg 300w, https:\/\/7culture.ci\/wp-content\/uploads\/2022\/05\/WhatsApp-Image-2022-05-17-at-12.37.11-2-768x512.jpeg 768w, https:\/\/7culture.ci\/wp-content\/uploads\/2022\/05\/WhatsApp-Image-2022-05-17-at-12.37.11-2.jpeg 1080w\" sizes=\"(max-width: 1024px) 100vw, 1024px\" \/><\/figure>\n\n\n\n<figure class=\"wp-block-image size-large\"><img loading=\"lazy\" decoding=\"async\" width=\"1024\" height=\"683\" data-id=\"21182\" src=\"https:\/\/7culture.ci\/wp-content\/uploads\/2022\/05\/WhatsApp-Image-2022-05-17-at-12.37.12-1-1024x683.jpeg\" alt=\"\" class=\"wp-image-21182\" srcset=\"https:\/\/7culture.ci\/wp-content\/uploads\/2022\/05\/WhatsApp-Image-2022-05-17-at-12.37.12-1-1024x683.jpeg 1024w, https:\/\/7culture.ci\/wp-content\/uploads\/2022\/05\/WhatsApp-Image-2022-05-17-at-12.37.12-1-300x200.jpeg 300w, https:\/\/7culture.ci\/wp-content\/uploads\/2022\/05\/WhatsApp-Image-2022-05-17-at-12.37.12-1-768x512.jpeg 768w, https:\/\/7culture.ci\/wp-content\/uploads\/2022\/05\/WhatsApp-Image-2022-05-17-at-12.37.12-1.jpeg 1080w\" sizes=\"(max-width: 1024px) 100vw, 1024px\" \/><\/figure>\n\n\n\n<figure class=\"wp-block-image size-large\"><img loading=\"lazy\" decoding=\"async\" width=\"1024\" height=\"683\" data-id=\"21183\" src=\"https:\/\/7culture.ci\/wp-content\/uploads\/2022\/05\/WhatsApp-Image-2022-05-17-at-12.37.13-1-1024x683.jpeg\" alt=\"\" class=\"wp-image-21183\" srcset=\"https:\/\/7culture.ci\/wp-content\/uploads\/2022\/05\/WhatsApp-Image-2022-05-17-at-12.37.13-1-1024x683.jpeg 1024w, https:\/\/7culture.ci\/wp-content\/uploads\/2022\/05\/WhatsApp-Image-2022-05-17-at-12.37.13-1-300x200.jpeg 300w, https:\/\/7culture.ci\/wp-content\/uploads\/2022\/05\/WhatsApp-Image-2022-05-17-at-12.37.13-1-768x512.jpeg 768w, https:\/\/7culture.ci\/wp-content\/uploads\/2022\/05\/WhatsApp-Image-2022-05-17-at-12.37.13-1.jpeg 1080w\" sizes=\"(max-width: 1024px) 100vw, 1024px\" \/><\/figure>\n<\/figure>\n\n\n\n<p>Il avait \u00e0 ses c\u00f4t\u00e9s, le ministre Bruno Kon\u00e9 et l&#8217;ancien ministre Dossongui Kon\u00e9, fils et cadres de la r\u00e9gion de la Bagou\u00e9, le second \u00e9tant l&#8217;initiateur du Festival.&nbsp;<\/p>\n\n\n\n<p>Arguant que le Porlhala Festival de Kouto est une &#8221; <strong><em>vitrine lumineuse pour notre Sublime C\u00f4te d\u2019Ivoire<\/em><\/strong>&#8220;, le ministre du Tourisme s&#8217;est r\u00e9joui qu&#8217;en r\u00e9unissant&nbsp;plus de 62 masques, troupes de danse sacr\u00e9es comme profanes venues des r\u00e9gions de la Bagou\u00e9, certes, mais aussi du Poro, du Tchologo, du Hambol, ainsi que de pays voisins, le Festival se doit d&#8217;\u00eatre promu en tant que produit culturel d&#8217;appel touristique.&nbsp;Et s&#8217;\u00e9rige comme un creuset pour s&#8217;approprier les vertus du vivre-ensemble, dont le rite initiatique du Poro. Les travaux en appendice&nbsp;des d\u00e9l\u00e9gations de chefs traditionnels, d&#8217;\u00e9minents chercheurs&nbsp;et de pr\u00eatres du savoir ancestral, en t\u00e9moignent.<\/p>\n\n\n\n<figure class=\"wp-block-gallery has-nested-images columns-default is-cropped wp-block-gallery-2 is-layout-flex wp-block-gallery-is-layout-flex\">\n<figure class=\"wp-block-image size-large\"><img loading=\"lazy\" decoding=\"async\" width=\"1024\" height=\"683\" data-id=\"21187\" src=\"https:\/\/7culture.ci\/wp-content\/uploads\/2022\/05\/WhatsApp-Image-2022-05-17-at-12.37.12-3-1-1024x683.jpeg\" alt=\"\" class=\"wp-image-21187\" srcset=\"https:\/\/7culture.ci\/wp-content\/uploads\/2022\/05\/WhatsApp-Image-2022-05-17-at-12.37.12-3-1-1024x683.jpeg 1024w, https:\/\/7culture.ci\/wp-content\/uploads\/2022\/05\/WhatsApp-Image-2022-05-17-at-12.37.12-3-1-300x200.jpeg 300w, https:\/\/7culture.ci\/wp-content\/uploads\/2022\/05\/WhatsApp-Image-2022-05-17-at-12.37.12-3-1-768x512.jpeg 768w, https:\/\/7culture.ci\/wp-content\/uploads\/2022\/05\/WhatsApp-Image-2022-05-17-at-12.37.12-3-1.jpeg 1080w\" sizes=\"(max-width: 1024px) 100vw, 1024px\" \/><\/figure>\n\n\n\n<figure class=\"wp-block-image size-large\"><img loading=\"lazy\" decoding=\"async\" width=\"1024\" height=\"683\" data-id=\"21188\" src=\"https:\/\/7culture.ci\/wp-content\/uploads\/2022\/05\/WhatsApp-Image-2022-05-17-at-12.37.12-4-1024x683.jpeg\" alt=\"\" class=\"wp-image-21188\" srcset=\"https:\/\/7culture.ci\/wp-content\/uploads\/2022\/05\/WhatsApp-Image-2022-05-17-at-12.37.12-4-1024x683.jpeg 1024w, https:\/\/7culture.ci\/wp-content\/uploads\/2022\/05\/WhatsApp-Image-2022-05-17-at-12.37.12-4-300x200.jpeg 300w, https:\/\/7culture.ci\/wp-content\/uploads\/2022\/05\/WhatsApp-Image-2022-05-17-at-12.37.12-4-768x512.jpeg 768w, https:\/\/7culture.ci\/wp-content\/uploads\/2022\/05\/WhatsApp-Image-2022-05-17-at-12.37.12-4.jpeg 1080w\" sizes=\"(max-width: 1024px) 100vw, 1024px\" \/><\/figure>\n<\/figure>\n\n\n\n<p>Il ressort, en outre, que l\u2019importance du Poro dans la soci\u00e9t\u00e9 S\u00e9noufo est ind\u00e9niable. Car\u00a0il permet, selon les donn\u00e9es sociologiques et anthropologiques, au jeune imp\u00e9trant, sept ann\u00e9es durant, une pr\u00e9paration \u00e0 la vie sociale et spirituelle. Etant donn\u00e9 que c\u2019est la matrice de l\u2019\u00e9cole de vie en pays S\u00e9noufo, dans la mesure o\u00f9 des vertus telles que le savoir-\u00eatre, le savoir-vivre, le savoir se comporter en public, le respect des a\u00een\u00e9s et la capacit\u00e9 \u00e0 affronter les difficult\u00e9s de la vie sont inculqu\u00e9es aux initi\u00e9s. Comme pour dire que la C\u00f4te d\u2019Ivoire Solidaire \u00e0 laquelle\u00a0\u0153uvrent les Ivoiriens sous la houlette du Chef de l&#8217;Etat, SEM Alassane Ouattara, se fera, sous la f\u00e9rule du Premier ministre Patrick Achi, par et avec la culture, levain d\u2019un tourisme \u00e0 visage humain dont le Porlahla Festival est un levier \u00e0 promouvoir.<\/p>\n\n\n\n<p>Par Sercom<\/p>\n","protected":false},"excerpt":{"rendered":"<p>La 1\u00e8re \u00e9dition\u00a0du Porlhala Festival, \u00e0\u00a0 Kouto, sous le haut-patronage du Ministre d&#8217;\u00c9tat T\u00e9n\u00e9 Birahima Ouattara et pr\u00e9sid\u00e9e par le ministre du Tourisme,\u00a0 du 13 au 15 mai, a \u00e9t\u00e9 riche et rythm\u00e9e. Repr\u00e9sentant le ministre d&#8217;\u00c9tat, ministre de la D\u00e9fense et pr\u00e9sident du Conseil r\u00e9gional du Tchologo, T\u00e9n\u00e9 Birahima Ouattara, le ministre du Tourisme, &hellip;<\/p>\n<p class=\"read-more\"> <a class=\"\" href=\"https:\/\/7culture.ci\/index.php\/2022\/05\/17\/porlhala-festival-2022-le-ministre-du-tourisme-salue-la-grande-richesse-du-patrimoine-senoufo\/\"> <span class=\"screen-reader-text\">Porlhala Festival 2022\u00a0: le ministre du Tourisme salue la grande richesse du patrimoine Senoufo<\/span> Lire la suite\u00a0\u00bb<\/a><\/p>\n","protected":false},"author":1,"featured_media":21180,"comment_status":"open","ping_status":"open","sticky":false,"template":"","format":"standard","meta":{"_mi_skip_tracking":false,"_monsterinsights_sitenote_active":false,"_monsterinsights_sitenote_note":"","_monsterinsights_sitenote_category":0,"site-sidebar-layout":"default","site-content-layout":"default","ast-global-header-display":"","ast-main-header-display":"","ast-hfb-above-header-display":"","ast-hfb-below-header-display":"","ast-hfb-mobile-header-display":"","site-post-title":"","ast-breadcrumbs-content":"","ast-featured-img":"","footer-sml-layout":"","theme-transparent-header-meta":"","adv-header-id-meta":"","stick-header-meta":"","header-above-stick-meta":"","header-main-stick-meta":"","header-below-stick-meta":"","footnotes":"","jetpack_publicize_message":"","jetpack_is_tweetstorm":false,"jetpack_publicize_feature_enabled":true},"categories":[22],"tags":[],"jetpack_publicize_connections":[],"acf":[],"aioseo_notices":[],"yoast_head":"<!-- This site is optimized with the Yoast SEO plugin v19.6.1 - https:\/\/yoast.com\/wordpress\/plugins\/seo\/ -->\n<title>Porlhala Festival 2022\u00a0: le ministre du Tourisme salue la grande richesse du patrimoine Senoufo -<\/title>\n<meta name=\"robots\" content=\"index, follow, max-snippet:-1, max-image-preview:large, max-video-preview:-1\" \/>\n<link rel=\"canonical\" href=\"https:\/\/7culture.ci\/index.php\/2022\/05\/17\/porlhala-festival-2022-le-ministre-du-tourisme-salue-la-grande-richesse-du-patrimoine-senoufo\/\" \/>\n<meta property=\"og:locale\" content=\"fr_FR\" \/>\n<meta property=\"og:type\" content=\"article\" \/>\n<meta property=\"og:title\" content=\"Porlhala Festival 2022\u00a0: le ministre du Tourisme salue la grande richesse du patrimoine Senoufo -\" \/>\n<meta property=\"og:description\" content=\"La 1\u00e8re \u00e9dition\u00a0du Porlhala Festival, \u00e0\u00a0 Kouto, sous le haut-patronage du Ministre d&#8217;\u00c9tat T\u00e9n\u00e9 Birahima Ouattara et pr\u00e9sid\u00e9e par le ministre du Tourisme,\u00a0 du 13 au 15 mai, a \u00e9t\u00e9 riche et rythm\u00e9e. Repr\u00e9sentant le ministre d&#8217;\u00c9tat, ministre de la D\u00e9fense et pr\u00e9sident du Conseil r\u00e9gional du Tchologo, T\u00e9n\u00e9 Birahima Ouattara, le ministre du Tourisme, &hellip; Porlhala Festival 2022\u00a0: le ministre du Tourisme salue la grande richesse du patrimoine Senoufo Lire la suite\u00a0\u00bb\" \/>\n<meta property=\"og:url\" content=\"https:\/\/7culture.ci\/index.php\/2022\/05\/17\/porlhala-festival-2022-le-ministre-du-tourisme-salue-la-grande-richesse-du-patrimoine-senoufo\/\" \/>\n<meta property=\"og:site_name\" content=\"7culture\" \/>\n<meta property=\"article:publisher\" content=\"https:\/\/www.facebook.com\/redchefclaude\" \/>\n<meta property=\"article:published_time\" content=\"2022-05-17T15:15:14+00:00\" \/>\n<meta property=\"article:modified_time\" content=\"2022-05-17T15:15:17+00:00\" \/>\n<meta property=\"og:image\" content=\"http:\/\/7culture.ci\/wp-content\/uploads\/2022\/05\/WhatsApp-Image-2022-05-17-at-12.37.13-2.jpeg\" \/>\n\t<meta property=\"og:image:width\" content=\"1080\" \/>\n\t<meta property=\"og:image:height\" content=\"720\" \/>\n\t<meta property=\"og:image:type\" content=\"image\/jpeg\" \/>\n<meta name=\"author\" content=\"7culture2020\" \/>\n<meta name=\"twitter:card\" content=\"summary_large_image\" \/>\n<meta name=\"twitter:creator\" content=\"@7culturec\" \/>\n<meta name=\"twitter:site\" content=\"@7culturec\" \/>\n<meta name=\"twitter:label1\" content=\"\u00c9crit par\" \/>\n\t<meta name=\"twitter:data1\" content=\"7culture2020\" \/>\n\t<meta name=\"twitter:label2\" content=\"Dur\u00e9e de lecture estim\u00e9e\" \/>\n\t<meta name=\"twitter:data2\" content=\"3 minutes\" \/>\n<script type=\"application\/ld+json\" class=\"yoast-schema-graph\">{\"@context\":\"https:\/\/schema.org\",\"@graph\":[{\"@type\":\"Article\",\"@id\":\"https:\/\/7culture.ci\/index.php\/2022\/05\/17\/porlhala-festival-2022-le-ministre-du-tourisme-salue-la-grande-richesse-du-patrimoine-senoufo\/#article\",\"isPartOf\":{\"@id\":\"https:\/\/7culture.ci\/index.php\/2022\/05\/17\/porlhala-festival-2022-le-ministre-du-tourisme-salue-la-grande-richesse-du-patrimoine-senoufo\/\"},\"author\":{\"name\":\"7culture2020\",\"@id\":\"https:\/\/7culture.ci\/#\/schema\/person\/16150d28d7ef66ba788c1f87f28c4426\"},\"headline\":\"Porlhala Festival 2022\u00a0: le ministre du Tourisme salue la grande richesse du patrimoine Senoufo\",\"datePublished\":\"2022-05-17T15:15:14+00:00\",\"dateModified\":\"2022-05-17T15:15:17+00:00\",\"mainEntityOfPage\":{\"@id\":\"https:\/\/7culture.ci\/index.php\/2022\/05\/17\/porlhala-festival-2022-le-ministre-du-tourisme-salue-la-grande-richesse-du-patrimoine-senoufo\/\"},\"wordCount\":451,\"commentCount\":0,\"publisher\":{\"@id\":\"https:\/\/7culture.ci\/#organization\"},\"articleSection\":[\"Actualit\u00e9\"],\"inLanguage\":\"fr-FR\",\"potentialAction\":[{\"@type\":\"CommentAction\",\"name\":\"Comment\",\"target\":[\"https:\/\/7culture.ci\/index.php\/2022\/05\/17\/porlhala-festival-2022-le-ministre-du-tourisme-salue-la-grande-richesse-du-patrimoine-senoufo\/#respond\"]}]},{\"@type\":\"WebPage\",\"@id\":\"https:\/\/7culture.ci\/index.php\/2022\/05\/17\/porlhala-festival-2022-le-ministre-du-tourisme-salue-la-grande-richesse-du-patrimoine-senoufo\/\",\"url\":\"https:\/\/7culture.ci\/index.php\/2022\/05\/17\/porlhala-festival-2022-le-ministre-du-tourisme-salue-la-grande-richesse-du-patrimoine-senoufo\/\",\"name\":\"Porlhala Festival 2022\u00a0: le ministre du Tourisme salue la grande richesse du patrimoine Senoufo -\",\"isPartOf\":{\"@id\":\"https:\/\/7culture.ci\/#website\"},\"datePublished\":\"2022-05-17T15:15:14+00:00\",\"dateModified\":\"2022-05-17T15:15:17+00:00\",\"breadcrumb\":{\"@id\":\"https:\/\/7culture.ci\/index.php\/2022\/05\/17\/porlhala-festival-2022-le-ministre-du-tourisme-salue-la-grande-richesse-du-patrimoine-senoufo\/#breadcrumb\"},\"inLanguage\":\"fr-FR\",\"potentialAction\":[{\"@type\":\"ReadAction\",\"target\":[\"https:\/\/7culture.ci\/index.php\/2022\/05\/17\/porlhala-festival-2022-le-ministre-du-tourisme-salue-la-grande-richesse-du-patrimoine-senoufo\/\"]}]},{\"@type\":\"BreadcrumbList\",\"@id\":\"https:\/\/7culture.ci\/index.php\/2022\/05\/17\/porlhala-festival-2022-le-ministre-du-tourisme-salue-la-grande-richesse-du-patrimoine-senoufo\/#breadcrumb\",\"itemListElement\":[{\"@type\":\"ListItem\",\"position\":1,\"name\":\"Accueil\",\"item\":\"https:\/\/7culture.ci\/\"},{\"@type\":\"ListItem\",\"position\":2,\"name\":\"Porlhala Festival 2022\u00a0: le ministre du Tourisme salue la grande richesse du patrimoine Senoufo\"}]},{\"@type\":\"WebSite\",\"@id\":\"https:\/\/7culture.ci\/#website\",\"url\":\"https:\/\/7culture.ci\/\",\"name\":\"7culture\",\"description\":\"Tout sur l&#039;actualit\u00e9\",\"publisher\":{\"@id\":\"https:\/\/7culture.ci\/#organization\"},\"potentialAction\":[{\"@type\":\"SearchAction\",\"target\":{\"@type\":\"EntryPoint\",\"urlTemplate\":\"https:\/\/7culture.ci\/?s={search_term_string}\"},\"query-input\":\"required name=search_term_string\"}],\"inLanguage\":\"fr-FR\"},{\"@type\":\"Organization\",\"@id\":\"https:\/\/7culture.ci\/#organization\",\"name\":\"7culture\",\"url\":\"https:\/\/7culture.ci\/\",\"sameAs\":[\"https:\/\/www.facebook.com\/redchefclaude\",\"https:\/\/twitter.com\/7culturec\"],\"logo\":{\"@type\":\"ImageObject\",\"inLanguage\":\"fr-FR\",\"@id\":\"https:\/\/7culture.ci\/#\/schema\/logo\/image\/\",\"url\":\"https:\/\/7culture.ci\/wp-content\/uploads\/2021\/12\/S1a-1.png\",\"contentUrl\":\"https:\/\/7culture.ci\/wp-content\/uploads\/2021\/12\/S1a-1.png\",\"width\":588,\"height\":192,\"caption\":\"7culture\"},\"image\":{\"@id\":\"https:\/\/7culture.ci\/#\/schema\/logo\/image\/\"}},{\"@type\":\"Person\",\"@id\":\"https:\/\/7culture.ci\/#\/schema\/person\/16150d28d7ef66ba788c1f87f28c4426\",\"name\":\"7culture2020\",\"image\":{\"@type\":\"ImageObject\",\"inLanguage\":\"fr-FR\",\"@id\":\"https:\/\/7culture.ci\/#\/schema\/person\/image\/\",\"url\":\"https:\/\/secure.gravatar.com\/avatar\/9a0784f951306c37bcd065f52844ef95?s=96&d=mm&r=g\",\"contentUrl\":\"https:\/\/secure.gravatar.com\/avatar\/9a0784f951306c37bcd065f52844ef95?s=96&d=mm&r=g\",\"caption\":\"7culture2020\"},\"sameAs\":[\"http:\/\/7culture.ci\",\"Claude.kipre\"],\"url\":\"https:\/\/7culture.ci\/index.php\/author\/7culture2020\/\"}]}<\/script>\n<!-- \/ Yoast SEO plugin. -->","yoast_head_json":{"title":"Porlhala Festival 2022\u00a0: le ministre du Tourisme salue la grande richesse du patrimoine Senoufo -","robots":{"index":"index","follow":"follow","max-snippet":"max-snippet:-1","max-image-preview":"max-image-preview:large","max-video-preview":"max-video-preview:-1"},"canonical":"https:\/\/7culture.ci\/index.php\/2022\/05\/17\/porlhala-festival-2022-le-ministre-du-tourisme-salue-la-grande-richesse-du-patrimoine-senoufo\/","og_locale":"fr_FR","og_type":"article","og_title":"Porlhala Festival 2022\u00a0: le ministre du Tourisme salue la grande richesse du patrimoine Senoufo -","og_description":"La 1\u00e8re \u00e9dition\u00a0du Porlhala Festival, \u00e0\u00a0 Kouto, sous le haut-patronage du Ministre d&#8217;\u00c9tat T\u00e9n\u00e9 Birahima Ouattara et pr\u00e9sid\u00e9e par le ministre du Tourisme,\u00a0 du 13 au 15 mai, a \u00e9t\u00e9 riche et rythm\u00e9e. Repr\u00e9sentant le ministre d&#8217;\u00c9tat, ministre de la D\u00e9fense et pr\u00e9sident du Conseil r\u00e9gional du Tchologo, T\u00e9n\u00e9 Birahima Ouattara, le ministre du Tourisme, &hellip; Porlhala Festival 2022\u00a0: le ministre du Tourisme salue la grande richesse du patrimoine Senoufo Lire la suite\u00a0\u00bb","og_url":"https:\/\/7culture.ci\/index.php\/2022\/05\/17\/porlhala-festival-2022-le-ministre-du-tourisme-salue-la-grande-richesse-du-patrimoine-senoufo\/","og_site_name":"7culture","article_publisher":"https:\/\/www.facebook.com\/redchefclaude","article_published_time":"2022-05-17T15:15:14+00:00","article_modified_time":"2022-05-17T15:15:17+00:00","og_image":[{"width":1080,"height":720,"url":"http:\/\/7culture.ci\/wp-content\/uploads\/2022\/05\/WhatsApp-Image-2022-05-17-at-12.37.13-2.jpeg","type":"image\/jpeg"}],"author":"7culture2020","twitter_card":"summary_large_image","twitter_creator":"@7culturec","twitter_site":"@7culturec","twitter_misc":{"\u00c9crit par":"7culture2020","Dur\u00e9e de lecture estim\u00e9e":"3 minutes"},"schema":{"@context":"https:\/\/schema.org","@graph":[{"@type":"Article","@id":"https:\/\/7culture.ci\/index.php\/2022\/05\/17\/porlhala-festival-2022-le-ministre-du-tourisme-salue-la-grande-richesse-du-patrimoine-senoufo\/#article","isPartOf":{"@id":"https:\/\/7culture.ci\/index.php\/2022\/05\/17\/porlhala-festival-2022-le-ministre-du-tourisme-salue-la-grande-richesse-du-patrimoine-senoufo\/"},"author":{"name":"7culture2020","@id":"https:\/\/7culture.ci\/#\/schema\/person\/16150d28d7ef66ba788c1f87f28c4426"},"headline":"Porlhala Festival 2022\u00a0: le ministre du Tourisme salue la grande richesse du patrimoine Senoufo","datePublished":"2022-05-17T15:15:14+00:00","dateModified":"2022-05-17T15:15:17+00:00","mainEntityOfPage":{"@id":"https:\/\/7culture.ci\/index.php\/2022\/05\/17\/porlhala-festival-2022-le-ministre-du-tourisme-salue-la-grande-richesse-du-patrimoine-senoufo\/"},"wordCount":451,"commentCount":0,"publisher":{"@id":"https:\/\/7culture.ci\/#organization"},"articleSection":["Actualit\u00e9"],"inLanguage":"fr-FR","potentialAction":[{"@type":"CommentAction","name":"Comment","target":["https:\/\/7culture.ci\/index.php\/2022\/05\/17\/porlhala-festival-2022-le-ministre-du-tourisme-salue-la-grande-richesse-du-patrimoine-senoufo\/#respond"]}]},{"@type":"WebPage","@id":"https:\/\/7culture.ci\/index.php\/2022\/05\/17\/porlhala-festival-2022-le-ministre-du-tourisme-salue-la-grande-richesse-du-patrimoine-senoufo\/","url":"https:\/\/7culture.ci\/index.php\/2022\/05\/17\/porlhala-festival-2022-le-ministre-du-tourisme-salue-la-grande-richesse-du-patrimoine-senoufo\/","name":"Porlhala Festival 2022\u00a0: le ministre du Tourisme salue la grande richesse du patrimoine Senoufo -","isPartOf":{"@id":"https:\/\/7culture.ci\/#website"},"datePublished":"2022-05-17T15:15:14+00:00","dateModified":"2022-05-17T15:15:17+00:00","breadcrumb":{"@id":"https:\/\/7culture.ci\/index.php\/2022\/05\/17\/porlhala-festival-2022-le-ministre-du-tourisme-salue-la-grande-richesse-du-patrimoine-senoufo\/#breadcrumb"},"inLanguage":"fr-FR","potentialAction":[{"@type":"ReadAction","target":["https:\/\/7culture.ci\/index.php\/2022\/05\/17\/porlhala-festival-2022-le-ministre-du-tourisme-salue-la-grande-richesse-du-patrimoine-senoufo\/"]}]},{"@type":"BreadcrumbList","@id":"https:\/\/7culture.ci\/index.php\/2022\/05\/17\/porlhala-festival-2022-le-ministre-du-tourisme-salue-la-grande-richesse-du-patrimoine-senoufo\/#breadcrumb","itemListElement":[{"@type":"ListItem","position":1,"name":"Accueil","item":"https:\/\/7culture.ci\/"},{"@type":"ListItem","position":2,"name":"Porlhala Festival 2022\u00a0: le ministre du Tourisme salue la grande richesse du patrimoine Senoufo"}]},{"@type":"WebSite","@id":"https:\/\/7culture.ci\/#website","url":"https:\/\/7culture.ci\/","name":"7culture","description":"Tout sur l&#039;actualit\u00e9","publisher":{"@id":"https:\/\/7culture.ci\/#organization"},"potentialAction":[{"@type":"SearchAction","target":{"@type":"EntryPoint","urlTemplate":"https:\/\/7culture.ci\/?s={search_term_string}"},"query-input":"required name=search_term_string"}],"inLanguage":"fr-FR"},{"@type":"Organization","@id":"https:\/\/7culture.ci\/#organization","name":"7culture","url":"https:\/\/7culture.ci\/","sameAs":["https:\/\/www.facebook.com\/redchefclaude","https:\/\/twitter.com\/7culturec"],"logo":{"@type":"ImageObject","inLanguage":"fr-FR","@id":"https:\/\/7culture.ci\/#\/schema\/logo\/image\/","url":"https:\/\/7culture.ci\/wp-content\/uploads\/2021\/12\/S1a-1.png","contentUrl":"https:\/\/7culture.ci\/wp-content\/uploads\/2021\/12\/S1a-1.png","width":588,"height":192,"caption":"7culture"},"image":{"@id":"https:\/\/7culture.ci\/#\/schema\/logo\/image\/"}},{"@type":"Person","@id":"https:\/\/7culture.ci\/#\/schema\/person\/16150d28d7ef66ba788c1f87f28c4426","name":"7culture2020","image":{"@type":"ImageObject","inLanguage":"fr-FR","@id":"https:\/\/7culture.ci\/#\/schema\/person\/image\/","url":"https:\/\/secure.gravatar.com\/avatar\/9a0784f951306c37bcd065f52844ef95?s=96&d=mm&r=g","contentUrl":"https:\/\/secure.gravatar.com\/avatar\/9a0784f951306c37bcd065f52844ef95?s=96&d=mm&r=g","caption":"7culture2020"},"sameAs":["http:\/\/7culture.ci","Claude.kipre"],"url":"https:\/\/7culture.ci\/index.php\/author\/7culture2020\/"}]}},"jetpack_featured_media_url":"https:\/\/7culture.ci\/wp-content\/uploads\/2022\/05\/WhatsApp-Image-2022-05-17-at-12.37.13-2.jpeg","jetpack_likes_enabled":true,"jetpack_sharing_enabled":true,"_links":{"self":[{"href":"https:\/\/7culture.ci\/index.php\/wp-json\/wp\/v2\/posts\/21179"}],"collection":[{"href":"https:\/\/7culture.ci\/index.php\/wp-json\/wp\/v2\/posts"}],"about":[{"href":"https:\/\/7culture.ci\/index.php\/wp-json\/wp\/v2\/types\/post"}],"author":[{"embeddable":true,"href":"https:\/\/7culture.ci\/index.php\/wp-json\/wp\/v2\/users\/1"}],"replies":[{"embeddable":true,"href":"https:\/\/7culture.ci\/index.php\/wp-json\/wp\/v2\/comments?post=21179"}],"version-history":[{"count":0,"href":"https:\/\/7culture.ci\/index.php\/wp-json\/wp\/v2\/posts\/21179\/revisions"}],"wp:featuredmedia":[{"embeddable":true,"href":"https:\/\/7culture.ci\/index.php\/wp-json\/wp\/v2\/media\/21180"}],"wp:attachment":[{"href":"https:\/\/7culture.ci\/index.php\/wp-json\/wp\/v2\/media?parent=21179"}],"wp:term":[{"taxonomy":"category","embeddable":true,"href":"https:\/\/7culture.ci\/index.php\/wp-json\/wp\/v2\/categories?post=21179"},{"taxonomy":"post_tag","embeddable":true,"href":"https:\/\/7culture.ci\/index.php\/wp-json\/wp\/v2\/tags?post=21179"}],"curies":[{"name":"wp","href":"https:\/\/api.w.org\/{rel}","templated":true}]}}