{"id":21152,"date":"2022-05-16T13:02:23","date_gmt":"2022-05-16T11:02:23","guid":{"rendered":"https:\/\/7culture.ci\/?p=21152"},"modified":"2022-05-17T16:34:35","modified_gmt":"2022-05-17T14:34:35","slug":"foot-recompense-livoirien-seko-fofana-remporte-le-prix-marc-vivien-foe-2022","status":"publish","type":"post","link":"https:\/\/7culture.ci\/index.php\/2022\/05\/16\/foot-recompense-livoirien-seko-fofana-remporte-le-prix-marc-vivien-foe-2022\/","title":{"rendered":"Foot\/R\u00e9compense\u00a0: l\u2019Ivoirien Seko Fofana remporte le Prix Marc-Vivien Fo\u00e9 2022"},"content":{"rendered":"\n<p>Le meilleur joueur africain du Championnat de France de football (Ligue 1) de la saison 2021-2022 est l\u2019Ivoirien Seko Fofana. Il a \u00e9t\u00e9 \u00e9lu par un jury rassembl\u00e9 par RFI et France 24. Il \u00e9volue au Racing Club de Lens. L\u2019Ivoirien partage le podium final avec deux Rennais, le Malien Hamari Traor\u00e9 et le Marocain Nayef Aguerd.<\/p>\n\n\n\n<p>Septi\u00e8me du Prix Fo\u00e9 la saison derni\u00e8re, la chance a souri cette ann\u00e9e au milieu de terrain lensois, \u00e2g\u00e9 de 27 ans. Selon le site de RFI, organisatrice du prix, \u00ab&nbsp;<strong><em>Seko Fofana a convaincu cette fois une nette majorit\u00e9 des jur\u00e9s. Journalistes, consultants, anciens joueurs : 80 % l\u2019ont plac\u00e9 sur leur podium personnel, 56 % des votants l\u2019ont mis sur la plus haute marche<\/em><\/strong>&nbsp;\u00bb. Dans le palmar\u00e8s g\u00e9n\u00e9ral du Prix Marc-Vivien Fo\u00e9, Soko Fofana succ\u00e8de \u00e0 son co\u00e9quipier au RC Lens, le Congolais Ga\u00ebl Kakuta, \u00e9lu en 2021.<\/p>\n\n\n\n<figure class=\"wp-block-image size-full\"><img loading=\"lazy\" decoding=\"async\" width=\"640\" height=\"427\" src=\"http:\/\/7culture.ci\/wp-content\/uploads\/2022\/05\/Seko3.jpg\" alt=\"\" class=\"wp-image-21153\" srcset=\"https:\/\/7culture.ci\/wp-content\/uploads\/2022\/05\/Seko3.jpg 640w, https:\/\/7culture.ci\/wp-content\/uploads\/2022\/05\/Seko3-300x200.jpg 300w\" sizes=\"(max-width: 640px) 100vw, 640px\" \/><\/figure>\n\n\n\n<p>Le Prix Marc-Vivien Fo\u00e9 2022 r\u00e9compense le joueur africain ayant le plus brill\u00e9 en Championnat de France de premi\u00e8re division (Ligue 1) pendant une saison. Les joueurs \u00e9ligibles sont ceux de Ligue 1 ayant repr\u00e9sent\u00e9 une \u00e9quipe nationale africaine et n\u2019ayant pas chang\u00e9 depuis de nationalit\u00e9 sportive en faveur d\u2019un pays non-africain. Cette ann\u00e9e, le laur\u00e9at a \u00e9t\u00e9 d\u00e9sign\u00e9 \u00e0 l\u2019issue d\u2019un vote organis\u00e9 par Radio France Internationale (RFI) et France 24 aupr\u00e8s d\u2019un panel de journalistes sp\u00e9cialis\u00e9s, de consultants et d\u2019acteurs du football.<\/p>\n\n\n\n<p>Seko Fofana est le 4<sup>e<\/sup> Ivoirien \u00e0 d\u00e9crocher le Prix Marc-Vivien Fo\u00e9. Ses illustres pr\u00e9d\u00e9cesseurs sont Nicolas P\u00e9p\u00e9 en 2019, Jean Micha\u00ebl Seri en 2017 et Gervinho en 2011 et 2010. Pr\u00e9cisons qu\u2019au temps de Gervinho, le troph\u00e9e ne s\u2019appelait pas encore Prix Marc-Vivien Fo\u00e9.<\/p>\n\n\n\n<p>Marc-Vivien Fo\u00e9 \u00e9tait un footballeur international camerounais. Il est mort sur le terrain \u00e0 Lyon le 26 juin 2003 \u00e0 l&#8217;\u00e2ge de 28 ans. C\u2019\u00e9tait en demi-finale de la Coupe des Conf\u00e9d\u00e9rations 2003 o\u00f9 le Cameroun et la Colombie s\u2019affrontaient alors pour une place finale.<\/p>\n\n\n\n<div class=\"wp-block-image\"><figure class=\"aligncenter size-large is-resized\"><img loading=\"lazy\" decoding=\"async\" src=\"https:\/\/7culture.ci\/wp-content\/uploads\/2022\/05\/seko1-1024x576.jpg\" alt=\"\" class=\"wp-image-21155\" width=\"760\" height=\"428\" srcset=\"https:\/\/7culture.ci\/wp-content\/uploads\/2022\/05\/seko1-1024x576.jpg 1024w, https:\/\/7culture.ci\/wp-content\/uploads\/2022\/05\/seko1-300x169.jpg 300w, https:\/\/7culture.ci\/wp-content\/uploads\/2022\/05\/seko1-768x432.jpg 768w, https:\/\/7culture.ci\/wp-content\/uploads\/2022\/05\/seko1.jpg 1200w\" sizes=\"(max-width: 760px) 100vw, 760px\" \/><\/figure><\/div>\n\n\n\n<p><strong><u>LE PALMAR\u00c8S<\/u><\/strong><\/p>\n\n\n\n<p><strong>2022 : Seko Fofana (RC Lens\/ C\u00f4te d\u2019Ivoire)<\/strong><\/p>\n\n\n\n<p>2021 : Ga\u00ebl Kakuta (RC Lens\/RD Congo)<\/p>\n\n\n\n<p>2020 : Victor Osimhen (LOSC\/Nigeria)<\/p>\n\n\n\n<p><strong>2019 : Nicolas P\u00e9p\u00e9 (LOSC\/C\u00f4te d\u2019Ivoire)<\/strong><\/p>\n\n\n\n<p>2018 : Karl Toko-Ekambi (Angers SCO\/Cameroun)<\/p>\n\n\n\n<p><strong>2017 : Jean Micha\u00ebl Seri (OGC Nice\/C\u00f4te d\u2019Ivoire)<\/strong><\/p>\n\n\n\n<p>2016 : Sofiane Boufal (LOSC\/Maroc)<\/p>\n\n\n\n<p>2015 : Andr\u00e9 Ayew (Olympique de Marseille\/Ghana)<\/p>\n\n\n\n<p>2014 : Vincent Enyeama (LOSC\/Nigeria)<\/p>\n\n\n\n<p>2013 : Pierre-Emerick Aubameyang (AS Saint-Etienne\/Gabon)<\/p>\n\n\n\n<p>2012 : Youn\u00e8s Belhanda (Montpellier HSC\/Maroc)<\/p>\n\n\n\n<p><strong>2011 : Gervinho (LOSC\/C\u00f4te d\u2019Ivoire)<\/strong><\/p>\n\n\n\n<p><strong>2010* : Gervinho (LOSC\/C\u00f4te d\u2019Ivoire)<\/strong><\/p>\n\n\n\n<p>2009* : Marouane Chamakh (Girondins de Bordeaux\/Maroc)<\/p>\n\n\n\n<p>*Le troph\u00e9e ne s\u2019appelait pas encore Prix Marc-Vivien Fo\u00e9.<\/p>\n\n\n\n<p>Par Omar AK<\/p>\n","protected":false},"excerpt":{"rendered":"<p>Le meilleur joueur africain du Championnat de France de football (Ligue 1) de la saison 2021-2022 est l\u2019Ivoirien Seko Fofana. Il a \u00e9t\u00e9 \u00e9lu par un jury rassembl\u00e9 par RFI et France 24. Il \u00e9volue au Racing Club de Lens. L\u2019Ivoirien partage le podium final avec deux Rennais, le Malien Hamari Traor\u00e9 et le Marocain &hellip;<\/p>\n<p class=\"read-more\"> <a class=\"\" href=\"https:\/\/7culture.ci\/index.php\/2022\/05\/16\/foot-recompense-livoirien-seko-fofana-remporte-le-prix-marc-vivien-foe-2022\/\"> <span class=\"screen-reader-text\">Foot\/R\u00e9compense\u00a0: l\u2019Ivoirien Seko Fofana remporte le Prix Marc-Vivien Fo\u00e9 2022<\/span> Lire la suite\u00a0\u00bb<\/a><\/p>\n","protected":false},"author":1,"featured_media":21154,"comment_status":"open","ping_status":"open","sticky":false,"template":"","format":"standard","meta":{"_mi_skip_tracking":false,"_monsterinsights_sitenote_active":false,"_monsterinsights_sitenote_note":"","_monsterinsights_sitenote_category":0,"site-sidebar-layout":"default","site-content-layout":"default","ast-global-header-display":"","ast-main-header-display":"","ast-hfb-above-header-display":"","ast-hfb-below-header-display":"","ast-hfb-mobile-header-display":"","site-post-title":"","ast-breadcrumbs-content":"","ast-featured-img":"","footer-sml-layout":"","theme-transparent-header-meta":"","adv-header-id-meta":"","stick-header-meta":"","header-above-stick-meta":"","header-main-stick-meta":"","header-below-stick-meta":"","footnotes":"","jetpack_publicize_message":"","jetpack_is_tweetstorm":false,"jetpack_publicize_feature_enabled":true},"categories":[22],"tags":[],"jetpack_publicize_connections":[],"acf":[],"aioseo_notices":[],"yoast_head":"<!-- This site is optimized with the Yoast SEO plugin v19.6.1 - https:\/\/yoast.com\/wordpress\/plugins\/seo\/ -->\n<title>Foot\/R\u00e9compense\u00a0: l\u2019Ivoirien Seko Fofana remporte le Prix Marc-Vivien Fo\u00e9 2022 -<\/title>\n<meta name=\"robots\" content=\"index, follow, max-snippet:-1, max-image-preview:large, max-video-preview:-1\" \/>\n<link rel=\"canonical\" href=\"https:\/\/7culture.ci\/index.php\/2022\/05\/16\/foot-recompense-livoirien-seko-fofana-remporte-le-prix-marc-vivien-foe-2022\/\" \/>\n<meta property=\"og:locale\" content=\"fr_FR\" \/>\n<meta property=\"og:type\" content=\"article\" \/>\n<meta property=\"og:title\" content=\"Foot\/R\u00e9compense\u00a0: l\u2019Ivoirien Seko Fofana remporte le Prix Marc-Vivien Fo\u00e9 2022 -\" \/>\n<meta property=\"og:description\" content=\"Le meilleur joueur africain du Championnat de France de football (Ligue 1) de la saison 2021-2022 est l\u2019Ivoirien Seko Fofana. Il a \u00e9t\u00e9 \u00e9lu par un jury rassembl\u00e9 par RFI et France 24. Il \u00e9volue au Racing Club de Lens. L\u2019Ivoirien partage le podium final avec deux Rennais, le Malien Hamari Traor\u00e9 et le Marocain &hellip; Foot\/R\u00e9compense\u00a0: l\u2019Ivoirien Seko Fofana remporte le Prix Marc-Vivien Fo\u00e9 2022 Lire la suite\u00a0\u00bb\" \/>\n<meta property=\"og:url\" content=\"https:\/\/7culture.ci\/index.php\/2022\/05\/16\/foot-recompense-livoirien-seko-fofana-remporte-le-prix-marc-vivien-foe-2022\/\" \/>\n<meta property=\"og:site_name\" content=\"7culture\" \/>\n<meta property=\"article:publisher\" content=\"https:\/\/www.facebook.com\/redchefclaude\" \/>\n<meta property=\"article:published_time\" content=\"2022-05-16T11:02:23+00:00\" \/>\n<meta property=\"article:modified_time\" content=\"2022-05-17T14:34:35+00:00\" \/>\n<meta property=\"og:image\" content=\"http:\/\/7culture.ci\/wp-content\/uploads\/2022\/05\/seko2.jpg\" \/>\n\t<meta property=\"og:image:width\" content=\"1280\" \/>\n\t<meta property=\"og:image:height\" content=\"720\" \/>\n\t<meta property=\"og:image:type\" content=\"image\/jpeg\" \/>\n<meta name=\"author\" content=\"7culture2020\" \/>\n<meta name=\"twitter:card\" content=\"summary_large_image\" \/>\n<meta name=\"twitter:creator\" content=\"@7culturec\" \/>\n<meta name=\"twitter:site\" content=\"@7culturec\" \/>\n<meta name=\"twitter:label1\" content=\"\u00c9crit par\" \/>\n\t<meta name=\"twitter:data1\" content=\"7culture2020\" \/>\n\t<meta name=\"twitter:label2\" content=\"Dur\u00e9e de lecture estim\u00e9e\" \/>\n\t<meta name=\"twitter:data2\" content=\"3 minutes\" \/>\n<script type=\"application\/ld+json\" class=\"yoast-schema-graph\">{\"@context\":\"https:\/\/schema.org\",\"@graph\":[{\"@type\":\"Article\",\"@id\":\"https:\/\/7culture.ci\/index.php\/2022\/05\/16\/foot-recompense-livoirien-seko-fofana-remporte-le-prix-marc-vivien-foe-2022\/#article\",\"isPartOf\":{\"@id\":\"https:\/\/7culture.ci\/index.php\/2022\/05\/16\/foot-recompense-livoirien-seko-fofana-remporte-le-prix-marc-vivien-foe-2022\/\"},\"author\":{\"name\":\"7culture2020\",\"@id\":\"https:\/\/7culture.ci\/#\/schema\/person\/16150d28d7ef66ba788c1f87f28c4426\"},\"headline\":\"Foot\/R\u00e9compense\u00a0: l\u2019Ivoirien Seko Fofana remporte le Prix Marc-Vivien Fo\u00e9 2022\",\"datePublished\":\"2022-05-16T11:02:23+00:00\",\"dateModified\":\"2022-05-17T14:34:35+00:00\",\"mainEntityOfPage\":{\"@id\":\"https:\/\/7culture.ci\/index.php\/2022\/05\/16\/foot-recompense-livoirien-seko-fofana-remporte-le-prix-marc-vivien-foe-2022\/\"},\"wordCount\":453,\"commentCount\":0,\"publisher\":{\"@id\":\"https:\/\/7culture.ci\/#organization\"},\"articleSection\":[\"Actualit\u00e9\"],\"inLanguage\":\"fr-FR\",\"potentialAction\":[{\"@type\":\"CommentAction\",\"name\":\"Comment\",\"target\":[\"https:\/\/7culture.ci\/index.php\/2022\/05\/16\/foot-recompense-livoirien-seko-fofana-remporte-le-prix-marc-vivien-foe-2022\/#respond\"]}]},{\"@type\":\"WebPage\",\"@id\":\"https:\/\/7culture.ci\/index.php\/2022\/05\/16\/foot-recompense-livoirien-seko-fofana-remporte-le-prix-marc-vivien-foe-2022\/\",\"url\":\"https:\/\/7culture.ci\/index.php\/2022\/05\/16\/foot-recompense-livoirien-seko-fofana-remporte-le-prix-marc-vivien-foe-2022\/\",\"name\":\"Foot\/R\u00e9compense\u00a0: l\u2019Ivoirien Seko Fofana remporte le Prix Marc-Vivien Fo\u00e9 2022 -\",\"isPartOf\":{\"@id\":\"https:\/\/7culture.ci\/#website\"},\"datePublished\":\"2022-05-16T11:02:23+00:00\",\"dateModified\":\"2022-05-17T14:34:35+00:00\",\"breadcrumb\":{\"@id\":\"https:\/\/7culture.ci\/index.php\/2022\/05\/16\/foot-recompense-livoirien-seko-fofana-remporte-le-prix-marc-vivien-foe-2022\/#breadcrumb\"},\"inLanguage\":\"fr-FR\",\"potentialAction\":[{\"@type\":\"ReadAction\",\"target\":[\"https:\/\/7culture.ci\/index.php\/2022\/05\/16\/foot-recompense-livoirien-seko-fofana-remporte-le-prix-marc-vivien-foe-2022\/\"]}]},{\"@type\":\"BreadcrumbList\",\"@id\":\"https:\/\/7culture.ci\/index.php\/2022\/05\/16\/foot-recompense-livoirien-seko-fofana-remporte-le-prix-marc-vivien-foe-2022\/#breadcrumb\",\"itemListElement\":[{\"@type\":\"ListItem\",\"position\":1,\"name\":\"Accueil\",\"item\":\"https:\/\/7culture.ci\/\"},{\"@type\":\"ListItem\",\"position\":2,\"name\":\"Foot\/R\u00e9compense\u00a0: l\u2019Ivoirien Seko Fofana remporte le Prix Marc-Vivien Fo\u00e9 2022\"}]},{\"@type\":\"WebSite\",\"@id\":\"https:\/\/7culture.ci\/#website\",\"url\":\"https:\/\/7culture.ci\/\",\"name\":\"7culture\",\"description\":\"Tout sur l&#039;actualit\u00e9\",\"publisher\":{\"@id\":\"https:\/\/7culture.ci\/#organization\"},\"potentialAction\":[{\"@type\":\"SearchAction\",\"target\":{\"@type\":\"EntryPoint\",\"urlTemplate\":\"https:\/\/7culture.ci\/?s={search_term_string}\"},\"query-input\":\"required name=search_term_string\"}],\"inLanguage\":\"fr-FR\"},{\"@type\":\"Organization\",\"@id\":\"https:\/\/7culture.ci\/#organization\",\"name\":\"7culture\",\"url\":\"https:\/\/7culture.ci\/\",\"sameAs\":[\"https:\/\/www.facebook.com\/redchefclaude\",\"https:\/\/twitter.com\/7culturec\"],\"logo\":{\"@type\":\"ImageObject\",\"inLanguage\":\"fr-FR\",\"@id\":\"https:\/\/7culture.ci\/#\/schema\/logo\/image\/\",\"url\":\"https:\/\/7culture.ci\/wp-content\/uploads\/2021\/12\/S1a-1.png\",\"contentUrl\":\"https:\/\/7culture.ci\/wp-content\/uploads\/2021\/12\/S1a-1.png\",\"width\":588,\"height\":192,\"caption\":\"7culture\"},\"image\":{\"@id\":\"https:\/\/7culture.ci\/#\/schema\/logo\/image\/\"}},{\"@type\":\"Person\",\"@id\":\"https:\/\/7culture.ci\/#\/schema\/person\/16150d28d7ef66ba788c1f87f28c4426\",\"name\":\"7culture2020\",\"image\":{\"@type\":\"ImageObject\",\"inLanguage\":\"fr-FR\",\"@id\":\"https:\/\/7culture.ci\/#\/schema\/person\/image\/\",\"url\":\"https:\/\/secure.gravatar.com\/avatar\/9a0784f951306c37bcd065f52844ef95?s=96&d=mm&r=g\",\"contentUrl\":\"https:\/\/secure.gravatar.com\/avatar\/9a0784f951306c37bcd065f52844ef95?s=96&d=mm&r=g\",\"caption\":\"7culture2020\"},\"sameAs\":[\"http:\/\/7culture.ci\",\"Claude.kipre\"],\"url\":\"https:\/\/7culture.ci\/index.php\/author\/7culture2020\/\"}]}<\/script>\n<!-- \/ Yoast SEO plugin. -->","yoast_head_json":{"title":"Foot\/R\u00e9compense\u00a0: l\u2019Ivoirien Seko Fofana remporte le Prix Marc-Vivien Fo\u00e9 2022 -","robots":{"index":"index","follow":"follow","max-snippet":"max-snippet:-1","max-image-preview":"max-image-preview:large","max-video-preview":"max-video-preview:-1"},"canonical":"https:\/\/7culture.ci\/index.php\/2022\/05\/16\/foot-recompense-livoirien-seko-fofana-remporte-le-prix-marc-vivien-foe-2022\/","og_locale":"fr_FR","og_type":"article","og_title":"Foot\/R\u00e9compense\u00a0: l\u2019Ivoirien Seko Fofana remporte le Prix Marc-Vivien Fo\u00e9 2022 -","og_description":"Le meilleur joueur africain du Championnat de France de football (Ligue 1) de la saison 2021-2022 est l\u2019Ivoirien Seko Fofana. Il a \u00e9t\u00e9 \u00e9lu par un jury rassembl\u00e9 par RFI et France 24. Il \u00e9volue au Racing Club de Lens. L\u2019Ivoirien partage le podium final avec deux Rennais, le Malien Hamari Traor\u00e9 et le Marocain &hellip; Foot\/R\u00e9compense\u00a0: l\u2019Ivoirien Seko Fofana remporte le Prix Marc-Vivien Fo\u00e9 2022 Lire la suite\u00a0\u00bb","og_url":"https:\/\/7culture.ci\/index.php\/2022\/05\/16\/foot-recompense-livoirien-seko-fofana-remporte-le-prix-marc-vivien-foe-2022\/","og_site_name":"7culture","article_publisher":"https:\/\/www.facebook.com\/redchefclaude","article_published_time":"2022-05-16T11:02:23+00:00","article_modified_time":"2022-05-17T14:34:35+00:00","og_image":[{"width":1280,"height":720,"url":"http:\/\/7culture.ci\/wp-content\/uploads\/2022\/05\/seko2.jpg","type":"image\/jpeg"}],"author":"7culture2020","twitter_card":"summary_large_image","twitter_creator":"@7culturec","twitter_site":"@7culturec","twitter_misc":{"\u00c9crit par":"7culture2020","Dur\u00e9e de lecture estim\u00e9e":"3 minutes"},"schema":{"@context":"https:\/\/schema.org","@graph":[{"@type":"Article","@id":"https:\/\/7culture.ci\/index.php\/2022\/05\/16\/foot-recompense-livoirien-seko-fofana-remporte-le-prix-marc-vivien-foe-2022\/#article","isPartOf":{"@id":"https:\/\/7culture.ci\/index.php\/2022\/05\/16\/foot-recompense-livoirien-seko-fofana-remporte-le-prix-marc-vivien-foe-2022\/"},"author":{"name":"7culture2020","@id":"https:\/\/7culture.ci\/#\/schema\/person\/16150d28d7ef66ba788c1f87f28c4426"},"headline":"Foot\/R\u00e9compense\u00a0: l\u2019Ivoirien Seko Fofana remporte le Prix Marc-Vivien Fo\u00e9 2022","datePublished":"2022-05-16T11:02:23+00:00","dateModified":"2022-05-17T14:34:35+00:00","mainEntityOfPage":{"@id":"https:\/\/7culture.ci\/index.php\/2022\/05\/16\/foot-recompense-livoirien-seko-fofana-remporte-le-prix-marc-vivien-foe-2022\/"},"wordCount":453,"commentCount":0,"publisher":{"@id":"https:\/\/7culture.ci\/#organization"},"articleSection":["Actualit\u00e9"],"inLanguage":"fr-FR","potentialAction":[{"@type":"CommentAction","name":"Comment","target":["https:\/\/7culture.ci\/index.php\/2022\/05\/16\/foot-recompense-livoirien-seko-fofana-remporte-le-prix-marc-vivien-foe-2022\/#respond"]}]},{"@type":"WebPage","@id":"https:\/\/7culture.ci\/index.php\/2022\/05\/16\/foot-recompense-livoirien-seko-fofana-remporte-le-prix-marc-vivien-foe-2022\/","url":"https:\/\/7culture.ci\/index.php\/2022\/05\/16\/foot-recompense-livoirien-seko-fofana-remporte-le-prix-marc-vivien-foe-2022\/","name":"Foot\/R\u00e9compense\u00a0: l\u2019Ivoirien Seko Fofana remporte le Prix Marc-Vivien Fo\u00e9 2022 -","isPartOf":{"@id":"https:\/\/7culture.ci\/#website"},"datePublished":"2022-05-16T11:02:23+00:00","dateModified":"2022-05-17T14:34:35+00:00","breadcrumb":{"@id":"https:\/\/7culture.ci\/index.php\/2022\/05\/16\/foot-recompense-livoirien-seko-fofana-remporte-le-prix-marc-vivien-foe-2022\/#breadcrumb"},"inLanguage":"fr-FR","potentialAction":[{"@type":"ReadAction","target":["https:\/\/7culture.ci\/index.php\/2022\/05\/16\/foot-recompense-livoirien-seko-fofana-remporte-le-prix-marc-vivien-foe-2022\/"]}]},{"@type":"BreadcrumbList","@id":"https:\/\/7culture.ci\/index.php\/2022\/05\/16\/foot-recompense-livoirien-seko-fofana-remporte-le-prix-marc-vivien-foe-2022\/#breadcrumb","itemListElement":[{"@type":"ListItem","position":1,"name":"Accueil","item":"https:\/\/7culture.ci\/"},{"@type":"ListItem","position":2,"name":"Foot\/R\u00e9compense\u00a0: l\u2019Ivoirien Seko Fofana remporte le Prix Marc-Vivien Fo\u00e9 2022"}]},{"@type":"WebSite","@id":"https:\/\/7culture.ci\/#website","url":"https:\/\/7culture.ci\/","name":"7culture","description":"Tout sur l&#039;actualit\u00e9","publisher":{"@id":"https:\/\/7culture.ci\/#organization"},"potentialAction":[{"@type":"SearchAction","target":{"@type":"EntryPoint","urlTemplate":"https:\/\/7culture.ci\/?s={search_term_string}"},"query-input":"required name=search_term_string"}],"inLanguage":"fr-FR"},{"@type":"Organization","@id":"https:\/\/7culture.ci\/#organization","name":"7culture","url":"https:\/\/7culture.ci\/","sameAs":["https:\/\/www.facebook.com\/redchefclaude","https:\/\/twitter.com\/7culturec"],"logo":{"@type":"ImageObject","inLanguage":"fr-FR","@id":"https:\/\/7culture.ci\/#\/schema\/logo\/image\/","url":"https:\/\/7culture.ci\/wp-content\/uploads\/2021\/12\/S1a-1.png","contentUrl":"https:\/\/7culture.ci\/wp-content\/uploads\/2021\/12\/S1a-1.png","width":588,"height":192,"caption":"7culture"},"image":{"@id":"https:\/\/7culture.ci\/#\/schema\/logo\/image\/"}},{"@type":"Person","@id":"https:\/\/7culture.ci\/#\/schema\/person\/16150d28d7ef66ba788c1f87f28c4426","name":"7culture2020","image":{"@type":"ImageObject","inLanguage":"fr-FR","@id":"https:\/\/7culture.ci\/#\/schema\/person\/image\/","url":"https:\/\/secure.gravatar.com\/avatar\/9a0784f951306c37bcd065f52844ef95?s=96&d=mm&r=g","contentUrl":"https:\/\/secure.gravatar.com\/avatar\/9a0784f951306c37bcd065f52844ef95?s=96&d=mm&r=g","caption":"7culture2020"},"sameAs":["http:\/\/7culture.ci","Claude.kipre"],"url":"https:\/\/7culture.ci\/index.php\/author\/7culture2020\/"}]}},"jetpack_featured_media_url":"https:\/\/7culture.ci\/wp-content\/uploads\/2022\/05\/seko2.jpg","jetpack_likes_enabled":true,"jetpack_sharing_enabled":true,"_links":{"self":[{"href":"https:\/\/7culture.ci\/index.php\/wp-json\/wp\/v2\/posts\/21152"}],"collection":[{"href":"https:\/\/7culture.ci\/index.php\/wp-json\/wp\/v2\/posts"}],"about":[{"href":"https:\/\/7culture.ci\/index.php\/wp-json\/wp\/v2\/types\/post"}],"author":[{"embeddable":true,"href":"https:\/\/7culture.ci\/index.php\/wp-json\/wp\/v2\/users\/1"}],"replies":[{"embeddable":true,"href":"https:\/\/7culture.ci\/index.php\/wp-json\/wp\/v2\/comments?post=21152"}],"version-history":[{"count":0,"href":"https:\/\/7culture.ci\/index.php\/wp-json\/wp\/v2\/posts\/21152\/revisions"}],"wp:featuredmedia":[{"embeddable":true,"href":"https:\/\/7culture.ci\/index.php\/wp-json\/wp\/v2\/media\/21154"}],"wp:attachment":[{"href":"https:\/\/7culture.ci\/index.php\/wp-json\/wp\/v2\/media?parent=21152"}],"wp:term":[{"taxonomy":"category","embeddable":true,"href":"https:\/\/7culture.ci\/index.php\/wp-json\/wp\/v2\/categories?post=21152"},{"taxonomy":"post_tag","embeddable":true,"href":"https:\/\/7culture.ci\/index.php\/wp-json\/wp\/v2\/tags?post=21152"}],"curies":[{"name":"wp","href":"https:\/\/api.w.org\/{rel}","templated":true}]}}