{"id":21133,"date":"2022-05-13T17:52:02","date_gmt":"2022-05-13T15:52:02","guid":{"rendered":"https:\/\/7culture.ci\/?p=21133"},"modified":"2022-05-14T13:40:17","modified_gmt":"2022-05-14T11:40:17","slug":"litterature-mt-devoile-la-vie-du-pilote-dhouphouet-boigny","status":"publish","type":"post","link":"https:\/\/7culture.ci\/index.php\/2022\/05\/13\/litterature-mt-devoile-la-vie-du-pilote-dhouphouet-boigny\/","title":{"rendered":"Litt\u00e9rature\u00a0: MT d\u00e9voile la vie du pilote d\u2019Houphou\u00ebt-Boigny"},"content":{"rendered":"\n<p>Du g\u00e9n\u00e9ral Abdoulaye Coulibaly, on retient inlassablement le pilote d\u2019Houphou\u00ebt-Boigny, le premier pr\u00e9sident de la C\u00f4te d\u2019Ivoire. Mais aussi des quatre g\u00e9n\u00e9raux (Gu\u00e9i, Palenfo, Coulibaly et Dou\u00e9) qui ont fait irruption sur la sc\u00e8ne politique ivoirienne apr\u00e8s le coup d\u2019\u00e9tat du 24 d\u00e9cembre 1999. C\u2019est l\u2019une des personnalit\u00e9s les plus populaires et les plus respect\u00e9es de C\u00f4te d\u2019Ivoire mais \u00e9galement la plus r\u00e9serv\u00e9e. D\u00e9sormais, on en sait davantage sur l\u2019homme, le militaire, le pilote, le p\u00e8re de famille\u2026 gr\u00e2ce au journaliste-\u00e9crivain Moussa Traor\u00e9. Qui lui a consacr\u00e9 un livre qui vient de sortir. Intitul\u00e9 \u2018\u2019G\u00e9n\u00e9ral Abdoulaye Coulibaly&nbsp;: le parcours exceptionnel du pilote d\u2019Houphou\u00ebt-Boigny\u2019\u2019, le bouquin d\u00e9voile un pan de la vie de celui qui a fait partie du cercle restreint des collaborateurs du p\u00e8re de la nation ivoirienne. Comme son nom l\u2019indique, c\u2019est une biographie qui retrace la vie et le parcours d\u2019un homme exceptionnel, un t\u00e9moin de plusieurs g\u00e9n\u00e9rations de dirigeants ivoiriens. \u00ab&nbsp;<strong><em>L\u2019auteur nous permet de d\u00e9couvrir le g\u00e9n\u00e9ral Coulibaly. Dans ce cas d\u2019exercice, il y a complicit\u00e9 entre l\u2019auteur et l\u2019objet. C\u2019est une tranche de vie du g\u00e9n\u00e9ral Coulibaly, le premier cha\u00eenon de sa vie qui n\u00e9cessite une suite<\/em><\/strong> \u00bb, invite le professeur Valy Sidib\u00e9.<\/p>\n\n\n\n<figure class=\"wp-block-image size-large is-resized\"><img loading=\"lazy\" decoding=\"async\" src=\"https:\/\/7culture.ci\/wp-content\/uploads\/2022\/05\/MT2-768x1024.jpg\" alt=\"\" class=\"wp-image-21135\" width=\"486\" height=\"648\" srcset=\"https:\/\/7culture.ci\/wp-content\/uploads\/2022\/05\/MT2-768x1024.jpg 768w, https:\/\/7culture.ci\/wp-content\/uploads\/2022\/05\/MT2-225x300.jpg 225w, https:\/\/7culture.ci\/wp-content\/uploads\/2022\/05\/MT2-1152x1536.jpg 1152w, https:\/\/7culture.ci\/wp-content\/uploads\/2022\/05\/MT2.jpg 1536w\" sizes=\"(max-width: 486px) 100vw, 486px\" \/><\/figure>\n\n\n\n<p>Pour sortir les 200 pages de son livre, il a fallu plus de 20 ans de collaboration entre Moussa Traor\u00e9 et le G\u00e9n\u00e9ral. \u00ab&nbsp;<strong><em>Le g\u00e9n\u00e9ral n\u2019aime pas qu\u2019on parle de lui. Pour \u00e9crire ce livre, il m\u2019a fallu un parcours de combattant.<\/em><\/strong><strong><em>Chaque fois que je rencontrais le G\u00e9n\u00e9ral et qu\u2019il me faisait une confidence, je la notais. Son \u00e9pouse a valid\u00e9 le texte avec 10 chapitres en moins<\/em><\/strong>&nbsp;\u00bb, a expliqu\u00e9 l\u2019auteur au cours de la pr\u00e9sentation de son ouvrage le jeudi 12 mai dernier \u00e0 l\u2019ISTC-Polytechnique \u00e0 Abidjan-Cocody. Le nouveau livre de Moussa Traor\u00e9 est subdivis\u00e9 en trois grandes parties. L\u2019auteur l\u2019a \u00e9crit avec des mots simples et sinc\u00e8res. Le style est alerte et accessible \u00e0 tous.<\/p>\n\n\n\n<div class=\"wp-block-image\"><figure class=\"aligncenter size-large is-resized\"><img loading=\"lazy\" decoding=\"async\" src=\"https:\/\/7culture.ci\/wp-content\/uploads\/2022\/05\/MT3-768x1024.jpg\" alt=\"\" class=\"wp-image-21136\" width=\"578\" height=\"771\" srcset=\"https:\/\/7culture.ci\/wp-content\/uploads\/2022\/05\/MT3-768x1024.jpg 768w, https:\/\/7culture.ci\/wp-content\/uploads\/2022\/05\/MT3-225x300.jpg 225w, https:\/\/7culture.ci\/wp-content\/uploads\/2022\/05\/MT3-1152x1536.jpg 1152w, https:\/\/7culture.ci\/wp-content\/uploads\/2022\/05\/MT3.jpg 1536w\" sizes=\"(max-width: 578px) 100vw, 578px\" \/><\/figure><\/div>\n\n\n\n<p>Apr\u00e8s \u2018\u2019R\u00f4le et responsabilit\u00e9 des intellectuels dans la crise ivoirienne\u2019\u2019 en 2009, Moussa Traor\u00e9 dit MT revient avec \u2018\u2019G\u00e9n\u00e9ral Abdoulaye Coulibaly, le parcours exceptionnel du pilote d\u2019Houphou\u00ebt-Boigny\u2019\u2019, son deuxi\u00e8me ouvrage. Ancien pr\u00e9sident de l\u2019Union nationales des journalistes de C\u00f4te d\u2019Ivoire (UNJCI), l\u2019auteur est titulaire d\u2019un dipl\u00f4me d\u2019\u00e9tudes approfondies en lettres modernes (DEA) et d\u2019un master en journalisme.&nbsp; Il est actuellement membre de la Commission nationale des droits de l\u2019homme (CNDH).<\/p>\n\n\n\n<p>Par Omar AK<\/p>\n","protected":false},"excerpt":{"rendered":"<p>Du g\u00e9n\u00e9ral Abdoulaye Coulibaly, on retient inlassablement le pilote d\u2019Houphou\u00ebt-Boigny, le premier pr\u00e9sident de la C\u00f4te d\u2019Ivoire. Mais aussi des quatre g\u00e9n\u00e9raux (Gu\u00e9i, Palenfo, Coulibaly et Dou\u00e9) qui ont fait irruption sur la sc\u00e8ne politique ivoirienne apr\u00e8s le coup d\u2019\u00e9tat du 24 d\u00e9cembre 1999. C\u2019est l\u2019une des personnalit\u00e9s les plus populaires et les plus respect\u00e9es &hellip;<\/p>\n<p class=\"read-more\"> <a class=\"\" href=\"https:\/\/7culture.ci\/index.php\/2022\/05\/13\/litterature-mt-devoile-la-vie-du-pilote-dhouphouet-boigny\/\"> <span class=\"screen-reader-text\">Litt\u00e9rature\u00a0: MT d\u00e9voile la vie du pilote d\u2019Houphou\u00ebt-Boigny<\/span> Lire la suite\u00a0\u00bb<\/a><\/p>\n","protected":false},"author":1,"featured_media":21134,"comment_status":"open","ping_status":"open","sticky":false,"template":"","format":"standard","meta":{"_mi_skip_tracking":false,"_monsterinsights_sitenote_active":false,"_monsterinsights_sitenote_note":"","_monsterinsights_sitenote_category":0,"site-sidebar-layout":"default","site-content-layout":"default","ast-global-header-display":"","ast-main-header-display":"","ast-hfb-above-header-display":"","ast-hfb-below-header-display":"","ast-hfb-mobile-header-display":"","site-post-title":"","ast-breadcrumbs-content":"","ast-featured-img":"","footer-sml-layout":"","theme-transparent-header-meta":"","adv-header-id-meta":"","stick-header-meta":"","header-above-stick-meta":"","header-main-stick-meta":"","header-below-stick-meta":"","footnotes":"","jetpack_publicize_message":"","jetpack_is_tweetstorm":false,"jetpack_publicize_feature_enabled":true},"categories":[22],"tags":[],"jetpack_publicize_connections":[],"acf":[],"aioseo_notices":[],"yoast_head":"<!-- This site is optimized with the Yoast SEO plugin v19.6.1 - https:\/\/yoast.com\/wordpress\/plugins\/seo\/ -->\n<title>Litt\u00e9rature\u00a0: MT d\u00e9voile la vie du pilote d\u2019Houphou\u00ebt-Boigny -<\/title>\n<meta name=\"robots\" content=\"index, follow, max-snippet:-1, max-image-preview:large, max-video-preview:-1\" \/>\n<link rel=\"canonical\" href=\"https:\/\/7culture.ci\/index.php\/2022\/05\/13\/litterature-mt-devoile-la-vie-du-pilote-dhouphouet-boigny\/\" \/>\n<meta property=\"og:locale\" content=\"fr_FR\" \/>\n<meta property=\"og:type\" content=\"article\" \/>\n<meta property=\"og:title\" content=\"Litt\u00e9rature\u00a0: MT d\u00e9voile la vie du pilote d\u2019Houphou\u00ebt-Boigny -\" \/>\n<meta property=\"og:description\" content=\"Du g\u00e9n\u00e9ral Abdoulaye Coulibaly, on retient inlassablement le pilote d\u2019Houphou\u00ebt-Boigny, le premier pr\u00e9sident de la C\u00f4te d\u2019Ivoire. Mais aussi des quatre g\u00e9n\u00e9raux (Gu\u00e9i, Palenfo, Coulibaly et Dou\u00e9) qui ont fait irruption sur la sc\u00e8ne politique ivoirienne apr\u00e8s le coup d\u2019\u00e9tat du 24 d\u00e9cembre 1999. C\u2019est l\u2019une des personnalit\u00e9s les plus populaires et les plus respect\u00e9es &hellip; Litt\u00e9rature\u00a0: MT d\u00e9voile la vie du pilote d\u2019Houphou\u00ebt-Boigny Lire la suite\u00a0\u00bb\" \/>\n<meta property=\"og:url\" content=\"https:\/\/7culture.ci\/index.php\/2022\/05\/13\/litterature-mt-devoile-la-vie-du-pilote-dhouphouet-boigny\/\" \/>\n<meta property=\"og:site_name\" content=\"7culture\" \/>\n<meta property=\"article:publisher\" content=\"https:\/\/www.facebook.com\/redchefclaude\" \/>\n<meta property=\"article:published_time\" content=\"2022-05-13T15:52:02+00:00\" \/>\n<meta property=\"article:modified_time\" content=\"2022-05-14T11:40:17+00:00\" \/>\n<meta property=\"og:image\" content=\"http:\/\/7culture.ci\/wp-content\/uploads\/2022\/05\/MT1-scaled.jpg\" \/>\n\t<meta property=\"og:image:width\" content=\"2560\" \/>\n\t<meta property=\"og:image:height\" content=\"1700\" \/>\n\t<meta property=\"og:image:type\" content=\"image\/jpeg\" \/>\n<meta name=\"author\" content=\"7culture2020\" \/>\n<meta name=\"twitter:card\" content=\"summary_large_image\" \/>\n<meta name=\"twitter:creator\" content=\"@7culturec\" \/>\n<meta name=\"twitter:site\" content=\"@7culturec\" \/>\n<meta name=\"twitter:label1\" content=\"\u00c9crit par\" \/>\n\t<meta name=\"twitter:data1\" content=\"7culture2020\" \/>\n\t<meta name=\"twitter:label2\" content=\"Dur\u00e9e de lecture estim\u00e9e\" \/>\n\t<meta name=\"twitter:data2\" content=\"3 minutes\" \/>\n<script type=\"application\/ld+json\" class=\"yoast-schema-graph\">{\"@context\":\"https:\/\/schema.org\",\"@graph\":[{\"@type\":\"Article\",\"@id\":\"https:\/\/7culture.ci\/index.php\/2022\/05\/13\/litterature-mt-devoile-la-vie-du-pilote-dhouphouet-boigny\/#article\",\"isPartOf\":{\"@id\":\"https:\/\/7culture.ci\/index.php\/2022\/05\/13\/litterature-mt-devoile-la-vie-du-pilote-dhouphouet-boigny\/\"},\"author\":{\"name\":\"7culture2020\",\"@id\":\"https:\/\/7culture.ci\/#\/schema\/person\/16150d28d7ef66ba788c1f87f28c4426\"},\"headline\":\"Litt\u00e9rature\u00a0: MT d\u00e9voile la vie du pilote d\u2019Houphou\u00ebt-Boigny\",\"datePublished\":\"2022-05-13T15:52:02+00:00\",\"dateModified\":\"2022-05-14T11:40:17+00:00\",\"mainEntityOfPage\":{\"@id\":\"https:\/\/7culture.ci\/index.php\/2022\/05\/13\/litterature-mt-devoile-la-vie-du-pilote-dhouphouet-boigny\/\"},\"wordCount\":478,\"commentCount\":0,\"publisher\":{\"@id\":\"https:\/\/7culture.ci\/#organization\"},\"articleSection\":[\"Actualit\u00e9\"],\"inLanguage\":\"fr-FR\",\"potentialAction\":[{\"@type\":\"CommentAction\",\"name\":\"Comment\",\"target\":[\"https:\/\/7culture.ci\/index.php\/2022\/05\/13\/litterature-mt-devoile-la-vie-du-pilote-dhouphouet-boigny\/#respond\"]}]},{\"@type\":\"WebPage\",\"@id\":\"https:\/\/7culture.ci\/index.php\/2022\/05\/13\/litterature-mt-devoile-la-vie-du-pilote-dhouphouet-boigny\/\",\"url\":\"https:\/\/7culture.ci\/index.php\/2022\/05\/13\/litterature-mt-devoile-la-vie-du-pilote-dhouphouet-boigny\/\",\"name\":\"Litt\u00e9rature\u00a0: MT d\u00e9voile la vie du pilote d\u2019Houphou\u00ebt-Boigny -\",\"isPartOf\":{\"@id\":\"https:\/\/7culture.ci\/#website\"},\"datePublished\":\"2022-05-13T15:52:02+00:00\",\"dateModified\":\"2022-05-14T11:40:17+00:00\",\"breadcrumb\":{\"@id\":\"https:\/\/7culture.ci\/index.php\/2022\/05\/13\/litterature-mt-devoile-la-vie-du-pilote-dhouphouet-boigny\/#breadcrumb\"},\"inLanguage\":\"fr-FR\",\"potentialAction\":[{\"@type\":\"ReadAction\",\"target\":[\"https:\/\/7culture.ci\/index.php\/2022\/05\/13\/litterature-mt-devoile-la-vie-du-pilote-dhouphouet-boigny\/\"]}]},{\"@type\":\"BreadcrumbList\",\"@id\":\"https:\/\/7culture.ci\/index.php\/2022\/05\/13\/litterature-mt-devoile-la-vie-du-pilote-dhouphouet-boigny\/#breadcrumb\",\"itemListElement\":[{\"@type\":\"ListItem\",\"position\":1,\"name\":\"Accueil\",\"item\":\"https:\/\/7culture.ci\/\"},{\"@type\":\"ListItem\",\"position\":2,\"name\":\"Litt\u00e9rature\u00a0: MT d\u00e9voile la vie du pilote d\u2019Houphou\u00ebt-Boigny\"}]},{\"@type\":\"WebSite\",\"@id\":\"https:\/\/7culture.ci\/#website\",\"url\":\"https:\/\/7culture.ci\/\",\"name\":\"7culture\",\"description\":\"Tout sur l&#039;actualit\u00e9\",\"publisher\":{\"@id\":\"https:\/\/7culture.ci\/#organization\"},\"potentialAction\":[{\"@type\":\"SearchAction\",\"target\":{\"@type\":\"EntryPoint\",\"urlTemplate\":\"https:\/\/7culture.ci\/?s={search_term_string}\"},\"query-input\":\"required name=search_term_string\"}],\"inLanguage\":\"fr-FR\"},{\"@type\":\"Organization\",\"@id\":\"https:\/\/7culture.ci\/#organization\",\"name\":\"7culture\",\"url\":\"https:\/\/7culture.ci\/\",\"sameAs\":[\"https:\/\/www.facebook.com\/redchefclaude\",\"https:\/\/twitter.com\/7culturec\"],\"logo\":{\"@type\":\"ImageObject\",\"inLanguage\":\"fr-FR\",\"@id\":\"https:\/\/7culture.ci\/#\/schema\/logo\/image\/\",\"url\":\"https:\/\/7culture.ci\/wp-content\/uploads\/2021\/12\/S1a-1.png\",\"contentUrl\":\"https:\/\/7culture.ci\/wp-content\/uploads\/2021\/12\/S1a-1.png\",\"width\":588,\"height\":192,\"caption\":\"7culture\"},\"image\":{\"@id\":\"https:\/\/7culture.ci\/#\/schema\/logo\/image\/\"}},{\"@type\":\"Person\",\"@id\":\"https:\/\/7culture.ci\/#\/schema\/person\/16150d28d7ef66ba788c1f87f28c4426\",\"name\":\"7culture2020\",\"image\":{\"@type\":\"ImageObject\",\"inLanguage\":\"fr-FR\",\"@id\":\"https:\/\/7culture.ci\/#\/schema\/person\/image\/\",\"url\":\"https:\/\/secure.gravatar.com\/avatar\/9a0784f951306c37bcd065f52844ef95?s=96&d=mm&r=g\",\"contentUrl\":\"https:\/\/secure.gravatar.com\/avatar\/9a0784f951306c37bcd065f52844ef95?s=96&d=mm&r=g\",\"caption\":\"7culture2020\"},\"sameAs\":[\"http:\/\/7culture.ci\",\"Claude.kipre\"],\"url\":\"https:\/\/7culture.ci\/index.php\/author\/7culture2020\/\"}]}<\/script>\n<!-- \/ Yoast SEO plugin. -->","yoast_head_json":{"title":"Litt\u00e9rature\u00a0: MT d\u00e9voile la vie du pilote d\u2019Houphou\u00ebt-Boigny -","robots":{"index":"index","follow":"follow","max-snippet":"max-snippet:-1","max-image-preview":"max-image-preview:large","max-video-preview":"max-video-preview:-1"},"canonical":"https:\/\/7culture.ci\/index.php\/2022\/05\/13\/litterature-mt-devoile-la-vie-du-pilote-dhouphouet-boigny\/","og_locale":"fr_FR","og_type":"article","og_title":"Litt\u00e9rature\u00a0: MT d\u00e9voile la vie du pilote d\u2019Houphou\u00ebt-Boigny -","og_description":"Du g\u00e9n\u00e9ral Abdoulaye Coulibaly, on retient inlassablement le pilote d\u2019Houphou\u00ebt-Boigny, le premier pr\u00e9sident de la C\u00f4te d\u2019Ivoire. Mais aussi des quatre g\u00e9n\u00e9raux (Gu\u00e9i, Palenfo, Coulibaly et Dou\u00e9) qui ont fait irruption sur la sc\u00e8ne politique ivoirienne apr\u00e8s le coup d\u2019\u00e9tat du 24 d\u00e9cembre 1999. C\u2019est l\u2019une des personnalit\u00e9s les plus populaires et les plus respect\u00e9es &hellip; Litt\u00e9rature\u00a0: MT d\u00e9voile la vie du pilote d\u2019Houphou\u00ebt-Boigny Lire la suite\u00a0\u00bb","og_url":"https:\/\/7culture.ci\/index.php\/2022\/05\/13\/litterature-mt-devoile-la-vie-du-pilote-dhouphouet-boigny\/","og_site_name":"7culture","article_publisher":"https:\/\/www.facebook.com\/redchefclaude","article_published_time":"2022-05-13T15:52:02+00:00","article_modified_time":"2022-05-14T11:40:17+00:00","og_image":[{"width":2560,"height":1700,"url":"http:\/\/7culture.ci\/wp-content\/uploads\/2022\/05\/MT1-scaled.jpg","type":"image\/jpeg"}],"author":"7culture2020","twitter_card":"summary_large_image","twitter_creator":"@7culturec","twitter_site":"@7culturec","twitter_misc":{"\u00c9crit par":"7culture2020","Dur\u00e9e de lecture estim\u00e9e":"3 minutes"},"schema":{"@context":"https:\/\/schema.org","@graph":[{"@type":"Article","@id":"https:\/\/7culture.ci\/index.php\/2022\/05\/13\/litterature-mt-devoile-la-vie-du-pilote-dhouphouet-boigny\/#article","isPartOf":{"@id":"https:\/\/7culture.ci\/index.php\/2022\/05\/13\/litterature-mt-devoile-la-vie-du-pilote-dhouphouet-boigny\/"},"author":{"name":"7culture2020","@id":"https:\/\/7culture.ci\/#\/schema\/person\/16150d28d7ef66ba788c1f87f28c4426"},"headline":"Litt\u00e9rature\u00a0: MT d\u00e9voile la vie du pilote d\u2019Houphou\u00ebt-Boigny","datePublished":"2022-05-13T15:52:02+00:00","dateModified":"2022-05-14T11:40:17+00:00","mainEntityOfPage":{"@id":"https:\/\/7culture.ci\/index.php\/2022\/05\/13\/litterature-mt-devoile-la-vie-du-pilote-dhouphouet-boigny\/"},"wordCount":478,"commentCount":0,"publisher":{"@id":"https:\/\/7culture.ci\/#organization"},"articleSection":["Actualit\u00e9"],"inLanguage":"fr-FR","potentialAction":[{"@type":"CommentAction","name":"Comment","target":["https:\/\/7culture.ci\/index.php\/2022\/05\/13\/litterature-mt-devoile-la-vie-du-pilote-dhouphouet-boigny\/#respond"]}]},{"@type":"WebPage","@id":"https:\/\/7culture.ci\/index.php\/2022\/05\/13\/litterature-mt-devoile-la-vie-du-pilote-dhouphouet-boigny\/","url":"https:\/\/7culture.ci\/index.php\/2022\/05\/13\/litterature-mt-devoile-la-vie-du-pilote-dhouphouet-boigny\/","name":"Litt\u00e9rature\u00a0: MT d\u00e9voile la vie du pilote d\u2019Houphou\u00ebt-Boigny -","isPartOf":{"@id":"https:\/\/7culture.ci\/#website"},"datePublished":"2022-05-13T15:52:02+00:00","dateModified":"2022-05-14T11:40:17+00:00","breadcrumb":{"@id":"https:\/\/7culture.ci\/index.php\/2022\/05\/13\/litterature-mt-devoile-la-vie-du-pilote-dhouphouet-boigny\/#breadcrumb"},"inLanguage":"fr-FR","potentialAction":[{"@type":"ReadAction","target":["https:\/\/7culture.ci\/index.php\/2022\/05\/13\/litterature-mt-devoile-la-vie-du-pilote-dhouphouet-boigny\/"]}]},{"@type":"BreadcrumbList","@id":"https:\/\/7culture.ci\/index.php\/2022\/05\/13\/litterature-mt-devoile-la-vie-du-pilote-dhouphouet-boigny\/#breadcrumb","itemListElement":[{"@type":"ListItem","position":1,"name":"Accueil","item":"https:\/\/7culture.ci\/"},{"@type":"ListItem","position":2,"name":"Litt\u00e9rature\u00a0: MT d\u00e9voile la vie du pilote d\u2019Houphou\u00ebt-Boigny"}]},{"@type":"WebSite","@id":"https:\/\/7culture.ci\/#website","url":"https:\/\/7culture.ci\/","name":"7culture","description":"Tout sur l&#039;actualit\u00e9","publisher":{"@id":"https:\/\/7culture.ci\/#organization"},"potentialAction":[{"@type":"SearchAction","target":{"@type":"EntryPoint","urlTemplate":"https:\/\/7culture.ci\/?s={search_term_string}"},"query-input":"required name=search_term_string"}],"inLanguage":"fr-FR"},{"@type":"Organization","@id":"https:\/\/7culture.ci\/#organization","name":"7culture","url":"https:\/\/7culture.ci\/","sameAs":["https:\/\/www.facebook.com\/redchefclaude","https:\/\/twitter.com\/7culturec"],"logo":{"@type":"ImageObject","inLanguage":"fr-FR","@id":"https:\/\/7culture.ci\/#\/schema\/logo\/image\/","url":"https:\/\/7culture.ci\/wp-content\/uploads\/2021\/12\/S1a-1.png","contentUrl":"https:\/\/7culture.ci\/wp-content\/uploads\/2021\/12\/S1a-1.png","width":588,"height":192,"caption":"7culture"},"image":{"@id":"https:\/\/7culture.ci\/#\/schema\/logo\/image\/"}},{"@type":"Person","@id":"https:\/\/7culture.ci\/#\/schema\/person\/16150d28d7ef66ba788c1f87f28c4426","name":"7culture2020","image":{"@type":"ImageObject","inLanguage":"fr-FR","@id":"https:\/\/7culture.ci\/#\/schema\/person\/image\/","url":"https:\/\/secure.gravatar.com\/avatar\/9a0784f951306c37bcd065f52844ef95?s=96&d=mm&r=g","contentUrl":"https:\/\/secure.gravatar.com\/avatar\/9a0784f951306c37bcd065f52844ef95?s=96&d=mm&r=g","caption":"7culture2020"},"sameAs":["http:\/\/7culture.ci","Claude.kipre"],"url":"https:\/\/7culture.ci\/index.php\/author\/7culture2020\/"}]}},"jetpack_featured_media_url":"https:\/\/7culture.ci\/wp-content\/uploads\/2022\/05\/MT1-scaled.jpg","jetpack_likes_enabled":true,"jetpack_sharing_enabled":true,"_links":{"self":[{"href":"https:\/\/7culture.ci\/index.php\/wp-json\/wp\/v2\/posts\/21133"}],"collection":[{"href":"https:\/\/7culture.ci\/index.php\/wp-json\/wp\/v2\/posts"}],"about":[{"href":"https:\/\/7culture.ci\/index.php\/wp-json\/wp\/v2\/types\/post"}],"author":[{"embeddable":true,"href":"https:\/\/7culture.ci\/index.php\/wp-json\/wp\/v2\/users\/1"}],"replies":[{"embeddable":true,"href":"https:\/\/7culture.ci\/index.php\/wp-json\/wp\/v2\/comments?post=21133"}],"version-history":[{"count":0,"href":"https:\/\/7culture.ci\/index.php\/wp-json\/wp\/v2\/posts\/21133\/revisions"}],"wp:featuredmedia":[{"embeddable":true,"href":"https:\/\/7culture.ci\/index.php\/wp-json\/wp\/v2\/media\/21134"}],"wp:attachment":[{"href":"https:\/\/7culture.ci\/index.php\/wp-json\/wp\/v2\/media?parent=21133"}],"wp:term":[{"taxonomy":"category","embeddable":true,"href":"https:\/\/7culture.ci\/index.php\/wp-json\/wp\/v2\/categories?post=21133"},{"taxonomy":"post_tag","embeddable":true,"href":"https:\/\/7culture.ci\/index.php\/wp-json\/wp\/v2\/tags?post=21133"}],"curies":[{"name":"wp","href":"https:\/\/api.w.org\/{rel}","templated":true}]}}