{"id":21045,"date":"2022-05-06T19:12:17","date_gmt":"2022-05-06T17:12:17","guid":{"rendered":"https:\/\/7culture.ci\/?p=21045"},"modified":"2022-05-16T14:10:57","modified_gmt":"2022-05-16T12:10:57","slug":"levee-de-corps-de-jean-roger-adom-tristesse-pleurs-separation","status":"publish","type":"post","link":"https:\/\/7culture.ci\/index.php\/2022\/05\/06\/levee-de-corps-de-jean-roger-adom-tristesse-pleurs-separation\/","title":{"rendered":"Lev\u00e9e de corps de Jean Roger Adom\u00a0: tristesse, pleurs, s\u00e9paration\u2026"},"content":{"rendered":"\n<p>Ce vendredi 6 mai a \u00e9t\u00e9 le dernier acte de Jean Roger Adom sur la terre des hommes. Le chanteur, d\u00e9c\u00e9d\u00e9 le mardi 22 mars dernier, a \u00e9t\u00e9 port\u00e9 en terre ce jour au cimeti\u00e8re municipal d\u2019Adjam\u00e9 Williamsville \u00e0 Abidjan. Avant l\u2019ultime s\u00e9paration dans la stricte intimit\u00e9 familiale d\u2019avec l\u2019ancien patron du groupe Zouglou Makers, il y a eu la lev\u00e9e de corps \u00e0 la Salle Felix Houphou\u00ebt-Boigny d\u2019IVOSEP.<\/p>\n\n\n\n<div class=\"wp-block-image\"><figure class=\"aligncenter size-large is-resized\"><img loading=\"lazy\" decoding=\"async\" src=\"https:\/\/7culture.ci\/wp-content\/uploads\/2022\/05\/279727981_551549726329536_4297736841388284642_n-1024x683.jpg\" alt=\"\" class=\"wp-image-21047\" width=\"629\" height=\"420\" srcset=\"https:\/\/7culture.ci\/wp-content\/uploads\/2022\/05\/279727981_551549726329536_4297736841388284642_n-1024x683.jpg 1024w, https:\/\/7culture.ci\/wp-content\/uploads\/2022\/05\/279727981_551549726329536_4297736841388284642_n-300x200.jpg 300w, https:\/\/7culture.ci\/wp-content\/uploads\/2022\/05\/279727981_551549726329536_4297736841388284642_n-768x512.jpg 768w, https:\/\/7culture.ci\/wp-content\/uploads\/2022\/05\/279727981_551549726329536_4297736841388284642_n.jpg 1440w\" sizes=\"(max-width: 629px) 100vw, 629px\" \/><\/figure><\/div>\n\n\n\n<p>C\u2019\u00e9tait un moment d\u2019intenses \u00e9motions qui a vu la participation de nombreux artistes et ainsi que plusieurs fans de l\u2019illustre disparu.<\/p>\n\n\n\n<p>Repose en paix Jean Roger Adom Di\u00e9 Amoakon&nbsp;!<\/p>\n\n\n\n<figure class=\"wp-block-image size-large is-resized\"><img loading=\"lazy\" decoding=\"async\" src=\"https:\/\/7culture.ci\/wp-content\/uploads\/2022\/05\/279742259_551549842996191_7873235296113508311_n-1024x683.jpg\" alt=\"\" class=\"wp-image-21048\" width=\"639\" height=\"426\" srcset=\"https:\/\/7culture.ci\/wp-content\/uploads\/2022\/05\/279742259_551549842996191_7873235296113508311_n-1024x683.jpg 1024w, https:\/\/7culture.ci\/wp-content\/uploads\/2022\/05\/279742259_551549842996191_7873235296113508311_n-300x200.jpg 300w, https:\/\/7culture.ci\/wp-content\/uploads\/2022\/05\/279742259_551549842996191_7873235296113508311_n-768x512.jpg 768w, https:\/\/7culture.ci\/wp-content\/uploads\/2022\/05\/279742259_551549842996191_7873235296113508311_n.jpg 1440w\" sizes=\"(max-width: 639px) 100vw, 639px\" \/><\/figure>\n\n\n\n<p>Par Omar AK<\/p>\n","protected":false},"excerpt":{"rendered":"<p>Ce vendredi 6 mai a \u00e9t\u00e9 le dernier acte de Jean Roger Adom sur la terre des hommes. Le chanteur, d\u00e9c\u00e9d\u00e9 le mardi 22 mars dernier, a \u00e9t\u00e9 port\u00e9 en terre ce jour au cimeti\u00e8re municipal d\u2019Adjam\u00e9 Williamsville \u00e0 Abidjan. Avant l\u2019ultime s\u00e9paration dans la stricte intimit\u00e9 familiale d\u2019avec l\u2019ancien patron du groupe Zouglou Makers, &hellip;<\/p>\n<p class=\"read-more\"> <a class=\"\" href=\"https:\/\/7culture.ci\/index.php\/2022\/05\/06\/levee-de-corps-de-jean-roger-adom-tristesse-pleurs-separation\/\"> <span class=\"screen-reader-text\">Lev\u00e9e de corps de Jean Roger Adom\u00a0: tristesse, pleurs, s\u00e9paration\u2026<\/span> Lire la suite\u00a0\u00bb<\/a><\/p>\n","protected":false},"author":1,"featured_media":21046,"comment_status":"open","ping_status":"open","sticky":false,"template":"","format":"standard","meta":{"_mi_skip_tracking":false,"_monsterinsights_sitenote_active":false,"_monsterinsights_sitenote_note":"","_monsterinsights_sitenote_category":0,"site-sidebar-layout":"default","site-content-layout":"default","ast-global-header-display":"","ast-main-header-display":"","ast-hfb-above-header-display":"","ast-hfb-below-header-display":"","ast-hfb-mobile-header-display":"","site-post-title":"","ast-breadcrumbs-content":"","ast-featured-img":"","footer-sml-layout":"","theme-transparent-header-meta":"","adv-header-id-meta":"","stick-header-meta":"","header-above-stick-meta":"","header-main-stick-meta":"","header-below-stick-meta":"","footnotes":"","jetpack_publicize_message":"","jetpack_is_tweetstorm":false,"jetpack_publicize_feature_enabled":true},"categories":[22],"tags":[],"jetpack_publicize_connections":[],"acf":[],"aioseo_notices":[],"yoast_head":"<!-- This site is optimized with the Yoast SEO plugin v19.6.1 - https:\/\/yoast.com\/wordpress\/plugins\/seo\/ -->\n<title>Lev\u00e9e de corps de Jean Roger Adom\u00a0: tristesse, pleurs, s\u00e9paration\u2026 -<\/title>\n<meta name=\"robots\" content=\"index, follow, max-snippet:-1, max-image-preview:large, max-video-preview:-1\" \/>\n<link rel=\"canonical\" href=\"https:\/\/7culture.ci\/index.php\/2022\/05\/06\/levee-de-corps-de-jean-roger-adom-tristesse-pleurs-separation\/\" \/>\n<meta property=\"og:locale\" content=\"fr_FR\" \/>\n<meta property=\"og:type\" content=\"article\" \/>\n<meta property=\"og:title\" content=\"Lev\u00e9e de corps de Jean Roger Adom\u00a0: tristesse, pleurs, s\u00e9paration\u2026 -\" \/>\n<meta property=\"og:description\" content=\"Ce vendredi 6 mai a \u00e9t\u00e9 le dernier acte de Jean Roger Adom sur la terre des hommes. Le chanteur, d\u00e9c\u00e9d\u00e9 le mardi 22 mars dernier, a \u00e9t\u00e9 port\u00e9 en terre ce jour au cimeti\u00e8re municipal d\u2019Adjam\u00e9 Williamsville \u00e0 Abidjan. Avant l\u2019ultime s\u00e9paration dans la stricte intimit\u00e9 familiale d\u2019avec l\u2019ancien patron du groupe Zouglou Makers, &hellip; Lev\u00e9e de corps de Jean Roger Adom\u00a0: tristesse, pleurs, s\u00e9paration\u2026 Lire la suite\u00a0\u00bb\" \/>\n<meta property=\"og:url\" content=\"https:\/\/7culture.ci\/index.php\/2022\/05\/06\/levee-de-corps-de-jean-roger-adom-tristesse-pleurs-separation\/\" \/>\n<meta property=\"og:site_name\" content=\"7culture\" \/>\n<meta property=\"article:publisher\" content=\"https:\/\/www.facebook.com\/redchefclaude\" \/>\n<meta property=\"article:published_time\" content=\"2022-05-06T17:12:17+00:00\" \/>\n<meta property=\"article:modified_time\" content=\"2022-05-16T12:10:57+00:00\" \/>\n<meta property=\"og:image\" content=\"http:\/\/7culture.ci\/wp-content\/uploads\/2022\/05\/279716479_124528033534795_1504587701021565228_n.jpg\" \/>\n\t<meta property=\"og:image:width\" content=\"720\" \/>\n\t<meta property=\"og:image:height\" content=\"540\" \/>\n\t<meta property=\"og:image:type\" content=\"image\/jpeg\" \/>\n<meta name=\"author\" content=\"7culture2020\" \/>\n<meta name=\"twitter:card\" content=\"summary_large_image\" \/>\n<meta name=\"twitter:creator\" content=\"@7culturec\" \/>\n<meta name=\"twitter:site\" content=\"@7culturec\" \/>\n<meta name=\"twitter:label1\" content=\"\u00c9crit par\" \/>\n\t<meta name=\"twitter:data1\" content=\"7culture2020\" \/>\n\t<meta name=\"twitter:label2\" content=\"Dur\u00e9e de lecture estim\u00e9e\" \/>\n\t<meta name=\"twitter:data2\" content=\"1 minute\" \/>\n<script type=\"application\/ld+json\" class=\"yoast-schema-graph\">{\"@context\":\"https:\/\/schema.org\",\"@graph\":[{\"@type\":\"Article\",\"@id\":\"https:\/\/7culture.ci\/index.php\/2022\/05\/06\/levee-de-corps-de-jean-roger-adom-tristesse-pleurs-separation\/#article\",\"isPartOf\":{\"@id\":\"https:\/\/7culture.ci\/index.php\/2022\/05\/06\/levee-de-corps-de-jean-roger-adom-tristesse-pleurs-separation\/\"},\"author\":{\"name\":\"7culture2020\",\"@id\":\"https:\/\/7culture.ci\/#\/schema\/person\/16150d28d7ef66ba788c1f87f28c4426\"},\"headline\":\"Lev\u00e9e de corps de Jean Roger Adom\u00a0: tristesse, pleurs, s\u00e9paration\u2026\",\"datePublished\":\"2022-05-06T17:12:17+00:00\",\"dateModified\":\"2022-05-16T12:10:57+00:00\",\"mainEntityOfPage\":{\"@id\":\"https:\/\/7culture.ci\/index.php\/2022\/05\/06\/levee-de-corps-de-jean-roger-adom-tristesse-pleurs-separation\/\"},\"wordCount\":124,\"commentCount\":0,\"publisher\":{\"@id\":\"https:\/\/7culture.ci\/#organization\"},\"articleSection\":[\"Actualit\u00e9\"],\"inLanguage\":\"fr-FR\",\"potentialAction\":[{\"@type\":\"CommentAction\",\"name\":\"Comment\",\"target\":[\"https:\/\/7culture.ci\/index.php\/2022\/05\/06\/levee-de-corps-de-jean-roger-adom-tristesse-pleurs-separation\/#respond\"]}]},{\"@type\":\"WebPage\",\"@id\":\"https:\/\/7culture.ci\/index.php\/2022\/05\/06\/levee-de-corps-de-jean-roger-adom-tristesse-pleurs-separation\/\",\"url\":\"https:\/\/7culture.ci\/index.php\/2022\/05\/06\/levee-de-corps-de-jean-roger-adom-tristesse-pleurs-separation\/\",\"name\":\"Lev\u00e9e de corps de Jean Roger Adom\u00a0: tristesse, pleurs, s\u00e9paration\u2026 -\",\"isPartOf\":{\"@id\":\"https:\/\/7culture.ci\/#website\"},\"datePublished\":\"2022-05-06T17:12:17+00:00\",\"dateModified\":\"2022-05-16T12:10:57+00:00\",\"breadcrumb\":{\"@id\":\"https:\/\/7culture.ci\/index.php\/2022\/05\/06\/levee-de-corps-de-jean-roger-adom-tristesse-pleurs-separation\/#breadcrumb\"},\"inLanguage\":\"fr-FR\",\"potentialAction\":[{\"@type\":\"ReadAction\",\"target\":[\"https:\/\/7culture.ci\/index.php\/2022\/05\/06\/levee-de-corps-de-jean-roger-adom-tristesse-pleurs-separation\/\"]}]},{\"@type\":\"BreadcrumbList\",\"@id\":\"https:\/\/7culture.ci\/index.php\/2022\/05\/06\/levee-de-corps-de-jean-roger-adom-tristesse-pleurs-separation\/#breadcrumb\",\"itemListElement\":[{\"@type\":\"ListItem\",\"position\":1,\"name\":\"Accueil\",\"item\":\"https:\/\/7culture.ci\/\"},{\"@type\":\"ListItem\",\"position\":2,\"name\":\"Lev\u00e9e de corps de Jean Roger Adom\u00a0: tristesse, pleurs, s\u00e9paration\u2026\"}]},{\"@type\":\"WebSite\",\"@id\":\"https:\/\/7culture.ci\/#website\",\"url\":\"https:\/\/7culture.ci\/\",\"name\":\"7culture\",\"description\":\"Tout sur l&#039;actualit\u00e9\",\"publisher\":{\"@id\":\"https:\/\/7culture.ci\/#organization\"},\"potentialAction\":[{\"@type\":\"SearchAction\",\"target\":{\"@type\":\"EntryPoint\",\"urlTemplate\":\"https:\/\/7culture.ci\/?s={search_term_string}\"},\"query-input\":\"required name=search_term_string\"}],\"inLanguage\":\"fr-FR\"},{\"@type\":\"Organization\",\"@id\":\"https:\/\/7culture.ci\/#organization\",\"name\":\"7culture\",\"url\":\"https:\/\/7culture.ci\/\",\"sameAs\":[\"https:\/\/www.facebook.com\/redchefclaude\",\"https:\/\/twitter.com\/7culturec\"],\"logo\":{\"@type\":\"ImageObject\",\"inLanguage\":\"fr-FR\",\"@id\":\"https:\/\/7culture.ci\/#\/schema\/logo\/image\/\",\"url\":\"https:\/\/7culture.ci\/wp-content\/uploads\/2021\/12\/S1a-1.png\",\"contentUrl\":\"https:\/\/7culture.ci\/wp-content\/uploads\/2021\/12\/S1a-1.png\",\"width\":588,\"height\":192,\"caption\":\"7culture\"},\"image\":{\"@id\":\"https:\/\/7culture.ci\/#\/schema\/logo\/image\/\"}},{\"@type\":\"Person\",\"@id\":\"https:\/\/7culture.ci\/#\/schema\/person\/16150d28d7ef66ba788c1f87f28c4426\",\"name\":\"7culture2020\",\"image\":{\"@type\":\"ImageObject\",\"inLanguage\":\"fr-FR\",\"@id\":\"https:\/\/7culture.ci\/#\/schema\/person\/image\/\",\"url\":\"https:\/\/secure.gravatar.com\/avatar\/9a0784f951306c37bcd065f52844ef95?s=96&d=mm&r=g\",\"contentUrl\":\"https:\/\/secure.gravatar.com\/avatar\/9a0784f951306c37bcd065f52844ef95?s=96&d=mm&r=g\",\"caption\":\"7culture2020\"},\"sameAs\":[\"http:\/\/7culture.ci\",\"Claude.kipre\"],\"url\":\"https:\/\/7culture.ci\/index.php\/author\/7culture2020\/\"}]}<\/script>\n<!-- \/ Yoast SEO plugin. -->","yoast_head_json":{"title":"Lev\u00e9e de corps de Jean Roger Adom\u00a0: tristesse, pleurs, s\u00e9paration\u2026 -","robots":{"index":"index","follow":"follow","max-snippet":"max-snippet:-1","max-image-preview":"max-image-preview:large","max-video-preview":"max-video-preview:-1"},"canonical":"https:\/\/7culture.ci\/index.php\/2022\/05\/06\/levee-de-corps-de-jean-roger-adom-tristesse-pleurs-separation\/","og_locale":"fr_FR","og_type":"article","og_title":"Lev\u00e9e de corps de Jean Roger Adom\u00a0: tristesse, pleurs, s\u00e9paration\u2026 -","og_description":"Ce vendredi 6 mai a \u00e9t\u00e9 le dernier acte de Jean Roger Adom sur la terre des hommes. Le chanteur, d\u00e9c\u00e9d\u00e9 le mardi 22 mars dernier, a \u00e9t\u00e9 port\u00e9 en terre ce jour au cimeti\u00e8re municipal d\u2019Adjam\u00e9 Williamsville \u00e0 Abidjan. Avant l\u2019ultime s\u00e9paration dans la stricte intimit\u00e9 familiale d\u2019avec l\u2019ancien patron du groupe Zouglou Makers, &hellip; Lev\u00e9e de corps de Jean Roger Adom\u00a0: tristesse, pleurs, s\u00e9paration\u2026 Lire la suite\u00a0\u00bb","og_url":"https:\/\/7culture.ci\/index.php\/2022\/05\/06\/levee-de-corps-de-jean-roger-adom-tristesse-pleurs-separation\/","og_site_name":"7culture","article_publisher":"https:\/\/www.facebook.com\/redchefclaude","article_published_time":"2022-05-06T17:12:17+00:00","article_modified_time":"2022-05-16T12:10:57+00:00","og_image":[{"width":720,"height":540,"url":"http:\/\/7culture.ci\/wp-content\/uploads\/2022\/05\/279716479_124528033534795_1504587701021565228_n.jpg","type":"image\/jpeg"}],"author":"7culture2020","twitter_card":"summary_large_image","twitter_creator":"@7culturec","twitter_site":"@7culturec","twitter_misc":{"\u00c9crit par":"7culture2020","Dur\u00e9e de lecture estim\u00e9e":"1 minute"},"schema":{"@context":"https:\/\/schema.org","@graph":[{"@type":"Article","@id":"https:\/\/7culture.ci\/index.php\/2022\/05\/06\/levee-de-corps-de-jean-roger-adom-tristesse-pleurs-separation\/#article","isPartOf":{"@id":"https:\/\/7culture.ci\/index.php\/2022\/05\/06\/levee-de-corps-de-jean-roger-adom-tristesse-pleurs-separation\/"},"author":{"name":"7culture2020","@id":"https:\/\/7culture.ci\/#\/schema\/person\/16150d28d7ef66ba788c1f87f28c4426"},"headline":"Lev\u00e9e de corps de Jean Roger Adom\u00a0: tristesse, pleurs, s\u00e9paration\u2026","datePublished":"2022-05-06T17:12:17+00:00","dateModified":"2022-05-16T12:10:57+00:00","mainEntityOfPage":{"@id":"https:\/\/7culture.ci\/index.php\/2022\/05\/06\/levee-de-corps-de-jean-roger-adom-tristesse-pleurs-separation\/"},"wordCount":124,"commentCount":0,"publisher":{"@id":"https:\/\/7culture.ci\/#organization"},"articleSection":["Actualit\u00e9"],"inLanguage":"fr-FR","potentialAction":[{"@type":"CommentAction","name":"Comment","target":["https:\/\/7culture.ci\/index.php\/2022\/05\/06\/levee-de-corps-de-jean-roger-adom-tristesse-pleurs-separation\/#respond"]}]},{"@type":"WebPage","@id":"https:\/\/7culture.ci\/index.php\/2022\/05\/06\/levee-de-corps-de-jean-roger-adom-tristesse-pleurs-separation\/","url":"https:\/\/7culture.ci\/index.php\/2022\/05\/06\/levee-de-corps-de-jean-roger-adom-tristesse-pleurs-separation\/","name":"Lev\u00e9e de corps de Jean Roger Adom\u00a0: tristesse, pleurs, s\u00e9paration\u2026 -","isPartOf":{"@id":"https:\/\/7culture.ci\/#website"},"datePublished":"2022-05-06T17:12:17+00:00","dateModified":"2022-05-16T12:10:57+00:00","breadcrumb":{"@id":"https:\/\/7culture.ci\/index.php\/2022\/05\/06\/levee-de-corps-de-jean-roger-adom-tristesse-pleurs-separation\/#breadcrumb"},"inLanguage":"fr-FR","potentialAction":[{"@type":"ReadAction","target":["https:\/\/7culture.ci\/index.php\/2022\/05\/06\/levee-de-corps-de-jean-roger-adom-tristesse-pleurs-separation\/"]}]},{"@type":"BreadcrumbList","@id":"https:\/\/7culture.ci\/index.php\/2022\/05\/06\/levee-de-corps-de-jean-roger-adom-tristesse-pleurs-separation\/#breadcrumb","itemListElement":[{"@type":"ListItem","position":1,"name":"Accueil","item":"https:\/\/7culture.ci\/"},{"@type":"ListItem","position":2,"name":"Lev\u00e9e de corps de Jean Roger Adom\u00a0: tristesse, pleurs, s\u00e9paration\u2026"}]},{"@type":"WebSite","@id":"https:\/\/7culture.ci\/#website","url":"https:\/\/7culture.ci\/","name":"7culture","description":"Tout sur l&#039;actualit\u00e9","publisher":{"@id":"https:\/\/7culture.ci\/#organization"},"potentialAction":[{"@type":"SearchAction","target":{"@type":"EntryPoint","urlTemplate":"https:\/\/7culture.ci\/?s={search_term_string}"},"query-input":"required name=search_term_string"}],"inLanguage":"fr-FR"},{"@type":"Organization","@id":"https:\/\/7culture.ci\/#organization","name":"7culture","url":"https:\/\/7culture.ci\/","sameAs":["https:\/\/www.facebook.com\/redchefclaude","https:\/\/twitter.com\/7culturec"],"logo":{"@type":"ImageObject","inLanguage":"fr-FR","@id":"https:\/\/7culture.ci\/#\/schema\/logo\/image\/","url":"https:\/\/7culture.ci\/wp-content\/uploads\/2021\/12\/S1a-1.png","contentUrl":"https:\/\/7culture.ci\/wp-content\/uploads\/2021\/12\/S1a-1.png","width":588,"height":192,"caption":"7culture"},"image":{"@id":"https:\/\/7culture.ci\/#\/schema\/logo\/image\/"}},{"@type":"Person","@id":"https:\/\/7culture.ci\/#\/schema\/person\/16150d28d7ef66ba788c1f87f28c4426","name":"7culture2020","image":{"@type":"ImageObject","inLanguage":"fr-FR","@id":"https:\/\/7culture.ci\/#\/schema\/person\/image\/","url":"https:\/\/secure.gravatar.com\/avatar\/9a0784f951306c37bcd065f52844ef95?s=96&d=mm&r=g","contentUrl":"https:\/\/secure.gravatar.com\/avatar\/9a0784f951306c37bcd065f52844ef95?s=96&d=mm&r=g","caption":"7culture2020"},"sameAs":["http:\/\/7culture.ci","Claude.kipre"],"url":"https:\/\/7culture.ci\/index.php\/author\/7culture2020\/"}]}},"jetpack_featured_media_url":"https:\/\/7culture.ci\/wp-content\/uploads\/2022\/05\/279716479_124528033534795_1504587701021565228_n.jpg","jetpack_likes_enabled":true,"jetpack_sharing_enabled":true,"_links":{"self":[{"href":"https:\/\/7culture.ci\/index.php\/wp-json\/wp\/v2\/posts\/21045"}],"collection":[{"href":"https:\/\/7culture.ci\/index.php\/wp-json\/wp\/v2\/posts"}],"about":[{"href":"https:\/\/7culture.ci\/index.php\/wp-json\/wp\/v2\/types\/post"}],"author":[{"embeddable":true,"href":"https:\/\/7culture.ci\/index.php\/wp-json\/wp\/v2\/users\/1"}],"replies":[{"embeddable":true,"href":"https:\/\/7culture.ci\/index.php\/wp-json\/wp\/v2\/comments?post=21045"}],"version-history":[{"count":0,"href":"https:\/\/7culture.ci\/index.php\/wp-json\/wp\/v2\/posts\/21045\/revisions"}],"wp:featuredmedia":[{"embeddable":true,"href":"https:\/\/7culture.ci\/index.php\/wp-json\/wp\/v2\/media\/21046"}],"wp:attachment":[{"href":"https:\/\/7culture.ci\/index.php\/wp-json\/wp\/v2\/media?parent=21045"}],"wp:term":[{"taxonomy":"category","embeddable":true,"href":"https:\/\/7culture.ci\/index.php\/wp-json\/wp\/v2\/categories?post=21045"},{"taxonomy":"post_tag","embeddable":true,"href":"https:\/\/7culture.ci\/index.php\/wp-json\/wp\/v2\/tags?post=21045"}],"curies":[{"name":"wp","href":"https:\/\/api.w.org\/{rel}","templated":true}]}}