{"id":20995,"date":"2022-05-05T12:36:03","date_gmt":"2022-05-05T10:36:03","guid":{"rendered":"https:\/\/7culture.ci\/?p=20995"},"modified":"2022-05-05T12:36:07","modified_gmt":"2022-05-05T10:36:07","slug":"medias-lagence-de-soutien-et-de-developpement-des-medias-asdm-remplace-le-fonds-de-soutien-et-de-developpement-de-la-presse-fsdp","status":"publish","type":"post","link":"https:\/\/7culture.ci\/index.php\/2022\/05\/05\/medias-lagence-de-soutien-et-de-developpement-des-medias-asdm-remplace-le-fonds-de-soutien-et-de-developpement-de-la-presse-fsdp\/","title":{"rendered":"M\u00e9dias\u00a0: l\u2019Agence de Soutien et de D\u00e9veloppement des M\u00e9dias (ASDM) remplace le Fonds de Soutien et de D\u00e9veloppement de la Presse (FSDP)"},"content":{"rendered":"\n<p>Le Fonds de Soutien et de D\u00e9veloppement de la Presse (FSDP) est dissout. Il a \u00e9t\u00e9 remplac\u00e9 par l\u2019Agence de Soutien et de D\u00e9veloppement des M\u00e9dias (ASDM). Cette d\u00e9cision a \u00e9t\u00e9 prise en Conseil du ministre le mercredi 4 mai dernier. \u00ab <strong><em>Le Conseil a adopt\u00e9 deux d\u00e9crets dont l\u2019un, portant cr\u00e9ation, attributions, organisation et fonctionnement de l\u2019Agence de Soutien et de D\u00e9veloppement des M\u00e9dias, en abr\u00e9g\u00e9 A.S.D.M; et l\u2019autre portant dissolution du Fonds de Soutien et de D\u00e9veloppement de la Presse, en abr\u00e9g\u00e9 FSDP<\/em><\/strong> \u00bb, a d\u00e9clar\u00e9 le porte-parole du gouvernement ivoirien, Amadou Coulibaly, \u00e0 l\u2019issue de la r\u00e9union hebdomadaire du gouvernement.<\/p>\n\n\n\n<p>Selon le porte-parole du gouvernement, ce d\u00e9cret exige le transfert de toute l\u2019activit\u00e9 \u00e0 l\u2019Agence de Soutien et de D\u00e9veloppement des M\u00e9dias, en abr\u00e9g\u00e9 A.S.D.M. Il a aussi ajout\u00e9 que ce d\u00e9cret et celui de la dissolution du FSDP interviennent en application de la loi portant r\u00e9gime juridique de la presse de d\u00e9cembre 2017 qui consacre l&#8217;aide publique aux m\u00e9dias en vue d&#8217;assurer la libert\u00e9 de la presse et de garantir corr\u00e9lativement le droit du citoyen \u00e0 l&#8217;information telle que prescrite dans la constitution.<\/p>\n\n\n\n<p>\u00ab <strong><em>L\u2019aide publique aux m\u00e9dias diffus\u00e9e par l\u2019ASDM, s\u2019\u00e9tendra ainsi \u00e0 tous les intervenants des secteurs de la presse imprim\u00e9e, de la communication audiovisuelle et du num\u00e9rique ainsi qu\u2019\u00e0 ceux du secteur de la cha\u00eene de production de l\u2019information, soit \u00e0 l\u2019ensemble de la cha\u00eene des valeurs du secteur de la presse<\/em><\/strong>\u00bb, a indiqu\u00e9 le ministre de la communication et de l\u2019\u00e9conomie num\u00e9rique, porte-parole du gouvernement.<\/p>\n\n\n\n<p>Par Omar AK<\/p>\n","protected":false},"excerpt":{"rendered":"<p>Le Fonds de Soutien et de D\u00e9veloppement de la Presse (FSDP) est dissout. Il a \u00e9t\u00e9 remplac\u00e9 par l\u2019Agence de Soutien et de D\u00e9veloppement des M\u00e9dias (ASDM). Cette d\u00e9cision a \u00e9t\u00e9 prise en Conseil du ministre le mercredi 4 mai dernier. \u00ab Le Conseil a adopt\u00e9 deux d\u00e9crets dont l\u2019un, portant cr\u00e9ation, attributions, organisation et &hellip;<\/p>\n<p class=\"read-more\"> <a class=\"\" href=\"https:\/\/7culture.ci\/index.php\/2022\/05\/05\/medias-lagence-de-soutien-et-de-developpement-des-medias-asdm-remplace-le-fonds-de-soutien-et-de-developpement-de-la-presse-fsdp\/\"> <span class=\"screen-reader-text\">M\u00e9dias\u00a0: l\u2019Agence de Soutien et de D\u00e9veloppement des M\u00e9dias (ASDM) remplace le Fonds de Soutien et de D\u00e9veloppement de la Presse (FSDP)<\/span> Lire la suite\u00a0\u00bb<\/a><\/p>\n","protected":false},"author":1,"featured_media":20996,"comment_status":"open","ping_status":"open","sticky":false,"template":"","format":"standard","meta":{"_mi_skip_tracking":false,"_monsterinsights_sitenote_active":false,"_monsterinsights_sitenote_note":"","_monsterinsights_sitenote_category":0,"site-sidebar-layout":"default","site-content-layout":"default","ast-global-header-display":"","ast-main-header-display":"","ast-hfb-above-header-display":"","ast-hfb-below-header-display":"","ast-hfb-mobile-header-display":"","site-post-title":"","ast-breadcrumbs-content":"","ast-featured-img":"","footer-sml-layout":"","theme-transparent-header-meta":"","adv-header-id-meta":"","stick-header-meta":"","header-above-stick-meta":"","header-main-stick-meta":"","header-below-stick-meta":"","footnotes":"","jetpack_publicize_message":"","jetpack_is_tweetstorm":false,"jetpack_publicize_feature_enabled":true},"categories":[33],"tags":[],"jetpack_publicize_connections":[],"acf":[],"aioseo_notices":[],"yoast_head":"<!-- This site is optimized with the Yoast SEO plugin v19.6.1 - https:\/\/yoast.com\/wordpress\/plugins\/seo\/ -->\n<title>M\u00e9dias\u00a0: l\u2019Agence de Soutien et de D\u00e9veloppement des M\u00e9dias (ASDM) remplace le Fonds de Soutien et de D\u00e9veloppement de la Presse (FSDP) -<\/title>\n<meta name=\"robots\" content=\"index, follow, max-snippet:-1, max-image-preview:large, max-video-preview:-1\" \/>\n<link rel=\"canonical\" href=\"https:\/\/7culture.ci\/index.php\/2022\/05\/05\/medias-lagence-de-soutien-et-de-developpement-des-medias-asdm-remplace-le-fonds-de-soutien-et-de-developpement-de-la-presse-fsdp\/\" \/>\n<meta property=\"og:locale\" content=\"fr_FR\" \/>\n<meta property=\"og:type\" content=\"article\" \/>\n<meta property=\"og:title\" content=\"M\u00e9dias\u00a0: l\u2019Agence de Soutien et de D\u00e9veloppement des M\u00e9dias (ASDM) remplace le Fonds de Soutien et de D\u00e9veloppement de la Presse (FSDP) -\" \/>\n<meta property=\"og:description\" content=\"Le Fonds de Soutien et de D\u00e9veloppement de la Presse (FSDP) est dissout. Il a \u00e9t\u00e9 remplac\u00e9 par l\u2019Agence de Soutien et de D\u00e9veloppement des M\u00e9dias (ASDM). Cette d\u00e9cision a \u00e9t\u00e9 prise en Conseil du ministre le mercredi 4 mai dernier. \u00ab Le Conseil a adopt\u00e9 deux d\u00e9crets dont l\u2019un, portant cr\u00e9ation, attributions, organisation et &hellip; M\u00e9dias\u00a0: l\u2019Agence de Soutien et de D\u00e9veloppement des M\u00e9dias (ASDM) remplace le Fonds de Soutien et de D\u00e9veloppement de la Presse (FSDP) Lire la suite\u00a0\u00bb\" \/>\n<meta property=\"og:url\" content=\"https:\/\/7culture.ci\/index.php\/2022\/05\/05\/medias-lagence-de-soutien-et-de-developpement-des-medias-asdm-remplace-le-fonds-de-soutien-et-de-developpement-de-la-presse-fsdp\/\" \/>\n<meta property=\"og:site_name\" content=\"7culture\" \/>\n<meta property=\"article:publisher\" content=\"https:\/\/www.facebook.com\/redchefclaude\" \/>\n<meta property=\"article:published_time\" content=\"2022-05-05T10:36:03+00:00\" \/>\n<meta property=\"article:modified_time\" content=\"2022-05-05T10:36:07+00:00\" \/>\n<meta property=\"og:image\" content=\"http:\/\/7culture.ci\/wp-content\/uploads\/2022\/05\/Amadou-Coulibaly.jpg\" \/>\n\t<meta property=\"og:image:width\" content=\"900\" \/>\n\t<meta property=\"og:image:height\" content=\"600\" \/>\n\t<meta property=\"og:image:type\" content=\"image\/jpeg\" \/>\n<meta name=\"author\" content=\"7culture2020\" \/>\n<meta name=\"twitter:card\" content=\"summary_large_image\" \/>\n<meta name=\"twitter:creator\" content=\"@7culturec\" \/>\n<meta name=\"twitter:site\" content=\"@7culturec\" \/>\n<meta name=\"twitter:label1\" content=\"\u00c9crit par\" \/>\n\t<meta name=\"twitter:data1\" content=\"7culture2020\" \/>\n\t<meta name=\"twitter:label2\" content=\"Dur\u00e9e de lecture estim\u00e9e\" \/>\n\t<meta name=\"twitter:data2\" content=\"2 minutes\" \/>\n<script type=\"application\/ld+json\" class=\"yoast-schema-graph\">{\"@context\":\"https:\/\/schema.org\",\"@graph\":[{\"@type\":\"Article\",\"@id\":\"https:\/\/7culture.ci\/index.php\/2022\/05\/05\/medias-lagence-de-soutien-et-de-developpement-des-medias-asdm-remplace-le-fonds-de-soutien-et-de-developpement-de-la-presse-fsdp\/#article\",\"isPartOf\":{\"@id\":\"https:\/\/7culture.ci\/index.php\/2022\/05\/05\/medias-lagence-de-soutien-et-de-developpement-des-medias-asdm-remplace-le-fonds-de-soutien-et-de-developpement-de-la-presse-fsdp\/\"},\"author\":{\"name\":\"7culture2020\",\"@id\":\"https:\/\/7culture.ci\/#\/schema\/person\/16150d28d7ef66ba788c1f87f28c4426\"},\"headline\":\"M\u00e9dias\u00a0: l\u2019Agence de Soutien et de D\u00e9veloppement des M\u00e9dias (ASDM) remplace le Fonds de Soutien et de D\u00e9veloppement de la Presse (FSDP)\",\"datePublished\":\"2022-05-05T10:36:03+00:00\",\"dateModified\":\"2022-05-05T10:36:07+00:00\",\"mainEntityOfPage\":{\"@id\":\"https:\/\/7culture.ci\/index.php\/2022\/05\/05\/medias-lagence-de-soutien-et-de-developpement-des-medias-asdm-remplace-le-fonds-de-soutien-et-de-developpement-de-la-presse-fsdp\/\"},\"wordCount\":321,\"commentCount\":0,\"publisher\":{\"@id\":\"https:\/\/7culture.ci\/#organization\"},\"articleSection\":[\"M\u00e9dia\"],\"inLanguage\":\"fr-FR\",\"potentialAction\":[{\"@type\":\"CommentAction\",\"name\":\"Comment\",\"target\":[\"https:\/\/7culture.ci\/index.php\/2022\/05\/05\/medias-lagence-de-soutien-et-de-developpement-des-medias-asdm-remplace-le-fonds-de-soutien-et-de-developpement-de-la-presse-fsdp\/#respond\"]}]},{\"@type\":\"WebPage\",\"@id\":\"https:\/\/7culture.ci\/index.php\/2022\/05\/05\/medias-lagence-de-soutien-et-de-developpement-des-medias-asdm-remplace-le-fonds-de-soutien-et-de-developpement-de-la-presse-fsdp\/\",\"url\":\"https:\/\/7culture.ci\/index.php\/2022\/05\/05\/medias-lagence-de-soutien-et-de-developpement-des-medias-asdm-remplace-le-fonds-de-soutien-et-de-developpement-de-la-presse-fsdp\/\",\"name\":\"M\u00e9dias\u00a0: l\u2019Agence de Soutien et de D\u00e9veloppement des M\u00e9dias (ASDM) remplace le Fonds de Soutien et de D\u00e9veloppement de la Presse (FSDP) -\",\"isPartOf\":{\"@id\":\"https:\/\/7culture.ci\/#website\"},\"datePublished\":\"2022-05-05T10:36:03+00:00\",\"dateModified\":\"2022-05-05T10:36:07+00:00\",\"breadcrumb\":{\"@id\":\"https:\/\/7culture.ci\/index.php\/2022\/05\/05\/medias-lagence-de-soutien-et-de-developpement-des-medias-asdm-remplace-le-fonds-de-soutien-et-de-developpement-de-la-presse-fsdp\/#breadcrumb\"},\"inLanguage\":\"fr-FR\",\"potentialAction\":[{\"@type\":\"ReadAction\",\"target\":[\"https:\/\/7culture.ci\/index.php\/2022\/05\/05\/medias-lagence-de-soutien-et-de-developpement-des-medias-asdm-remplace-le-fonds-de-soutien-et-de-developpement-de-la-presse-fsdp\/\"]}]},{\"@type\":\"BreadcrumbList\",\"@id\":\"https:\/\/7culture.ci\/index.php\/2022\/05\/05\/medias-lagence-de-soutien-et-de-developpement-des-medias-asdm-remplace-le-fonds-de-soutien-et-de-developpement-de-la-presse-fsdp\/#breadcrumb\",\"itemListElement\":[{\"@type\":\"ListItem\",\"position\":1,\"name\":\"Accueil\",\"item\":\"https:\/\/7culture.ci\/\"},{\"@type\":\"ListItem\",\"position\":2,\"name\":\"M\u00e9dias\u00a0: l\u2019Agence de Soutien et de D\u00e9veloppement des M\u00e9dias (ASDM) remplace le Fonds de Soutien et de D\u00e9veloppement de la Presse (FSDP)\"}]},{\"@type\":\"WebSite\",\"@id\":\"https:\/\/7culture.ci\/#website\",\"url\":\"https:\/\/7culture.ci\/\",\"name\":\"7culture\",\"description\":\"Tout sur l&#039;actualit\u00e9\",\"publisher\":{\"@id\":\"https:\/\/7culture.ci\/#organization\"},\"potentialAction\":[{\"@type\":\"SearchAction\",\"target\":{\"@type\":\"EntryPoint\",\"urlTemplate\":\"https:\/\/7culture.ci\/?s={search_term_string}\"},\"query-input\":\"required name=search_term_string\"}],\"inLanguage\":\"fr-FR\"},{\"@type\":\"Organization\",\"@id\":\"https:\/\/7culture.ci\/#organization\",\"name\":\"7culture\",\"url\":\"https:\/\/7culture.ci\/\",\"sameAs\":[\"https:\/\/www.facebook.com\/redchefclaude\",\"https:\/\/twitter.com\/7culturec\"],\"logo\":{\"@type\":\"ImageObject\",\"inLanguage\":\"fr-FR\",\"@id\":\"https:\/\/7culture.ci\/#\/schema\/logo\/image\/\",\"url\":\"https:\/\/7culture.ci\/wp-content\/uploads\/2021\/12\/S1a-1.png\",\"contentUrl\":\"https:\/\/7culture.ci\/wp-content\/uploads\/2021\/12\/S1a-1.png\",\"width\":588,\"height\":192,\"caption\":\"7culture\"},\"image\":{\"@id\":\"https:\/\/7culture.ci\/#\/schema\/logo\/image\/\"}},{\"@type\":\"Person\",\"@id\":\"https:\/\/7culture.ci\/#\/schema\/person\/16150d28d7ef66ba788c1f87f28c4426\",\"name\":\"7culture2020\",\"image\":{\"@type\":\"ImageObject\",\"inLanguage\":\"fr-FR\",\"@id\":\"https:\/\/7culture.ci\/#\/schema\/person\/image\/\",\"url\":\"https:\/\/secure.gravatar.com\/avatar\/9a0784f951306c37bcd065f52844ef95?s=96&d=mm&r=g\",\"contentUrl\":\"https:\/\/secure.gravatar.com\/avatar\/9a0784f951306c37bcd065f52844ef95?s=96&d=mm&r=g\",\"caption\":\"7culture2020\"},\"sameAs\":[\"http:\/\/7culture.ci\",\"Claude.kipre\"],\"url\":\"https:\/\/7culture.ci\/index.php\/author\/7culture2020\/\"}]}<\/script>\n<!-- \/ Yoast SEO plugin. -->","yoast_head_json":{"title":"M\u00e9dias\u00a0: l\u2019Agence de Soutien et de D\u00e9veloppement des M\u00e9dias (ASDM) remplace le Fonds de Soutien et de D\u00e9veloppement de la Presse (FSDP) -","robots":{"index":"index","follow":"follow","max-snippet":"max-snippet:-1","max-image-preview":"max-image-preview:large","max-video-preview":"max-video-preview:-1"},"canonical":"https:\/\/7culture.ci\/index.php\/2022\/05\/05\/medias-lagence-de-soutien-et-de-developpement-des-medias-asdm-remplace-le-fonds-de-soutien-et-de-developpement-de-la-presse-fsdp\/","og_locale":"fr_FR","og_type":"article","og_title":"M\u00e9dias\u00a0: l\u2019Agence de Soutien et de D\u00e9veloppement des M\u00e9dias (ASDM) remplace le Fonds de Soutien et de D\u00e9veloppement de la Presse (FSDP) -","og_description":"Le Fonds de Soutien et de D\u00e9veloppement de la Presse (FSDP) est dissout. Il a \u00e9t\u00e9 remplac\u00e9 par l\u2019Agence de Soutien et de D\u00e9veloppement des M\u00e9dias (ASDM). Cette d\u00e9cision a \u00e9t\u00e9 prise en Conseil du ministre le mercredi 4 mai dernier. \u00ab Le Conseil a adopt\u00e9 deux d\u00e9crets dont l\u2019un, portant cr\u00e9ation, attributions, organisation et &hellip; M\u00e9dias\u00a0: l\u2019Agence de Soutien et de D\u00e9veloppement des M\u00e9dias (ASDM) remplace le Fonds de Soutien et de D\u00e9veloppement de la Presse (FSDP) Lire la suite\u00a0\u00bb","og_url":"https:\/\/7culture.ci\/index.php\/2022\/05\/05\/medias-lagence-de-soutien-et-de-developpement-des-medias-asdm-remplace-le-fonds-de-soutien-et-de-developpement-de-la-presse-fsdp\/","og_site_name":"7culture","article_publisher":"https:\/\/www.facebook.com\/redchefclaude","article_published_time":"2022-05-05T10:36:03+00:00","article_modified_time":"2022-05-05T10:36:07+00:00","og_image":[{"width":900,"height":600,"url":"http:\/\/7culture.ci\/wp-content\/uploads\/2022\/05\/Amadou-Coulibaly.jpg","type":"image\/jpeg"}],"author":"7culture2020","twitter_card":"summary_large_image","twitter_creator":"@7culturec","twitter_site":"@7culturec","twitter_misc":{"\u00c9crit par":"7culture2020","Dur\u00e9e de lecture estim\u00e9e":"2 minutes"},"schema":{"@context":"https:\/\/schema.org","@graph":[{"@type":"Article","@id":"https:\/\/7culture.ci\/index.php\/2022\/05\/05\/medias-lagence-de-soutien-et-de-developpement-des-medias-asdm-remplace-le-fonds-de-soutien-et-de-developpement-de-la-presse-fsdp\/#article","isPartOf":{"@id":"https:\/\/7culture.ci\/index.php\/2022\/05\/05\/medias-lagence-de-soutien-et-de-developpement-des-medias-asdm-remplace-le-fonds-de-soutien-et-de-developpement-de-la-presse-fsdp\/"},"author":{"name":"7culture2020","@id":"https:\/\/7culture.ci\/#\/schema\/person\/16150d28d7ef66ba788c1f87f28c4426"},"headline":"M\u00e9dias\u00a0: l\u2019Agence de Soutien et de D\u00e9veloppement des M\u00e9dias (ASDM) remplace le Fonds de Soutien et de D\u00e9veloppement de la Presse (FSDP)","datePublished":"2022-05-05T10:36:03+00:00","dateModified":"2022-05-05T10:36:07+00:00","mainEntityOfPage":{"@id":"https:\/\/7culture.ci\/index.php\/2022\/05\/05\/medias-lagence-de-soutien-et-de-developpement-des-medias-asdm-remplace-le-fonds-de-soutien-et-de-developpement-de-la-presse-fsdp\/"},"wordCount":321,"commentCount":0,"publisher":{"@id":"https:\/\/7culture.ci\/#organization"},"articleSection":["M\u00e9dia"],"inLanguage":"fr-FR","potentialAction":[{"@type":"CommentAction","name":"Comment","target":["https:\/\/7culture.ci\/index.php\/2022\/05\/05\/medias-lagence-de-soutien-et-de-developpement-des-medias-asdm-remplace-le-fonds-de-soutien-et-de-developpement-de-la-presse-fsdp\/#respond"]}]},{"@type":"WebPage","@id":"https:\/\/7culture.ci\/index.php\/2022\/05\/05\/medias-lagence-de-soutien-et-de-developpement-des-medias-asdm-remplace-le-fonds-de-soutien-et-de-developpement-de-la-presse-fsdp\/","url":"https:\/\/7culture.ci\/index.php\/2022\/05\/05\/medias-lagence-de-soutien-et-de-developpement-des-medias-asdm-remplace-le-fonds-de-soutien-et-de-developpement-de-la-presse-fsdp\/","name":"M\u00e9dias\u00a0: l\u2019Agence de Soutien et de D\u00e9veloppement des M\u00e9dias (ASDM) remplace le Fonds de Soutien et de D\u00e9veloppement de la Presse (FSDP) -","isPartOf":{"@id":"https:\/\/7culture.ci\/#website"},"datePublished":"2022-05-05T10:36:03+00:00","dateModified":"2022-05-05T10:36:07+00:00","breadcrumb":{"@id":"https:\/\/7culture.ci\/index.php\/2022\/05\/05\/medias-lagence-de-soutien-et-de-developpement-des-medias-asdm-remplace-le-fonds-de-soutien-et-de-developpement-de-la-presse-fsdp\/#breadcrumb"},"inLanguage":"fr-FR","potentialAction":[{"@type":"ReadAction","target":["https:\/\/7culture.ci\/index.php\/2022\/05\/05\/medias-lagence-de-soutien-et-de-developpement-des-medias-asdm-remplace-le-fonds-de-soutien-et-de-developpement-de-la-presse-fsdp\/"]}]},{"@type":"BreadcrumbList","@id":"https:\/\/7culture.ci\/index.php\/2022\/05\/05\/medias-lagence-de-soutien-et-de-developpement-des-medias-asdm-remplace-le-fonds-de-soutien-et-de-developpement-de-la-presse-fsdp\/#breadcrumb","itemListElement":[{"@type":"ListItem","position":1,"name":"Accueil","item":"https:\/\/7culture.ci\/"},{"@type":"ListItem","position":2,"name":"M\u00e9dias\u00a0: l\u2019Agence de Soutien et de D\u00e9veloppement des M\u00e9dias (ASDM) remplace le Fonds de Soutien et de D\u00e9veloppement de la Presse (FSDP)"}]},{"@type":"WebSite","@id":"https:\/\/7culture.ci\/#website","url":"https:\/\/7culture.ci\/","name":"7culture","description":"Tout sur l&#039;actualit\u00e9","publisher":{"@id":"https:\/\/7culture.ci\/#organization"},"potentialAction":[{"@type":"SearchAction","target":{"@type":"EntryPoint","urlTemplate":"https:\/\/7culture.ci\/?s={search_term_string}"},"query-input":"required name=search_term_string"}],"inLanguage":"fr-FR"},{"@type":"Organization","@id":"https:\/\/7culture.ci\/#organization","name":"7culture","url":"https:\/\/7culture.ci\/","sameAs":["https:\/\/www.facebook.com\/redchefclaude","https:\/\/twitter.com\/7culturec"],"logo":{"@type":"ImageObject","inLanguage":"fr-FR","@id":"https:\/\/7culture.ci\/#\/schema\/logo\/image\/","url":"https:\/\/7culture.ci\/wp-content\/uploads\/2021\/12\/S1a-1.png","contentUrl":"https:\/\/7culture.ci\/wp-content\/uploads\/2021\/12\/S1a-1.png","width":588,"height":192,"caption":"7culture"},"image":{"@id":"https:\/\/7culture.ci\/#\/schema\/logo\/image\/"}},{"@type":"Person","@id":"https:\/\/7culture.ci\/#\/schema\/person\/16150d28d7ef66ba788c1f87f28c4426","name":"7culture2020","image":{"@type":"ImageObject","inLanguage":"fr-FR","@id":"https:\/\/7culture.ci\/#\/schema\/person\/image\/","url":"https:\/\/secure.gravatar.com\/avatar\/9a0784f951306c37bcd065f52844ef95?s=96&d=mm&r=g","contentUrl":"https:\/\/secure.gravatar.com\/avatar\/9a0784f951306c37bcd065f52844ef95?s=96&d=mm&r=g","caption":"7culture2020"},"sameAs":["http:\/\/7culture.ci","Claude.kipre"],"url":"https:\/\/7culture.ci\/index.php\/author\/7culture2020\/"}]}},"jetpack_featured_media_url":"https:\/\/7culture.ci\/wp-content\/uploads\/2022\/05\/Amadou-Coulibaly.jpg","jetpack_likes_enabled":true,"jetpack_sharing_enabled":true,"_links":{"self":[{"href":"https:\/\/7culture.ci\/index.php\/wp-json\/wp\/v2\/posts\/20995"}],"collection":[{"href":"https:\/\/7culture.ci\/index.php\/wp-json\/wp\/v2\/posts"}],"about":[{"href":"https:\/\/7culture.ci\/index.php\/wp-json\/wp\/v2\/types\/post"}],"author":[{"embeddable":true,"href":"https:\/\/7culture.ci\/index.php\/wp-json\/wp\/v2\/users\/1"}],"replies":[{"embeddable":true,"href":"https:\/\/7culture.ci\/index.php\/wp-json\/wp\/v2\/comments?post=20995"}],"version-history":[{"count":0,"href":"https:\/\/7culture.ci\/index.php\/wp-json\/wp\/v2\/posts\/20995\/revisions"}],"wp:featuredmedia":[{"embeddable":true,"href":"https:\/\/7culture.ci\/index.php\/wp-json\/wp\/v2\/media\/20996"}],"wp:attachment":[{"href":"https:\/\/7culture.ci\/index.php\/wp-json\/wp\/v2\/media?parent=20995"}],"wp:term":[{"taxonomy":"category","embeddable":true,"href":"https:\/\/7culture.ci\/index.php\/wp-json\/wp\/v2\/categories?post=20995"},{"taxonomy":"post_tag","embeddable":true,"href":"https:\/\/7culture.ci\/index.php\/wp-json\/wp\/v2\/tags?post=20995"}],"curies":[{"name":"wp","href":"https:\/\/api.w.org\/{rel}","templated":true}]}}