{"id":20986,"date":"2022-05-05T12:02:33","date_gmt":"2022-05-05T10:02:33","guid":{"rendered":"https:\/\/7culture.ci\/?p=20986"},"modified":"2022-05-05T14:20:43","modified_gmt":"2022-05-05T12:20:43","slug":"fif-le-president-yacine-diallo-a-pris-fonction","status":"publish","type":"post","link":"https:\/\/7culture.ci\/index.php\/2022\/05\/05\/fif-le-president-yacine-diallo-a-pris-fonction\/","title":{"rendered":"FIF\u00a0: le pr\u00e9sident Yacine Diallo a pris fonction"},"content":{"rendered":"\n<p>\u00c7a y est&nbsp;! C\u2019est d\u00e9sormais act\u00e9. Yacine Idriss Diallo est bien le nouveau pr\u00e9sident de la f\u00e9d\u00e9ration ivoirienne de football (FIF). Le mercredi 4 mai, il a pris les clefs du si\u00e8ge de la fa\u00eeti\u00e8re du football ivoirien des mains de Mme Mariam Dao Gabala, la pr\u00e9sidente du comit\u00e9 de normalisation qui en assurait la pr\u00e9sidence depuis plus d\u2019une ann\u00e9e. \u00ab&nbsp;<strong><em>J\u2019ai eu l&#8217;honneur de recevoir les dossiers de l&#8217;institution que j&#8217;ai en charge d\u00e9sormais de diriger pour les quatre prochaines ann\u00e9es. Au cours de cette c\u00e9r\u00e9monie riche en couleurs et en \u00e9motion, j&#8217;ai pu mesurer encore toute l&#8217;ampleur de la t\u00e2che qui attend mon \u00e9quipe et moi. Cependant avec la rigueur et toute la volont\u00e9 qui m&#8217;animent, cette mission aussi coriace qu&#8217;elle soit, sera l&#8217;occasion pour tout le Comit\u00e9 qui m&#8217;accompagne de relever tous les d\u00e9fis qui permettront au football ivoirien de retrouver toute sa place aussi bien sur l&#8217;\u00e9chiquier continental que mondial<\/em><\/strong>&nbsp;\u00bb, a d\u00e9clar\u00e9 le nouveau pr\u00e9sident de la FIF. \u00ab&nbsp;<strong><em>Avec le slogan qui caract\u00e9rise mon Projet- Programme c&#8217;est-\u00e0-dire Rassembler pour D\u00e9velopper, j&#8217;invite de nouveau mes fr\u00e8res Sory Diabat\u00e9 et Didier Drogba \u00e0 r\u00e9pondre \u00e0 ma main tendue pour conduire \u00e0 bon port le football ivoirien<\/em><\/strong>&nbsp;\u00bb, a-t-il d\u00e9clar\u00e9 \u00e0 l\u2019endroit de ses adversaires de l\u2019\u00e9lection \u00e0 la pr\u00e9sidence de la FIF du 23 avril dernier \u00e0 Yamoussoukro.<\/p>\n\n\n\n<figure class=\"wp-block-gallery has-nested-images columns-default is-cropped wp-block-gallery-1 is-layout-flex wp-block-gallery-is-layout-flex\">\n<figure class=\"wp-block-image size-large\"><img loading=\"lazy\" decoding=\"async\" width=\"552\" height=\"368\" data-id=\"20990\" src=\"https:\/\/7culture.ci\/wp-content\/uploads\/2022\/05\/WhatsApp-Image-2022-05-05-at-08.27.22.jpeg\" alt=\"\" class=\"wp-image-20990\" srcset=\"https:\/\/7culture.ci\/wp-content\/uploads\/2022\/05\/WhatsApp-Image-2022-05-05-at-08.27.22.jpeg 552w, https:\/\/7culture.ci\/wp-content\/uploads\/2022\/05\/WhatsApp-Image-2022-05-05-at-08.27.22-300x200.jpeg 300w\" sizes=\"(max-width: 552px) 100vw, 552px\" \/><\/figure>\n\n\n\n<figure class=\"wp-block-image size-large\"><img loading=\"lazy\" decoding=\"async\" width=\"552\" height=\"368\" data-id=\"20988\" src=\"https:\/\/7culture.ci\/wp-content\/uploads\/2022\/05\/WhatsApp-Image-2022-05-05-at-08.27.23-1.jpeg\" alt=\"\" class=\"wp-image-20988\" srcset=\"https:\/\/7culture.ci\/wp-content\/uploads\/2022\/05\/WhatsApp-Image-2022-05-05-at-08.27.23-1.jpeg 552w, https:\/\/7culture.ci\/wp-content\/uploads\/2022\/05\/WhatsApp-Image-2022-05-05-at-08.27.23-1-300x200.jpeg 300w\" sizes=\"(max-width: 552px) 100vw, 552px\" \/><\/figure>\n\n\n\n<figure class=\"wp-block-image size-large\"><img loading=\"lazy\" decoding=\"async\" width=\"552\" height=\"368\" data-id=\"20989\" src=\"https:\/\/7culture.ci\/wp-content\/uploads\/2022\/05\/WhatsApp-Image-2022-05-05-at-08.27.23.jpeg\" alt=\"\" class=\"wp-image-20989\" srcset=\"https:\/\/7culture.ci\/wp-content\/uploads\/2022\/05\/WhatsApp-Image-2022-05-05-at-08.27.23.jpeg 552w, https:\/\/7culture.ci\/wp-content\/uploads\/2022\/05\/WhatsApp-Image-2022-05-05-at-08.27.23-300x200.jpeg 300w\" sizes=\"(max-width: 552px) 100vw, 552px\" \/><\/figure>\n<\/figure>\n\n\n\n<p>Au cours de son intervention, le pr\u00e9sident Yacine Idriss Diallo a fait des annonces. Il a annonc\u00e9 l\u2019appel \u00e0 candidature pour le poste de S\u00e9lectionneur et S\u00e9lectionneur Adjoint de l\u2019\u00e9quipe nationale A. Cet appel \u00e0 candidature aura lieu du 4 au 10 mai 2022. Un comit\u00e9 de recrutement travaillera \u00e0 cela pour trouver les hommes qu\u2019il faut avant l\u2019entr\u00e9e en comp\u00e9tition de nos El\u00e9phants, le 4 juin prochain. Le pr\u00e9sident de la FIF a par ailleurs nomm\u00e9 quelques membres de son cabinet. Il s\u2019agit de M. Adam\u2019s Malick Toh\u00e9 (1er vice-Pr\u00e9sident du Comit\u00e9 Ex\u00e9cutif), M. Ouattara Si\u00e9 Abou (2\u00e8me vice-Pr\u00e9sident du Comit\u00e9 Ex\u00e9cutif), Colonel Kon\u00e9 Mamadou (3\u00e8me vice-Pr\u00e9sident du Comit\u00e9 Ex\u00e9cutif), Mme Diakit\u00e9 Madeleine (4\u00e8me vice-Pr\u00e9sidente du Comit\u00e9 Ex\u00e9cutif), M. Armand Gohourou (Directeur Ex\u00e9cutif), M. Cyrille Domoraud (Conseiller du Pr\u00e9sident), M. Salif Bictogo (Pr\u00e9sident de la Ligue Professionnelle de Football et Conseiller du Pr\u00e9sident) et M. Issouf Diabat\u00e9 (Pr\u00e9sident de la Ligue de Football Amateur).<\/p>\n\n\n\n<figure class=\"wp-block-gallery has-nested-images columns-default is-cropped wp-block-gallery-2 is-layout-flex wp-block-gallery-is-layout-flex\">\n<figure class=\"wp-block-image size-large\"><img loading=\"lazy\" decoding=\"async\" width=\"552\" height=\"459\" data-id=\"20992\" src=\"https:\/\/7culture.ci\/wp-content\/uploads\/2022\/05\/WhatsApp-Image-2022-05-05-at-08.27.22-1.jpeg\" alt=\"\" class=\"wp-image-20992\" srcset=\"https:\/\/7culture.ci\/wp-content\/uploads\/2022\/05\/WhatsApp-Image-2022-05-05-at-08.27.22-1.jpeg 552w, https:\/\/7culture.ci\/wp-content\/uploads\/2022\/05\/WhatsApp-Image-2022-05-05-at-08.27.22-1-300x249.jpeg 300w\" sizes=\"(max-width: 552px) 100vw, 552px\" \/><\/figure>\n\n\n\n<figure class=\"wp-block-image size-large\"><img loading=\"lazy\" decoding=\"async\" width=\"552\" height=\"368\" data-id=\"20993\" src=\"https:\/\/7culture.ci\/wp-content\/uploads\/2022\/05\/WhatsApp-Image-2022-05-05-at-08.27.24.jpeg\" alt=\"\" class=\"wp-image-20993\" srcset=\"https:\/\/7culture.ci\/wp-content\/uploads\/2022\/05\/WhatsApp-Image-2022-05-05-at-08.27.24.jpeg 552w, https:\/\/7culture.ci\/wp-content\/uploads\/2022\/05\/WhatsApp-Image-2022-05-05-at-08.27.24-300x200.jpeg 300w\" sizes=\"(max-width: 552px) 100vw, 552px\" \/><\/figure>\n\n\n\n<figure class=\"wp-block-image size-large\"><img loading=\"lazy\" decoding=\"async\" width=\"552\" height=\"330\" data-id=\"20991\" src=\"https:\/\/7culture.ci\/wp-content\/uploads\/2022\/05\/WhatsApp-Image-2022-05-05-at-08.27.25.jpeg\" alt=\"\" class=\"wp-image-20991\" srcset=\"https:\/\/7culture.ci\/wp-content\/uploads\/2022\/05\/WhatsApp-Image-2022-05-05-at-08.27.25.jpeg 552w, https:\/\/7culture.ci\/wp-content\/uploads\/2022\/05\/WhatsApp-Image-2022-05-05-at-08.27.25-300x179.jpeg 300w\" sizes=\"(max-width: 552px) 100vw, 552px\" \/><\/figure>\n<\/figure>\n\n\n\n<p>\u00ab&nbsp;<strong><em>Merci \u00e0 ceux ou celles, de loin ou de pr\u00e8s, qui ont contribu\u00e9 \u00e0 la r\u00e9ussite de cette passation de charges<\/em><\/strong>&nbsp;\u00bb, a conclu Yacine Idriss Diallo. Par Omar AK<\/p>\n","protected":false},"excerpt":{"rendered":"<p>\u00c7a y est&nbsp;! C\u2019est d\u00e9sormais act\u00e9. Yacine Idriss Diallo est bien le nouveau pr\u00e9sident de la f\u00e9d\u00e9ration ivoirienne de football (FIF). Le mercredi 4 mai, il a pris les clefs du si\u00e8ge de la fa\u00eeti\u00e8re du football ivoirien des mains de Mme Mariam Dao Gabala, la pr\u00e9sidente du comit\u00e9 de normalisation qui en assurait la &hellip;<\/p>\n<p class=\"read-more\"> <a class=\"\" href=\"https:\/\/7culture.ci\/index.php\/2022\/05\/05\/fif-le-president-yacine-diallo-a-pris-fonction\/\"> <span class=\"screen-reader-text\">FIF\u00a0: le pr\u00e9sident Yacine Diallo a pris fonction<\/span> Lire la suite\u00a0\u00bb<\/a><\/p>\n","protected":false},"author":1,"featured_media":20987,"comment_status":"open","ping_status":"open","sticky":false,"template":"","format":"standard","meta":{"_mi_skip_tracking":false,"_monsterinsights_sitenote_active":false,"_monsterinsights_sitenote_note":"","_monsterinsights_sitenote_category":0,"site-sidebar-layout":"default","site-content-layout":"default","ast-global-header-display":"","ast-main-header-display":"","ast-hfb-above-header-display":"","ast-hfb-below-header-display":"","ast-hfb-mobile-header-display":"","site-post-title":"","ast-breadcrumbs-content":"","ast-featured-img":"","footer-sml-layout":"","theme-transparent-header-meta":"","adv-header-id-meta":"","stick-header-meta":"","header-above-stick-meta":"","header-main-stick-meta":"","header-below-stick-meta":"","footnotes":"","jetpack_publicize_message":"","jetpack_is_tweetstorm":false,"jetpack_publicize_feature_enabled":true},"categories":[22],"tags":[],"jetpack_publicize_connections":[],"acf":[],"aioseo_notices":[],"yoast_head":"<!-- This site is optimized with the Yoast SEO plugin v19.6.1 - https:\/\/yoast.com\/wordpress\/plugins\/seo\/ -->\n<title>FIF\u00a0: le pr\u00e9sident Yacine Diallo a pris fonction -<\/title>\n<meta name=\"robots\" content=\"index, follow, max-snippet:-1, max-image-preview:large, max-video-preview:-1\" \/>\n<link rel=\"canonical\" href=\"https:\/\/7culture.ci\/index.php\/2022\/05\/05\/fif-le-president-yacine-diallo-a-pris-fonction\/\" \/>\n<meta property=\"og:locale\" content=\"fr_FR\" \/>\n<meta property=\"og:type\" content=\"article\" \/>\n<meta property=\"og:title\" content=\"FIF\u00a0: le pr\u00e9sident Yacine Diallo a pris fonction -\" \/>\n<meta property=\"og:description\" content=\"\u00c7a y est&nbsp;! C\u2019est d\u00e9sormais act\u00e9. Yacine Idriss Diallo est bien le nouveau pr\u00e9sident de la f\u00e9d\u00e9ration ivoirienne de football (FIF). Le mercredi 4 mai, il a pris les clefs du si\u00e8ge de la fa\u00eeti\u00e8re du football ivoirien des mains de Mme Mariam Dao Gabala, la pr\u00e9sidente du comit\u00e9 de normalisation qui en assurait la &hellip; FIF\u00a0: le pr\u00e9sident Yacine Diallo a pris fonction Lire la suite\u00a0\u00bb\" \/>\n<meta property=\"og:url\" content=\"https:\/\/7culture.ci\/index.php\/2022\/05\/05\/fif-le-president-yacine-diallo-a-pris-fonction\/\" \/>\n<meta property=\"og:site_name\" content=\"7culture\" \/>\n<meta property=\"article:publisher\" content=\"https:\/\/www.facebook.com\/redchefclaude\" \/>\n<meta property=\"article:published_time\" content=\"2022-05-05T10:02:33+00:00\" \/>\n<meta property=\"article:modified_time\" content=\"2022-05-05T12:20:43+00:00\" \/>\n<meta property=\"og:image\" content=\"http:\/\/7culture.ci\/wp-content\/uploads\/2022\/05\/WhatsApp-Image-2022-05-05-at-08.27.22-2.jpeg\" \/>\n\t<meta property=\"og:image:width\" content=\"552\" \/>\n\t<meta property=\"og:image:height\" content=\"368\" \/>\n\t<meta property=\"og:image:type\" content=\"image\/jpeg\" \/>\n<meta name=\"author\" content=\"7culture2020\" \/>\n<meta name=\"twitter:card\" content=\"summary_large_image\" \/>\n<meta name=\"twitter:creator\" content=\"@7culturec\" \/>\n<meta name=\"twitter:site\" content=\"@7culturec\" \/>\n<meta name=\"twitter:label1\" content=\"\u00c9crit par\" \/>\n\t<meta name=\"twitter:data1\" content=\"7culture2020\" \/>\n\t<meta name=\"twitter:label2\" content=\"Dur\u00e9e de lecture estim\u00e9e\" \/>\n\t<meta name=\"twitter:data2\" content=\"4 minutes\" \/>\n<script type=\"application\/ld+json\" class=\"yoast-schema-graph\">{\"@context\":\"https:\/\/schema.org\",\"@graph\":[{\"@type\":\"Article\",\"@id\":\"https:\/\/7culture.ci\/index.php\/2022\/05\/05\/fif-le-president-yacine-diallo-a-pris-fonction\/#article\",\"isPartOf\":{\"@id\":\"https:\/\/7culture.ci\/index.php\/2022\/05\/05\/fif-le-president-yacine-diallo-a-pris-fonction\/\"},\"author\":{\"name\":\"7culture2020\",\"@id\":\"https:\/\/7culture.ci\/#\/schema\/person\/16150d28d7ef66ba788c1f87f28c4426\"},\"headline\":\"FIF\u00a0: le pr\u00e9sident Yacine Diallo a pris fonction\",\"datePublished\":\"2022-05-05T10:02:33+00:00\",\"dateModified\":\"2022-05-05T12:20:43+00:00\",\"mainEntityOfPage\":{\"@id\":\"https:\/\/7culture.ci\/index.php\/2022\/05\/05\/fif-le-president-yacine-diallo-a-pris-fonction\/\"},\"wordCount\":460,\"commentCount\":0,\"publisher\":{\"@id\":\"https:\/\/7culture.ci\/#organization\"},\"articleSection\":[\"Actualit\u00e9\"],\"inLanguage\":\"fr-FR\",\"potentialAction\":[{\"@type\":\"CommentAction\",\"name\":\"Comment\",\"target\":[\"https:\/\/7culture.ci\/index.php\/2022\/05\/05\/fif-le-president-yacine-diallo-a-pris-fonction\/#respond\"]}]},{\"@type\":\"WebPage\",\"@id\":\"https:\/\/7culture.ci\/index.php\/2022\/05\/05\/fif-le-president-yacine-diallo-a-pris-fonction\/\",\"url\":\"https:\/\/7culture.ci\/index.php\/2022\/05\/05\/fif-le-president-yacine-diallo-a-pris-fonction\/\",\"name\":\"FIF\u00a0: le pr\u00e9sident Yacine Diallo a pris fonction -\",\"isPartOf\":{\"@id\":\"https:\/\/7culture.ci\/#website\"},\"datePublished\":\"2022-05-05T10:02:33+00:00\",\"dateModified\":\"2022-05-05T12:20:43+00:00\",\"breadcrumb\":{\"@id\":\"https:\/\/7culture.ci\/index.php\/2022\/05\/05\/fif-le-president-yacine-diallo-a-pris-fonction\/#breadcrumb\"},\"inLanguage\":\"fr-FR\",\"potentialAction\":[{\"@type\":\"ReadAction\",\"target\":[\"https:\/\/7culture.ci\/index.php\/2022\/05\/05\/fif-le-president-yacine-diallo-a-pris-fonction\/\"]}]},{\"@type\":\"BreadcrumbList\",\"@id\":\"https:\/\/7culture.ci\/index.php\/2022\/05\/05\/fif-le-president-yacine-diallo-a-pris-fonction\/#breadcrumb\",\"itemListElement\":[{\"@type\":\"ListItem\",\"position\":1,\"name\":\"Accueil\",\"item\":\"https:\/\/7culture.ci\/\"},{\"@type\":\"ListItem\",\"position\":2,\"name\":\"FIF\u00a0: le pr\u00e9sident Yacine Diallo a pris fonction\"}]},{\"@type\":\"WebSite\",\"@id\":\"https:\/\/7culture.ci\/#website\",\"url\":\"https:\/\/7culture.ci\/\",\"name\":\"7culture\",\"description\":\"Tout sur l&#039;actualit\u00e9\",\"publisher\":{\"@id\":\"https:\/\/7culture.ci\/#organization\"},\"potentialAction\":[{\"@type\":\"SearchAction\",\"target\":{\"@type\":\"EntryPoint\",\"urlTemplate\":\"https:\/\/7culture.ci\/?s={search_term_string}\"},\"query-input\":\"required name=search_term_string\"}],\"inLanguage\":\"fr-FR\"},{\"@type\":\"Organization\",\"@id\":\"https:\/\/7culture.ci\/#organization\",\"name\":\"7culture\",\"url\":\"https:\/\/7culture.ci\/\",\"sameAs\":[\"https:\/\/www.facebook.com\/redchefclaude\",\"https:\/\/twitter.com\/7culturec\"],\"logo\":{\"@type\":\"ImageObject\",\"inLanguage\":\"fr-FR\",\"@id\":\"https:\/\/7culture.ci\/#\/schema\/logo\/image\/\",\"url\":\"https:\/\/7culture.ci\/wp-content\/uploads\/2021\/12\/S1a-1.png\",\"contentUrl\":\"https:\/\/7culture.ci\/wp-content\/uploads\/2021\/12\/S1a-1.png\",\"width\":588,\"height\":192,\"caption\":\"7culture\"},\"image\":{\"@id\":\"https:\/\/7culture.ci\/#\/schema\/logo\/image\/\"}},{\"@type\":\"Person\",\"@id\":\"https:\/\/7culture.ci\/#\/schema\/person\/16150d28d7ef66ba788c1f87f28c4426\",\"name\":\"7culture2020\",\"image\":{\"@type\":\"ImageObject\",\"inLanguage\":\"fr-FR\",\"@id\":\"https:\/\/7culture.ci\/#\/schema\/person\/image\/\",\"url\":\"https:\/\/secure.gravatar.com\/avatar\/9a0784f951306c37bcd065f52844ef95?s=96&d=mm&r=g\",\"contentUrl\":\"https:\/\/secure.gravatar.com\/avatar\/9a0784f951306c37bcd065f52844ef95?s=96&d=mm&r=g\",\"caption\":\"7culture2020\"},\"sameAs\":[\"http:\/\/7culture.ci\",\"Claude.kipre\"],\"url\":\"https:\/\/7culture.ci\/index.php\/author\/7culture2020\/\"}]}<\/script>\n<!-- \/ Yoast SEO plugin. -->","yoast_head_json":{"title":"FIF\u00a0: le pr\u00e9sident Yacine Diallo a pris fonction -","robots":{"index":"index","follow":"follow","max-snippet":"max-snippet:-1","max-image-preview":"max-image-preview:large","max-video-preview":"max-video-preview:-1"},"canonical":"https:\/\/7culture.ci\/index.php\/2022\/05\/05\/fif-le-president-yacine-diallo-a-pris-fonction\/","og_locale":"fr_FR","og_type":"article","og_title":"FIF\u00a0: le pr\u00e9sident Yacine Diallo a pris fonction -","og_description":"\u00c7a y est&nbsp;! C\u2019est d\u00e9sormais act\u00e9. Yacine Idriss Diallo est bien le nouveau pr\u00e9sident de la f\u00e9d\u00e9ration ivoirienne de football (FIF). Le mercredi 4 mai, il a pris les clefs du si\u00e8ge de la fa\u00eeti\u00e8re du football ivoirien des mains de Mme Mariam Dao Gabala, la pr\u00e9sidente du comit\u00e9 de normalisation qui en assurait la &hellip; FIF\u00a0: le pr\u00e9sident Yacine Diallo a pris fonction Lire la suite\u00a0\u00bb","og_url":"https:\/\/7culture.ci\/index.php\/2022\/05\/05\/fif-le-president-yacine-diallo-a-pris-fonction\/","og_site_name":"7culture","article_publisher":"https:\/\/www.facebook.com\/redchefclaude","article_published_time":"2022-05-05T10:02:33+00:00","article_modified_time":"2022-05-05T12:20:43+00:00","og_image":[{"width":552,"height":368,"url":"http:\/\/7culture.ci\/wp-content\/uploads\/2022\/05\/WhatsApp-Image-2022-05-05-at-08.27.22-2.jpeg","type":"image\/jpeg"}],"author":"7culture2020","twitter_card":"summary_large_image","twitter_creator":"@7culturec","twitter_site":"@7culturec","twitter_misc":{"\u00c9crit par":"7culture2020","Dur\u00e9e de lecture estim\u00e9e":"4 minutes"},"schema":{"@context":"https:\/\/schema.org","@graph":[{"@type":"Article","@id":"https:\/\/7culture.ci\/index.php\/2022\/05\/05\/fif-le-president-yacine-diallo-a-pris-fonction\/#article","isPartOf":{"@id":"https:\/\/7culture.ci\/index.php\/2022\/05\/05\/fif-le-president-yacine-diallo-a-pris-fonction\/"},"author":{"name":"7culture2020","@id":"https:\/\/7culture.ci\/#\/schema\/person\/16150d28d7ef66ba788c1f87f28c4426"},"headline":"FIF\u00a0: le pr\u00e9sident Yacine Diallo a pris fonction","datePublished":"2022-05-05T10:02:33+00:00","dateModified":"2022-05-05T12:20:43+00:00","mainEntityOfPage":{"@id":"https:\/\/7culture.ci\/index.php\/2022\/05\/05\/fif-le-president-yacine-diallo-a-pris-fonction\/"},"wordCount":460,"commentCount":0,"publisher":{"@id":"https:\/\/7culture.ci\/#organization"},"articleSection":["Actualit\u00e9"],"inLanguage":"fr-FR","potentialAction":[{"@type":"CommentAction","name":"Comment","target":["https:\/\/7culture.ci\/index.php\/2022\/05\/05\/fif-le-president-yacine-diallo-a-pris-fonction\/#respond"]}]},{"@type":"WebPage","@id":"https:\/\/7culture.ci\/index.php\/2022\/05\/05\/fif-le-president-yacine-diallo-a-pris-fonction\/","url":"https:\/\/7culture.ci\/index.php\/2022\/05\/05\/fif-le-president-yacine-diallo-a-pris-fonction\/","name":"FIF\u00a0: le pr\u00e9sident Yacine Diallo a pris fonction -","isPartOf":{"@id":"https:\/\/7culture.ci\/#website"},"datePublished":"2022-05-05T10:02:33+00:00","dateModified":"2022-05-05T12:20:43+00:00","breadcrumb":{"@id":"https:\/\/7culture.ci\/index.php\/2022\/05\/05\/fif-le-president-yacine-diallo-a-pris-fonction\/#breadcrumb"},"inLanguage":"fr-FR","potentialAction":[{"@type":"ReadAction","target":["https:\/\/7culture.ci\/index.php\/2022\/05\/05\/fif-le-president-yacine-diallo-a-pris-fonction\/"]}]},{"@type":"BreadcrumbList","@id":"https:\/\/7culture.ci\/index.php\/2022\/05\/05\/fif-le-president-yacine-diallo-a-pris-fonction\/#breadcrumb","itemListElement":[{"@type":"ListItem","position":1,"name":"Accueil","item":"https:\/\/7culture.ci\/"},{"@type":"ListItem","position":2,"name":"FIF\u00a0: le pr\u00e9sident Yacine Diallo a pris fonction"}]},{"@type":"WebSite","@id":"https:\/\/7culture.ci\/#website","url":"https:\/\/7culture.ci\/","name":"7culture","description":"Tout sur l&#039;actualit\u00e9","publisher":{"@id":"https:\/\/7culture.ci\/#organization"},"potentialAction":[{"@type":"SearchAction","target":{"@type":"EntryPoint","urlTemplate":"https:\/\/7culture.ci\/?s={search_term_string}"},"query-input":"required name=search_term_string"}],"inLanguage":"fr-FR"},{"@type":"Organization","@id":"https:\/\/7culture.ci\/#organization","name":"7culture","url":"https:\/\/7culture.ci\/","sameAs":["https:\/\/www.facebook.com\/redchefclaude","https:\/\/twitter.com\/7culturec"],"logo":{"@type":"ImageObject","inLanguage":"fr-FR","@id":"https:\/\/7culture.ci\/#\/schema\/logo\/image\/","url":"https:\/\/7culture.ci\/wp-content\/uploads\/2021\/12\/S1a-1.png","contentUrl":"https:\/\/7culture.ci\/wp-content\/uploads\/2021\/12\/S1a-1.png","width":588,"height":192,"caption":"7culture"},"image":{"@id":"https:\/\/7culture.ci\/#\/schema\/logo\/image\/"}},{"@type":"Person","@id":"https:\/\/7culture.ci\/#\/schema\/person\/16150d28d7ef66ba788c1f87f28c4426","name":"7culture2020","image":{"@type":"ImageObject","inLanguage":"fr-FR","@id":"https:\/\/7culture.ci\/#\/schema\/person\/image\/","url":"https:\/\/secure.gravatar.com\/avatar\/9a0784f951306c37bcd065f52844ef95?s=96&d=mm&r=g","contentUrl":"https:\/\/secure.gravatar.com\/avatar\/9a0784f951306c37bcd065f52844ef95?s=96&d=mm&r=g","caption":"7culture2020"},"sameAs":["http:\/\/7culture.ci","Claude.kipre"],"url":"https:\/\/7culture.ci\/index.php\/author\/7culture2020\/"}]}},"jetpack_featured_media_url":"https:\/\/7culture.ci\/wp-content\/uploads\/2022\/05\/WhatsApp-Image-2022-05-05-at-08.27.22-2.jpeg","jetpack_likes_enabled":true,"jetpack_sharing_enabled":true,"_links":{"self":[{"href":"https:\/\/7culture.ci\/index.php\/wp-json\/wp\/v2\/posts\/20986"}],"collection":[{"href":"https:\/\/7culture.ci\/index.php\/wp-json\/wp\/v2\/posts"}],"about":[{"href":"https:\/\/7culture.ci\/index.php\/wp-json\/wp\/v2\/types\/post"}],"author":[{"embeddable":true,"href":"https:\/\/7culture.ci\/index.php\/wp-json\/wp\/v2\/users\/1"}],"replies":[{"embeddable":true,"href":"https:\/\/7culture.ci\/index.php\/wp-json\/wp\/v2\/comments?post=20986"}],"version-history":[{"count":0,"href":"https:\/\/7culture.ci\/index.php\/wp-json\/wp\/v2\/posts\/20986\/revisions"}],"wp:featuredmedia":[{"embeddable":true,"href":"https:\/\/7culture.ci\/index.php\/wp-json\/wp\/v2\/media\/20987"}],"wp:attachment":[{"href":"https:\/\/7culture.ci\/index.php\/wp-json\/wp\/v2\/media?parent=20986"}],"wp:term":[{"taxonomy":"category","embeddable":true,"href":"https:\/\/7culture.ci\/index.php\/wp-json\/wp\/v2\/categories?post=20986"},{"taxonomy":"post_tag","embeddable":true,"href":"https:\/\/7culture.ci\/index.php\/wp-json\/wp\/v2\/tags?post=20986"}],"curies":[{"name":"wp","href":"https:\/\/api.w.org\/{rel}","templated":true}]}}