{"id":20855,"date":"2022-04-28T17:41:47","date_gmt":"2022-04-28T15:41:47","guid":{"rendered":"https:\/\/7culture.ci\/?p=20855"},"modified":"2022-04-29T19:48:58","modified_gmt":"2022-04-29T17:48:58","slug":"unesco-abidjan-en-fin-de-mission-la-cheffe-du-bureau-fait-ses-adieux-aux-journalistes-culturels","status":"publish","type":"post","link":"https:\/\/7culture.ci\/index.php\/2022\/04\/28\/unesco-abidjan-en-fin-de-mission-la-cheffe-du-bureau-fait-ses-adieux-aux-journalistes-culturels\/","title":{"rendered":"Unesco-Abidjan: en fin de mission, la cheffe du bureau fait ses adieux aux journalistes culturels"},"content":{"rendered":"\n<p>Apr\u00e8s trois ans pass\u00e9s au bord de la lagune Ebri\u00e9 comme repr\u00e9sentante pays du Bureau Abidjan de l&#8217;Organisation des Nations unies pour l&#8217;\u00e9ducation, la science et la culture (UNESCO), Mme Anne Lemaistre est en train de faire ses adieux \u00e0 la C\u00f4te d\u2019Ivoire. Le mercredi 27 avril dernier au si\u00e8ge de l\u2019institution sp\u00e9cialis\u00e9e onusienne \u00e0 Angr\u00e9 7<sup>e<\/sup> Tranche, la Cheffe du Bureau a re\u00e7u le Bureau de l&#8217;Union des journalistes culturels de C\u00f4te d&#8217;Ivoire-UJOCCI. Elle a profit\u00e9 de la rencontre pour faire un bref bilan de ses trois ann\u00e9es pass\u00e9es au pays de Bernard Dadi\u00e9. \u00ab&nbsp;<strong><em>Mon regard sur la culture ivoirienne est fait d\u2019\u00e9tonnement et d\u2019admiration de sorte que c\u2019est tr\u00e8s difficile de quitter la C\u00f4te d\u2019Ivoire<\/em><\/strong>&nbsp;\u00bb, a d\u00e9clar\u00e9 Anne Lemaistre.<\/p>\n\n\n\n<p>Pendant sa mission, Mme Lemaistre a conduit ou particip\u00e9 \u00e0 des projets culturels importants en C\u00f4te d\u2019Ivoire. On peut citer par exemple, le livre sur \u2018\u2019L\u2019histoire g\u00e9n\u00e9rale de l\u2019Afrique\u2019\u2019 qu\u2019elle trouve \u2018<strong><em>\u2019assez mal connue<\/em><\/strong>\u2019\u2019. Mais elle est heureuse que ce projet ait abouti \u00e0 quelque chose de concret quitte \u00e0 lui donner une suite comme \u2018\u2019L\u2019histoire g\u00e9n\u00e9rale des Afro-descendants (en projet). La Cheffe Bureau Unesco Abidjan est aussi satisfaite de l\u2019inscription sur la liste du Patrimoine Mondial \u2018\u2019Les Mosqu\u00e9es de type soudanais du Nord ivoirien\u2019\u2019 en juillet 2021. \u00ab&nbsp;<strong><em>Sur 800 mosqu\u00e9es, il n\u2019en reste que 21 dont huit jug\u00e9es authentiques, ont \u00e9t\u00e9&nbsp; s\u00e9lectionn\u00e9es pour \u00eatre inscrites au patrimoine mondial. Le grand d\u00e9fi au nord de la C\u00f4te d\u2019Ivoire, c\u2019est qu\u2019il &nbsp;y a un gros d\u00e9ficit \u00e9ducatif \u00e0 relever et un volet s\u00e9curitaire qui embarrasse<\/em><\/strong>&nbsp;\u00bb, a regrett\u00e9 Mme Lemaistre. Sur la pr\u00e9servation de la Ville historique de Grand-Bassam, inscrite sur la Liste du patrimoine mondial de l\u2019Unesco depuis 2012, la repr\u00e9sentante de la mission onusienne, a not\u00e9 \u2018<strong><em>\u2019qu\u2019il y a eu des efforts qui ont \u00e9t\u00e9 contrari\u00e9s par les inondations de 2019 et la covid-19<\/em><\/strong>\u2019\u2019. \u00ab&nbsp;\u2026<strong><em>mais nous avons propos\u00e9 un plan de gestion que nous avons nomm\u00e9 les rencontres de Grand-Bassam&nbsp;<\/em><\/strong>\u00bb, a-t-elle indiqu\u00e9.<\/p>\n\n\n\n<div class=\"wp-block-image\"><figure class=\"aligncenter size-full is-resized\"><img loading=\"lazy\" decoding=\"async\" src=\"https:\/\/7culture.ci\/wp-content\/uploads\/2022\/04\/WhatsApp-Image-2022-04-28-at-07.55.28.jpeg\" alt=\"\" class=\"wp-image-20857\" width=\"733\" height=\"551\" srcset=\"https:\/\/7culture.ci\/wp-content\/uploads\/2022\/04\/WhatsApp-Image-2022-04-28-at-07.55.28.jpeg 882w, https:\/\/7culture.ci\/wp-content\/uploads\/2022\/04\/WhatsApp-Image-2022-04-28-at-07.55.28-300x225.jpeg 300w, https:\/\/7culture.ci\/wp-content\/uploads\/2022\/04\/WhatsApp-Image-2022-04-28-at-07.55.28-768x576.jpeg 768w\" sizes=\"(max-width: 733px) 100vw, 733px\" \/><\/figure><\/div>\n\n\n\n<p>Anne Lemaistre quitte la C\u00f4te d\u2019Ivoire, contente d\u2019avoir travaill\u00e9 sur les alliances interethniques \u00e0 pr\u00e9server, la digitalisation des archives avec l\u2019Unesco qui collabore avec la Fondation Amadou Hamp\u00e2t\u00e9 B\u00e2, l\u2019inscription du Mont Nimba sur la liste de patrimoine en p\u00e9ril \u2018<strong><em>\u2019notamment du fait de la Guin\u00e9e<\/em><\/strong>\u2019\u2019. Pendant sa mission en terre ivoirienne, elle a connu d\u2019autres motifs de satisfaction. \u00ab&nbsp;<strong><em>Il y a le droit d\u2019acc\u00e8s \u00e0 l\u2019information en C\u00f4te d\u2019Ivoire. Les \u00e9tats g\u00e9n\u00e9raux de l\u2019\u00e9ducation sont un geste courageux qui honore le pays<\/em><\/strong>&nbsp;\u00bb, a soutenu Anne Lemaistre.<\/p>\n\n\n\n<p>Pendant la br\u00e8ve mais enrichissante rencontre avec les journalistes culturels, la Cheffe Bureau Abidjan de l\u2019Unesco a quand m\u00eame fait des recommandations. \u00ab&nbsp;<strong><em>Je souhaite qu\u2019il y ait l\u2019am\u00e9lioration des sites internet de C\u00f4te d\u2019Ivoire. Il faut surtout organiser les archives au niveau des diff\u00e9rents minist\u00e8res. L\u2019Unesco s\u2019assurera que les journalistes aient acc\u00e8s \u00e0 l\u2019information l\u00e0 o\u00f9 elle se trouve. La visibilit\u00e9 des m\u00e9dias est au c\u0153ur de notre mission<\/em><\/strong>&nbsp;\u00bb, a-t-elle mentionn\u00e9.<\/p>\n\n\n\n<figure class=\"wp-block-gallery has-nested-images columns-default is-cropped wp-block-gallery-1 is-layout-flex wp-block-gallery-is-layout-flex\">\n<figure class=\"wp-block-image size-large\"><img loading=\"lazy\" decoding=\"async\" width=\"1024\" height=\"768\" data-id=\"20860\" src=\"https:\/\/7culture.ci\/wp-content\/uploads\/2022\/04\/20220427_164900-1024x768.jpg\" alt=\"\" class=\"wp-image-20860\" srcset=\"https:\/\/7culture.ci\/wp-content\/uploads\/2022\/04\/20220427_164900-1024x768.jpg 1024w, https:\/\/7culture.ci\/wp-content\/uploads\/2022\/04\/20220427_164900-300x225.jpg 300w, https:\/\/7culture.ci\/wp-content\/uploads\/2022\/04\/20220427_164900-768x576.jpg 768w, https:\/\/7culture.ci\/wp-content\/uploads\/2022\/04\/20220427_164900-1536x1152.jpg 1536w, https:\/\/7culture.ci\/wp-content\/uploads\/2022\/04\/20220427_164900-2048x1536.jpg 2048w\" sizes=\"(max-width: 1024px) 100vw, 1024px\" \/><\/figure>\n\n\n\n<figure class=\"wp-block-image size-large\"><img loading=\"lazy\" decoding=\"async\" width=\"768\" height=\"1024\" data-id=\"20859\" src=\"https:\/\/7culture.ci\/wp-content\/uploads\/2022\/04\/20220427_170241-768x1024.jpg\" alt=\"\" class=\"wp-image-20859\" srcset=\"https:\/\/7culture.ci\/wp-content\/uploads\/2022\/04\/20220427_170241-768x1024.jpg 768w, https:\/\/7culture.ci\/wp-content\/uploads\/2022\/04\/20220427_170241-225x300.jpg 225w, https:\/\/7culture.ci\/wp-content\/uploads\/2022\/04\/20220427_170241-1152x1536.jpg 1152w, https:\/\/7culture.ci\/wp-content\/uploads\/2022\/04\/20220427_170241-1536x2048.jpg 1536w, https:\/\/7culture.ci\/wp-content\/uploads\/2022\/04\/20220427_170241-scaled.jpg 1920w\" sizes=\"(max-width: 768px) 100vw, 768px\" \/><\/figure>\n\n\n\n<figure class=\"wp-block-image size-large\"><img loading=\"lazy\" decoding=\"async\" width=\"1008\" height=\"490\" data-id=\"20858\" src=\"https:\/\/7culture.ci\/wp-content\/uploads\/2022\/04\/WhatsApp-Image-2022-04-28-at-07.55.28-1.jpeg\" alt=\"\" class=\"wp-image-20858\" srcset=\"https:\/\/7culture.ci\/wp-content\/uploads\/2022\/04\/WhatsApp-Image-2022-04-28-at-07.55.28-1.jpeg 1008w, https:\/\/7culture.ci\/wp-content\/uploads\/2022\/04\/WhatsApp-Image-2022-04-28-at-07.55.28-1-300x146.jpeg 300w, https:\/\/7culture.ci\/wp-content\/uploads\/2022\/04\/WhatsApp-Image-2022-04-28-at-07.55.28-1-768x373.jpeg 768w\" sizes=\"(max-width: 1008px) 100vw, 1008px\" \/><\/figure>\n<\/figure>\n\n\n\n<p>Apr\u00e8s Abidjan, Mme Anne Lemaistre part pour le Bureau de Cuba en Am\u00e9rique du Nord o\u00f9 elle travaillera simultan\u00e9ment avec Ha\u00efti et la R\u00e9publique dominicaine. Elle a pr\u00e9sent\u00e9 au Bureau de l&#8217;Ujocci, son successeur, M. Mame Omar Diop, un sp\u00e9cialiste des questions d\u2019\u00e9ducations. En retour, Philip Kla, le pr\u00e9sident de l&#8217;Union des journalistes culturels de C\u00f4te d&#8217;Ivoire, a souhait\u00e9 bonne chance \u00e0 Mme Lemaistre pour son nouveau poste et Akwaba \u00e0 son successeur.<\/p>\n\n\n\n<p>Par Omar AK<\/p>\n","protected":false},"excerpt":{"rendered":"<p>Apr\u00e8s trois ans pass\u00e9s au bord de la lagune Ebri\u00e9 comme repr\u00e9sentante pays du Bureau Abidjan de l&#8217;Organisation des Nations unies pour l&#8217;\u00e9ducation, la science et la culture (UNESCO), Mme Anne Lemaistre est en train de faire ses adieux \u00e0 la C\u00f4te d\u2019Ivoire. Le mercredi 27 avril dernier au si\u00e8ge de l\u2019institution sp\u00e9cialis\u00e9e onusienne \u00e0 &hellip;<\/p>\n<p class=\"read-more\"> <a class=\"\" href=\"https:\/\/7culture.ci\/index.php\/2022\/04\/28\/unesco-abidjan-en-fin-de-mission-la-cheffe-du-bureau-fait-ses-adieux-aux-journalistes-culturels\/\"> <span class=\"screen-reader-text\">Unesco-Abidjan: en fin de mission, la cheffe du bureau fait ses adieux aux journalistes culturels<\/span> Lire la suite\u00a0\u00bb<\/a><\/p>\n","protected":false},"author":1,"featured_media":20856,"comment_status":"open","ping_status":"open","sticky":false,"template":"","format":"standard","meta":{"_mi_skip_tracking":false,"_monsterinsights_sitenote_active":false,"_monsterinsights_sitenote_note":"","_monsterinsights_sitenote_category":0,"site-sidebar-layout":"default","site-content-layout":"default","ast-global-header-display":"","ast-main-header-display":"","ast-hfb-above-header-display":"","ast-hfb-below-header-display":"","ast-hfb-mobile-header-display":"","site-post-title":"","ast-breadcrumbs-content":"","ast-featured-img":"","footer-sml-layout":"","theme-transparent-header-meta":"","adv-header-id-meta":"","stick-header-meta":"","header-above-stick-meta":"","header-main-stick-meta":"","header-below-stick-meta":"","footnotes":"","jetpack_publicize_message":"","jetpack_is_tweetstorm":false,"jetpack_publicize_feature_enabled":true},"categories":[22],"tags":[],"jetpack_publicize_connections":[],"acf":[],"aioseo_notices":[],"yoast_head":"<!-- This site is optimized with the Yoast SEO plugin v19.6.1 - https:\/\/yoast.com\/wordpress\/plugins\/seo\/ -->\n<title>Unesco-Abidjan: en fin de mission, la cheffe du bureau fait ses adieux aux journalistes culturels -<\/title>\n<meta name=\"robots\" content=\"index, follow, max-snippet:-1, max-image-preview:large, max-video-preview:-1\" \/>\n<link rel=\"canonical\" href=\"https:\/\/7culture.ci\/index.php\/2022\/04\/28\/unesco-abidjan-en-fin-de-mission-la-cheffe-du-bureau-fait-ses-adieux-aux-journalistes-culturels\/\" \/>\n<meta property=\"og:locale\" content=\"fr_FR\" \/>\n<meta property=\"og:type\" content=\"article\" \/>\n<meta property=\"og:title\" content=\"Unesco-Abidjan: en fin de mission, la cheffe du bureau fait ses adieux aux journalistes culturels -\" \/>\n<meta property=\"og:description\" content=\"Apr\u00e8s trois ans pass\u00e9s au bord de la lagune Ebri\u00e9 comme repr\u00e9sentante pays du Bureau Abidjan de l&#8217;Organisation des Nations unies pour l&#8217;\u00e9ducation, la science et la culture (UNESCO), Mme Anne Lemaistre est en train de faire ses adieux \u00e0 la C\u00f4te d\u2019Ivoire. Le mercredi 27 avril dernier au si\u00e8ge de l\u2019institution sp\u00e9cialis\u00e9e onusienne \u00e0 &hellip; Unesco-Abidjan: en fin de mission, la cheffe du bureau fait ses adieux aux journalistes culturels Lire la suite\u00a0\u00bb\" \/>\n<meta property=\"og:url\" content=\"https:\/\/7culture.ci\/index.php\/2022\/04\/28\/unesco-abidjan-en-fin-de-mission-la-cheffe-du-bureau-fait-ses-adieux-aux-journalistes-culturels\/\" \/>\n<meta property=\"og:site_name\" content=\"7culture\" \/>\n<meta property=\"article:publisher\" content=\"https:\/\/www.facebook.com\/redchefclaude\" \/>\n<meta property=\"article:published_time\" content=\"2022-04-28T15:41:47+00:00\" \/>\n<meta property=\"article:modified_time\" content=\"2022-04-29T17:48:58+00:00\" \/>\n<meta property=\"og:image\" content=\"http:\/\/7culture.ci\/wp-content\/uploads\/2022\/04\/WhatsApp-Image-2022-04-28-at-07.55.26-1.jpeg\" \/>\n\t<meta property=\"og:image:width\" content=\"756\" \/>\n\t<meta property=\"og:image:height\" content=\"1008\" \/>\n\t<meta property=\"og:image:type\" content=\"image\/jpeg\" \/>\n<meta name=\"author\" content=\"7culture2020\" \/>\n<meta name=\"twitter:card\" content=\"summary_large_image\" \/>\n<meta name=\"twitter:creator\" content=\"@7culturec\" \/>\n<meta name=\"twitter:site\" content=\"@7culturec\" \/>\n<meta name=\"twitter:label1\" content=\"\u00c9crit par\" \/>\n\t<meta name=\"twitter:data1\" content=\"7culture2020\" \/>\n\t<meta name=\"twitter:label2\" content=\"Dur\u00e9e de lecture estim\u00e9e\" \/>\n\t<meta name=\"twitter:data2\" content=\"4 minutes\" \/>\n<script type=\"application\/ld+json\" class=\"yoast-schema-graph\">{\"@context\":\"https:\/\/schema.org\",\"@graph\":[{\"@type\":\"Article\",\"@id\":\"https:\/\/7culture.ci\/index.php\/2022\/04\/28\/unesco-abidjan-en-fin-de-mission-la-cheffe-du-bureau-fait-ses-adieux-aux-journalistes-culturels\/#article\",\"isPartOf\":{\"@id\":\"https:\/\/7culture.ci\/index.php\/2022\/04\/28\/unesco-abidjan-en-fin-de-mission-la-cheffe-du-bureau-fait-ses-adieux-aux-journalistes-culturels\/\"},\"author\":{\"name\":\"7culture2020\",\"@id\":\"https:\/\/7culture.ci\/#\/schema\/person\/16150d28d7ef66ba788c1f87f28c4426\"},\"headline\":\"Unesco-Abidjan: en fin de mission, la cheffe du bureau fait ses adieux aux journalistes culturels\",\"datePublished\":\"2022-04-28T15:41:47+00:00\",\"dateModified\":\"2022-04-29T17:48:58+00:00\",\"mainEntityOfPage\":{\"@id\":\"https:\/\/7culture.ci\/index.php\/2022\/04\/28\/unesco-abidjan-en-fin-de-mission-la-cheffe-du-bureau-fait-ses-adieux-aux-journalistes-culturels\/\"},\"wordCount\":661,\"commentCount\":0,\"publisher\":{\"@id\":\"https:\/\/7culture.ci\/#organization\"},\"articleSection\":[\"Actualit\u00e9\"],\"inLanguage\":\"fr-FR\",\"potentialAction\":[{\"@type\":\"CommentAction\",\"name\":\"Comment\",\"target\":[\"https:\/\/7culture.ci\/index.php\/2022\/04\/28\/unesco-abidjan-en-fin-de-mission-la-cheffe-du-bureau-fait-ses-adieux-aux-journalistes-culturels\/#respond\"]}]},{\"@type\":\"WebPage\",\"@id\":\"https:\/\/7culture.ci\/index.php\/2022\/04\/28\/unesco-abidjan-en-fin-de-mission-la-cheffe-du-bureau-fait-ses-adieux-aux-journalistes-culturels\/\",\"url\":\"https:\/\/7culture.ci\/index.php\/2022\/04\/28\/unesco-abidjan-en-fin-de-mission-la-cheffe-du-bureau-fait-ses-adieux-aux-journalistes-culturels\/\",\"name\":\"Unesco-Abidjan: en fin de mission, la cheffe du bureau fait ses adieux aux journalistes culturels -\",\"isPartOf\":{\"@id\":\"https:\/\/7culture.ci\/#website\"},\"datePublished\":\"2022-04-28T15:41:47+00:00\",\"dateModified\":\"2022-04-29T17:48:58+00:00\",\"breadcrumb\":{\"@id\":\"https:\/\/7culture.ci\/index.php\/2022\/04\/28\/unesco-abidjan-en-fin-de-mission-la-cheffe-du-bureau-fait-ses-adieux-aux-journalistes-culturels\/#breadcrumb\"},\"inLanguage\":\"fr-FR\",\"potentialAction\":[{\"@type\":\"ReadAction\",\"target\":[\"https:\/\/7culture.ci\/index.php\/2022\/04\/28\/unesco-abidjan-en-fin-de-mission-la-cheffe-du-bureau-fait-ses-adieux-aux-journalistes-culturels\/\"]}]},{\"@type\":\"BreadcrumbList\",\"@id\":\"https:\/\/7culture.ci\/index.php\/2022\/04\/28\/unesco-abidjan-en-fin-de-mission-la-cheffe-du-bureau-fait-ses-adieux-aux-journalistes-culturels\/#breadcrumb\",\"itemListElement\":[{\"@type\":\"ListItem\",\"position\":1,\"name\":\"Accueil\",\"item\":\"https:\/\/7culture.ci\/\"},{\"@type\":\"ListItem\",\"position\":2,\"name\":\"Unesco-Abidjan: en fin de mission, la cheffe du bureau fait ses adieux aux journalistes culturels\"}]},{\"@type\":\"WebSite\",\"@id\":\"https:\/\/7culture.ci\/#website\",\"url\":\"https:\/\/7culture.ci\/\",\"name\":\"7culture\",\"description\":\"Tout sur l&#039;actualit\u00e9\",\"publisher\":{\"@id\":\"https:\/\/7culture.ci\/#organization\"},\"potentialAction\":[{\"@type\":\"SearchAction\",\"target\":{\"@type\":\"EntryPoint\",\"urlTemplate\":\"https:\/\/7culture.ci\/?s={search_term_string}\"},\"query-input\":\"required name=search_term_string\"}],\"inLanguage\":\"fr-FR\"},{\"@type\":\"Organization\",\"@id\":\"https:\/\/7culture.ci\/#organization\",\"name\":\"7culture\",\"url\":\"https:\/\/7culture.ci\/\",\"sameAs\":[\"https:\/\/www.facebook.com\/redchefclaude\",\"https:\/\/twitter.com\/7culturec\"],\"logo\":{\"@type\":\"ImageObject\",\"inLanguage\":\"fr-FR\",\"@id\":\"https:\/\/7culture.ci\/#\/schema\/logo\/image\/\",\"url\":\"https:\/\/7culture.ci\/wp-content\/uploads\/2021\/12\/S1a-1.png\",\"contentUrl\":\"https:\/\/7culture.ci\/wp-content\/uploads\/2021\/12\/S1a-1.png\",\"width\":588,\"height\":192,\"caption\":\"7culture\"},\"image\":{\"@id\":\"https:\/\/7culture.ci\/#\/schema\/logo\/image\/\"}},{\"@type\":\"Person\",\"@id\":\"https:\/\/7culture.ci\/#\/schema\/person\/16150d28d7ef66ba788c1f87f28c4426\",\"name\":\"7culture2020\",\"image\":{\"@type\":\"ImageObject\",\"inLanguage\":\"fr-FR\",\"@id\":\"https:\/\/7culture.ci\/#\/schema\/person\/image\/\",\"url\":\"https:\/\/secure.gravatar.com\/avatar\/9a0784f951306c37bcd065f52844ef95?s=96&d=mm&r=g\",\"contentUrl\":\"https:\/\/secure.gravatar.com\/avatar\/9a0784f951306c37bcd065f52844ef95?s=96&d=mm&r=g\",\"caption\":\"7culture2020\"},\"sameAs\":[\"http:\/\/7culture.ci\",\"Claude.kipre\"],\"url\":\"https:\/\/7culture.ci\/index.php\/author\/7culture2020\/\"}]}<\/script>\n<!-- \/ Yoast SEO plugin. -->","yoast_head_json":{"title":"Unesco-Abidjan: en fin de mission, la cheffe du bureau fait ses adieux aux journalistes culturels -","robots":{"index":"index","follow":"follow","max-snippet":"max-snippet:-1","max-image-preview":"max-image-preview:large","max-video-preview":"max-video-preview:-1"},"canonical":"https:\/\/7culture.ci\/index.php\/2022\/04\/28\/unesco-abidjan-en-fin-de-mission-la-cheffe-du-bureau-fait-ses-adieux-aux-journalistes-culturels\/","og_locale":"fr_FR","og_type":"article","og_title":"Unesco-Abidjan: en fin de mission, la cheffe du bureau fait ses adieux aux journalistes culturels -","og_description":"Apr\u00e8s trois ans pass\u00e9s au bord de la lagune Ebri\u00e9 comme repr\u00e9sentante pays du Bureau Abidjan de l&#8217;Organisation des Nations unies pour l&#8217;\u00e9ducation, la science et la culture (UNESCO), Mme Anne Lemaistre est en train de faire ses adieux \u00e0 la C\u00f4te d\u2019Ivoire. Le mercredi 27 avril dernier au si\u00e8ge de l\u2019institution sp\u00e9cialis\u00e9e onusienne \u00e0 &hellip; Unesco-Abidjan: en fin de mission, la cheffe du bureau fait ses adieux aux journalistes culturels Lire la suite\u00a0\u00bb","og_url":"https:\/\/7culture.ci\/index.php\/2022\/04\/28\/unesco-abidjan-en-fin-de-mission-la-cheffe-du-bureau-fait-ses-adieux-aux-journalistes-culturels\/","og_site_name":"7culture","article_publisher":"https:\/\/www.facebook.com\/redchefclaude","article_published_time":"2022-04-28T15:41:47+00:00","article_modified_time":"2022-04-29T17:48:58+00:00","og_image":[{"width":756,"height":1008,"url":"http:\/\/7culture.ci\/wp-content\/uploads\/2022\/04\/WhatsApp-Image-2022-04-28-at-07.55.26-1.jpeg","type":"image\/jpeg"}],"author":"7culture2020","twitter_card":"summary_large_image","twitter_creator":"@7culturec","twitter_site":"@7culturec","twitter_misc":{"\u00c9crit par":"7culture2020","Dur\u00e9e de lecture estim\u00e9e":"4 minutes"},"schema":{"@context":"https:\/\/schema.org","@graph":[{"@type":"Article","@id":"https:\/\/7culture.ci\/index.php\/2022\/04\/28\/unesco-abidjan-en-fin-de-mission-la-cheffe-du-bureau-fait-ses-adieux-aux-journalistes-culturels\/#article","isPartOf":{"@id":"https:\/\/7culture.ci\/index.php\/2022\/04\/28\/unesco-abidjan-en-fin-de-mission-la-cheffe-du-bureau-fait-ses-adieux-aux-journalistes-culturels\/"},"author":{"name":"7culture2020","@id":"https:\/\/7culture.ci\/#\/schema\/person\/16150d28d7ef66ba788c1f87f28c4426"},"headline":"Unesco-Abidjan: en fin de mission, la cheffe du bureau fait ses adieux aux journalistes culturels","datePublished":"2022-04-28T15:41:47+00:00","dateModified":"2022-04-29T17:48:58+00:00","mainEntityOfPage":{"@id":"https:\/\/7culture.ci\/index.php\/2022\/04\/28\/unesco-abidjan-en-fin-de-mission-la-cheffe-du-bureau-fait-ses-adieux-aux-journalistes-culturels\/"},"wordCount":661,"commentCount":0,"publisher":{"@id":"https:\/\/7culture.ci\/#organization"},"articleSection":["Actualit\u00e9"],"inLanguage":"fr-FR","potentialAction":[{"@type":"CommentAction","name":"Comment","target":["https:\/\/7culture.ci\/index.php\/2022\/04\/28\/unesco-abidjan-en-fin-de-mission-la-cheffe-du-bureau-fait-ses-adieux-aux-journalistes-culturels\/#respond"]}]},{"@type":"WebPage","@id":"https:\/\/7culture.ci\/index.php\/2022\/04\/28\/unesco-abidjan-en-fin-de-mission-la-cheffe-du-bureau-fait-ses-adieux-aux-journalistes-culturels\/","url":"https:\/\/7culture.ci\/index.php\/2022\/04\/28\/unesco-abidjan-en-fin-de-mission-la-cheffe-du-bureau-fait-ses-adieux-aux-journalistes-culturels\/","name":"Unesco-Abidjan: en fin de mission, la cheffe du bureau fait ses adieux aux journalistes culturels -","isPartOf":{"@id":"https:\/\/7culture.ci\/#website"},"datePublished":"2022-04-28T15:41:47+00:00","dateModified":"2022-04-29T17:48:58+00:00","breadcrumb":{"@id":"https:\/\/7culture.ci\/index.php\/2022\/04\/28\/unesco-abidjan-en-fin-de-mission-la-cheffe-du-bureau-fait-ses-adieux-aux-journalistes-culturels\/#breadcrumb"},"inLanguage":"fr-FR","potentialAction":[{"@type":"ReadAction","target":["https:\/\/7culture.ci\/index.php\/2022\/04\/28\/unesco-abidjan-en-fin-de-mission-la-cheffe-du-bureau-fait-ses-adieux-aux-journalistes-culturels\/"]}]},{"@type":"BreadcrumbList","@id":"https:\/\/7culture.ci\/index.php\/2022\/04\/28\/unesco-abidjan-en-fin-de-mission-la-cheffe-du-bureau-fait-ses-adieux-aux-journalistes-culturels\/#breadcrumb","itemListElement":[{"@type":"ListItem","position":1,"name":"Accueil","item":"https:\/\/7culture.ci\/"},{"@type":"ListItem","position":2,"name":"Unesco-Abidjan: en fin de mission, la cheffe du bureau fait ses adieux aux journalistes culturels"}]},{"@type":"WebSite","@id":"https:\/\/7culture.ci\/#website","url":"https:\/\/7culture.ci\/","name":"7culture","description":"Tout sur l&#039;actualit\u00e9","publisher":{"@id":"https:\/\/7culture.ci\/#organization"},"potentialAction":[{"@type":"SearchAction","target":{"@type":"EntryPoint","urlTemplate":"https:\/\/7culture.ci\/?s={search_term_string}"},"query-input":"required name=search_term_string"}],"inLanguage":"fr-FR"},{"@type":"Organization","@id":"https:\/\/7culture.ci\/#organization","name":"7culture","url":"https:\/\/7culture.ci\/","sameAs":["https:\/\/www.facebook.com\/redchefclaude","https:\/\/twitter.com\/7culturec"],"logo":{"@type":"ImageObject","inLanguage":"fr-FR","@id":"https:\/\/7culture.ci\/#\/schema\/logo\/image\/","url":"https:\/\/7culture.ci\/wp-content\/uploads\/2021\/12\/S1a-1.png","contentUrl":"https:\/\/7culture.ci\/wp-content\/uploads\/2021\/12\/S1a-1.png","width":588,"height":192,"caption":"7culture"},"image":{"@id":"https:\/\/7culture.ci\/#\/schema\/logo\/image\/"}},{"@type":"Person","@id":"https:\/\/7culture.ci\/#\/schema\/person\/16150d28d7ef66ba788c1f87f28c4426","name":"7culture2020","image":{"@type":"ImageObject","inLanguage":"fr-FR","@id":"https:\/\/7culture.ci\/#\/schema\/person\/image\/","url":"https:\/\/secure.gravatar.com\/avatar\/9a0784f951306c37bcd065f52844ef95?s=96&d=mm&r=g","contentUrl":"https:\/\/secure.gravatar.com\/avatar\/9a0784f951306c37bcd065f52844ef95?s=96&d=mm&r=g","caption":"7culture2020"},"sameAs":["http:\/\/7culture.ci","Claude.kipre"],"url":"https:\/\/7culture.ci\/index.php\/author\/7culture2020\/"}]}},"jetpack_featured_media_url":"https:\/\/7culture.ci\/wp-content\/uploads\/2022\/04\/WhatsApp-Image-2022-04-28-at-07.55.26-1.jpeg","jetpack_likes_enabled":true,"jetpack_sharing_enabled":true,"_links":{"self":[{"href":"https:\/\/7culture.ci\/index.php\/wp-json\/wp\/v2\/posts\/20855"}],"collection":[{"href":"https:\/\/7culture.ci\/index.php\/wp-json\/wp\/v2\/posts"}],"about":[{"href":"https:\/\/7culture.ci\/index.php\/wp-json\/wp\/v2\/types\/post"}],"author":[{"embeddable":true,"href":"https:\/\/7culture.ci\/index.php\/wp-json\/wp\/v2\/users\/1"}],"replies":[{"embeddable":true,"href":"https:\/\/7culture.ci\/index.php\/wp-json\/wp\/v2\/comments?post=20855"}],"version-history":[{"count":0,"href":"https:\/\/7culture.ci\/index.php\/wp-json\/wp\/v2\/posts\/20855\/revisions"}],"wp:featuredmedia":[{"embeddable":true,"href":"https:\/\/7culture.ci\/index.php\/wp-json\/wp\/v2\/media\/20856"}],"wp:attachment":[{"href":"https:\/\/7culture.ci\/index.php\/wp-json\/wp\/v2\/media?parent=20855"}],"wp:term":[{"taxonomy":"category","embeddable":true,"href":"https:\/\/7culture.ci\/index.php\/wp-json\/wp\/v2\/categories?post=20855"},{"taxonomy":"post_tag","embeddable":true,"href":"https:\/\/7culture.ci\/index.php\/wp-json\/wp\/v2\/tags?post=20855"}],"curies":[{"name":"wp","href":"https:\/\/api.w.org\/{rel}","templated":true}]}}