{"id":20843,"date":"2022-04-28T14:44:28","date_gmt":"2022-04-28T12:44:28","guid":{"rendered":"https:\/\/7culture.ci\/?p=20843"},"modified":"2022-04-28T14:44:32","modified_gmt":"2022-04-28T12:44:32","slug":"ramadan-2022-la-fondation-gadji-celi-solidaire-aux-musulmans-handicapes","status":"publish","type":"post","link":"https:\/\/7culture.ci\/index.php\/2022\/04\/28\/ramadan-2022-la-fondation-gadji-celi-solidaire-aux-musulmans-handicapes\/","title":{"rendered":"Ramadan 2022\u00a0: la Fondation Gadji C\u00e9li solidaire aux musulmans handicap\u00e9s"},"content":{"rendered":"\n<p>C\u2019\u00e9tait \u00e0 quelques heures de la c\u00e9l\u00e9bration de la Nuit du destin ou Laylat Al-Qadr ou encore la \u2018\u2019nuit de la grande valeur\u2019, d\u00e9crite selon le saint Coran, comme la plus sainte nuit de l\u2019ann\u00e9e. La Fondation Gadji C\u00e9li, avec \u00e0 sa t\u00eate son pr\u00e9sident Issiaka Bello, a fait don de divers vivres le mercredi 27 avril aux musulmans de l&#8217;Association des handicap\u00e9s de C\u00f4te d&#8217;Ivoire. Homme g\u00e9n\u00e9reux et sociable, le footballeur chanteur a, \u00e0 travers sa fondation, voulu soutenir les ces personnes en difficult\u00e9 dans ce mois de p\u00e9nitence et de sacrifice. Le kit offert \u00e9tait compos\u00e9 de riz, de sucre, de tomate et de p\u00e2tes alimentaires d&#8217;une valeur de 500 mille FCFA.<\/p>\n\n\n\n<figure class=\"wp-block-gallery has-nested-images columns-default is-cropped wp-block-gallery-1 is-layout-flex wp-block-gallery-is-layout-flex\">\n<figure class=\"wp-block-image size-large\"><img loading=\"lazy\" decoding=\"async\" width=\"1024\" height=\"768\" data-id=\"20848\" src=\"https:\/\/7culture.ci\/wp-content\/uploads\/2022\/04\/WhatsApp-Image-2022-04-27-at-15.09.21-1-1024x768.jpeg\" alt=\"\" class=\"wp-image-20848\" srcset=\"https:\/\/7culture.ci\/wp-content\/uploads\/2022\/04\/WhatsApp-Image-2022-04-27-at-15.09.21-1-1024x768.jpeg 1024w, https:\/\/7culture.ci\/wp-content\/uploads\/2022\/04\/WhatsApp-Image-2022-04-27-at-15.09.21-1-300x225.jpeg 300w, https:\/\/7culture.ci\/wp-content\/uploads\/2022\/04\/WhatsApp-Image-2022-04-27-at-15.09.21-1-768x576.jpeg 768w, https:\/\/7culture.ci\/wp-content\/uploads\/2022\/04\/WhatsApp-Image-2022-04-27-at-15.09.21-1.jpeg 1280w\" sizes=\"(max-width: 1024px) 100vw, 1024px\" \/><\/figure>\n\n\n\n<figure class=\"wp-block-image size-large\"><img loading=\"lazy\" decoding=\"async\" width=\"1000\" height=\"750\" data-id=\"20849\" src=\"https:\/\/7culture.ci\/wp-content\/uploads\/2022\/04\/WhatsApp-Image-2022-04-27-at-15.09.23-1-1.jpeg\" alt=\"\" class=\"wp-image-20849\" srcset=\"https:\/\/7culture.ci\/wp-content\/uploads\/2022\/04\/WhatsApp-Image-2022-04-27-at-15.09.23-1-1.jpeg 1000w, https:\/\/7culture.ci\/wp-content\/uploads\/2022\/04\/WhatsApp-Image-2022-04-27-at-15.09.23-1-1-300x225.jpeg 300w, https:\/\/7culture.ci\/wp-content\/uploads\/2022\/04\/WhatsApp-Image-2022-04-27-at-15.09.23-1-1-768x576.jpeg 768w\" sizes=\"(max-width: 1000px) 100vw, 1000px\" \/><\/figure>\n\n\n\n<figure class=\"wp-block-image size-large\"><img loading=\"lazy\" decoding=\"async\" width=\"1000\" height=\"750\" data-id=\"20850\" src=\"https:\/\/7culture.ci\/wp-content\/uploads\/2022\/04\/WhatsApp-Image-2022-04-27-at-15.51.27-1.jpeg\" alt=\"\" class=\"wp-image-20850\" srcset=\"https:\/\/7culture.ci\/wp-content\/uploads\/2022\/04\/WhatsApp-Image-2022-04-27-at-15.51.27-1.jpeg 1000w, https:\/\/7culture.ci\/wp-content\/uploads\/2022\/04\/WhatsApp-Image-2022-04-27-at-15.51.27-1-300x225.jpeg 300w, https:\/\/7culture.ci\/wp-content\/uploads\/2022\/04\/WhatsApp-Image-2022-04-27-at-15.51.27-1-768x576.jpeg 768w\" sizes=\"(max-width: 1000px) 100vw, 1000px\" \/><\/figure>\n<\/figure>\n\n\n\n<p>Mathurin Tra Bi, le pr\u00e9sident de l\u2019association des handicap\u00e9s, a remerci\u00e9 l&#8217;artiste Gadji Celi et sa fondation pour ce geste \u00e0 haute valeur symbolique et spirituelle. Ce sont des handicap\u00e9s \u00e9mus et heureux qui ont fait beaucoup de pri\u00e8res pour la fondation donatrice mais \u00e9galement pour toutes les bonnes volont\u00e9s de la C\u00f4te d\u2019Ivoire qui pensent \u00e0 eux.<\/p>\n\n\n\n<figure class=\"wp-block-gallery has-nested-images columns-default is-cropped wp-block-gallery-2 is-layout-flex wp-block-gallery-is-layout-flex\">\n<figure class=\"wp-block-image size-large\"><img loading=\"lazy\" decoding=\"async\" width=\"1000\" height=\"750\" data-id=\"20851\" src=\"https:\/\/7culture.ci\/wp-content\/uploads\/2022\/04\/WhatsApp-Image-2022-04-27-at-15.09.22-1.jpeg\" alt=\"\" class=\"wp-image-20851\" srcset=\"https:\/\/7culture.ci\/wp-content\/uploads\/2022\/04\/WhatsApp-Image-2022-04-27-at-15.09.22-1.jpeg 1000w, https:\/\/7culture.ci\/wp-content\/uploads\/2022\/04\/WhatsApp-Image-2022-04-27-at-15.09.22-1-300x225.jpeg 300w, https:\/\/7culture.ci\/wp-content\/uploads\/2022\/04\/WhatsApp-Image-2022-04-27-at-15.09.22-1-768x576.jpeg 768w\" sizes=\"(max-width: 1000px) 100vw, 1000px\" \/><\/figure>\n\n\n\n<figure class=\"wp-block-image size-large\"><img loading=\"lazy\" decoding=\"async\" width=\"1000\" height=\"750\" data-id=\"20852\" src=\"https:\/\/7culture.ci\/wp-content\/uploads\/2022\/04\/WhatsApp-Image-2022-04-27-at-15.09.22.jpeg\" alt=\"\" class=\"wp-image-20852\" srcset=\"https:\/\/7culture.ci\/wp-content\/uploads\/2022\/04\/WhatsApp-Image-2022-04-27-at-15.09.22.jpeg 1000w, https:\/\/7culture.ci\/wp-content\/uploads\/2022\/04\/WhatsApp-Image-2022-04-27-at-15.09.22-300x225.jpeg 300w, https:\/\/7culture.ci\/wp-content\/uploads\/2022\/04\/WhatsApp-Image-2022-04-27-at-15.09.22-768x576.jpeg 768w\" sizes=\"(max-width: 1000px) 100vw, 1000px\" \/><\/figure>\n\n\n\n<figure class=\"wp-block-image size-large\"><img loading=\"lazy\" decoding=\"async\" width=\"1000\" height=\"750\" data-id=\"20853\" src=\"https:\/\/7culture.ci\/wp-content\/uploads\/2022\/04\/WhatsApp-Image-2022-04-27-at-15.09.23.jpeg\" alt=\"\" class=\"wp-image-20853\" srcset=\"https:\/\/7culture.ci\/wp-content\/uploads\/2022\/04\/WhatsApp-Image-2022-04-27-at-15.09.23.jpeg 1000w, https:\/\/7culture.ci\/wp-content\/uploads\/2022\/04\/WhatsApp-Image-2022-04-27-at-15.09.23-300x225.jpeg 300w, https:\/\/7culture.ci\/wp-content\/uploads\/2022\/04\/WhatsApp-Image-2022-04-27-at-15.09.23-768x576.jpeg 768w\" sizes=\"(max-width: 1000px) 100vw, 1000px\" \/><\/figure>\n<\/figure>\n\n\n\n<p>C&#8217;est le r\u00e9fectoire de la Cit\u00e9 polici\u00e8re de Yopougon-Toits-Rouges \u00e0 Abidjan qui a abrit\u00e9 l&#8217;\u00e9v\u00e9nement. Avant de quitter l\u2019Association des handicap\u00e9s de C\u00f4te d\u2019Ivoire, le pr\u00e9sident Bello a annonc\u00e9 d&#8217;autres actions sociales dans les semaines \u00e0 venir pour d\u2019autres couches d\u00e9favoris\u00e9es du pays.<\/p>\n\n\n\n<p>Par Omar AK<\/p>\n","protected":false},"excerpt":{"rendered":"<p>C\u2019\u00e9tait \u00e0 quelques heures de la c\u00e9l\u00e9bration de la Nuit du destin ou Laylat Al-Qadr ou encore la \u2018\u2019nuit de la grande valeur\u2019, d\u00e9crite selon le saint Coran, comme la plus sainte nuit de l\u2019ann\u00e9e. La Fondation Gadji C\u00e9li, avec \u00e0 sa t\u00eate son pr\u00e9sident Issiaka Bello, a fait don de divers vivres le mercredi &hellip;<\/p>\n<p class=\"read-more\"> <a class=\"\" href=\"https:\/\/7culture.ci\/index.php\/2022\/04\/28\/ramadan-2022-la-fondation-gadji-celi-solidaire-aux-musulmans-handicapes\/\"> <span class=\"screen-reader-text\">Ramadan 2022\u00a0: la Fondation Gadji C\u00e9li solidaire aux musulmans handicap\u00e9s<\/span> Lire la suite\u00a0\u00bb<\/a><\/p>\n","protected":false},"author":1,"featured_media":20844,"comment_status":"open","ping_status":"open","sticky":false,"template":"","format":"standard","meta":{"_mi_skip_tracking":false,"_monsterinsights_sitenote_active":false,"_monsterinsights_sitenote_note":"","_monsterinsights_sitenote_category":0,"site-sidebar-layout":"default","site-content-layout":"default","ast-global-header-display":"","ast-main-header-display":"","ast-hfb-above-header-display":"","ast-hfb-below-header-display":"","ast-hfb-mobile-header-display":"","site-post-title":"","ast-breadcrumbs-content":"","ast-featured-img":"","footer-sml-layout":"","theme-transparent-header-meta":"","adv-header-id-meta":"","stick-header-meta":"","header-above-stick-meta":"","header-main-stick-meta":"","header-below-stick-meta":"","footnotes":"","jetpack_publicize_message":"","jetpack_is_tweetstorm":false,"jetpack_publicize_feature_enabled":true},"categories":[22],"tags":[],"jetpack_publicize_connections":[],"acf":[],"aioseo_notices":[],"yoast_head":"<!-- This site is optimized with the Yoast SEO plugin v19.6.1 - https:\/\/yoast.com\/wordpress\/plugins\/seo\/ -->\n<title>Ramadan 2022\u00a0: la Fondation Gadji C\u00e9li solidaire aux musulmans handicap\u00e9s -<\/title>\n<meta name=\"robots\" content=\"index, follow, max-snippet:-1, max-image-preview:large, max-video-preview:-1\" \/>\n<link rel=\"canonical\" href=\"https:\/\/7culture.ci\/index.php\/2022\/04\/28\/ramadan-2022-la-fondation-gadji-celi-solidaire-aux-musulmans-handicapes\/\" \/>\n<meta property=\"og:locale\" content=\"fr_FR\" \/>\n<meta property=\"og:type\" content=\"article\" \/>\n<meta property=\"og:title\" content=\"Ramadan 2022\u00a0: la Fondation Gadji C\u00e9li solidaire aux musulmans handicap\u00e9s -\" \/>\n<meta property=\"og:description\" content=\"C\u2019\u00e9tait \u00e0 quelques heures de la c\u00e9l\u00e9bration de la Nuit du destin ou Laylat Al-Qadr ou encore la \u2018\u2019nuit de la grande valeur\u2019, d\u00e9crite selon le saint Coran, comme la plus sainte nuit de l\u2019ann\u00e9e. La Fondation Gadji C\u00e9li, avec \u00e0 sa t\u00eate son pr\u00e9sident Issiaka Bello, a fait don de divers vivres le mercredi &hellip; Ramadan 2022\u00a0: la Fondation Gadji C\u00e9li solidaire aux musulmans handicap\u00e9s Lire la suite\u00a0\u00bb\" \/>\n<meta property=\"og:url\" content=\"https:\/\/7culture.ci\/index.php\/2022\/04\/28\/ramadan-2022-la-fondation-gadji-celi-solidaire-aux-musulmans-handicapes\/\" \/>\n<meta property=\"og:site_name\" content=\"7culture\" \/>\n<meta property=\"article:publisher\" content=\"https:\/\/www.facebook.com\/redchefclaude\" \/>\n<meta property=\"article:published_time\" content=\"2022-04-28T12:44:28+00:00\" \/>\n<meta property=\"article:modified_time\" content=\"2022-04-28T12:44:32+00:00\" \/>\n<meta property=\"og:image\" content=\"http:\/\/7culture.ci\/wp-content\/uploads\/2022\/04\/Gadji-Celi.jpeg\" \/>\n\t<meta property=\"og:image:width\" content=\"750\" \/>\n\t<meta property=\"og:image:height\" content=\"400\" \/>\n\t<meta property=\"og:image:type\" content=\"image\/jpeg\" \/>\n<meta name=\"author\" content=\"7culture2020\" \/>\n<meta name=\"twitter:card\" content=\"summary_large_image\" \/>\n<meta name=\"twitter:creator\" content=\"@7culturec\" \/>\n<meta name=\"twitter:site\" content=\"@7culturec\" \/>\n<meta name=\"twitter:label1\" content=\"\u00c9crit par\" \/>\n\t<meta name=\"twitter:data1\" content=\"7culture2020\" \/>\n\t<meta name=\"twitter:label2\" content=\"Dur\u00e9e de lecture estim\u00e9e\" \/>\n\t<meta name=\"twitter:data2\" content=\"3 minutes\" \/>\n<script type=\"application\/ld+json\" class=\"yoast-schema-graph\">{\"@context\":\"https:\/\/schema.org\",\"@graph\":[{\"@type\":\"Article\",\"@id\":\"https:\/\/7culture.ci\/index.php\/2022\/04\/28\/ramadan-2022-la-fondation-gadji-celi-solidaire-aux-musulmans-handicapes\/#article\",\"isPartOf\":{\"@id\":\"https:\/\/7culture.ci\/index.php\/2022\/04\/28\/ramadan-2022-la-fondation-gadji-celi-solidaire-aux-musulmans-handicapes\/\"},\"author\":{\"name\":\"7culture2020\",\"@id\":\"https:\/\/7culture.ci\/#\/schema\/person\/16150d28d7ef66ba788c1f87f28c4426\"},\"headline\":\"Ramadan 2022\u00a0: la Fondation Gadji C\u00e9li solidaire aux musulmans handicap\u00e9s\",\"datePublished\":\"2022-04-28T12:44:28+00:00\",\"dateModified\":\"2022-04-28T12:44:32+00:00\",\"mainEntityOfPage\":{\"@id\":\"https:\/\/7culture.ci\/index.php\/2022\/04\/28\/ramadan-2022-la-fondation-gadji-celi-solidaire-aux-musulmans-handicapes\/\"},\"wordCount\":255,\"commentCount\":0,\"publisher\":{\"@id\":\"https:\/\/7culture.ci\/#organization\"},\"articleSection\":[\"Actualit\u00e9\"],\"inLanguage\":\"fr-FR\",\"potentialAction\":[{\"@type\":\"CommentAction\",\"name\":\"Comment\",\"target\":[\"https:\/\/7culture.ci\/index.php\/2022\/04\/28\/ramadan-2022-la-fondation-gadji-celi-solidaire-aux-musulmans-handicapes\/#respond\"]}]},{\"@type\":\"WebPage\",\"@id\":\"https:\/\/7culture.ci\/index.php\/2022\/04\/28\/ramadan-2022-la-fondation-gadji-celi-solidaire-aux-musulmans-handicapes\/\",\"url\":\"https:\/\/7culture.ci\/index.php\/2022\/04\/28\/ramadan-2022-la-fondation-gadji-celi-solidaire-aux-musulmans-handicapes\/\",\"name\":\"Ramadan 2022\u00a0: la Fondation Gadji C\u00e9li solidaire aux musulmans handicap\u00e9s -\",\"isPartOf\":{\"@id\":\"https:\/\/7culture.ci\/#website\"},\"datePublished\":\"2022-04-28T12:44:28+00:00\",\"dateModified\":\"2022-04-28T12:44:32+00:00\",\"breadcrumb\":{\"@id\":\"https:\/\/7culture.ci\/index.php\/2022\/04\/28\/ramadan-2022-la-fondation-gadji-celi-solidaire-aux-musulmans-handicapes\/#breadcrumb\"},\"inLanguage\":\"fr-FR\",\"potentialAction\":[{\"@type\":\"ReadAction\",\"target\":[\"https:\/\/7culture.ci\/index.php\/2022\/04\/28\/ramadan-2022-la-fondation-gadji-celi-solidaire-aux-musulmans-handicapes\/\"]}]},{\"@type\":\"BreadcrumbList\",\"@id\":\"https:\/\/7culture.ci\/index.php\/2022\/04\/28\/ramadan-2022-la-fondation-gadji-celi-solidaire-aux-musulmans-handicapes\/#breadcrumb\",\"itemListElement\":[{\"@type\":\"ListItem\",\"position\":1,\"name\":\"Accueil\",\"item\":\"https:\/\/7culture.ci\/\"},{\"@type\":\"ListItem\",\"position\":2,\"name\":\"Ramadan 2022\u00a0: la Fondation Gadji C\u00e9li solidaire aux musulmans handicap\u00e9s\"}]},{\"@type\":\"WebSite\",\"@id\":\"https:\/\/7culture.ci\/#website\",\"url\":\"https:\/\/7culture.ci\/\",\"name\":\"7culture\",\"description\":\"Tout sur l&#039;actualit\u00e9\",\"publisher\":{\"@id\":\"https:\/\/7culture.ci\/#organization\"},\"potentialAction\":[{\"@type\":\"SearchAction\",\"target\":{\"@type\":\"EntryPoint\",\"urlTemplate\":\"https:\/\/7culture.ci\/?s={search_term_string}\"},\"query-input\":\"required name=search_term_string\"}],\"inLanguage\":\"fr-FR\"},{\"@type\":\"Organization\",\"@id\":\"https:\/\/7culture.ci\/#organization\",\"name\":\"7culture\",\"url\":\"https:\/\/7culture.ci\/\",\"sameAs\":[\"https:\/\/www.facebook.com\/redchefclaude\",\"https:\/\/twitter.com\/7culturec\"],\"logo\":{\"@type\":\"ImageObject\",\"inLanguage\":\"fr-FR\",\"@id\":\"https:\/\/7culture.ci\/#\/schema\/logo\/image\/\",\"url\":\"https:\/\/7culture.ci\/wp-content\/uploads\/2021\/12\/S1a-1.png\",\"contentUrl\":\"https:\/\/7culture.ci\/wp-content\/uploads\/2021\/12\/S1a-1.png\",\"width\":588,\"height\":192,\"caption\":\"7culture\"},\"image\":{\"@id\":\"https:\/\/7culture.ci\/#\/schema\/logo\/image\/\"}},{\"@type\":\"Person\",\"@id\":\"https:\/\/7culture.ci\/#\/schema\/person\/16150d28d7ef66ba788c1f87f28c4426\",\"name\":\"7culture2020\",\"image\":{\"@type\":\"ImageObject\",\"inLanguage\":\"fr-FR\",\"@id\":\"https:\/\/7culture.ci\/#\/schema\/person\/image\/\",\"url\":\"https:\/\/secure.gravatar.com\/avatar\/9a0784f951306c37bcd065f52844ef95?s=96&d=mm&r=g\",\"contentUrl\":\"https:\/\/secure.gravatar.com\/avatar\/9a0784f951306c37bcd065f52844ef95?s=96&d=mm&r=g\",\"caption\":\"7culture2020\"},\"sameAs\":[\"http:\/\/7culture.ci\",\"Claude.kipre\"],\"url\":\"https:\/\/7culture.ci\/index.php\/author\/7culture2020\/\"}]}<\/script>\n<!-- \/ Yoast SEO plugin. -->","yoast_head_json":{"title":"Ramadan 2022\u00a0: la Fondation Gadji C\u00e9li solidaire aux musulmans handicap\u00e9s -","robots":{"index":"index","follow":"follow","max-snippet":"max-snippet:-1","max-image-preview":"max-image-preview:large","max-video-preview":"max-video-preview:-1"},"canonical":"https:\/\/7culture.ci\/index.php\/2022\/04\/28\/ramadan-2022-la-fondation-gadji-celi-solidaire-aux-musulmans-handicapes\/","og_locale":"fr_FR","og_type":"article","og_title":"Ramadan 2022\u00a0: la Fondation Gadji C\u00e9li solidaire aux musulmans handicap\u00e9s -","og_description":"C\u2019\u00e9tait \u00e0 quelques heures de la c\u00e9l\u00e9bration de la Nuit du destin ou Laylat Al-Qadr ou encore la \u2018\u2019nuit de la grande valeur\u2019, d\u00e9crite selon le saint Coran, comme la plus sainte nuit de l\u2019ann\u00e9e. La Fondation Gadji C\u00e9li, avec \u00e0 sa t\u00eate son pr\u00e9sident Issiaka Bello, a fait don de divers vivres le mercredi &hellip; Ramadan 2022\u00a0: la Fondation Gadji C\u00e9li solidaire aux musulmans handicap\u00e9s Lire la suite\u00a0\u00bb","og_url":"https:\/\/7culture.ci\/index.php\/2022\/04\/28\/ramadan-2022-la-fondation-gadji-celi-solidaire-aux-musulmans-handicapes\/","og_site_name":"7culture","article_publisher":"https:\/\/www.facebook.com\/redchefclaude","article_published_time":"2022-04-28T12:44:28+00:00","article_modified_time":"2022-04-28T12:44:32+00:00","og_image":[{"width":750,"height":400,"url":"http:\/\/7culture.ci\/wp-content\/uploads\/2022\/04\/Gadji-Celi.jpeg","type":"image\/jpeg"}],"author":"7culture2020","twitter_card":"summary_large_image","twitter_creator":"@7culturec","twitter_site":"@7culturec","twitter_misc":{"\u00c9crit par":"7culture2020","Dur\u00e9e de lecture estim\u00e9e":"3 minutes"},"schema":{"@context":"https:\/\/schema.org","@graph":[{"@type":"Article","@id":"https:\/\/7culture.ci\/index.php\/2022\/04\/28\/ramadan-2022-la-fondation-gadji-celi-solidaire-aux-musulmans-handicapes\/#article","isPartOf":{"@id":"https:\/\/7culture.ci\/index.php\/2022\/04\/28\/ramadan-2022-la-fondation-gadji-celi-solidaire-aux-musulmans-handicapes\/"},"author":{"name":"7culture2020","@id":"https:\/\/7culture.ci\/#\/schema\/person\/16150d28d7ef66ba788c1f87f28c4426"},"headline":"Ramadan 2022\u00a0: la Fondation Gadji C\u00e9li solidaire aux musulmans handicap\u00e9s","datePublished":"2022-04-28T12:44:28+00:00","dateModified":"2022-04-28T12:44:32+00:00","mainEntityOfPage":{"@id":"https:\/\/7culture.ci\/index.php\/2022\/04\/28\/ramadan-2022-la-fondation-gadji-celi-solidaire-aux-musulmans-handicapes\/"},"wordCount":255,"commentCount":0,"publisher":{"@id":"https:\/\/7culture.ci\/#organization"},"articleSection":["Actualit\u00e9"],"inLanguage":"fr-FR","potentialAction":[{"@type":"CommentAction","name":"Comment","target":["https:\/\/7culture.ci\/index.php\/2022\/04\/28\/ramadan-2022-la-fondation-gadji-celi-solidaire-aux-musulmans-handicapes\/#respond"]}]},{"@type":"WebPage","@id":"https:\/\/7culture.ci\/index.php\/2022\/04\/28\/ramadan-2022-la-fondation-gadji-celi-solidaire-aux-musulmans-handicapes\/","url":"https:\/\/7culture.ci\/index.php\/2022\/04\/28\/ramadan-2022-la-fondation-gadji-celi-solidaire-aux-musulmans-handicapes\/","name":"Ramadan 2022\u00a0: la Fondation Gadji C\u00e9li solidaire aux musulmans handicap\u00e9s -","isPartOf":{"@id":"https:\/\/7culture.ci\/#website"},"datePublished":"2022-04-28T12:44:28+00:00","dateModified":"2022-04-28T12:44:32+00:00","breadcrumb":{"@id":"https:\/\/7culture.ci\/index.php\/2022\/04\/28\/ramadan-2022-la-fondation-gadji-celi-solidaire-aux-musulmans-handicapes\/#breadcrumb"},"inLanguage":"fr-FR","potentialAction":[{"@type":"ReadAction","target":["https:\/\/7culture.ci\/index.php\/2022\/04\/28\/ramadan-2022-la-fondation-gadji-celi-solidaire-aux-musulmans-handicapes\/"]}]},{"@type":"BreadcrumbList","@id":"https:\/\/7culture.ci\/index.php\/2022\/04\/28\/ramadan-2022-la-fondation-gadji-celi-solidaire-aux-musulmans-handicapes\/#breadcrumb","itemListElement":[{"@type":"ListItem","position":1,"name":"Accueil","item":"https:\/\/7culture.ci\/"},{"@type":"ListItem","position":2,"name":"Ramadan 2022\u00a0: la Fondation Gadji C\u00e9li solidaire aux musulmans handicap\u00e9s"}]},{"@type":"WebSite","@id":"https:\/\/7culture.ci\/#website","url":"https:\/\/7culture.ci\/","name":"7culture","description":"Tout sur l&#039;actualit\u00e9","publisher":{"@id":"https:\/\/7culture.ci\/#organization"},"potentialAction":[{"@type":"SearchAction","target":{"@type":"EntryPoint","urlTemplate":"https:\/\/7culture.ci\/?s={search_term_string}"},"query-input":"required name=search_term_string"}],"inLanguage":"fr-FR"},{"@type":"Organization","@id":"https:\/\/7culture.ci\/#organization","name":"7culture","url":"https:\/\/7culture.ci\/","sameAs":["https:\/\/www.facebook.com\/redchefclaude","https:\/\/twitter.com\/7culturec"],"logo":{"@type":"ImageObject","inLanguage":"fr-FR","@id":"https:\/\/7culture.ci\/#\/schema\/logo\/image\/","url":"https:\/\/7culture.ci\/wp-content\/uploads\/2021\/12\/S1a-1.png","contentUrl":"https:\/\/7culture.ci\/wp-content\/uploads\/2021\/12\/S1a-1.png","width":588,"height":192,"caption":"7culture"},"image":{"@id":"https:\/\/7culture.ci\/#\/schema\/logo\/image\/"}},{"@type":"Person","@id":"https:\/\/7culture.ci\/#\/schema\/person\/16150d28d7ef66ba788c1f87f28c4426","name":"7culture2020","image":{"@type":"ImageObject","inLanguage":"fr-FR","@id":"https:\/\/7culture.ci\/#\/schema\/person\/image\/","url":"https:\/\/secure.gravatar.com\/avatar\/9a0784f951306c37bcd065f52844ef95?s=96&d=mm&r=g","contentUrl":"https:\/\/secure.gravatar.com\/avatar\/9a0784f951306c37bcd065f52844ef95?s=96&d=mm&r=g","caption":"7culture2020"},"sameAs":["http:\/\/7culture.ci","Claude.kipre"],"url":"https:\/\/7culture.ci\/index.php\/author\/7culture2020\/"}]}},"jetpack_featured_media_url":"https:\/\/7culture.ci\/wp-content\/uploads\/2022\/04\/Gadji-Celi.jpeg","jetpack_likes_enabled":true,"jetpack_sharing_enabled":true,"_links":{"self":[{"href":"https:\/\/7culture.ci\/index.php\/wp-json\/wp\/v2\/posts\/20843"}],"collection":[{"href":"https:\/\/7culture.ci\/index.php\/wp-json\/wp\/v2\/posts"}],"about":[{"href":"https:\/\/7culture.ci\/index.php\/wp-json\/wp\/v2\/types\/post"}],"author":[{"embeddable":true,"href":"https:\/\/7culture.ci\/index.php\/wp-json\/wp\/v2\/users\/1"}],"replies":[{"embeddable":true,"href":"https:\/\/7culture.ci\/index.php\/wp-json\/wp\/v2\/comments?post=20843"}],"version-history":[{"count":0,"href":"https:\/\/7culture.ci\/index.php\/wp-json\/wp\/v2\/posts\/20843\/revisions"}],"wp:featuredmedia":[{"embeddable":true,"href":"https:\/\/7culture.ci\/index.php\/wp-json\/wp\/v2\/media\/20844"}],"wp:attachment":[{"href":"https:\/\/7culture.ci\/index.php\/wp-json\/wp\/v2\/media?parent=20843"}],"wp:term":[{"taxonomy":"category","embeddable":true,"href":"https:\/\/7culture.ci\/index.php\/wp-json\/wp\/v2\/categories?post=20843"},{"taxonomy":"post_tag","embeddable":true,"href":"https:\/\/7culture.ci\/index.php\/wp-json\/wp\/v2\/tags?post=20843"}],"curies":[{"name":"wp","href":"https:\/\/api.w.org\/{rel}","templated":true}]}}