{"id":20811,"date":"2022-04-26T18:58:29","date_gmt":"2022-04-26T16:58:29","guid":{"rendered":"https:\/\/7culture.ci\/?p=20811"},"modified":"2022-04-27T14:56:25","modified_gmt":"2022-04-27T12:56:25","slug":"asha-festival-fete-des-meres-met-les-femmes-rurales-a-lhonneur","status":"publish","type":"post","link":"https:\/\/7culture.ci\/index.php\/2022\/04\/26\/asha-festival-fete-des-meres-met-les-femmes-rurales-a-lhonneur\/","title":{"rendered":"&#8220;Asha Festival, F\u00eate des m\u00e8res&#8221; met les femmes rurales \u00e0 l\u2019honneur"},"content":{"rendered":"\n<p>Le d\u00e9partement de Yakass\u00e9-Attobrou, dans la r\u00e9gion de la M\u00e9, pr\u00e8s d\u2019Adzop\u00e9, a d\u00e9sormais son festival culturel. Il s\u2019agit d\u2019Asha Festival dont la premi\u00e8re \u00e9dition se d\u00e9roulera dans la p\u00e9riode de la c\u00e9l\u00e9bration de la f\u00eate des m\u00e8res. Les motivations et attentes d\u2019un tel rendez-vous ont \u00e9t\u00e9 donn\u00e9es au cours d\u2019une conf\u00e9rence presse le samedi 23 avril \u00e0 l\u2019h\u00f4tel Yakass\u00e9-Attobrou.<\/p>\n\n\n\n<p>C\u2019est une sorte de f\u00eate des m\u00e8res qui se tiendra les 27 et 28 mai prochain \u00e0 la Place Laurent Gbagbo. \u00ab&nbsp;<strong><em>Asha Festival est une premi\u00e8re dans l\u2019histoire de notre localit\u00e9. Il proc\u00e8de de la volont\u00e9 de certains fils de Yakass\u00e9-Attobrou de c\u00e9l\u00e9brer la femme en milieu rural, de la valoriser. Il se veut un prolongement, tant des initiatives des pouvoirs publics que de la soci\u00e9t\u00e9 civile, visant \u00e0 am\u00e9liorer l\u2019image et la condition de la femme<\/em><\/strong>&nbsp;\u00bb, explique G\u00e9n\u00e9ral Kolber, patron de la Kolber Prod, initiatrice de l\u2019\u00e9v\u00e8nement.<\/p>\n\n\n\n<figure class=\"wp-block-gallery has-nested-images columns-default is-cropped wp-block-gallery-1 is-layout-flex wp-block-gallery-is-layout-flex\">\n<figure class=\"wp-block-image size-large\"><img loading=\"lazy\" decoding=\"async\" width=\"809\" height=\"1024\" data-id=\"20813\" src=\"https:\/\/7culture.ci\/wp-content\/uploads\/2022\/04\/Asha1-809x1024.jpg\" alt=\"\" class=\"wp-image-20813\" srcset=\"https:\/\/7culture.ci\/wp-content\/uploads\/2022\/04\/Asha1-809x1024.jpg 809w, https:\/\/7culture.ci\/wp-content\/uploads\/2022\/04\/Asha1-237x300.jpg 237w, https:\/\/7culture.ci\/wp-content\/uploads\/2022\/04\/Asha1-768x972.jpg 768w, https:\/\/7culture.ci\/wp-content\/uploads\/2022\/04\/Asha1-1214x1536.jpg 1214w, https:\/\/7culture.ci\/wp-content\/uploads\/2022\/04\/Asha1.jpg 1283w\" sizes=\"(max-width: 809px) 100vw, 809px\" \/><\/figure>\n\n\n\n<figure class=\"wp-block-image size-large\"><img loading=\"lazy\" decoding=\"async\" width=\"1024\" height=\"683\" data-id=\"20814\" src=\"https:\/\/7culture.ci\/wp-content\/uploads\/2022\/04\/Asha4-1024x683.jpg\" alt=\"\" class=\"wp-image-20814\" srcset=\"https:\/\/7culture.ci\/wp-content\/uploads\/2022\/04\/Asha4-1024x683.jpg 1024w, https:\/\/7culture.ci\/wp-content\/uploads\/2022\/04\/Asha4-300x200.jpg 300w, https:\/\/7culture.ci\/wp-content\/uploads\/2022\/04\/Asha4-768x512.jpg 768w, https:\/\/7culture.ci\/wp-content\/uploads\/2022\/04\/Asha4-1536x1024.jpg 1536w, https:\/\/7culture.ci\/wp-content\/uploads\/2022\/04\/Asha4.jpg 2048w\" sizes=\"(max-width: 1024px) 100vw, 1024px\" \/><\/figure>\n\n\n\n<figure class=\"wp-block-image size-large\"><img loading=\"lazy\" decoding=\"async\" width=\"1024\" height=\"683\" data-id=\"20815\" src=\"https:\/\/7culture.ci\/wp-content\/uploads\/2022\/04\/Asha5-1024x683.jpg\" alt=\"\" class=\"wp-image-20815\" srcset=\"https:\/\/7culture.ci\/wp-content\/uploads\/2022\/04\/Asha5-1024x683.jpg 1024w, https:\/\/7culture.ci\/wp-content\/uploads\/2022\/04\/Asha5-300x200.jpg 300w, https:\/\/7culture.ci\/wp-content\/uploads\/2022\/04\/Asha5-768x512.jpg 768w, https:\/\/7culture.ci\/wp-content\/uploads\/2022\/04\/Asha5-1536x1024.jpg 1536w, https:\/\/7culture.ci\/wp-content\/uploads\/2022\/04\/Asha5.jpg 2048w\" sizes=\"(max-width: 1024px) 100vw, 1024px\" \/><\/figure>\n<\/figure>\n\n\n\n<p>Ce n\u2019est pas un hasard si le festival a lieu la veille de la f\u00eate des m\u00e8res. En milieu urbain, les mamans font l\u2019objet d\u2019une attention particuli\u00e8re lors de cette c\u00e9l\u00e9bration. Ce qui n\u2019est pas souvent le cas pour les mamans en milieu rural. Cela a conduit la Kolber Prod \u00e0 combler ce d\u00e9ficit d\u2019attention envers les valeureuses m\u00e8res issues du monde rural. D\u2019o\u00f9 \u2018\u2019Asha Festival, F\u00eate des m\u00e8res\u2019\u2019. \u00ab&nbsp;<strong><em>C\u2019est en fait, un festival apolitique mais multiculturel d\u00e9di\u00e9 aux femmes de toutes les cultures r\u00e9sidant dans les localit\u00e9s de Yakass\u00e9-Attobrou et d\u2019Assi\u00e9 Ori\u00e9<\/em><\/strong>&nbsp;\u00bb, pr\u00e9cise la production. Ce que corrobore Patrick Aguia, le pr\u00e9sident du comit\u00e9 d\u2019organisation du festival&nbsp;: \u00ab&nbsp;<strong><em>A travers Asha Festival, F\u00eate des m\u00e8res, nous voulons placer la femme rurale au premier plan. Pendant cet \u00e9v\u00e8nement in\u00e9dit \u00e0 Yakass\u00e9-Attobrou, nous allons l\u2019aimer, la magnifier et la c\u00e9l\u00e9brer<\/em><\/strong>&nbsp;\u00bb.<\/p>\n\n\n\n<figure class=\"wp-block-gallery has-nested-images columns-default is-cropped wp-block-gallery-2 is-layout-flex wp-block-gallery-is-layout-flex\">\n<figure class=\"wp-block-image size-large\"><img loading=\"lazy\" decoding=\"async\" width=\"1024\" height=\"720\" data-id=\"20816\" src=\"https:\/\/7culture.ci\/wp-content\/uploads\/2022\/04\/Asha3-1024x720.jpg\" alt=\"\" class=\"wp-image-20816\" srcset=\"https:\/\/7culture.ci\/wp-content\/uploads\/2022\/04\/Asha3-1024x720.jpg 1024w, https:\/\/7culture.ci\/wp-content\/uploads\/2022\/04\/Asha3-300x211.jpg 300w, https:\/\/7culture.ci\/wp-content\/uploads\/2022\/04\/Asha3-768x540.jpg 768w, https:\/\/7culture.ci\/wp-content\/uploads\/2022\/04\/Asha3-1536x1080.jpg 1536w, https:\/\/7culture.ci\/wp-content\/uploads\/2022\/04\/Asha3.jpg 1919w\" sizes=\"(max-width: 1024px) 100vw, 1024px\" \/><\/figure>\n\n\n\n<figure class=\"wp-block-image size-large\"><img loading=\"lazy\" decoding=\"async\" width=\"1024\" height=\"683\" data-id=\"20817\" src=\"https:\/\/7culture.ci\/wp-content\/uploads\/2022\/04\/Asha6-1024x683.jpg\" alt=\"\" class=\"wp-image-20817\" srcset=\"https:\/\/7culture.ci\/wp-content\/uploads\/2022\/04\/Asha6-1024x683.jpg 1024w, https:\/\/7culture.ci\/wp-content\/uploads\/2022\/04\/Asha6-300x200.jpg 300w, https:\/\/7culture.ci\/wp-content\/uploads\/2022\/04\/Asha6-768x512.jpg 768w, https:\/\/7culture.ci\/wp-content\/uploads\/2022\/04\/Asha6-1536x1024.jpg 1536w, https:\/\/7culture.ci\/wp-content\/uploads\/2022\/04\/Asha6.jpg 2048w\" sizes=\"(max-width: 1024px) 100vw, 1024px\" \/><\/figure>\n\n\n\n<figure class=\"wp-block-image size-large\"><img loading=\"lazy\" decoding=\"async\" width=\"1024\" height=\"683\" data-id=\"20818\" src=\"https:\/\/7culture.ci\/wp-content\/uploads\/2022\/04\/Asha10-1-1024x683.jpg\" alt=\"\" class=\"wp-image-20818\" srcset=\"https:\/\/7culture.ci\/wp-content\/uploads\/2022\/04\/Asha10-1-1024x683.jpg 1024w, https:\/\/7culture.ci\/wp-content\/uploads\/2022\/04\/Asha10-1-300x200.jpg 300w, https:\/\/7culture.ci\/wp-content\/uploads\/2022\/04\/Asha10-1-768x512.jpg 768w, https:\/\/7culture.ci\/wp-content\/uploads\/2022\/04\/Asha10-1-1536x1024.jpg 1536w, https:\/\/7culture.ci\/wp-content\/uploads\/2022\/04\/Asha10-1.jpg 2048w\" sizes=\"(max-width: 1024px) 100vw, 1024px\" \/><\/figure>\n<\/figure>\n\n\n\n<p>L\u2019organisation d\u2019Asha Festival, F\u00eate des m\u00e8res\u2019\u2019 n\u2019a pas uniquement un volet ludique et festif. Il y a un aspect \u00e9conomique qui se cache derri\u00e8re l\u2019engagement de la Kolber Prod pour rendre heureuses les mamans rurales. Le kit de l\u2019\u00e9v\u00e8nement comprend le financement d\u2019activit\u00e9s g\u00e9n\u00e9ratrices de revenus \u00e0 hauteur de 500.000 FCFA. Il est \u00e9galement pr\u00e9vu des s\u00e9ances gratuites de d\u00e9pistage du cancer de l\u2019ut\u00e9rus. En plus de cet aspect social et humanitaire d\u2019Asha Festival, le menu est vraiment riche et vari\u00e9. On peut noter p\u00e8le m\u00eale des conf\u00e9rences-d\u00e9bats sur la condition de la femme rurales par des sp\u00e9cialistes de la question, des activit\u00e9s culinaires, du sport, des jeux concours&#8230; Le festival est aussi un facteur touristique qui permettra \u00e0 de nombreux visiteurs de d\u00e9couvrir la localit\u00e9 et ses potentialit\u00e9s. La grande attractivit\u00e9 reste les concerts qui offrent un podium exceptionnel aux commodit\u00e9s citadines et modernes. De grands noms d\u2019artistes tels Rocky Gold, Shaoleen, Remy Adan, Willy Dumbo, Ats\u00e9 Hilarion, le groupe connexion, Roma Chambala, Kevin Chambala\u2026 viendront communier avec le public. Sans oublier un espace maquis o\u00f9 les festivaliers pourront se r\u00e9galer \u00e0 travers des mets locaux et modernes et des rafraichissements.<\/p>\n\n\n\n<figure class=\"wp-block-gallery has-nested-images columns-default is-cropped wp-block-gallery-3 is-layout-flex wp-block-gallery-is-layout-flex\">\n<figure class=\"wp-block-image size-large\"><img loading=\"lazy\" decoding=\"async\" width=\"1024\" height=\"683\" data-id=\"20820\" src=\"https:\/\/7culture.ci\/wp-content\/uploads\/2022\/04\/Asha7-1024x683.jpg\" alt=\"\" class=\"wp-image-20820\" srcset=\"https:\/\/7culture.ci\/wp-content\/uploads\/2022\/04\/Asha7-1024x683.jpg 1024w, https:\/\/7culture.ci\/wp-content\/uploads\/2022\/04\/Asha7-300x200.jpg 300w, https:\/\/7culture.ci\/wp-content\/uploads\/2022\/04\/Asha7-768x512.jpg 768w, https:\/\/7culture.ci\/wp-content\/uploads\/2022\/04\/Asha7-1536x1024.jpg 1536w, https:\/\/7culture.ci\/wp-content\/uploads\/2022\/04\/Asha7.jpg 2048w\" sizes=\"(max-width: 1024px) 100vw, 1024px\" \/><\/figure>\n\n\n\n<figure class=\"wp-block-image size-large\"><img loading=\"lazy\" decoding=\"async\" width=\"1024\" height=\"770\" data-id=\"20821\" src=\"https:\/\/7culture.ci\/wp-content\/uploads\/2022\/04\/Asha8-1024x770.jpg\" alt=\"\" class=\"wp-image-20821\" srcset=\"https:\/\/7culture.ci\/wp-content\/uploads\/2022\/04\/Asha8-1024x770.jpg 1024w, https:\/\/7culture.ci\/wp-content\/uploads\/2022\/04\/Asha8-300x226.jpg 300w, https:\/\/7culture.ci\/wp-content\/uploads\/2022\/04\/Asha8-768x578.jpg 768w, https:\/\/7culture.ci\/wp-content\/uploads\/2022\/04\/Asha8-1536x1155.jpg 1536w, https:\/\/7culture.ci\/wp-content\/uploads\/2022\/04\/Asha8.jpg 1756w\" sizes=\"(max-width: 1024px) 100vw, 1024px\" \/><\/figure>\n\n\n\n<figure class=\"wp-block-image size-large\"><img loading=\"lazy\" decoding=\"async\" width=\"1024\" height=\"683\" data-id=\"20819\" src=\"https:\/\/7culture.ci\/wp-content\/uploads\/2022\/04\/Asha9-1024x683.jpg\" alt=\"\" class=\"wp-image-20819\" srcset=\"https:\/\/7culture.ci\/wp-content\/uploads\/2022\/04\/Asha9-1024x683.jpg 1024w, https:\/\/7culture.ci\/wp-content\/uploads\/2022\/04\/Asha9-300x200.jpg 300w, https:\/\/7culture.ci\/wp-content\/uploads\/2022\/04\/Asha9-768x512.jpg 768w, https:\/\/7culture.ci\/wp-content\/uploads\/2022\/04\/Asha9-1536x1024.jpg 1536w, https:\/\/7culture.ci\/wp-content\/uploads\/2022\/04\/Asha9.jpg 2048w\" sizes=\"(max-width: 1024px) 100vw, 1024px\" \/><\/figure>\n<\/figure>\n\n\n\n<p>Asha Festival tient son nom d\u2019une femme centenaire qui va bient\u00f4t souffler ses 109 bougies. C\u2019est Mamie Asha, comme on la d\u00e9signe dans la r\u00e9gion. Elle est la grand-m\u00e8re de G\u00e9n\u00e9ral Kolber qui pilote l\u2019important rendez-vous multiculturel pour Yakass\u00e9-Attobrou. \u00ab&nbsp;<strong><em>A travers Asha Festival, la Kolber Prod ne c\u00e9l\u00e8bre pas uniquement une grand-maman qui se distingue par sa rare long\u00e9vit\u00e9. Elle c\u00e9l\u00e8bre aussi et surtout, le symbole de la femme en milieu rural, pleine d\u2019affection et r\u00e9siliente<\/em><\/strong>&nbsp;\u00bb, soutient Kolber.<\/p>\n\n\n\n<p>Toute la programmation de la premi\u00e8re \u00e9dition d\u2019Asha Festival, F\u00eate des m\u00e8res, se d\u00e9roulera \u00e0 la Place Laurent Gbagbo de la coquette ville les 27 et 28 mai 2022.<\/p>\n\n\n\n<p>Par Omar AK<\/p>\n","protected":false},"excerpt":{"rendered":"<p>Le d\u00e9partement de Yakass\u00e9-Attobrou, dans la r\u00e9gion de la M\u00e9, pr\u00e8s d\u2019Adzop\u00e9, a d\u00e9sormais son festival culturel. Il s\u2019agit d\u2019Asha Festival dont la premi\u00e8re \u00e9dition se d\u00e9roulera dans la p\u00e9riode de la c\u00e9l\u00e9bration de la f\u00eate des m\u00e8res. Les motivations et attentes d\u2019un tel rendez-vous ont \u00e9t\u00e9 donn\u00e9es au cours d\u2019une conf\u00e9rence presse le samedi &hellip;<\/p>\n<p class=\"read-more\"> <a class=\"\" href=\"https:\/\/7culture.ci\/index.php\/2022\/04\/26\/asha-festival-fete-des-meres-met-les-femmes-rurales-a-lhonneur\/\"> <span class=\"screen-reader-text\">&#8220;Asha Festival, F\u00eate des m\u00e8res&#8221; met les femmes rurales \u00e0 l\u2019honneur<\/span> Lire la suite\u00a0\u00bb<\/a><\/p>\n","protected":false},"author":1,"featured_media":20812,"comment_status":"open","ping_status":"open","sticky":false,"template":"","format":"standard","meta":{"_mi_skip_tracking":false,"_monsterinsights_sitenote_active":false,"_monsterinsights_sitenote_note":"","_monsterinsights_sitenote_category":0,"site-sidebar-layout":"default","site-content-layout":"default","ast-global-header-display":"","ast-main-header-display":"","ast-hfb-above-header-display":"","ast-hfb-below-header-display":"","ast-hfb-mobile-header-display":"","site-post-title":"","ast-breadcrumbs-content":"","ast-featured-img":"","footer-sml-layout":"","theme-transparent-header-meta":"","adv-header-id-meta":"","stick-header-meta":"","header-above-stick-meta":"","header-main-stick-meta":"","header-below-stick-meta":"","footnotes":"","jetpack_publicize_message":"","jetpack_is_tweetstorm":false,"jetpack_publicize_feature_enabled":true},"categories":[22],"tags":[],"jetpack_publicize_connections":[],"acf":[],"aioseo_notices":[],"yoast_head":"<!-- This site is optimized with the Yoast SEO plugin v19.6.1 - https:\/\/yoast.com\/wordpress\/plugins\/seo\/ -->\n<title>&quot;Asha Festival, F\u00eate des m\u00e8res&#039;&#039; met les femmes rurales \u00e0 l\u2019honneur - 7culture<\/title>\n<meta name=\"robots\" content=\"index, follow, max-snippet:-1, max-image-preview:large, max-video-preview:-1\" \/>\n<link rel=\"canonical\" href=\"https:\/\/7culture.ci\/index.php\/2022\/04\/26\/asha-festival-fete-des-meres-met-les-femmes-rurales-a-lhonneur\/\" \/>\n<meta property=\"og:locale\" content=\"fr_FR\" \/>\n<meta property=\"og:type\" content=\"article\" \/>\n<meta property=\"og:title\" content=\"&quot;Asha Festival, F\u00eate des m\u00e8res&#039;&#039; met les femmes rurales \u00e0 l\u2019honneur - 7culture\" \/>\n<meta property=\"og:description\" content=\"Le d\u00e9partement de Yakass\u00e9-Attobrou, dans la r\u00e9gion de la M\u00e9, pr\u00e8s d\u2019Adzop\u00e9, a d\u00e9sormais son festival culturel. Il s\u2019agit d\u2019Asha Festival dont la premi\u00e8re \u00e9dition se d\u00e9roulera dans la p\u00e9riode de la c\u00e9l\u00e9bration de la f\u00eate des m\u00e8res. Les motivations et attentes d\u2019un tel rendez-vous ont \u00e9t\u00e9 donn\u00e9es au cours d\u2019une conf\u00e9rence presse le samedi &hellip; &#8220;Asha Festival, F\u00eate des m\u00e8res&#8221; met les femmes rurales \u00e0 l\u2019honneur Lire la suite\u00a0\u00bb\" \/>\n<meta property=\"og:url\" content=\"https:\/\/7culture.ci\/index.php\/2022\/04\/26\/asha-festival-fete-des-meres-met-les-femmes-rurales-a-lhonneur\/\" \/>\n<meta property=\"og:site_name\" content=\"7culture\" \/>\n<meta property=\"article:publisher\" content=\"https:\/\/www.facebook.com\/redchefclaude\" \/>\n<meta property=\"article:published_time\" content=\"2022-04-26T16:58:29+00:00\" \/>\n<meta property=\"article:modified_time\" content=\"2022-04-27T12:56:25+00:00\" \/>\n<meta property=\"og:image\" content=\"http:\/\/7culture.ci\/wp-content\/uploads\/2022\/04\/Asha10.jpg\" \/>\n\t<meta property=\"og:image:width\" content=\"2048\" \/>\n\t<meta property=\"og:image:height\" content=\"1365\" \/>\n\t<meta property=\"og:image:type\" content=\"image\/jpeg\" \/>\n<meta name=\"author\" content=\"7culture2020\" \/>\n<meta name=\"twitter:card\" content=\"summary_large_image\" \/>\n<meta name=\"twitter:creator\" content=\"@7culturec\" \/>\n<meta name=\"twitter:site\" content=\"@7culturec\" \/>\n<meta name=\"twitter:label1\" content=\"\u00c9crit par\" \/>\n\t<meta name=\"twitter:data1\" content=\"7culture2020\" \/>\n\t<meta name=\"twitter:label2\" content=\"Dur\u00e9e de lecture estim\u00e9e\" \/>\n\t<meta name=\"twitter:data2\" content=\"5 minutes\" \/>\n<script type=\"application\/ld+json\" class=\"yoast-schema-graph\">{\"@context\":\"https:\/\/schema.org\",\"@graph\":[{\"@type\":\"Article\",\"@id\":\"https:\/\/7culture.ci\/index.php\/2022\/04\/26\/asha-festival-fete-des-meres-met-les-femmes-rurales-a-lhonneur\/#article\",\"isPartOf\":{\"@id\":\"https:\/\/7culture.ci\/index.php\/2022\/04\/26\/asha-festival-fete-des-meres-met-les-femmes-rurales-a-lhonneur\/\"},\"author\":{\"name\":\"7culture2020\",\"@id\":\"https:\/\/7culture.ci\/#\/schema\/person\/16150d28d7ef66ba788c1f87f28c4426\"},\"headline\":\"&#8220;Asha Festival, F\u00eate des m\u00e8res&#8221; met les femmes rurales \u00e0 l\u2019honneur\",\"datePublished\":\"2022-04-26T16:58:29+00:00\",\"dateModified\":\"2022-04-27T12:56:25+00:00\",\"mainEntityOfPage\":{\"@id\":\"https:\/\/7culture.ci\/index.php\/2022\/04\/26\/asha-festival-fete-des-meres-met-les-femmes-rurales-a-lhonneur\/\"},\"wordCount\":715,\"commentCount\":0,\"publisher\":{\"@id\":\"https:\/\/7culture.ci\/#organization\"},\"articleSection\":[\"Actualit\u00e9\"],\"inLanguage\":\"fr-FR\",\"potentialAction\":[{\"@type\":\"CommentAction\",\"name\":\"Comment\",\"target\":[\"https:\/\/7culture.ci\/index.php\/2022\/04\/26\/asha-festival-fete-des-meres-met-les-femmes-rurales-a-lhonneur\/#respond\"]}]},{\"@type\":\"WebPage\",\"@id\":\"https:\/\/7culture.ci\/index.php\/2022\/04\/26\/asha-festival-fete-des-meres-met-les-femmes-rurales-a-lhonneur\/\",\"url\":\"https:\/\/7culture.ci\/index.php\/2022\/04\/26\/asha-festival-fete-des-meres-met-les-femmes-rurales-a-lhonneur\/\",\"name\":\"\\\"Asha Festival, F\u00eate des m\u00e8res'' met les femmes rurales \u00e0 l\u2019honneur - 7culture\",\"isPartOf\":{\"@id\":\"https:\/\/7culture.ci\/#website\"},\"datePublished\":\"2022-04-26T16:58:29+00:00\",\"dateModified\":\"2022-04-27T12:56:25+00:00\",\"breadcrumb\":{\"@id\":\"https:\/\/7culture.ci\/index.php\/2022\/04\/26\/asha-festival-fete-des-meres-met-les-femmes-rurales-a-lhonneur\/#breadcrumb\"},\"inLanguage\":\"fr-FR\",\"potentialAction\":[{\"@type\":\"ReadAction\",\"target\":[\"https:\/\/7culture.ci\/index.php\/2022\/04\/26\/asha-festival-fete-des-meres-met-les-femmes-rurales-a-lhonneur\/\"]}]},{\"@type\":\"BreadcrumbList\",\"@id\":\"https:\/\/7culture.ci\/index.php\/2022\/04\/26\/asha-festival-fete-des-meres-met-les-femmes-rurales-a-lhonneur\/#breadcrumb\",\"itemListElement\":[{\"@type\":\"ListItem\",\"position\":1,\"name\":\"Accueil\",\"item\":\"https:\/\/7culture.ci\/\"},{\"@type\":\"ListItem\",\"position\":2,\"name\":\"\u00ab\u00a0Asha Festival, F\u00eate des m\u00e8res\u00a0\u00bb met les femmes rurales \u00e0 l\u2019honneur\"}]},{\"@type\":\"WebSite\",\"@id\":\"https:\/\/7culture.ci\/#website\",\"url\":\"https:\/\/7culture.ci\/\",\"name\":\"7culture\",\"description\":\"Tout sur l&#039;actualit\u00e9\",\"publisher\":{\"@id\":\"https:\/\/7culture.ci\/#organization\"},\"potentialAction\":[{\"@type\":\"SearchAction\",\"target\":{\"@type\":\"EntryPoint\",\"urlTemplate\":\"https:\/\/7culture.ci\/?s={search_term_string}\"},\"query-input\":\"required name=search_term_string\"}],\"inLanguage\":\"fr-FR\"},{\"@type\":\"Organization\",\"@id\":\"https:\/\/7culture.ci\/#organization\",\"name\":\"7culture\",\"url\":\"https:\/\/7culture.ci\/\",\"sameAs\":[\"https:\/\/www.facebook.com\/redchefclaude\",\"https:\/\/twitter.com\/7culturec\"],\"logo\":{\"@type\":\"ImageObject\",\"inLanguage\":\"fr-FR\",\"@id\":\"https:\/\/7culture.ci\/#\/schema\/logo\/image\/\",\"url\":\"https:\/\/7culture.ci\/wp-content\/uploads\/2021\/12\/S1a-1.png\",\"contentUrl\":\"https:\/\/7culture.ci\/wp-content\/uploads\/2021\/12\/S1a-1.png\",\"width\":588,\"height\":192,\"caption\":\"7culture\"},\"image\":{\"@id\":\"https:\/\/7culture.ci\/#\/schema\/logo\/image\/\"}},{\"@type\":\"Person\",\"@id\":\"https:\/\/7culture.ci\/#\/schema\/person\/16150d28d7ef66ba788c1f87f28c4426\",\"name\":\"7culture2020\",\"image\":{\"@type\":\"ImageObject\",\"inLanguage\":\"fr-FR\",\"@id\":\"https:\/\/7culture.ci\/#\/schema\/person\/image\/\",\"url\":\"https:\/\/secure.gravatar.com\/avatar\/9a0784f951306c37bcd065f52844ef95?s=96&d=mm&r=g\",\"contentUrl\":\"https:\/\/secure.gravatar.com\/avatar\/9a0784f951306c37bcd065f52844ef95?s=96&d=mm&r=g\",\"caption\":\"7culture2020\"},\"sameAs\":[\"http:\/\/7culture.ci\",\"Claude.kipre\"],\"url\":\"https:\/\/7culture.ci\/index.php\/author\/7culture2020\/\"}]}<\/script>\n<!-- \/ Yoast SEO plugin. -->","yoast_head_json":{"title":"\"Asha Festival, F\u00eate des m\u00e8res'' met les femmes rurales \u00e0 l\u2019honneur - 7culture","robots":{"index":"index","follow":"follow","max-snippet":"max-snippet:-1","max-image-preview":"max-image-preview:large","max-video-preview":"max-video-preview:-1"},"canonical":"https:\/\/7culture.ci\/index.php\/2022\/04\/26\/asha-festival-fete-des-meres-met-les-femmes-rurales-a-lhonneur\/","og_locale":"fr_FR","og_type":"article","og_title":"\"Asha Festival, F\u00eate des m\u00e8res'' met les femmes rurales \u00e0 l\u2019honneur - 7culture","og_description":"Le d\u00e9partement de Yakass\u00e9-Attobrou, dans la r\u00e9gion de la M\u00e9, pr\u00e8s d\u2019Adzop\u00e9, a d\u00e9sormais son festival culturel. Il s\u2019agit d\u2019Asha Festival dont la premi\u00e8re \u00e9dition se d\u00e9roulera dans la p\u00e9riode de la c\u00e9l\u00e9bration de la f\u00eate des m\u00e8res. Les motivations et attentes d\u2019un tel rendez-vous ont \u00e9t\u00e9 donn\u00e9es au cours d\u2019une conf\u00e9rence presse le samedi &hellip; &#8220;Asha Festival, F\u00eate des m\u00e8res&#8221; met les femmes rurales \u00e0 l\u2019honneur Lire la suite\u00a0\u00bb","og_url":"https:\/\/7culture.ci\/index.php\/2022\/04\/26\/asha-festival-fete-des-meres-met-les-femmes-rurales-a-lhonneur\/","og_site_name":"7culture","article_publisher":"https:\/\/www.facebook.com\/redchefclaude","article_published_time":"2022-04-26T16:58:29+00:00","article_modified_time":"2022-04-27T12:56:25+00:00","og_image":[{"width":2048,"height":1365,"url":"http:\/\/7culture.ci\/wp-content\/uploads\/2022\/04\/Asha10.jpg","type":"image\/jpeg"}],"author":"7culture2020","twitter_card":"summary_large_image","twitter_creator":"@7culturec","twitter_site":"@7culturec","twitter_misc":{"\u00c9crit par":"7culture2020","Dur\u00e9e de lecture estim\u00e9e":"5 minutes"},"schema":{"@context":"https:\/\/schema.org","@graph":[{"@type":"Article","@id":"https:\/\/7culture.ci\/index.php\/2022\/04\/26\/asha-festival-fete-des-meres-met-les-femmes-rurales-a-lhonneur\/#article","isPartOf":{"@id":"https:\/\/7culture.ci\/index.php\/2022\/04\/26\/asha-festival-fete-des-meres-met-les-femmes-rurales-a-lhonneur\/"},"author":{"name":"7culture2020","@id":"https:\/\/7culture.ci\/#\/schema\/person\/16150d28d7ef66ba788c1f87f28c4426"},"headline":"&#8220;Asha Festival, F\u00eate des m\u00e8res&#8221; met les femmes rurales \u00e0 l\u2019honneur","datePublished":"2022-04-26T16:58:29+00:00","dateModified":"2022-04-27T12:56:25+00:00","mainEntityOfPage":{"@id":"https:\/\/7culture.ci\/index.php\/2022\/04\/26\/asha-festival-fete-des-meres-met-les-femmes-rurales-a-lhonneur\/"},"wordCount":715,"commentCount":0,"publisher":{"@id":"https:\/\/7culture.ci\/#organization"},"articleSection":["Actualit\u00e9"],"inLanguage":"fr-FR","potentialAction":[{"@type":"CommentAction","name":"Comment","target":["https:\/\/7culture.ci\/index.php\/2022\/04\/26\/asha-festival-fete-des-meres-met-les-femmes-rurales-a-lhonneur\/#respond"]}]},{"@type":"WebPage","@id":"https:\/\/7culture.ci\/index.php\/2022\/04\/26\/asha-festival-fete-des-meres-met-les-femmes-rurales-a-lhonneur\/","url":"https:\/\/7culture.ci\/index.php\/2022\/04\/26\/asha-festival-fete-des-meres-met-les-femmes-rurales-a-lhonneur\/","name":"\"Asha Festival, F\u00eate des m\u00e8res'' met les femmes rurales \u00e0 l\u2019honneur - 7culture","isPartOf":{"@id":"https:\/\/7culture.ci\/#website"},"datePublished":"2022-04-26T16:58:29+00:00","dateModified":"2022-04-27T12:56:25+00:00","breadcrumb":{"@id":"https:\/\/7culture.ci\/index.php\/2022\/04\/26\/asha-festival-fete-des-meres-met-les-femmes-rurales-a-lhonneur\/#breadcrumb"},"inLanguage":"fr-FR","potentialAction":[{"@type":"ReadAction","target":["https:\/\/7culture.ci\/index.php\/2022\/04\/26\/asha-festival-fete-des-meres-met-les-femmes-rurales-a-lhonneur\/"]}]},{"@type":"BreadcrumbList","@id":"https:\/\/7culture.ci\/index.php\/2022\/04\/26\/asha-festival-fete-des-meres-met-les-femmes-rurales-a-lhonneur\/#breadcrumb","itemListElement":[{"@type":"ListItem","position":1,"name":"Accueil","item":"https:\/\/7culture.ci\/"},{"@type":"ListItem","position":2,"name":"\u00ab\u00a0Asha Festival, F\u00eate des m\u00e8res\u00a0\u00bb met les femmes rurales \u00e0 l\u2019honneur"}]},{"@type":"WebSite","@id":"https:\/\/7culture.ci\/#website","url":"https:\/\/7culture.ci\/","name":"7culture","description":"Tout sur l&#039;actualit\u00e9","publisher":{"@id":"https:\/\/7culture.ci\/#organization"},"potentialAction":[{"@type":"SearchAction","target":{"@type":"EntryPoint","urlTemplate":"https:\/\/7culture.ci\/?s={search_term_string}"},"query-input":"required name=search_term_string"}],"inLanguage":"fr-FR"},{"@type":"Organization","@id":"https:\/\/7culture.ci\/#organization","name":"7culture","url":"https:\/\/7culture.ci\/","sameAs":["https:\/\/www.facebook.com\/redchefclaude","https:\/\/twitter.com\/7culturec"],"logo":{"@type":"ImageObject","inLanguage":"fr-FR","@id":"https:\/\/7culture.ci\/#\/schema\/logo\/image\/","url":"https:\/\/7culture.ci\/wp-content\/uploads\/2021\/12\/S1a-1.png","contentUrl":"https:\/\/7culture.ci\/wp-content\/uploads\/2021\/12\/S1a-1.png","width":588,"height":192,"caption":"7culture"},"image":{"@id":"https:\/\/7culture.ci\/#\/schema\/logo\/image\/"}},{"@type":"Person","@id":"https:\/\/7culture.ci\/#\/schema\/person\/16150d28d7ef66ba788c1f87f28c4426","name":"7culture2020","image":{"@type":"ImageObject","inLanguage":"fr-FR","@id":"https:\/\/7culture.ci\/#\/schema\/person\/image\/","url":"https:\/\/secure.gravatar.com\/avatar\/9a0784f951306c37bcd065f52844ef95?s=96&d=mm&r=g","contentUrl":"https:\/\/secure.gravatar.com\/avatar\/9a0784f951306c37bcd065f52844ef95?s=96&d=mm&r=g","caption":"7culture2020"},"sameAs":["http:\/\/7culture.ci","Claude.kipre"],"url":"https:\/\/7culture.ci\/index.php\/author\/7culture2020\/"}]}},"jetpack_featured_media_url":"https:\/\/7culture.ci\/wp-content\/uploads\/2022\/04\/Asha10.jpg","jetpack_likes_enabled":true,"jetpack_sharing_enabled":true,"_links":{"self":[{"href":"https:\/\/7culture.ci\/index.php\/wp-json\/wp\/v2\/posts\/20811"}],"collection":[{"href":"https:\/\/7culture.ci\/index.php\/wp-json\/wp\/v2\/posts"}],"about":[{"href":"https:\/\/7culture.ci\/index.php\/wp-json\/wp\/v2\/types\/post"}],"author":[{"embeddable":true,"href":"https:\/\/7culture.ci\/index.php\/wp-json\/wp\/v2\/users\/1"}],"replies":[{"embeddable":true,"href":"https:\/\/7culture.ci\/index.php\/wp-json\/wp\/v2\/comments?post=20811"}],"version-history":[{"count":0,"href":"https:\/\/7culture.ci\/index.php\/wp-json\/wp\/v2\/posts\/20811\/revisions"}],"wp:featuredmedia":[{"embeddable":true,"href":"https:\/\/7culture.ci\/index.php\/wp-json\/wp\/v2\/media\/20812"}],"wp:attachment":[{"href":"https:\/\/7culture.ci\/index.php\/wp-json\/wp\/v2\/media?parent=20811"}],"wp:term":[{"taxonomy":"category","embeddable":true,"href":"https:\/\/7culture.ci\/index.php\/wp-json\/wp\/v2\/categories?post=20811"},{"taxonomy":"post_tag","embeddable":true,"href":"https:\/\/7culture.ci\/index.php\/wp-json\/wp\/v2\/tags?post=20811"}],"curies":[{"name":"wp","href":"https:\/\/api.w.org\/{rel}","templated":true}]}}