{"id":20803,"date":"2022-04-26T12:56:20","date_gmt":"2022-04-26T10:56:20","guid":{"rendered":"https:\/\/7culture.ci\/?p=20803"},"modified":"2022-04-26T19:00:02","modified_gmt":"2022-04-26T17:00:02","slug":"femua-14-le-president-felix-tshisekedi-a-recu-asalfo","status":"publish","type":"post","link":"https:\/\/7culture.ci\/index.php\/2022\/04\/26\/femua-14-le-president-felix-tshisekedi-a-recu-asalfo\/","title":{"rendered":"FEMUA 14\u00a0: le pr\u00e9sident F\u00e9lix Tshisekedi a re\u00e7u A\u2019Salfo"},"content":{"rendered":"\n<p>L\u2019\u00e9dition 14 du festival des musiques urbaines d\u2019Anoumabo (FEMUA) se tiendra du 10 au 15 mai 2022. A quelques semaines du plus grand \u00e9v\u00e8nement musical de C\u00f4te d\u2019Ivoire, le commissariat g\u00e9n\u00e9ral fait des mains et des pieds pour r\u00e9ussir une bonne f\u00eate. C\u2019est dans le cadre des pr\u00e9paratifs de la c\u00e9r\u00e9monie que Salif Traor\u00e9 dit A\u2019Salfo, le commissaire g\u00e9n\u00e9ral, a effectu\u00e9 un s\u00e9jour en R\u00e9publique d\u00e9mocratique du Congo. La RDC est le pays invit\u00e9 d\u2019honneur du FEMUA de cette ann\u00e9e. \u00ab&nbsp;<strong><em>Avant mon d\u00e9part de Kinshasa ce 25 avril, j\u2019ai \u00e9t\u00e9 re\u00e7u en audience par SEM F\u00e9lix Tshisekedi, pr\u00e9sident de la R\u00e9publique D\u00e9mocratique du Congo. C\u2019\u00e9tait l\u2019occasion pour moi de lui remettre officiellement l\u2019invitation de la RDC, Pays invit\u00e9 d\u2019honneur du&nbsp; FEMUA 14. En homme de culture averti, il a accueilli la nouvelle avec enthousiasme et promet faire de la participation du Congo une totale r\u00e9ussite<\/em><\/strong>&nbsp;\u00bb, a d\u00e9voil\u00e9 A\u2019Salfo sur sa page Facebook.<\/p>\n\n\n\n<p>Par Omar AK<\/p>\n","protected":false},"excerpt":{"rendered":"<p>L\u2019\u00e9dition 14 du festival des musiques urbaines d\u2019Anoumabo (FEMUA) se tiendra du 10 au 15 mai 2022. A quelques semaines du plus grand \u00e9v\u00e8nement musical de C\u00f4te d\u2019Ivoire, le commissariat g\u00e9n\u00e9ral fait des mains et des pieds pour r\u00e9ussir une bonne f\u00eate. C\u2019est dans le cadre des pr\u00e9paratifs de la c\u00e9r\u00e9monie que Salif Traor\u00e9 dit &hellip;<\/p>\n<p class=\"read-more\"> <a class=\"\" href=\"https:\/\/7culture.ci\/index.php\/2022\/04\/26\/femua-14-le-president-felix-tshisekedi-a-recu-asalfo\/\"> <span class=\"screen-reader-text\">FEMUA 14\u00a0: le pr\u00e9sident F\u00e9lix Tshisekedi a re\u00e7u A\u2019Salfo<\/span> Lire la suite\u00a0\u00bb<\/a><\/p>\n","protected":false},"author":1,"featured_media":20804,"comment_status":"open","ping_status":"open","sticky":false,"template":"","format":"standard","meta":{"_mi_skip_tracking":false,"_monsterinsights_sitenote_active":false,"_monsterinsights_sitenote_note":"","_monsterinsights_sitenote_category":0,"site-sidebar-layout":"default","site-content-layout":"default","ast-global-header-display":"","ast-main-header-display":"","ast-hfb-above-header-display":"","ast-hfb-below-header-display":"","ast-hfb-mobile-header-display":"","site-post-title":"","ast-breadcrumbs-content":"","ast-featured-img":"","footer-sml-layout":"","theme-transparent-header-meta":"","adv-header-id-meta":"","stick-header-meta":"","header-above-stick-meta":"","header-main-stick-meta":"","header-below-stick-meta":"","footnotes":"","jetpack_publicize_message":"","jetpack_is_tweetstorm":false,"jetpack_publicize_feature_enabled":true},"categories":[16],"tags":[],"jetpack_publicize_connections":[],"acf":[],"aioseo_notices":[],"yoast_head":"<!-- This site is optimized with the Yoast SEO plugin v19.6.1 - https:\/\/yoast.com\/wordpress\/plugins\/seo\/ -->\n<title>FEMUA 14\u00a0: le pr\u00e9sident F\u00e9lix Tshisekedi a re\u00e7u A\u2019Salfo -<\/title>\n<meta name=\"robots\" content=\"index, follow, max-snippet:-1, max-image-preview:large, max-video-preview:-1\" \/>\n<link rel=\"canonical\" href=\"https:\/\/7culture.ci\/index.php\/2022\/04\/26\/femua-14-le-president-felix-tshisekedi-a-recu-asalfo\/\" \/>\n<meta property=\"og:locale\" content=\"fr_FR\" \/>\n<meta property=\"og:type\" content=\"article\" \/>\n<meta property=\"og:title\" content=\"FEMUA 14\u00a0: le pr\u00e9sident F\u00e9lix Tshisekedi a re\u00e7u A\u2019Salfo -\" \/>\n<meta property=\"og:description\" content=\"L\u2019\u00e9dition 14 du festival des musiques urbaines d\u2019Anoumabo (FEMUA) se tiendra du 10 au 15 mai 2022. A quelques semaines du plus grand \u00e9v\u00e8nement musical de C\u00f4te d\u2019Ivoire, le commissariat g\u00e9n\u00e9ral fait des mains et des pieds pour r\u00e9ussir une bonne f\u00eate. C\u2019est dans le cadre des pr\u00e9paratifs de la c\u00e9r\u00e9monie que Salif Traor\u00e9 dit &hellip; FEMUA 14\u00a0: le pr\u00e9sident F\u00e9lix Tshisekedi a re\u00e7u A\u2019Salfo Lire la suite\u00a0\u00bb\" \/>\n<meta property=\"og:url\" content=\"https:\/\/7culture.ci\/index.php\/2022\/04\/26\/femua-14-le-president-felix-tshisekedi-a-recu-asalfo\/\" \/>\n<meta property=\"og:site_name\" content=\"7culture\" \/>\n<meta property=\"article:publisher\" content=\"https:\/\/www.facebook.com\/redchefclaude\" \/>\n<meta property=\"article:published_time\" content=\"2022-04-26T10:56:20+00:00\" \/>\n<meta property=\"article:modified_time\" content=\"2022-04-26T17:00:02+00:00\" \/>\n<meta property=\"og:image\" content=\"http:\/\/7culture.ci\/wp-content\/uploads\/2022\/04\/Asalfo-Felix-Tshisekedi-25-04-22.jpg\" \/>\n\t<meta property=\"og:image:width\" content=\"960\" \/>\n\t<meta property=\"og:image:height\" content=\"878\" \/>\n\t<meta property=\"og:image:type\" content=\"image\/jpeg\" \/>\n<meta name=\"author\" content=\"7culture2020\" \/>\n<meta name=\"twitter:card\" content=\"summary_large_image\" \/>\n<meta name=\"twitter:creator\" content=\"@7culturec\" \/>\n<meta name=\"twitter:site\" content=\"@7culturec\" \/>\n<meta name=\"twitter:label1\" content=\"\u00c9crit par\" \/>\n\t<meta name=\"twitter:data1\" content=\"7culture2020\" \/>\n\t<meta name=\"twitter:label2\" content=\"Dur\u00e9e de lecture estim\u00e9e\" \/>\n\t<meta name=\"twitter:data2\" content=\"1 minute\" \/>\n<script type=\"application\/ld+json\" class=\"yoast-schema-graph\">{\"@context\":\"https:\/\/schema.org\",\"@graph\":[{\"@type\":\"Article\",\"@id\":\"https:\/\/7culture.ci\/index.php\/2022\/04\/26\/femua-14-le-president-felix-tshisekedi-a-recu-asalfo\/#article\",\"isPartOf\":{\"@id\":\"https:\/\/7culture.ci\/index.php\/2022\/04\/26\/femua-14-le-president-felix-tshisekedi-a-recu-asalfo\/\"},\"author\":{\"name\":\"7culture2020\",\"@id\":\"https:\/\/7culture.ci\/#\/schema\/person\/16150d28d7ef66ba788c1f87f28c4426\"},\"headline\":\"FEMUA 14\u00a0: le pr\u00e9sident F\u00e9lix Tshisekedi a re\u00e7u A\u2019Salfo\",\"datePublished\":\"2022-04-26T10:56:20+00:00\",\"dateModified\":\"2022-04-26T17:00:02+00:00\",\"mainEntityOfPage\":{\"@id\":\"https:\/\/7culture.ci\/index.php\/2022\/04\/26\/femua-14-le-president-felix-tshisekedi-a-recu-asalfo\/\"},\"wordCount\":199,\"commentCount\":0,\"publisher\":{\"@id\":\"https:\/\/7culture.ci\/#organization\"},\"articleSection\":[\"Musique\"],\"inLanguage\":\"fr-FR\",\"potentialAction\":[{\"@type\":\"CommentAction\",\"name\":\"Comment\",\"target\":[\"https:\/\/7culture.ci\/index.php\/2022\/04\/26\/femua-14-le-president-felix-tshisekedi-a-recu-asalfo\/#respond\"]}]},{\"@type\":\"WebPage\",\"@id\":\"https:\/\/7culture.ci\/index.php\/2022\/04\/26\/femua-14-le-president-felix-tshisekedi-a-recu-asalfo\/\",\"url\":\"https:\/\/7culture.ci\/index.php\/2022\/04\/26\/femua-14-le-president-felix-tshisekedi-a-recu-asalfo\/\",\"name\":\"FEMUA 14\u00a0: le pr\u00e9sident F\u00e9lix Tshisekedi a re\u00e7u A\u2019Salfo -\",\"isPartOf\":{\"@id\":\"https:\/\/7culture.ci\/#website\"},\"datePublished\":\"2022-04-26T10:56:20+00:00\",\"dateModified\":\"2022-04-26T17:00:02+00:00\",\"breadcrumb\":{\"@id\":\"https:\/\/7culture.ci\/index.php\/2022\/04\/26\/femua-14-le-president-felix-tshisekedi-a-recu-asalfo\/#breadcrumb\"},\"inLanguage\":\"fr-FR\",\"potentialAction\":[{\"@type\":\"ReadAction\",\"target\":[\"https:\/\/7culture.ci\/index.php\/2022\/04\/26\/femua-14-le-president-felix-tshisekedi-a-recu-asalfo\/\"]}]},{\"@type\":\"BreadcrumbList\",\"@id\":\"https:\/\/7culture.ci\/index.php\/2022\/04\/26\/femua-14-le-president-felix-tshisekedi-a-recu-asalfo\/#breadcrumb\",\"itemListElement\":[{\"@type\":\"ListItem\",\"position\":1,\"name\":\"Accueil\",\"item\":\"https:\/\/7culture.ci\/\"},{\"@type\":\"ListItem\",\"position\":2,\"name\":\"FEMUA 14\u00a0: le pr\u00e9sident F\u00e9lix Tshisekedi a re\u00e7u A\u2019Salfo\"}]},{\"@type\":\"WebSite\",\"@id\":\"https:\/\/7culture.ci\/#website\",\"url\":\"https:\/\/7culture.ci\/\",\"name\":\"7culture\",\"description\":\"Tout sur l&#039;actualit\u00e9\",\"publisher\":{\"@id\":\"https:\/\/7culture.ci\/#organization\"},\"potentialAction\":[{\"@type\":\"SearchAction\",\"target\":{\"@type\":\"EntryPoint\",\"urlTemplate\":\"https:\/\/7culture.ci\/?s={search_term_string}\"},\"query-input\":\"required name=search_term_string\"}],\"inLanguage\":\"fr-FR\"},{\"@type\":\"Organization\",\"@id\":\"https:\/\/7culture.ci\/#organization\",\"name\":\"7culture\",\"url\":\"https:\/\/7culture.ci\/\",\"sameAs\":[\"https:\/\/www.facebook.com\/redchefclaude\",\"https:\/\/twitter.com\/7culturec\"],\"logo\":{\"@type\":\"ImageObject\",\"inLanguage\":\"fr-FR\",\"@id\":\"https:\/\/7culture.ci\/#\/schema\/logo\/image\/\",\"url\":\"https:\/\/7culture.ci\/wp-content\/uploads\/2021\/12\/S1a-1.png\",\"contentUrl\":\"https:\/\/7culture.ci\/wp-content\/uploads\/2021\/12\/S1a-1.png\",\"width\":588,\"height\":192,\"caption\":\"7culture\"},\"image\":{\"@id\":\"https:\/\/7culture.ci\/#\/schema\/logo\/image\/\"}},{\"@type\":\"Person\",\"@id\":\"https:\/\/7culture.ci\/#\/schema\/person\/16150d28d7ef66ba788c1f87f28c4426\",\"name\":\"7culture2020\",\"image\":{\"@type\":\"ImageObject\",\"inLanguage\":\"fr-FR\",\"@id\":\"https:\/\/7culture.ci\/#\/schema\/person\/image\/\",\"url\":\"https:\/\/secure.gravatar.com\/avatar\/9a0784f951306c37bcd065f52844ef95?s=96&d=mm&r=g\",\"contentUrl\":\"https:\/\/secure.gravatar.com\/avatar\/9a0784f951306c37bcd065f52844ef95?s=96&d=mm&r=g\",\"caption\":\"7culture2020\"},\"sameAs\":[\"http:\/\/7culture.ci\",\"Claude.kipre\"],\"url\":\"https:\/\/7culture.ci\/index.php\/author\/7culture2020\/\"}]}<\/script>\n<!-- \/ Yoast SEO plugin. -->","yoast_head_json":{"title":"FEMUA 14\u00a0: le pr\u00e9sident F\u00e9lix Tshisekedi a re\u00e7u A\u2019Salfo -","robots":{"index":"index","follow":"follow","max-snippet":"max-snippet:-1","max-image-preview":"max-image-preview:large","max-video-preview":"max-video-preview:-1"},"canonical":"https:\/\/7culture.ci\/index.php\/2022\/04\/26\/femua-14-le-president-felix-tshisekedi-a-recu-asalfo\/","og_locale":"fr_FR","og_type":"article","og_title":"FEMUA 14\u00a0: le pr\u00e9sident F\u00e9lix Tshisekedi a re\u00e7u A\u2019Salfo -","og_description":"L\u2019\u00e9dition 14 du festival des musiques urbaines d\u2019Anoumabo (FEMUA) se tiendra du 10 au 15 mai 2022. A quelques semaines du plus grand \u00e9v\u00e8nement musical de C\u00f4te d\u2019Ivoire, le commissariat g\u00e9n\u00e9ral fait des mains et des pieds pour r\u00e9ussir une bonne f\u00eate. C\u2019est dans le cadre des pr\u00e9paratifs de la c\u00e9r\u00e9monie que Salif Traor\u00e9 dit &hellip; FEMUA 14\u00a0: le pr\u00e9sident F\u00e9lix Tshisekedi a re\u00e7u A\u2019Salfo Lire la suite\u00a0\u00bb","og_url":"https:\/\/7culture.ci\/index.php\/2022\/04\/26\/femua-14-le-president-felix-tshisekedi-a-recu-asalfo\/","og_site_name":"7culture","article_publisher":"https:\/\/www.facebook.com\/redchefclaude","article_published_time":"2022-04-26T10:56:20+00:00","article_modified_time":"2022-04-26T17:00:02+00:00","og_image":[{"width":960,"height":878,"url":"http:\/\/7culture.ci\/wp-content\/uploads\/2022\/04\/Asalfo-Felix-Tshisekedi-25-04-22.jpg","type":"image\/jpeg"}],"author":"7culture2020","twitter_card":"summary_large_image","twitter_creator":"@7culturec","twitter_site":"@7culturec","twitter_misc":{"\u00c9crit par":"7culture2020","Dur\u00e9e de lecture estim\u00e9e":"1 minute"},"schema":{"@context":"https:\/\/schema.org","@graph":[{"@type":"Article","@id":"https:\/\/7culture.ci\/index.php\/2022\/04\/26\/femua-14-le-president-felix-tshisekedi-a-recu-asalfo\/#article","isPartOf":{"@id":"https:\/\/7culture.ci\/index.php\/2022\/04\/26\/femua-14-le-president-felix-tshisekedi-a-recu-asalfo\/"},"author":{"name":"7culture2020","@id":"https:\/\/7culture.ci\/#\/schema\/person\/16150d28d7ef66ba788c1f87f28c4426"},"headline":"FEMUA 14\u00a0: le pr\u00e9sident F\u00e9lix Tshisekedi a re\u00e7u A\u2019Salfo","datePublished":"2022-04-26T10:56:20+00:00","dateModified":"2022-04-26T17:00:02+00:00","mainEntityOfPage":{"@id":"https:\/\/7culture.ci\/index.php\/2022\/04\/26\/femua-14-le-president-felix-tshisekedi-a-recu-asalfo\/"},"wordCount":199,"commentCount":0,"publisher":{"@id":"https:\/\/7culture.ci\/#organization"},"articleSection":["Musique"],"inLanguage":"fr-FR","potentialAction":[{"@type":"CommentAction","name":"Comment","target":["https:\/\/7culture.ci\/index.php\/2022\/04\/26\/femua-14-le-president-felix-tshisekedi-a-recu-asalfo\/#respond"]}]},{"@type":"WebPage","@id":"https:\/\/7culture.ci\/index.php\/2022\/04\/26\/femua-14-le-president-felix-tshisekedi-a-recu-asalfo\/","url":"https:\/\/7culture.ci\/index.php\/2022\/04\/26\/femua-14-le-president-felix-tshisekedi-a-recu-asalfo\/","name":"FEMUA 14\u00a0: le pr\u00e9sident F\u00e9lix Tshisekedi a re\u00e7u A\u2019Salfo -","isPartOf":{"@id":"https:\/\/7culture.ci\/#website"},"datePublished":"2022-04-26T10:56:20+00:00","dateModified":"2022-04-26T17:00:02+00:00","breadcrumb":{"@id":"https:\/\/7culture.ci\/index.php\/2022\/04\/26\/femua-14-le-president-felix-tshisekedi-a-recu-asalfo\/#breadcrumb"},"inLanguage":"fr-FR","potentialAction":[{"@type":"ReadAction","target":["https:\/\/7culture.ci\/index.php\/2022\/04\/26\/femua-14-le-president-felix-tshisekedi-a-recu-asalfo\/"]}]},{"@type":"BreadcrumbList","@id":"https:\/\/7culture.ci\/index.php\/2022\/04\/26\/femua-14-le-president-felix-tshisekedi-a-recu-asalfo\/#breadcrumb","itemListElement":[{"@type":"ListItem","position":1,"name":"Accueil","item":"https:\/\/7culture.ci\/"},{"@type":"ListItem","position":2,"name":"FEMUA 14\u00a0: le pr\u00e9sident F\u00e9lix Tshisekedi a re\u00e7u A\u2019Salfo"}]},{"@type":"WebSite","@id":"https:\/\/7culture.ci\/#website","url":"https:\/\/7culture.ci\/","name":"7culture","description":"Tout sur l&#039;actualit\u00e9","publisher":{"@id":"https:\/\/7culture.ci\/#organization"},"potentialAction":[{"@type":"SearchAction","target":{"@type":"EntryPoint","urlTemplate":"https:\/\/7culture.ci\/?s={search_term_string}"},"query-input":"required name=search_term_string"}],"inLanguage":"fr-FR"},{"@type":"Organization","@id":"https:\/\/7culture.ci\/#organization","name":"7culture","url":"https:\/\/7culture.ci\/","sameAs":["https:\/\/www.facebook.com\/redchefclaude","https:\/\/twitter.com\/7culturec"],"logo":{"@type":"ImageObject","inLanguage":"fr-FR","@id":"https:\/\/7culture.ci\/#\/schema\/logo\/image\/","url":"https:\/\/7culture.ci\/wp-content\/uploads\/2021\/12\/S1a-1.png","contentUrl":"https:\/\/7culture.ci\/wp-content\/uploads\/2021\/12\/S1a-1.png","width":588,"height":192,"caption":"7culture"},"image":{"@id":"https:\/\/7culture.ci\/#\/schema\/logo\/image\/"}},{"@type":"Person","@id":"https:\/\/7culture.ci\/#\/schema\/person\/16150d28d7ef66ba788c1f87f28c4426","name":"7culture2020","image":{"@type":"ImageObject","inLanguage":"fr-FR","@id":"https:\/\/7culture.ci\/#\/schema\/person\/image\/","url":"https:\/\/secure.gravatar.com\/avatar\/9a0784f951306c37bcd065f52844ef95?s=96&d=mm&r=g","contentUrl":"https:\/\/secure.gravatar.com\/avatar\/9a0784f951306c37bcd065f52844ef95?s=96&d=mm&r=g","caption":"7culture2020"},"sameAs":["http:\/\/7culture.ci","Claude.kipre"],"url":"https:\/\/7culture.ci\/index.php\/author\/7culture2020\/"}]}},"jetpack_featured_media_url":"https:\/\/7culture.ci\/wp-content\/uploads\/2022\/04\/Asalfo-Felix-Tshisekedi-25-04-22.jpg","jetpack_likes_enabled":true,"jetpack_sharing_enabled":true,"_links":{"self":[{"href":"https:\/\/7culture.ci\/index.php\/wp-json\/wp\/v2\/posts\/20803"}],"collection":[{"href":"https:\/\/7culture.ci\/index.php\/wp-json\/wp\/v2\/posts"}],"about":[{"href":"https:\/\/7culture.ci\/index.php\/wp-json\/wp\/v2\/types\/post"}],"author":[{"embeddable":true,"href":"https:\/\/7culture.ci\/index.php\/wp-json\/wp\/v2\/users\/1"}],"replies":[{"embeddable":true,"href":"https:\/\/7culture.ci\/index.php\/wp-json\/wp\/v2\/comments?post=20803"}],"version-history":[{"count":0,"href":"https:\/\/7culture.ci\/index.php\/wp-json\/wp\/v2\/posts\/20803\/revisions"}],"wp:featuredmedia":[{"embeddable":true,"href":"https:\/\/7culture.ci\/index.php\/wp-json\/wp\/v2\/media\/20804"}],"wp:attachment":[{"href":"https:\/\/7culture.ci\/index.php\/wp-json\/wp\/v2\/media?parent=20803"}],"wp:term":[{"taxonomy":"category","embeddable":true,"href":"https:\/\/7culture.ci\/index.php\/wp-json\/wp\/v2\/categories?post=20803"},{"taxonomy":"post_tag","embeddable":true,"href":"https:\/\/7culture.ci\/index.php\/wp-json\/wp\/v2\/tags?post=20803"}],"curies":[{"name":"wp","href":"https:\/\/api.w.org\/{rel}","templated":true}]}}