{"id":20791,"date":"2022-04-26T12:28:04","date_gmt":"2022-04-26T10:28:04","guid":{"rendered":"https:\/\/7culture.ci\/?p=20791"},"modified":"2022-04-26T12:28:08","modified_gmt":"2022-04-26T10:28:08","slug":"hommage-asalfo-depose-une-gerbe-de-fleurs-sur-la-tombe-de-papa-wemba","status":"publish","type":"post","link":"https:\/\/7culture.ci\/index.php\/2022\/04\/26\/hommage-asalfo-depose-une-gerbe-de-fleurs-sur-la-tombe-de-papa-wemba\/","title":{"rendered":"Hommage\u00a0: A\u2019Salfo d\u00e9pose une gerbe de fleurs sur la tombe de Papa Wemba"},"content":{"rendered":"\n<p>Le 24 avril 2016, Papa Wemba a rendu l\u2019\u00e2me sur la sc\u00e8ne du Festival des musiques urbaines d\u2019Anoumabo (FEMUA). Six ans apr\u00e8s ce triste et tragique \u00e9v\u00e8nement, A\u2019Salfo, le commissaire g\u00e9n\u00e9ral s\u2019est rendu \u00e0 Kinshasa o\u00f9 il est all\u00e9 se recueillir sur la tombe de l\u2019ic\u00f4ne de la rumba congolaise. \u00ab\u00a0<strong><em>En ce jour comm\u00e9moratif du 6e anniversaire de sa disparition, aux c\u00f4t\u00e9s de sa famille, de Mme la ministre de la culture Catherine Kathungu Furaha, de son orchestre Viva la Musica, de ses coll\u00e8gues Felix Wazekwa et Reddy Amisi, je me suis rendu sur la tombe de feu Papa Wemba \u00e0 Kinshasa pour le d\u00e9p\u00f4t de gerbes de fleurs au nom du commissariat g\u00e9n\u00e9ral du FEMUA<\/em><\/strong>\u00a0\u00bb, a post\u00e9 A\u2019Salfo sur sa page Facebook. D\u00e9couvrez les images de la visite du Gaou magicien \u00e0 la derni\u00e8re demeure du roi de la sape.<\/p>\n\n\n\n<figure class=\"wp-block-gallery has-nested-images columns-default is-cropped wp-block-gallery-1 is-layout-flex wp-block-gallery-is-layout-flex\">\n<figure class=\"wp-block-image size-large\"><img loading=\"lazy\" decoding=\"async\" width=\"1024\" height=\"682\" data-id=\"20793\" src=\"https:\/\/7culture.ci\/wp-content\/uploads\/2022\/04\/A1-1024x682.jpg\" alt=\"\" class=\"wp-image-20793\" srcset=\"https:\/\/7culture.ci\/wp-content\/uploads\/2022\/04\/A1-1024x682.jpg 1024w, https:\/\/7culture.ci\/wp-content\/uploads\/2022\/04\/A1-300x200.jpg 300w, https:\/\/7culture.ci\/wp-content\/uploads\/2022\/04\/A1-768x512.jpg 768w, https:\/\/7culture.ci\/wp-content\/uploads\/2022\/04\/A1-1536x1023.jpg 1536w, https:\/\/7culture.ci\/wp-content\/uploads\/2022\/04\/A1.jpg 2048w\" sizes=\"(max-width: 1024px) 100vw, 1024px\" \/><\/figure>\n\n\n\n<figure class=\"wp-block-image size-large\"><img loading=\"lazy\" decoding=\"async\" width=\"1024\" height=\"682\" data-id=\"20794\" src=\"https:\/\/7culture.ci\/wp-content\/uploads\/2022\/04\/a2-1024x682.jpg\" alt=\"\" class=\"wp-image-20794\" srcset=\"https:\/\/7culture.ci\/wp-content\/uploads\/2022\/04\/a2-1024x682.jpg 1024w, https:\/\/7culture.ci\/wp-content\/uploads\/2022\/04\/a2-300x200.jpg 300w, https:\/\/7culture.ci\/wp-content\/uploads\/2022\/04\/a2-768x512.jpg 768w, https:\/\/7culture.ci\/wp-content\/uploads\/2022\/04\/a2-1536x1023.jpg 1536w, https:\/\/7culture.ci\/wp-content\/uploads\/2022\/04\/a2.jpg 2048w\" sizes=\"(max-width: 1024px) 100vw, 1024px\" \/><\/figure>\n\n\n\n<figure class=\"wp-block-image size-large\"><img loading=\"lazy\" decoding=\"async\" width=\"1024\" height=\"682\" data-id=\"20797\" src=\"https:\/\/7culture.ci\/wp-content\/uploads\/2022\/04\/a3-1024x682.jpg\" alt=\"\" class=\"wp-image-20797\" srcset=\"https:\/\/7culture.ci\/wp-content\/uploads\/2022\/04\/a3-1024x682.jpg 1024w, https:\/\/7culture.ci\/wp-content\/uploads\/2022\/04\/a3-300x200.jpg 300w, https:\/\/7culture.ci\/wp-content\/uploads\/2022\/04\/a3-768x512.jpg 768w, https:\/\/7culture.ci\/wp-content\/uploads\/2022\/04\/a3-1536x1023.jpg 1536w, https:\/\/7culture.ci\/wp-content\/uploads\/2022\/04\/a3.jpg 2048w\" sizes=\"(max-width: 1024px) 100vw, 1024px\" \/><\/figure>\n\n\n\n<figure class=\"wp-block-image size-large\"><img loading=\"lazy\" decoding=\"async\" width=\"733\" height=\"1024\" data-id=\"20801\" src=\"https:\/\/7culture.ci\/wp-content\/uploads\/2022\/04\/a5-733x1024.jpg\" alt=\"\" class=\"wp-image-20801\" srcset=\"https:\/\/7culture.ci\/wp-content\/uploads\/2022\/04\/a5-733x1024.jpg 733w, https:\/\/7culture.ci\/wp-content\/uploads\/2022\/04\/a5-215x300.jpg 215w, https:\/\/7culture.ci\/wp-content\/uploads\/2022\/04\/a5-768x1073.jpg 768w, https:\/\/7culture.ci\/wp-content\/uploads\/2022\/04\/a5-1100x1536.jpg 1100w, https:\/\/7culture.ci\/wp-content\/uploads\/2022\/04\/a5.jpg 1466w\" sizes=\"(max-width: 733px) 100vw, 733px\" \/><\/figure>\n\n\n\n<figure class=\"wp-block-image size-large\"><img loading=\"lazy\" decoding=\"async\" width=\"1024\" height=\"693\" data-id=\"20799\" src=\"https:\/\/7culture.ci\/wp-content\/uploads\/2022\/04\/a6-1024x693.jpg\" alt=\"\" class=\"wp-image-20799\" srcset=\"https:\/\/7culture.ci\/wp-content\/uploads\/2022\/04\/a6-1024x693.jpg 1024w, https:\/\/7culture.ci\/wp-content\/uploads\/2022\/04\/a6-300x203.jpg 300w, https:\/\/7culture.ci\/wp-content\/uploads\/2022\/04\/a6-768x520.jpg 768w, https:\/\/7culture.ci\/wp-content\/uploads\/2022\/04\/a6-1536x1040.jpg 1536w, https:\/\/7culture.ci\/wp-content\/uploads\/2022\/04\/a6.jpg 2048w\" sizes=\"(max-width: 1024px) 100vw, 1024px\" \/><\/figure>\n\n\n\n<figure class=\"wp-block-image size-large\"><img loading=\"lazy\" decoding=\"async\" width=\"1024\" height=\"682\" data-id=\"20796\" src=\"https:\/\/7culture.ci\/wp-content\/uploads\/2022\/04\/a8-1024x682.jpg\" alt=\"\" class=\"wp-image-20796\" srcset=\"https:\/\/7culture.ci\/wp-content\/uploads\/2022\/04\/a8-1024x682.jpg 1024w, https:\/\/7culture.ci\/wp-content\/uploads\/2022\/04\/a8-300x200.jpg 300w, https:\/\/7culture.ci\/wp-content\/uploads\/2022\/04\/a8-768x512.jpg 768w, https:\/\/7culture.ci\/wp-content\/uploads\/2022\/04\/a8-1536x1023.jpg 1536w, https:\/\/7culture.ci\/wp-content\/uploads\/2022\/04\/a8.jpg 2048w\" sizes=\"(max-width: 1024px) 100vw, 1024px\" \/><\/figure>\n\n\n\n<figure class=\"wp-block-image size-large\"><img loading=\"lazy\" decoding=\"async\" width=\"1024\" height=\"682\" data-id=\"20800\" src=\"https:\/\/7culture.ci\/wp-content\/uploads\/2022\/04\/a9-1024x682.jpg\" alt=\"\" class=\"wp-image-20800\" srcset=\"https:\/\/7culture.ci\/wp-content\/uploads\/2022\/04\/a9-1024x682.jpg 1024w, https:\/\/7culture.ci\/wp-content\/uploads\/2022\/04\/a9-300x200.jpg 300w, https:\/\/7culture.ci\/wp-content\/uploads\/2022\/04\/a9-768x512.jpg 768w, https:\/\/7culture.ci\/wp-content\/uploads\/2022\/04\/a9-1536x1023.jpg 1536w, https:\/\/7culture.ci\/wp-content\/uploads\/2022\/04\/a9.jpg 2048w\" sizes=\"(max-width: 1024px) 100vw, 1024px\" \/><\/figure>\n\n\n\n<figure class=\"wp-block-image size-large\"><img loading=\"lazy\" decoding=\"async\" width=\"682\" height=\"1024\" data-id=\"20798\" src=\"https:\/\/7culture.ci\/wp-content\/uploads\/2022\/04\/a10-682x1024.jpg\" alt=\"\" class=\"wp-image-20798\" srcset=\"https:\/\/7culture.ci\/wp-content\/uploads\/2022\/04\/a10-682x1024.jpg 682w, https:\/\/7culture.ci\/wp-content\/uploads\/2022\/04\/a10-200x300.jpg 200w, https:\/\/7culture.ci\/wp-content\/uploads\/2022\/04\/a10-768x1153.jpg 768w, https:\/\/7culture.ci\/wp-content\/uploads\/2022\/04\/a10-1023x1536.jpg 1023w, https:\/\/7culture.ci\/wp-content\/uploads\/2022\/04\/a10.jpg 1364w\" sizes=\"(max-width: 682px) 100vw, 682px\" \/><\/figure>\n\n\n\n<figure class=\"wp-block-image size-large\"><img loading=\"lazy\" decoding=\"async\" width=\"1024\" height=\"682\" data-id=\"20795\" src=\"https:\/\/7culture.ci\/wp-content\/uploads\/2022\/04\/a11-1024x682.jpg\" alt=\"\" class=\"wp-image-20795\" srcset=\"https:\/\/7culture.ci\/wp-content\/uploads\/2022\/04\/a11-1024x682.jpg 1024w, https:\/\/7culture.ci\/wp-content\/uploads\/2022\/04\/a11-300x200.jpg 300w, https:\/\/7culture.ci\/wp-content\/uploads\/2022\/04\/a11-768x512.jpg 768w, https:\/\/7culture.ci\/wp-content\/uploads\/2022\/04\/a11-1536x1023.jpg 1536w, https:\/\/7culture.ci\/wp-content\/uploads\/2022\/04\/a11.jpg 2048w\" sizes=\"(max-width: 1024px) 100vw, 1024px\" \/><\/figure>\n<\/figure>\n\n\n\n<p>Par Omar AK<\/p>\n","protected":false},"excerpt":{"rendered":"<p>Le 24 avril 2016, Papa Wemba a rendu l\u2019\u00e2me sur la sc\u00e8ne du Festival des musiques urbaines d\u2019Anoumabo (FEMUA). Six ans apr\u00e8s ce triste et tragique \u00e9v\u00e8nement, A\u2019Salfo, le commissaire g\u00e9n\u00e9ral s\u2019est rendu \u00e0 Kinshasa o\u00f9 il est all\u00e9 se recueillir sur la tombe de l\u2019ic\u00f4ne de la rumba congolaise. \u00ab\u00a0En ce jour comm\u00e9moratif du &hellip;<\/p>\n<p class=\"read-more\"> <a class=\"\" href=\"https:\/\/7culture.ci\/index.php\/2022\/04\/26\/hommage-asalfo-depose-une-gerbe-de-fleurs-sur-la-tombe-de-papa-wemba\/\"> <span class=\"screen-reader-text\">Hommage\u00a0: A\u2019Salfo d\u00e9pose une gerbe de fleurs sur la tombe de Papa Wemba<\/span> Lire la suite\u00a0\u00bb<\/a><\/p>\n","protected":false},"author":1,"featured_media":20792,"comment_status":"open","ping_status":"open","sticky":false,"template":"","format":"standard","meta":{"_mi_skip_tracking":false,"_monsterinsights_sitenote_active":false,"_monsterinsights_sitenote_note":"","_monsterinsights_sitenote_category":0,"site-sidebar-layout":"default","site-content-layout":"default","ast-global-header-display":"","ast-main-header-display":"","ast-hfb-above-header-display":"","ast-hfb-below-header-display":"","ast-hfb-mobile-header-display":"","site-post-title":"","ast-breadcrumbs-content":"","ast-featured-img":"","footer-sml-layout":"","theme-transparent-header-meta":"","adv-header-id-meta":"","stick-header-meta":"","header-above-stick-meta":"","header-main-stick-meta":"","header-below-stick-meta":"","footnotes":"","jetpack_publicize_message":"","jetpack_is_tweetstorm":false,"jetpack_publicize_feature_enabled":true},"categories":[43],"tags":[],"jetpack_publicize_connections":[],"acf":[],"aioseo_notices":[],"yoast_head":"<!-- This site is optimized with the Yoast SEO plugin v19.6.1 - https:\/\/yoast.com\/wordpress\/plugins\/seo\/ -->\n<title>Hommage\u00a0: A\u2019Salfo d\u00e9pose une gerbe de fleurs sur la tombe de Papa Wemba -<\/title>\n<meta name=\"robots\" content=\"index, follow, max-snippet:-1, max-image-preview:large, max-video-preview:-1\" \/>\n<link rel=\"canonical\" href=\"https:\/\/7culture.ci\/index.php\/2022\/04\/26\/hommage-asalfo-depose-une-gerbe-de-fleurs-sur-la-tombe-de-papa-wemba\/\" \/>\n<meta property=\"og:locale\" content=\"fr_FR\" \/>\n<meta property=\"og:type\" content=\"article\" \/>\n<meta property=\"og:title\" content=\"Hommage\u00a0: A\u2019Salfo d\u00e9pose une gerbe de fleurs sur la tombe de Papa Wemba -\" \/>\n<meta property=\"og:description\" content=\"Le 24 avril 2016, Papa Wemba a rendu l\u2019\u00e2me sur la sc\u00e8ne du Festival des musiques urbaines d\u2019Anoumabo (FEMUA). Six ans apr\u00e8s ce triste et tragique \u00e9v\u00e8nement, A\u2019Salfo, le commissaire g\u00e9n\u00e9ral s\u2019est rendu \u00e0 Kinshasa o\u00f9 il est all\u00e9 se recueillir sur la tombe de l\u2019ic\u00f4ne de la rumba congolaise. \u00ab\u00a0En ce jour comm\u00e9moratif du &hellip; Hommage\u00a0: A\u2019Salfo d\u00e9pose une gerbe de fleurs sur la tombe de Papa Wemba Lire la suite\u00a0\u00bb\" \/>\n<meta property=\"og:url\" content=\"https:\/\/7culture.ci\/index.php\/2022\/04\/26\/hommage-asalfo-depose-une-gerbe-de-fleurs-sur-la-tombe-de-papa-wemba\/\" \/>\n<meta property=\"og:site_name\" content=\"7culture\" \/>\n<meta property=\"article:publisher\" content=\"https:\/\/www.facebook.com\/redchefclaude\" \/>\n<meta property=\"article:published_time\" content=\"2022-04-26T10:28:04+00:00\" \/>\n<meta property=\"article:modified_time\" content=\"2022-04-26T10:28:08+00:00\" \/>\n<meta property=\"og:image\" content=\"http:\/\/7culture.ci\/wp-content\/uploads\/2022\/04\/1-2.jpg\" \/>\n\t<meta property=\"og:image:width\" content=\"2048\" \/>\n\t<meta property=\"og:image:height\" content=\"1364\" \/>\n\t<meta property=\"og:image:type\" content=\"image\/jpeg\" \/>\n<meta name=\"author\" content=\"7culture2020\" \/>\n<meta name=\"twitter:card\" content=\"summary_large_image\" \/>\n<meta name=\"twitter:creator\" content=\"@7culturec\" \/>\n<meta name=\"twitter:site\" content=\"@7culturec\" \/>\n<meta name=\"twitter:label1\" content=\"\u00c9crit par\" \/>\n\t<meta name=\"twitter:data1\" content=\"7culture2020\" \/>\n\t<meta name=\"twitter:label2\" content=\"Dur\u00e9e de lecture estim\u00e9e\" \/>\n\t<meta name=\"twitter:data2\" content=\"3 minutes\" \/>\n<script type=\"application\/ld+json\" class=\"yoast-schema-graph\">{\"@context\":\"https:\/\/schema.org\",\"@graph\":[{\"@type\":\"Article\",\"@id\":\"https:\/\/7culture.ci\/index.php\/2022\/04\/26\/hommage-asalfo-depose-une-gerbe-de-fleurs-sur-la-tombe-de-papa-wemba\/#article\",\"isPartOf\":{\"@id\":\"https:\/\/7culture.ci\/index.php\/2022\/04\/26\/hommage-asalfo-depose-une-gerbe-de-fleurs-sur-la-tombe-de-papa-wemba\/\"},\"author\":{\"name\":\"7culture2020\",\"@id\":\"https:\/\/7culture.ci\/#\/schema\/person\/16150d28d7ef66ba788c1f87f28c4426\"},\"headline\":\"Hommage\u00a0: A\u2019Salfo d\u00e9pose une gerbe de fleurs sur la tombe de Papa Wemba\",\"datePublished\":\"2022-04-26T10:28:04+00:00\",\"dateModified\":\"2022-04-26T10:28:08+00:00\",\"mainEntityOfPage\":{\"@id\":\"https:\/\/7culture.ci\/index.php\/2022\/04\/26\/hommage-asalfo-depose-une-gerbe-de-fleurs-sur-la-tombe-de-papa-wemba\/\"},\"wordCount\":176,\"commentCount\":0,\"publisher\":{\"@id\":\"https:\/\/7culture.ci\/#organization\"},\"articleSection\":[\"Album photo\"],\"inLanguage\":\"fr-FR\",\"potentialAction\":[{\"@type\":\"CommentAction\",\"name\":\"Comment\",\"target\":[\"https:\/\/7culture.ci\/index.php\/2022\/04\/26\/hommage-asalfo-depose-une-gerbe-de-fleurs-sur-la-tombe-de-papa-wemba\/#respond\"]}]},{\"@type\":\"WebPage\",\"@id\":\"https:\/\/7culture.ci\/index.php\/2022\/04\/26\/hommage-asalfo-depose-une-gerbe-de-fleurs-sur-la-tombe-de-papa-wemba\/\",\"url\":\"https:\/\/7culture.ci\/index.php\/2022\/04\/26\/hommage-asalfo-depose-une-gerbe-de-fleurs-sur-la-tombe-de-papa-wemba\/\",\"name\":\"Hommage\u00a0: A\u2019Salfo d\u00e9pose une gerbe de fleurs sur la tombe de Papa Wemba -\",\"isPartOf\":{\"@id\":\"https:\/\/7culture.ci\/#website\"},\"datePublished\":\"2022-04-26T10:28:04+00:00\",\"dateModified\":\"2022-04-26T10:28:08+00:00\",\"breadcrumb\":{\"@id\":\"https:\/\/7culture.ci\/index.php\/2022\/04\/26\/hommage-asalfo-depose-une-gerbe-de-fleurs-sur-la-tombe-de-papa-wemba\/#breadcrumb\"},\"inLanguage\":\"fr-FR\",\"potentialAction\":[{\"@type\":\"ReadAction\",\"target\":[\"https:\/\/7culture.ci\/index.php\/2022\/04\/26\/hommage-asalfo-depose-une-gerbe-de-fleurs-sur-la-tombe-de-papa-wemba\/\"]}]},{\"@type\":\"BreadcrumbList\",\"@id\":\"https:\/\/7culture.ci\/index.php\/2022\/04\/26\/hommage-asalfo-depose-une-gerbe-de-fleurs-sur-la-tombe-de-papa-wemba\/#breadcrumb\",\"itemListElement\":[{\"@type\":\"ListItem\",\"position\":1,\"name\":\"Accueil\",\"item\":\"https:\/\/7culture.ci\/\"},{\"@type\":\"ListItem\",\"position\":2,\"name\":\"Hommage\u00a0: A\u2019Salfo d\u00e9pose une gerbe de fleurs sur la tombe de Papa Wemba\"}]},{\"@type\":\"WebSite\",\"@id\":\"https:\/\/7culture.ci\/#website\",\"url\":\"https:\/\/7culture.ci\/\",\"name\":\"7culture\",\"description\":\"Tout sur l&#039;actualit\u00e9\",\"publisher\":{\"@id\":\"https:\/\/7culture.ci\/#organization\"},\"potentialAction\":[{\"@type\":\"SearchAction\",\"target\":{\"@type\":\"EntryPoint\",\"urlTemplate\":\"https:\/\/7culture.ci\/?s={search_term_string}\"},\"query-input\":\"required name=search_term_string\"}],\"inLanguage\":\"fr-FR\"},{\"@type\":\"Organization\",\"@id\":\"https:\/\/7culture.ci\/#organization\",\"name\":\"7culture\",\"url\":\"https:\/\/7culture.ci\/\",\"sameAs\":[\"https:\/\/www.facebook.com\/redchefclaude\",\"https:\/\/twitter.com\/7culturec\"],\"logo\":{\"@type\":\"ImageObject\",\"inLanguage\":\"fr-FR\",\"@id\":\"https:\/\/7culture.ci\/#\/schema\/logo\/image\/\",\"url\":\"https:\/\/7culture.ci\/wp-content\/uploads\/2021\/12\/S1a-1.png\",\"contentUrl\":\"https:\/\/7culture.ci\/wp-content\/uploads\/2021\/12\/S1a-1.png\",\"width\":588,\"height\":192,\"caption\":\"7culture\"},\"image\":{\"@id\":\"https:\/\/7culture.ci\/#\/schema\/logo\/image\/\"}},{\"@type\":\"Person\",\"@id\":\"https:\/\/7culture.ci\/#\/schema\/person\/16150d28d7ef66ba788c1f87f28c4426\",\"name\":\"7culture2020\",\"image\":{\"@type\":\"ImageObject\",\"inLanguage\":\"fr-FR\",\"@id\":\"https:\/\/7culture.ci\/#\/schema\/person\/image\/\",\"url\":\"https:\/\/secure.gravatar.com\/avatar\/9a0784f951306c37bcd065f52844ef95?s=96&d=mm&r=g\",\"contentUrl\":\"https:\/\/secure.gravatar.com\/avatar\/9a0784f951306c37bcd065f52844ef95?s=96&d=mm&r=g\",\"caption\":\"7culture2020\"},\"sameAs\":[\"http:\/\/7culture.ci\",\"Claude.kipre\"],\"url\":\"https:\/\/7culture.ci\/index.php\/author\/7culture2020\/\"}]}<\/script>\n<!-- \/ Yoast SEO plugin. -->","yoast_head_json":{"title":"Hommage\u00a0: A\u2019Salfo d\u00e9pose une gerbe de fleurs sur la tombe de Papa Wemba -","robots":{"index":"index","follow":"follow","max-snippet":"max-snippet:-1","max-image-preview":"max-image-preview:large","max-video-preview":"max-video-preview:-1"},"canonical":"https:\/\/7culture.ci\/index.php\/2022\/04\/26\/hommage-asalfo-depose-une-gerbe-de-fleurs-sur-la-tombe-de-papa-wemba\/","og_locale":"fr_FR","og_type":"article","og_title":"Hommage\u00a0: A\u2019Salfo d\u00e9pose une gerbe de fleurs sur la tombe de Papa Wemba -","og_description":"Le 24 avril 2016, Papa Wemba a rendu l\u2019\u00e2me sur la sc\u00e8ne du Festival des musiques urbaines d\u2019Anoumabo (FEMUA). Six ans apr\u00e8s ce triste et tragique \u00e9v\u00e8nement, A\u2019Salfo, le commissaire g\u00e9n\u00e9ral s\u2019est rendu \u00e0 Kinshasa o\u00f9 il est all\u00e9 se recueillir sur la tombe de l\u2019ic\u00f4ne de la rumba congolaise. \u00ab\u00a0En ce jour comm\u00e9moratif du &hellip; Hommage\u00a0: A\u2019Salfo d\u00e9pose une gerbe de fleurs sur la tombe de Papa Wemba Lire la suite\u00a0\u00bb","og_url":"https:\/\/7culture.ci\/index.php\/2022\/04\/26\/hommage-asalfo-depose-une-gerbe-de-fleurs-sur-la-tombe-de-papa-wemba\/","og_site_name":"7culture","article_publisher":"https:\/\/www.facebook.com\/redchefclaude","article_published_time":"2022-04-26T10:28:04+00:00","article_modified_time":"2022-04-26T10:28:08+00:00","og_image":[{"width":2048,"height":1364,"url":"http:\/\/7culture.ci\/wp-content\/uploads\/2022\/04\/1-2.jpg","type":"image\/jpeg"}],"author":"7culture2020","twitter_card":"summary_large_image","twitter_creator":"@7culturec","twitter_site":"@7culturec","twitter_misc":{"\u00c9crit par":"7culture2020","Dur\u00e9e de lecture estim\u00e9e":"3 minutes"},"schema":{"@context":"https:\/\/schema.org","@graph":[{"@type":"Article","@id":"https:\/\/7culture.ci\/index.php\/2022\/04\/26\/hommage-asalfo-depose-une-gerbe-de-fleurs-sur-la-tombe-de-papa-wemba\/#article","isPartOf":{"@id":"https:\/\/7culture.ci\/index.php\/2022\/04\/26\/hommage-asalfo-depose-une-gerbe-de-fleurs-sur-la-tombe-de-papa-wemba\/"},"author":{"name":"7culture2020","@id":"https:\/\/7culture.ci\/#\/schema\/person\/16150d28d7ef66ba788c1f87f28c4426"},"headline":"Hommage\u00a0: A\u2019Salfo d\u00e9pose une gerbe de fleurs sur la tombe de Papa Wemba","datePublished":"2022-04-26T10:28:04+00:00","dateModified":"2022-04-26T10:28:08+00:00","mainEntityOfPage":{"@id":"https:\/\/7culture.ci\/index.php\/2022\/04\/26\/hommage-asalfo-depose-une-gerbe-de-fleurs-sur-la-tombe-de-papa-wemba\/"},"wordCount":176,"commentCount":0,"publisher":{"@id":"https:\/\/7culture.ci\/#organization"},"articleSection":["Album photo"],"inLanguage":"fr-FR","potentialAction":[{"@type":"CommentAction","name":"Comment","target":["https:\/\/7culture.ci\/index.php\/2022\/04\/26\/hommage-asalfo-depose-une-gerbe-de-fleurs-sur-la-tombe-de-papa-wemba\/#respond"]}]},{"@type":"WebPage","@id":"https:\/\/7culture.ci\/index.php\/2022\/04\/26\/hommage-asalfo-depose-une-gerbe-de-fleurs-sur-la-tombe-de-papa-wemba\/","url":"https:\/\/7culture.ci\/index.php\/2022\/04\/26\/hommage-asalfo-depose-une-gerbe-de-fleurs-sur-la-tombe-de-papa-wemba\/","name":"Hommage\u00a0: A\u2019Salfo d\u00e9pose une gerbe de fleurs sur la tombe de Papa Wemba -","isPartOf":{"@id":"https:\/\/7culture.ci\/#website"},"datePublished":"2022-04-26T10:28:04+00:00","dateModified":"2022-04-26T10:28:08+00:00","breadcrumb":{"@id":"https:\/\/7culture.ci\/index.php\/2022\/04\/26\/hommage-asalfo-depose-une-gerbe-de-fleurs-sur-la-tombe-de-papa-wemba\/#breadcrumb"},"inLanguage":"fr-FR","potentialAction":[{"@type":"ReadAction","target":["https:\/\/7culture.ci\/index.php\/2022\/04\/26\/hommage-asalfo-depose-une-gerbe-de-fleurs-sur-la-tombe-de-papa-wemba\/"]}]},{"@type":"BreadcrumbList","@id":"https:\/\/7culture.ci\/index.php\/2022\/04\/26\/hommage-asalfo-depose-une-gerbe-de-fleurs-sur-la-tombe-de-papa-wemba\/#breadcrumb","itemListElement":[{"@type":"ListItem","position":1,"name":"Accueil","item":"https:\/\/7culture.ci\/"},{"@type":"ListItem","position":2,"name":"Hommage\u00a0: A\u2019Salfo d\u00e9pose une gerbe de fleurs sur la tombe de Papa Wemba"}]},{"@type":"WebSite","@id":"https:\/\/7culture.ci\/#website","url":"https:\/\/7culture.ci\/","name":"7culture","description":"Tout sur l&#039;actualit\u00e9","publisher":{"@id":"https:\/\/7culture.ci\/#organization"},"potentialAction":[{"@type":"SearchAction","target":{"@type":"EntryPoint","urlTemplate":"https:\/\/7culture.ci\/?s={search_term_string}"},"query-input":"required name=search_term_string"}],"inLanguage":"fr-FR"},{"@type":"Organization","@id":"https:\/\/7culture.ci\/#organization","name":"7culture","url":"https:\/\/7culture.ci\/","sameAs":["https:\/\/www.facebook.com\/redchefclaude","https:\/\/twitter.com\/7culturec"],"logo":{"@type":"ImageObject","inLanguage":"fr-FR","@id":"https:\/\/7culture.ci\/#\/schema\/logo\/image\/","url":"https:\/\/7culture.ci\/wp-content\/uploads\/2021\/12\/S1a-1.png","contentUrl":"https:\/\/7culture.ci\/wp-content\/uploads\/2021\/12\/S1a-1.png","width":588,"height":192,"caption":"7culture"},"image":{"@id":"https:\/\/7culture.ci\/#\/schema\/logo\/image\/"}},{"@type":"Person","@id":"https:\/\/7culture.ci\/#\/schema\/person\/16150d28d7ef66ba788c1f87f28c4426","name":"7culture2020","image":{"@type":"ImageObject","inLanguage":"fr-FR","@id":"https:\/\/7culture.ci\/#\/schema\/person\/image\/","url":"https:\/\/secure.gravatar.com\/avatar\/9a0784f951306c37bcd065f52844ef95?s=96&d=mm&r=g","contentUrl":"https:\/\/secure.gravatar.com\/avatar\/9a0784f951306c37bcd065f52844ef95?s=96&d=mm&r=g","caption":"7culture2020"},"sameAs":["http:\/\/7culture.ci","Claude.kipre"],"url":"https:\/\/7culture.ci\/index.php\/author\/7culture2020\/"}]}},"jetpack_featured_media_url":"https:\/\/7culture.ci\/wp-content\/uploads\/2022\/04\/1-2.jpg","jetpack_likes_enabled":true,"jetpack_sharing_enabled":true,"_links":{"self":[{"href":"https:\/\/7culture.ci\/index.php\/wp-json\/wp\/v2\/posts\/20791"}],"collection":[{"href":"https:\/\/7culture.ci\/index.php\/wp-json\/wp\/v2\/posts"}],"about":[{"href":"https:\/\/7culture.ci\/index.php\/wp-json\/wp\/v2\/types\/post"}],"author":[{"embeddable":true,"href":"https:\/\/7culture.ci\/index.php\/wp-json\/wp\/v2\/users\/1"}],"replies":[{"embeddable":true,"href":"https:\/\/7culture.ci\/index.php\/wp-json\/wp\/v2\/comments?post=20791"}],"version-history":[{"count":0,"href":"https:\/\/7culture.ci\/index.php\/wp-json\/wp\/v2\/posts\/20791\/revisions"}],"wp:featuredmedia":[{"embeddable":true,"href":"https:\/\/7culture.ci\/index.php\/wp-json\/wp\/v2\/media\/20792"}],"wp:attachment":[{"href":"https:\/\/7culture.ci\/index.php\/wp-json\/wp\/v2\/media?parent=20791"}],"wp:term":[{"taxonomy":"category","embeddable":true,"href":"https:\/\/7culture.ci\/index.php\/wp-json\/wp\/v2\/categories?post=20791"},{"taxonomy":"post_tag","embeddable":true,"href":"https:\/\/7culture.ci\/index.php\/wp-json\/wp\/v2\/tags?post=20791"}],"curies":[{"name":"wp","href":"https:\/\/api.w.org\/{rel}","templated":true}]}}