{"id":20786,"date":"2022-04-25T19:30:26","date_gmt":"2022-04-25T17:30:26","guid":{"rendered":"https:\/\/7culture.ci\/?p=20786"},"modified":"2022-04-26T12:58:15","modified_gmt":"2022-04-26T10:58:15","slug":"passation-de-charges-chaudes-poignees-de-mains-entre-mmes-remarck-et-kouame-nguessan","status":"publish","type":"post","link":"https:\/\/7culture.ci\/index.php\/2022\/04\/25\/passation-de-charges-chaudes-poignees-de-mains-entre-mmes-remarck-et-kouame-nguessan\/","title":{"rendered":"Passation de charges\u00a0: Chaudes poign\u00e9es de mains entre Mmes Remarck et Kouam\u00e9 N\u2019guessan"},"content":{"rendered":"\n<p>Nomm\u00e9e ministre de la Culture et de la Francophonie le mercredi 20 avril dernier par le premier ministre Patrick Achi, Fran\u00e7oise Remarck a pris les r\u00eanes de son d\u00e9partement des mains de Harlette Badou Kouam\u00e9 N\u2019guessan, ministre sortante de la Culture et de l\u2019Industrie des Arts et du spectacle. C\u2019\u00e9tait ce lundi 25 avril au 22<sup>e<\/sup> \u00e9tage de la Tour E \u00e0 la Cit\u00e9 administrative, au cours de la passation des charges assur\u00e9e Moussa Siddick Soumahoro, repr\u00e9sentant le secr\u00e9tariat g\u00e9n\u00e9ral du gouvernement.<\/p>\n\n\n\n<div class=\"wp-block-image\"><figure class=\"aligncenter size-large is-resized\"><img loading=\"lazy\" decoding=\"async\" src=\"https:\/\/7culture.ci\/wp-content\/uploads\/2022\/04\/WhatsApp-Image-2022-04-25-at-17.00.26-1-1024x768.jpeg\" alt=\"\" class=\"wp-image-20788\" width=\"690\" height=\"517\" srcset=\"https:\/\/7culture.ci\/wp-content\/uploads\/2022\/04\/WhatsApp-Image-2022-04-25-at-17.00.26-1-1024x768.jpeg 1024w, https:\/\/7culture.ci\/wp-content\/uploads\/2022\/04\/WhatsApp-Image-2022-04-25-at-17.00.26-1-300x225.jpeg 300w, https:\/\/7culture.ci\/wp-content\/uploads\/2022\/04\/WhatsApp-Image-2022-04-25-at-17.00.26-1-768x576.jpeg 768w, https:\/\/7culture.ci\/wp-content\/uploads\/2022\/04\/WhatsApp-Image-2022-04-25-at-17.00.26-1.jpeg 1080w\" sizes=\"(max-width: 690px) 100vw, 690px\" \/><\/figure><\/div>\n\n\n\n<p>Apr\u00e8s avoir fait le point de ses actions \u00e0 la t\u00eate du minist\u00e8re de la Culture et de l\u2019Industrie des Arts et du spectacle, Mme Harlette Kouam\u00e9 N\u2019guessan a souhait\u00e9 plein succ\u00e8s \u00e0 Fran\u00e7oise Remarck, d\u00e9sormais ministre de la Culture et de la Francophonie. Prenant la parole \u00e0 son tour, Mme Remarck a remerci\u00e9 sa pr\u00e9d\u00e9cesseure pour l\u2019immense travail abattu pour donner plus de la visibilit\u00e9 au d\u00e9partement culturel de la C\u00f4te d\u2019Ivoire.<\/p>\n\n\n\n<p>Par Omar AK<\/p>\n","protected":false},"excerpt":{"rendered":"<p>Nomm\u00e9e ministre de la Culture et de la Francophonie le mercredi 20 avril dernier par le premier ministre Patrick Achi, Fran\u00e7oise Remarck a pris les r\u00eanes de son d\u00e9partement des mains de Harlette Badou Kouam\u00e9 N\u2019guessan, ministre sortante de la Culture et de l\u2019Industrie des Arts et du spectacle. C\u2019\u00e9tait ce lundi 25 avril au &hellip;<\/p>\n<p class=\"read-more\"> <a class=\"\" href=\"https:\/\/7culture.ci\/index.php\/2022\/04\/25\/passation-de-charges-chaudes-poignees-de-mains-entre-mmes-remarck-et-kouame-nguessan\/\"> <span class=\"screen-reader-text\">Passation de charges\u00a0: Chaudes poign\u00e9es de mains entre Mmes Remarck et Kouam\u00e9 N\u2019guessan<\/span> Lire la suite\u00a0\u00bb<\/a><\/p>\n","protected":false},"author":1,"featured_media":20787,"comment_status":"open","ping_status":"open","sticky":false,"template":"","format":"standard","meta":{"_mi_skip_tracking":false,"_monsterinsights_sitenote_active":false,"_monsterinsights_sitenote_note":"","_monsterinsights_sitenote_category":0,"site-sidebar-layout":"default","site-content-layout":"default","ast-global-header-display":"","ast-main-header-display":"","ast-hfb-above-header-display":"","ast-hfb-below-header-display":"","ast-hfb-mobile-header-display":"","site-post-title":"","ast-breadcrumbs-content":"","ast-featured-img":"","footer-sml-layout":"","theme-transparent-header-meta":"","adv-header-id-meta":"","stick-header-meta":"","header-above-stick-meta":"","header-main-stick-meta":"","header-below-stick-meta":"","footnotes":"","jetpack_publicize_message":"","jetpack_is_tweetstorm":false,"jetpack_publicize_feature_enabled":true},"categories":[22],"tags":[],"jetpack_publicize_connections":[],"acf":[],"aioseo_notices":[],"yoast_head":"<!-- This site is optimized with the Yoast SEO plugin v19.6.1 - https:\/\/yoast.com\/wordpress\/plugins\/seo\/ -->\n<title>Passation de charges\u00a0: Chaudes poign\u00e9es de mains entre Mmes Remarck et Kouam\u00e9 N\u2019guessan -<\/title>\n<meta name=\"robots\" content=\"index, follow, max-snippet:-1, max-image-preview:large, max-video-preview:-1\" \/>\n<link rel=\"canonical\" href=\"https:\/\/7culture.ci\/index.php\/2022\/04\/25\/passation-de-charges-chaudes-poignees-de-mains-entre-mmes-remarck-et-kouame-nguessan\/\" \/>\n<meta property=\"og:locale\" content=\"fr_FR\" \/>\n<meta property=\"og:type\" content=\"article\" \/>\n<meta property=\"og:title\" content=\"Passation de charges\u00a0: Chaudes poign\u00e9es de mains entre Mmes Remarck et Kouam\u00e9 N\u2019guessan -\" \/>\n<meta property=\"og:description\" content=\"Nomm\u00e9e ministre de la Culture et de la Francophonie le mercredi 20 avril dernier par le premier ministre Patrick Achi, Fran\u00e7oise Remarck a pris les r\u00eanes de son d\u00e9partement des mains de Harlette Badou Kouam\u00e9 N\u2019guessan, ministre sortante de la Culture et de l\u2019Industrie des Arts et du spectacle. C\u2019\u00e9tait ce lundi 25 avril au &hellip; Passation de charges\u00a0: Chaudes poign\u00e9es de mains entre Mmes Remarck et Kouam\u00e9 N\u2019guessan Lire la suite\u00a0\u00bb\" \/>\n<meta property=\"og:url\" content=\"https:\/\/7culture.ci\/index.php\/2022\/04\/25\/passation-de-charges-chaudes-poignees-de-mains-entre-mmes-remarck-et-kouame-nguessan\/\" \/>\n<meta property=\"og:site_name\" content=\"7culture\" \/>\n<meta property=\"article:publisher\" content=\"https:\/\/www.facebook.com\/redchefclaude\" \/>\n<meta property=\"article:published_time\" content=\"2022-04-25T17:30:26+00:00\" \/>\n<meta property=\"article:modified_time\" content=\"2022-04-26T10:58:15+00:00\" \/>\n<meta property=\"og:image\" content=\"http:\/\/7culture.ci\/wp-content\/uploads\/2022\/04\/Francoise-Harlette1.jpeg\" \/>\n\t<meta property=\"og:image:width\" content=\"745\" \/>\n\t<meta property=\"og:image:height\" content=\"734\" \/>\n\t<meta property=\"og:image:type\" content=\"image\/jpeg\" \/>\n<meta name=\"author\" content=\"7culture2020\" \/>\n<meta name=\"twitter:card\" content=\"summary_large_image\" \/>\n<meta name=\"twitter:creator\" content=\"@7culturec\" \/>\n<meta name=\"twitter:site\" content=\"@7culturec\" \/>\n<meta name=\"twitter:label1\" content=\"\u00c9crit par\" \/>\n\t<meta name=\"twitter:data1\" content=\"7culture2020\" \/>\n\t<meta name=\"twitter:label2\" content=\"Dur\u00e9e de lecture estim\u00e9e\" \/>\n\t<meta name=\"twitter:data2\" content=\"2 minutes\" \/>\n<script type=\"application\/ld+json\" class=\"yoast-schema-graph\">{\"@context\":\"https:\/\/schema.org\",\"@graph\":[{\"@type\":\"Article\",\"@id\":\"https:\/\/7culture.ci\/index.php\/2022\/04\/25\/passation-de-charges-chaudes-poignees-de-mains-entre-mmes-remarck-et-kouame-nguessan\/#article\",\"isPartOf\":{\"@id\":\"https:\/\/7culture.ci\/index.php\/2022\/04\/25\/passation-de-charges-chaudes-poignees-de-mains-entre-mmes-remarck-et-kouame-nguessan\/\"},\"author\":{\"name\":\"7culture2020\",\"@id\":\"https:\/\/7culture.ci\/#\/schema\/person\/16150d28d7ef66ba788c1f87f28c4426\"},\"headline\":\"Passation de charges\u00a0: Chaudes poign\u00e9es de mains entre Mmes Remarck et Kouam\u00e9 N\u2019guessan\",\"datePublished\":\"2022-04-25T17:30:26+00:00\",\"dateModified\":\"2022-04-26T10:58:15+00:00\",\"mainEntityOfPage\":{\"@id\":\"https:\/\/7culture.ci\/index.php\/2022\/04\/25\/passation-de-charges-chaudes-poignees-de-mains-entre-mmes-remarck-et-kouame-nguessan\/\"},\"wordCount\":193,\"commentCount\":0,\"publisher\":{\"@id\":\"https:\/\/7culture.ci\/#organization\"},\"articleSection\":[\"Actualit\u00e9\"],\"inLanguage\":\"fr-FR\",\"potentialAction\":[{\"@type\":\"CommentAction\",\"name\":\"Comment\",\"target\":[\"https:\/\/7culture.ci\/index.php\/2022\/04\/25\/passation-de-charges-chaudes-poignees-de-mains-entre-mmes-remarck-et-kouame-nguessan\/#respond\"]}]},{\"@type\":\"WebPage\",\"@id\":\"https:\/\/7culture.ci\/index.php\/2022\/04\/25\/passation-de-charges-chaudes-poignees-de-mains-entre-mmes-remarck-et-kouame-nguessan\/\",\"url\":\"https:\/\/7culture.ci\/index.php\/2022\/04\/25\/passation-de-charges-chaudes-poignees-de-mains-entre-mmes-remarck-et-kouame-nguessan\/\",\"name\":\"Passation de charges\u00a0: Chaudes poign\u00e9es de mains entre Mmes Remarck et Kouam\u00e9 N\u2019guessan -\",\"isPartOf\":{\"@id\":\"https:\/\/7culture.ci\/#website\"},\"datePublished\":\"2022-04-25T17:30:26+00:00\",\"dateModified\":\"2022-04-26T10:58:15+00:00\",\"breadcrumb\":{\"@id\":\"https:\/\/7culture.ci\/index.php\/2022\/04\/25\/passation-de-charges-chaudes-poignees-de-mains-entre-mmes-remarck-et-kouame-nguessan\/#breadcrumb\"},\"inLanguage\":\"fr-FR\",\"potentialAction\":[{\"@type\":\"ReadAction\",\"target\":[\"https:\/\/7culture.ci\/index.php\/2022\/04\/25\/passation-de-charges-chaudes-poignees-de-mains-entre-mmes-remarck-et-kouame-nguessan\/\"]}]},{\"@type\":\"BreadcrumbList\",\"@id\":\"https:\/\/7culture.ci\/index.php\/2022\/04\/25\/passation-de-charges-chaudes-poignees-de-mains-entre-mmes-remarck-et-kouame-nguessan\/#breadcrumb\",\"itemListElement\":[{\"@type\":\"ListItem\",\"position\":1,\"name\":\"Accueil\",\"item\":\"https:\/\/7culture.ci\/\"},{\"@type\":\"ListItem\",\"position\":2,\"name\":\"Passation de charges\u00a0: Chaudes poign\u00e9es de mains entre Mmes Remarck et Kouam\u00e9 N\u2019guessan\"}]},{\"@type\":\"WebSite\",\"@id\":\"https:\/\/7culture.ci\/#website\",\"url\":\"https:\/\/7culture.ci\/\",\"name\":\"7culture\",\"description\":\"Tout sur l&#039;actualit\u00e9\",\"publisher\":{\"@id\":\"https:\/\/7culture.ci\/#organization\"},\"potentialAction\":[{\"@type\":\"SearchAction\",\"target\":{\"@type\":\"EntryPoint\",\"urlTemplate\":\"https:\/\/7culture.ci\/?s={search_term_string}\"},\"query-input\":\"required name=search_term_string\"}],\"inLanguage\":\"fr-FR\"},{\"@type\":\"Organization\",\"@id\":\"https:\/\/7culture.ci\/#organization\",\"name\":\"7culture\",\"url\":\"https:\/\/7culture.ci\/\",\"sameAs\":[\"https:\/\/www.facebook.com\/redchefclaude\",\"https:\/\/twitter.com\/7culturec\"],\"logo\":{\"@type\":\"ImageObject\",\"inLanguage\":\"fr-FR\",\"@id\":\"https:\/\/7culture.ci\/#\/schema\/logo\/image\/\",\"url\":\"https:\/\/7culture.ci\/wp-content\/uploads\/2021\/12\/S1a-1.png\",\"contentUrl\":\"https:\/\/7culture.ci\/wp-content\/uploads\/2021\/12\/S1a-1.png\",\"width\":588,\"height\":192,\"caption\":\"7culture\"},\"image\":{\"@id\":\"https:\/\/7culture.ci\/#\/schema\/logo\/image\/\"}},{\"@type\":\"Person\",\"@id\":\"https:\/\/7culture.ci\/#\/schema\/person\/16150d28d7ef66ba788c1f87f28c4426\",\"name\":\"7culture2020\",\"image\":{\"@type\":\"ImageObject\",\"inLanguage\":\"fr-FR\",\"@id\":\"https:\/\/7culture.ci\/#\/schema\/person\/image\/\",\"url\":\"https:\/\/secure.gravatar.com\/avatar\/9a0784f951306c37bcd065f52844ef95?s=96&d=mm&r=g\",\"contentUrl\":\"https:\/\/secure.gravatar.com\/avatar\/9a0784f951306c37bcd065f52844ef95?s=96&d=mm&r=g\",\"caption\":\"7culture2020\"},\"sameAs\":[\"http:\/\/7culture.ci\",\"Claude.kipre\"],\"url\":\"https:\/\/7culture.ci\/index.php\/author\/7culture2020\/\"}]}<\/script>\n<!-- \/ Yoast SEO plugin. -->","yoast_head_json":{"title":"Passation de charges\u00a0: Chaudes poign\u00e9es de mains entre Mmes Remarck et Kouam\u00e9 N\u2019guessan -","robots":{"index":"index","follow":"follow","max-snippet":"max-snippet:-1","max-image-preview":"max-image-preview:large","max-video-preview":"max-video-preview:-1"},"canonical":"https:\/\/7culture.ci\/index.php\/2022\/04\/25\/passation-de-charges-chaudes-poignees-de-mains-entre-mmes-remarck-et-kouame-nguessan\/","og_locale":"fr_FR","og_type":"article","og_title":"Passation de charges\u00a0: Chaudes poign\u00e9es de mains entre Mmes Remarck et Kouam\u00e9 N\u2019guessan -","og_description":"Nomm\u00e9e ministre de la Culture et de la Francophonie le mercredi 20 avril dernier par le premier ministre Patrick Achi, Fran\u00e7oise Remarck a pris les r\u00eanes de son d\u00e9partement des mains de Harlette Badou Kouam\u00e9 N\u2019guessan, ministre sortante de la Culture et de l\u2019Industrie des Arts et du spectacle. C\u2019\u00e9tait ce lundi 25 avril au &hellip; Passation de charges\u00a0: Chaudes poign\u00e9es de mains entre Mmes Remarck et Kouam\u00e9 N\u2019guessan Lire la suite\u00a0\u00bb","og_url":"https:\/\/7culture.ci\/index.php\/2022\/04\/25\/passation-de-charges-chaudes-poignees-de-mains-entre-mmes-remarck-et-kouame-nguessan\/","og_site_name":"7culture","article_publisher":"https:\/\/www.facebook.com\/redchefclaude","article_published_time":"2022-04-25T17:30:26+00:00","article_modified_time":"2022-04-26T10:58:15+00:00","og_image":[{"width":745,"height":734,"url":"http:\/\/7culture.ci\/wp-content\/uploads\/2022\/04\/Francoise-Harlette1.jpeg","type":"image\/jpeg"}],"author":"7culture2020","twitter_card":"summary_large_image","twitter_creator":"@7culturec","twitter_site":"@7culturec","twitter_misc":{"\u00c9crit par":"7culture2020","Dur\u00e9e de lecture estim\u00e9e":"2 minutes"},"schema":{"@context":"https:\/\/schema.org","@graph":[{"@type":"Article","@id":"https:\/\/7culture.ci\/index.php\/2022\/04\/25\/passation-de-charges-chaudes-poignees-de-mains-entre-mmes-remarck-et-kouame-nguessan\/#article","isPartOf":{"@id":"https:\/\/7culture.ci\/index.php\/2022\/04\/25\/passation-de-charges-chaudes-poignees-de-mains-entre-mmes-remarck-et-kouame-nguessan\/"},"author":{"name":"7culture2020","@id":"https:\/\/7culture.ci\/#\/schema\/person\/16150d28d7ef66ba788c1f87f28c4426"},"headline":"Passation de charges\u00a0: Chaudes poign\u00e9es de mains entre Mmes Remarck et Kouam\u00e9 N\u2019guessan","datePublished":"2022-04-25T17:30:26+00:00","dateModified":"2022-04-26T10:58:15+00:00","mainEntityOfPage":{"@id":"https:\/\/7culture.ci\/index.php\/2022\/04\/25\/passation-de-charges-chaudes-poignees-de-mains-entre-mmes-remarck-et-kouame-nguessan\/"},"wordCount":193,"commentCount":0,"publisher":{"@id":"https:\/\/7culture.ci\/#organization"},"articleSection":["Actualit\u00e9"],"inLanguage":"fr-FR","potentialAction":[{"@type":"CommentAction","name":"Comment","target":["https:\/\/7culture.ci\/index.php\/2022\/04\/25\/passation-de-charges-chaudes-poignees-de-mains-entre-mmes-remarck-et-kouame-nguessan\/#respond"]}]},{"@type":"WebPage","@id":"https:\/\/7culture.ci\/index.php\/2022\/04\/25\/passation-de-charges-chaudes-poignees-de-mains-entre-mmes-remarck-et-kouame-nguessan\/","url":"https:\/\/7culture.ci\/index.php\/2022\/04\/25\/passation-de-charges-chaudes-poignees-de-mains-entre-mmes-remarck-et-kouame-nguessan\/","name":"Passation de charges\u00a0: Chaudes poign\u00e9es de mains entre Mmes Remarck et Kouam\u00e9 N\u2019guessan -","isPartOf":{"@id":"https:\/\/7culture.ci\/#website"},"datePublished":"2022-04-25T17:30:26+00:00","dateModified":"2022-04-26T10:58:15+00:00","breadcrumb":{"@id":"https:\/\/7culture.ci\/index.php\/2022\/04\/25\/passation-de-charges-chaudes-poignees-de-mains-entre-mmes-remarck-et-kouame-nguessan\/#breadcrumb"},"inLanguage":"fr-FR","potentialAction":[{"@type":"ReadAction","target":["https:\/\/7culture.ci\/index.php\/2022\/04\/25\/passation-de-charges-chaudes-poignees-de-mains-entre-mmes-remarck-et-kouame-nguessan\/"]}]},{"@type":"BreadcrumbList","@id":"https:\/\/7culture.ci\/index.php\/2022\/04\/25\/passation-de-charges-chaudes-poignees-de-mains-entre-mmes-remarck-et-kouame-nguessan\/#breadcrumb","itemListElement":[{"@type":"ListItem","position":1,"name":"Accueil","item":"https:\/\/7culture.ci\/"},{"@type":"ListItem","position":2,"name":"Passation de charges\u00a0: Chaudes poign\u00e9es de mains entre Mmes Remarck et Kouam\u00e9 N\u2019guessan"}]},{"@type":"WebSite","@id":"https:\/\/7culture.ci\/#website","url":"https:\/\/7culture.ci\/","name":"7culture","description":"Tout sur l&#039;actualit\u00e9","publisher":{"@id":"https:\/\/7culture.ci\/#organization"},"potentialAction":[{"@type":"SearchAction","target":{"@type":"EntryPoint","urlTemplate":"https:\/\/7culture.ci\/?s={search_term_string}"},"query-input":"required name=search_term_string"}],"inLanguage":"fr-FR"},{"@type":"Organization","@id":"https:\/\/7culture.ci\/#organization","name":"7culture","url":"https:\/\/7culture.ci\/","sameAs":["https:\/\/www.facebook.com\/redchefclaude","https:\/\/twitter.com\/7culturec"],"logo":{"@type":"ImageObject","inLanguage":"fr-FR","@id":"https:\/\/7culture.ci\/#\/schema\/logo\/image\/","url":"https:\/\/7culture.ci\/wp-content\/uploads\/2021\/12\/S1a-1.png","contentUrl":"https:\/\/7culture.ci\/wp-content\/uploads\/2021\/12\/S1a-1.png","width":588,"height":192,"caption":"7culture"},"image":{"@id":"https:\/\/7culture.ci\/#\/schema\/logo\/image\/"}},{"@type":"Person","@id":"https:\/\/7culture.ci\/#\/schema\/person\/16150d28d7ef66ba788c1f87f28c4426","name":"7culture2020","image":{"@type":"ImageObject","inLanguage":"fr-FR","@id":"https:\/\/7culture.ci\/#\/schema\/person\/image\/","url":"https:\/\/secure.gravatar.com\/avatar\/9a0784f951306c37bcd065f52844ef95?s=96&d=mm&r=g","contentUrl":"https:\/\/secure.gravatar.com\/avatar\/9a0784f951306c37bcd065f52844ef95?s=96&d=mm&r=g","caption":"7culture2020"},"sameAs":["http:\/\/7culture.ci","Claude.kipre"],"url":"https:\/\/7culture.ci\/index.php\/author\/7culture2020\/"}]}},"jetpack_featured_media_url":"https:\/\/7culture.ci\/wp-content\/uploads\/2022\/04\/Francoise-Harlette1.jpeg","jetpack_likes_enabled":true,"jetpack_sharing_enabled":true,"_links":{"self":[{"href":"https:\/\/7culture.ci\/index.php\/wp-json\/wp\/v2\/posts\/20786"}],"collection":[{"href":"https:\/\/7culture.ci\/index.php\/wp-json\/wp\/v2\/posts"}],"about":[{"href":"https:\/\/7culture.ci\/index.php\/wp-json\/wp\/v2\/types\/post"}],"author":[{"embeddable":true,"href":"https:\/\/7culture.ci\/index.php\/wp-json\/wp\/v2\/users\/1"}],"replies":[{"embeddable":true,"href":"https:\/\/7culture.ci\/index.php\/wp-json\/wp\/v2\/comments?post=20786"}],"version-history":[{"count":0,"href":"https:\/\/7culture.ci\/index.php\/wp-json\/wp\/v2\/posts\/20786\/revisions"}],"wp:featuredmedia":[{"embeddable":true,"href":"https:\/\/7culture.ci\/index.php\/wp-json\/wp\/v2\/media\/20787"}],"wp:attachment":[{"href":"https:\/\/7culture.ci\/index.php\/wp-json\/wp\/v2\/media?parent=20786"}],"wp:term":[{"taxonomy":"category","embeddable":true,"href":"https:\/\/7culture.ci\/index.php\/wp-json\/wp\/v2\/categories?post=20786"},{"taxonomy":"post_tag","embeddable":true,"href":"https:\/\/7culture.ci\/index.php\/wp-json\/wp\/v2\/tags?post=20786"}],"curies":[{"name":"wp","href":"https:\/\/api.w.org\/{rel}","templated":true}]}}