{"id":20765,"date":"2022-04-22T19:50:10","date_gmt":"2022-04-22T17:50:10","guid":{"rendered":"https:\/\/7culture.ci\/?p=20765"},"modified":"2022-04-25T16:57:37","modified_gmt":"2022-04-25T14:57:37","slug":"presidence-de-la-fif-qui-presidera-la-faitiere-du-football-ivoirien","status":"publish","type":"post","link":"https:\/\/7culture.ci\/index.php\/2022\/04\/22\/presidence-de-la-fif-qui-presidera-la-faitiere-du-football-ivoirien\/","title":{"rendered":"Pr\u00e9sidence de la FIF\u00a0: qui pr\u00e9sidera la faiti\u00e8re du football ivoirien\u00a0?"},"content":{"rendered":"\n<p>Les \u00e9lections \u00e0 la pr\u00e9sidence de la F\u00e9d\u00e9ration Ivoirienne de Football (FIF) auront lieu le samedi 23 avril 2022 \u00e0 partir de 10H \u00e0 la Fondation F\u00e9lix Houphou\u00ebt-Boigny pour la recherche de la Paix. Trois candidats sont en liste pour la succession de feu Augustin Sidy Diallo. Ce sont notamment Sory Diabat\u00e9, Yacine Idriss Diallo et Didier Drogba. Pour d\u00e9partager les postulants, 81 membres devront s&#8217;exprimer pour \u00e9lire le nouveau pr\u00e9sident de la FIF ainsi que le pr\u00e9sident, le vice-pr\u00e9sident et les membres de la Commission de Gouvernance, d&#8217;Audit et Conformit\u00e9.<\/p>\n\n\n\n<div class=\"wp-block-image\"><figure class=\"aligncenter size-full is-resized\"><img loading=\"lazy\" decoding=\"async\" src=\"https:\/\/7culture.ci\/wp-content\/uploads\/2022\/04\/Fif1.jpg\" alt=\"\" class=\"wp-image-20767\" width=\"451\" height=\"677\" srcset=\"https:\/\/7culture.ci\/wp-content\/uploads\/2022\/04\/Fif1.jpg 640w, https:\/\/7culture.ci\/wp-content\/uploads\/2022\/04\/Fif1-200x300.jpg 200w\" sizes=\"(max-width: 451px) 100vw, 451px\" \/><\/figure><\/div>\n\n\n\n<p>Par OAK<\/p>\n","protected":false},"excerpt":{"rendered":"<p>Les \u00e9lections \u00e0 la pr\u00e9sidence de la F\u00e9d\u00e9ration Ivoirienne de Football (FIF) auront lieu le samedi 23 avril 2022 \u00e0 partir de 10H \u00e0 la Fondation F\u00e9lix Houphou\u00ebt-Boigny pour la recherche de la Paix. Trois candidats sont en liste pour la succession de feu Augustin Sidy Diallo. Ce sont notamment Sory Diabat\u00e9, Yacine Idriss Diallo &hellip;<\/p>\n<p class=\"read-more\"> <a class=\"\" href=\"https:\/\/7culture.ci\/index.php\/2022\/04\/22\/presidence-de-la-fif-qui-presidera-la-faitiere-du-football-ivoirien\/\"> <span class=\"screen-reader-text\">Pr\u00e9sidence de la FIF\u00a0: qui pr\u00e9sidera la faiti\u00e8re du football ivoirien\u00a0?<\/span> Lire la suite\u00a0\u00bb<\/a><\/p>\n","protected":false},"author":1,"featured_media":20766,"comment_status":"open","ping_status":"open","sticky":false,"template":"","format":"standard","meta":{"_mi_skip_tracking":false,"_monsterinsights_sitenote_active":false,"_monsterinsights_sitenote_note":"","_monsterinsights_sitenote_category":0,"site-sidebar-layout":"default","site-content-layout":"default","ast-global-header-display":"","ast-main-header-display":"","ast-hfb-above-header-display":"","ast-hfb-below-header-display":"","ast-hfb-mobile-header-display":"","site-post-title":"","ast-breadcrumbs-content":"","ast-featured-img":"","footer-sml-layout":"","theme-transparent-header-meta":"","adv-header-id-meta":"","stick-header-meta":"","header-above-stick-meta":"","header-main-stick-meta":"","header-below-stick-meta":"","footnotes":"","jetpack_publicize_message":"","jetpack_is_tweetstorm":false,"jetpack_publicize_feature_enabled":true},"categories":[22],"tags":[],"jetpack_publicize_connections":[],"acf":[],"aioseo_notices":[],"yoast_head":"<!-- This site is optimized with the Yoast SEO plugin v19.6.1 - https:\/\/yoast.com\/wordpress\/plugins\/seo\/ -->\n<title>Pr\u00e9sidence de la FIF\u00a0: qui pr\u00e9sidera la faiti\u00e8re du football ivoirien\u00a0? - 7culture<\/title>\n<meta name=\"robots\" content=\"index, follow, max-snippet:-1, max-image-preview:large, max-video-preview:-1\" \/>\n<link rel=\"canonical\" href=\"https:\/\/7culture.ci\/index.php\/2022\/04\/22\/presidence-de-la-fif-qui-presidera-la-faitiere-du-football-ivoirien\/\" \/>\n<meta property=\"og:locale\" content=\"fr_FR\" \/>\n<meta property=\"og:type\" content=\"article\" \/>\n<meta property=\"og:title\" content=\"Pr\u00e9sidence de la FIF\u00a0: qui pr\u00e9sidera la faiti\u00e8re du football ivoirien\u00a0? - 7culture\" \/>\n<meta property=\"og:description\" content=\"Les \u00e9lections \u00e0 la pr\u00e9sidence de la F\u00e9d\u00e9ration Ivoirienne de Football (FIF) auront lieu le samedi 23 avril 2022 \u00e0 partir de 10H \u00e0 la Fondation F\u00e9lix Houphou\u00ebt-Boigny pour la recherche de la Paix. Trois candidats sont en liste pour la succession de feu Augustin Sidy Diallo. Ce sont notamment Sory Diabat\u00e9, Yacine Idriss Diallo &hellip; Pr\u00e9sidence de la FIF\u00a0: qui pr\u00e9sidera la faiti\u00e8re du football ivoirien\u00a0? Lire la suite\u00a0\u00bb\" \/>\n<meta property=\"og:url\" content=\"https:\/\/7culture.ci\/index.php\/2022\/04\/22\/presidence-de-la-fif-qui-presidera-la-faitiere-du-football-ivoirien\/\" \/>\n<meta property=\"og:site_name\" content=\"7culture\" \/>\n<meta property=\"article:publisher\" content=\"https:\/\/www.facebook.com\/redchefclaude\" \/>\n<meta property=\"article:published_time\" content=\"2022-04-22T17:50:10+00:00\" \/>\n<meta property=\"article:modified_time\" content=\"2022-04-25T14:57:37+00:00\" \/>\n<meta property=\"og:image\" content=\"http:\/\/7culture.ci\/wp-content\/uploads\/2022\/04\/Fif2.jpg\" \/>\n\t<meta property=\"og:image:width\" content=\"960\" \/>\n\t<meta property=\"og:image:height\" content=\"768\" \/>\n\t<meta property=\"og:image:type\" content=\"image\/jpeg\" \/>\n<meta name=\"author\" content=\"7culture2020\" \/>\n<meta name=\"twitter:card\" content=\"summary_large_image\" \/>\n<meta name=\"twitter:creator\" content=\"@7culturec\" \/>\n<meta name=\"twitter:site\" content=\"@7culturec\" \/>\n<meta name=\"twitter:label1\" content=\"\u00c9crit par\" \/>\n\t<meta name=\"twitter:data1\" content=\"7culture2020\" \/>\n\t<meta name=\"twitter:label2\" content=\"Dur\u00e9e de lecture estim\u00e9e\" \/>\n\t<meta name=\"twitter:data2\" content=\"1 minute\" \/>\n<script type=\"application\/ld+json\" class=\"yoast-schema-graph\">{\"@context\":\"https:\/\/schema.org\",\"@graph\":[{\"@type\":\"Article\",\"@id\":\"https:\/\/7culture.ci\/index.php\/2022\/04\/22\/presidence-de-la-fif-qui-presidera-la-faitiere-du-football-ivoirien\/#article\",\"isPartOf\":{\"@id\":\"https:\/\/7culture.ci\/index.php\/2022\/04\/22\/presidence-de-la-fif-qui-presidera-la-faitiere-du-football-ivoirien\/\"},\"author\":{\"name\":\"7culture2020\",\"@id\":\"https:\/\/7culture.ci\/#\/schema\/person\/16150d28d7ef66ba788c1f87f28c4426\"},\"headline\":\"Pr\u00e9sidence de la FIF\u00a0: qui pr\u00e9sidera la faiti\u00e8re du football ivoirien\u00a0?\",\"datePublished\":\"2022-04-22T17:50:10+00:00\",\"dateModified\":\"2022-04-25T14:57:37+00:00\",\"mainEntityOfPage\":{\"@id\":\"https:\/\/7culture.ci\/index.php\/2022\/04\/22\/presidence-de-la-fif-qui-presidera-la-faitiere-du-football-ivoirien\/\"},\"wordCount\":110,\"commentCount\":0,\"publisher\":{\"@id\":\"https:\/\/7culture.ci\/#organization\"},\"articleSection\":[\"Actualit\u00e9\"],\"inLanguage\":\"fr-FR\",\"potentialAction\":[{\"@type\":\"CommentAction\",\"name\":\"Comment\",\"target\":[\"https:\/\/7culture.ci\/index.php\/2022\/04\/22\/presidence-de-la-fif-qui-presidera-la-faitiere-du-football-ivoirien\/#respond\"]}]},{\"@type\":\"WebPage\",\"@id\":\"https:\/\/7culture.ci\/index.php\/2022\/04\/22\/presidence-de-la-fif-qui-presidera-la-faitiere-du-football-ivoirien\/\",\"url\":\"https:\/\/7culture.ci\/index.php\/2022\/04\/22\/presidence-de-la-fif-qui-presidera-la-faitiere-du-football-ivoirien\/\",\"name\":\"Pr\u00e9sidence de la FIF\u00a0: qui pr\u00e9sidera la faiti\u00e8re du football ivoirien\u00a0? - 7culture\",\"isPartOf\":{\"@id\":\"https:\/\/7culture.ci\/#website\"},\"datePublished\":\"2022-04-22T17:50:10+00:00\",\"dateModified\":\"2022-04-25T14:57:37+00:00\",\"breadcrumb\":{\"@id\":\"https:\/\/7culture.ci\/index.php\/2022\/04\/22\/presidence-de-la-fif-qui-presidera-la-faitiere-du-football-ivoirien\/#breadcrumb\"},\"inLanguage\":\"fr-FR\",\"potentialAction\":[{\"@type\":\"ReadAction\",\"target\":[\"https:\/\/7culture.ci\/index.php\/2022\/04\/22\/presidence-de-la-fif-qui-presidera-la-faitiere-du-football-ivoirien\/\"]}]},{\"@type\":\"BreadcrumbList\",\"@id\":\"https:\/\/7culture.ci\/index.php\/2022\/04\/22\/presidence-de-la-fif-qui-presidera-la-faitiere-du-football-ivoirien\/#breadcrumb\",\"itemListElement\":[{\"@type\":\"ListItem\",\"position\":1,\"name\":\"Accueil\",\"item\":\"https:\/\/7culture.ci\/\"},{\"@type\":\"ListItem\",\"position\":2,\"name\":\"Pr\u00e9sidence de la FIF\u00a0: qui pr\u00e9sidera la faiti\u00e8re du football ivoirien\u00a0?\"}]},{\"@type\":\"WebSite\",\"@id\":\"https:\/\/7culture.ci\/#website\",\"url\":\"https:\/\/7culture.ci\/\",\"name\":\"7culture\",\"description\":\"Tout sur l&#039;actualit\u00e9\",\"publisher\":{\"@id\":\"https:\/\/7culture.ci\/#organization\"},\"potentialAction\":[{\"@type\":\"SearchAction\",\"target\":{\"@type\":\"EntryPoint\",\"urlTemplate\":\"https:\/\/7culture.ci\/?s={search_term_string}\"},\"query-input\":\"required name=search_term_string\"}],\"inLanguage\":\"fr-FR\"},{\"@type\":\"Organization\",\"@id\":\"https:\/\/7culture.ci\/#organization\",\"name\":\"7culture\",\"url\":\"https:\/\/7culture.ci\/\",\"sameAs\":[\"https:\/\/www.facebook.com\/redchefclaude\",\"https:\/\/twitter.com\/7culturec\"],\"logo\":{\"@type\":\"ImageObject\",\"inLanguage\":\"fr-FR\",\"@id\":\"https:\/\/7culture.ci\/#\/schema\/logo\/image\/\",\"url\":\"https:\/\/7culture.ci\/wp-content\/uploads\/2021\/12\/S1a-1.png\",\"contentUrl\":\"https:\/\/7culture.ci\/wp-content\/uploads\/2021\/12\/S1a-1.png\",\"width\":588,\"height\":192,\"caption\":\"7culture\"},\"image\":{\"@id\":\"https:\/\/7culture.ci\/#\/schema\/logo\/image\/\"}},{\"@type\":\"Person\",\"@id\":\"https:\/\/7culture.ci\/#\/schema\/person\/16150d28d7ef66ba788c1f87f28c4426\",\"name\":\"7culture2020\",\"image\":{\"@type\":\"ImageObject\",\"inLanguage\":\"fr-FR\",\"@id\":\"https:\/\/7culture.ci\/#\/schema\/person\/image\/\",\"url\":\"https:\/\/secure.gravatar.com\/avatar\/9a0784f951306c37bcd065f52844ef95?s=96&d=mm&r=g\",\"contentUrl\":\"https:\/\/secure.gravatar.com\/avatar\/9a0784f951306c37bcd065f52844ef95?s=96&d=mm&r=g\",\"caption\":\"7culture2020\"},\"sameAs\":[\"http:\/\/7culture.ci\",\"Claude.kipre\"],\"url\":\"https:\/\/7culture.ci\/index.php\/author\/7culture2020\/\"}]}<\/script>\n<!-- \/ Yoast SEO plugin. -->","yoast_head_json":{"title":"Pr\u00e9sidence de la FIF\u00a0: qui pr\u00e9sidera la faiti\u00e8re du football ivoirien\u00a0? - 7culture","robots":{"index":"index","follow":"follow","max-snippet":"max-snippet:-1","max-image-preview":"max-image-preview:large","max-video-preview":"max-video-preview:-1"},"canonical":"https:\/\/7culture.ci\/index.php\/2022\/04\/22\/presidence-de-la-fif-qui-presidera-la-faitiere-du-football-ivoirien\/","og_locale":"fr_FR","og_type":"article","og_title":"Pr\u00e9sidence de la FIF\u00a0: qui pr\u00e9sidera la faiti\u00e8re du football ivoirien\u00a0? - 7culture","og_description":"Les \u00e9lections \u00e0 la pr\u00e9sidence de la F\u00e9d\u00e9ration Ivoirienne de Football (FIF) auront lieu le samedi 23 avril 2022 \u00e0 partir de 10H \u00e0 la Fondation F\u00e9lix Houphou\u00ebt-Boigny pour la recherche de la Paix. Trois candidats sont en liste pour la succession de feu Augustin Sidy Diallo. Ce sont notamment Sory Diabat\u00e9, Yacine Idriss Diallo &hellip; Pr\u00e9sidence de la FIF\u00a0: qui pr\u00e9sidera la faiti\u00e8re du football ivoirien\u00a0? Lire la suite\u00a0\u00bb","og_url":"https:\/\/7culture.ci\/index.php\/2022\/04\/22\/presidence-de-la-fif-qui-presidera-la-faitiere-du-football-ivoirien\/","og_site_name":"7culture","article_publisher":"https:\/\/www.facebook.com\/redchefclaude","article_published_time":"2022-04-22T17:50:10+00:00","article_modified_time":"2022-04-25T14:57:37+00:00","og_image":[{"width":960,"height":768,"url":"http:\/\/7culture.ci\/wp-content\/uploads\/2022\/04\/Fif2.jpg","type":"image\/jpeg"}],"author":"7culture2020","twitter_card":"summary_large_image","twitter_creator":"@7culturec","twitter_site":"@7culturec","twitter_misc":{"\u00c9crit par":"7culture2020","Dur\u00e9e de lecture estim\u00e9e":"1 minute"},"schema":{"@context":"https:\/\/schema.org","@graph":[{"@type":"Article","@id":"https:\/\/7culture.ci\/index.php\/2022\/04\/22\/presidence-de-la-fif-qui-presidera-la-faitiere-du-football-ivoirien\/#article","isPartOf":{"@id":"https:\/\/7culture.ci\/index.php\/2022\/04\/22\/presidence-de-la-fif-qui-presidera-la-faitiere-du-football-ivoirien\/"},"author":{"name":"7culture2020","@id":"https:\/\/7culture.ci\/#\/schema\/person\/16150d28d7ef66ba788c1f87f28c4426"},"headline":"Pr\u00e9sidence de la FIF\u00a0: qui pr\u00e9sidera la faiti\u00e8re du football ivoirien\u00a0?","datePublished":"2022-04-22T17:50:10+00:00","dateModified":"2022-04-25T14:57:37+00:00","mainEntityOfPage":{"@id":"https:\/\/7culture.ci\/index.php\/2022\/04\/22\/presidence-de-la-fif-qui-presidera-la-faitiere-du-football-ivoirien\/"},"wordCount":110,"commentCount":0,"publisher":{"@id":"https:\/\/7culture.ci\/#organization"},"articleSection":["Actualit\u00e9"],"inLanguage":"fr-FR","potentialAction":[{"@type":"CommentAction","name":"Comment","target":["https:\/\/7culture.ci\/index.php\/2022\/04\/22\/presidence-de-la-fif-qui-presidera-la-faitiere-du-football-ivoirien\/#respond"]}]},{"@type":"WebPage","@id":"https:\/\/7culture.ci\/index.php\/2022\/04\/22\/presidence-de-la-fif-qui-presidera-la-faitiere-du-football-ivoirien\/","url":"https:\/\/7culture.ci\/index.php\/2022\/04\/22\/presidence-de-la-fif-qui-presidera-la-faitiere-du-football-ivoirien\/","name":"Pr\u00e9sidence de la FIF\u00a0: qui pr\u00e9sidera la faiti\u00e8re du football ivoirien\u00a0? - 7culture","isPartOf":{"@id":"https:\/\/7culture.ci\/#website"},"datePublished":"2022-04-22T17:50:10+00:00","dateModified":"2022-04-25T14:57:37+00:00","breadcrumb":{"@id":"https:\/\/7culture.ci\/index.php\/2022\/04\/22\/presidence-de-la-fif-qui-presidera-la-faitiere-du-football-ivoirien\/#breadcrumb"},"inLanguage":"fr-FR","potentialAction":[{"@type":"ReadAction","target":["https:\/\/7culture.ci\/index.php\/2022\/04\/22\/presidence-de-la-fif-qui-presidera-la-faitiere-du-football-ivoirien\/"]}]},{"@type":"BreadcrumbList","@id":"https:\/\/7culture.ci\/index.php\/2022\/04\/22\/presidence-de-la-fif-qui-presidera-la-faitiere-du-football-ivoirien\/#breadcrumb","itemListElement":[{"@type":"ListItem","position":1,"name":"Accueil","item":"https:\/\/7culture.ci\/"},{"@type":"ListItem","position":2,"name":"Pr\u00e9sidence de la FIF\u00a0: qui pr\u00e9sidera la faiti\u00e8re du football ivoirien\u00a0?"}]},{"@type":"WebSite","@id":"https:\/\/7culture.ci\/#website","url":"https:\/\/7culture.ci\/","name":"7culture","description":"Tout sur l&#039;actualit\u00e9","publisher":{"@id":"https:\/\/7culture.ci\/#organization"},"potentialAction":[{"@type":"SearchAction","target":{"@type":"EntryPoint","urlTemplate":"https:\/\/7culture.ci\/?s={search_term_string}"},"query-input":"required name=search_term_string"}],"inLanguage":"fr-FR"},{"@type":"Organization","@id":"https:\/\/7culture.ci\/#organization","name":"7culture","url":"https:\/\/7culture.ci\/","sameAs":["https:\/\/www.facebook.com\/redchefclaude","https:\/\/twitter.com\/7culturec"],"logo":{"@type":"ImageObject","inLanguage":"fr-FR","@id":"https:\/\/7culture.ci\/#\/schema\/logo\/image\/","url":"https:\/\/7culture.ci\/wp-content\/uploads\/2021\/12\/S1a-1.png","contentUrl":"https:\/\/7culture.ci\/wp-content\/uploads\/2021\/12\/S1a-1.png","width":588,"height":192,"caption":"7culture"},"image":{"@id":"https:\/\/7culture.ci\/#\/schema\/logo\/image\/"}},{"@type":"Person","@id":"https:\/\/7culture.ci\/#\/schema\/person\/16150d28d7ef66ba788c1f87f28c4426","name":"7culture2020","image":{"@type":"ImageObject","inLanguage":"fr-FR","@id":"https:\/\/7culture.ci\/#\/schema\/person\/image\/","url":"https:\/\/secure.gravatar.com\/avatar\/9a0784f951306c37bcd065f52844ef95?s=96&d=mm&r=g","contentUrl":"https:\/\/secure.gravatar.com\/avatar\/9a0784f951306c37bcd065f52844ef95?s=96&d=mm&r=g","caption":"7culture2020"},"sameAs":["http:\/\/7culture.ci","Claude.kipre"],"url":"https:\/\/7culture.ci\/index.php\/author\/7culture2020\/"}]}},"jetpack_featured_media_url":"https:\/\/7culture.ci\/wp-content\/uploads\/2022\/04\/Fif2.jpg","jetpack_likes_enabled":true,"jetpack_sharing_enabled":true,"_links":{"self":[{"href":"https:\/\/7culture.ci\/index.php\/wp-json\/wp\/v2\/posts\/20765"}],"collection":[{"href":"https:\/\/7culture.ci\/index.php\/wp-json\/wp\/v2\/posts"}],"about":[{"href":"https:\/\/7culture.ci\/index.php\/wp-json\/wp\/v2\/types\/post"}],"author":[{"embeddable":true,"href":"https:\/\/7culture.ci\/index.php\/wp-json\/wp\/v2\/users\/1"}],"replies":[{"embeddable":true,"href":"https:\/\/7culture.ci\/index.php\/wp-json\/wp\/v2\/comments?post=20765"}],"version-history":[{"count":0,"href":"https:\/\/7culture.ci\/index.php\/wp-json\/wp\/v2\/posts\/20765\/revisions"}],"wp:featuredmedia":[{"embeddable":true,"href":"https:\/\/7culture.ci\/index.php\/wp-json\/wp\/v2\/media\/20766"}],"wp:attachment":[{"href":"https:\/\/7culture.ci\/index.php\/wp-json\/wp\/v2\/media?parent=20765"}],"wp:term":[{"taxonomy":"category","embeddable":true,"href":"https:\/\/7culture.ci\/index.php\/wp-json\/wp\/v2\/categories?post=20765"},{"taxonomy":"post_tag","embeddable":true,"href":"https:\/\/7culture.ci\/index.php\/wp-json\/wp\/v2\/tags?post=20765"}],"curies":[{"name":"wp","href":"https:\/\/api.w.org\/{rel}","templated":true}]}}