{"id":20615,"date":"2022-04-13T19:40:17","date_gmt":"2022-04-13T17:40:17","guid":{"rendered":"https:\/\/7culture.ci\/?p=20615"},"modified":"2022-04-14T13:12:28","modified_gmt":"2022-04-14T11:12:28","slug":"disparition-la-chanteuse-mireille-bitty-a-quitte-la-scene","status":"publish","type":"post","link":"https:\/\/7culture.ci\/index.php\/2022\/04\/13\/disparition-la-chanteuse-mireille-bitty-a-quitte-la-scene\/","title":{"rendered":"Disparition\u00a0: la chanteuse Mireille Bitty a quitt\u00e9 la sc\u00e8ne"},"content":{"rendered":"\n<p>Une page noire s\u2019est ouverte dans la musique ivoirienne. L\u2019on a appris ce 13 avril, le d\u00e9c\u00e8s de la chanteuse Mireille Bitty. \u00ab&nbsp;<strong><em>Apr\u00e8s Ywoy\u00e8 Bernadette, c&#8217;est Mireille Bitty qui d\u00e9pose \u00e0 jamais son micro. Cette voix \u00e9nigmatique on ne l&#8217;entendra plus jamais. Cette belle dame taquine nous laisse dans l&#8217;\u00e9moi total sans nous avoir pr\u00e9par\u00e9 \u00e0 cette d\u00e9finitive s\u00e9paration. C&#8217;est brutal et c&#8217;est incongru. Ce n\u2019est pas juste&nbsp;<\/em><\/strong>\u00bb, s\u2019est lament\u00e9 le pr\u00e9sent\u00e9 t\u00e9l\u00e9 de la RTI, Julien Assa Kocola sur sa page Facebook. Puis de poursuivre&nbsp;: \u00ab&nbsp;<strong><em>Cette voix fluette a donn\u00e9 et remont\u00e9 le moral des g\u00e9n\u00e9rations d\u2019Ivoiriens. Elle \u00e9tait parmi les artistes chanteurs qui donnaient des frissons quand on les \u00e9coutait. Mireille Bitty, la perle rare de la musique Abbey s&#8217;est \u00e9teinte \u00e0 jamais&nbsp;!<\/em><\/strong>&nbsp;\u00bb.<\/p>\n\n\n\n<div class=\"wp-block-image\"><figure class=\"aligncenter size-large is-resized\"><img loading=\"lazy\" decoding=\"async\" src=\"https:\/\/7culture.ci\/wp-content\/uploads\/2022\/04\/mireille3-1024x681.jpg\" alt=\"\" class=\"wp-image-20617\" width=\"683\" height=\"454\" srcset=\"https:\/\/7culture.ci\/wp-content\/uploads\/2022\/04\/mireille3-1024x681.jpg 1024w, https:\/\/7culture.ci\/wp-content\/uploads\/2022\/04\/mireille3-300x199.jpg 300w, https:\/\/7culture.ci\/wp-content\/uploads\/2022\/04\/mireille3-768x510.jpg 768w, https:\/\/7culture.ci\/wp-content\/uploads\/2022\/04\/mireille3.jpg 1500w\" sizes=\"(max-width: 683px) 100vw, 683px\" \/><\/figure><\/div>\n\n\n\n<p>Mireille Bitty \u00e9tait l\u2019une des valeurs sures de la r\u00e9gion de l\u2019Agn\u00e9by-Tiassa. Le public ivoirien d\u00e9couvre Mireille Ahou Biti &nbsp;(\u00e0 l\u2019\u00e9tat-civil) \u00e0 l\u2019orchestre TP Audiorama. Apr\u00e8s elle entame une carri\u00e8re solo marqu\u00e9e par la publication de sa chanson <em>N\u2019Noufouchi<\/em> qui devient rapidement un tube. Le public ivoirien adopte par la m\u00eame occasion Mireille Bitty. La suite de sa carri\u00e8re s\u2019est faite un peu plus discr\u00e8tement. Mais elle \u00e9tait rest\u00e9e dans la m\u00e9moire collective comme une grande chanteuse de la C\u00f4te d\u2019Ivoire. Avec sa disparition soudaine, le pays perd un grand talent.<\/p>\n\n\n\n<p>Par Omar AK<\/p>\n","protected":false},"excerpt":{"rendered":"<p>Une page noire s\u2019est ouverte dans la musique ivoirienne. L\u2019on a appris ce 13 avril, le d\u00e9c\u00e8s de la chanteuse Mireille Bitty. \u00ab&nbsp;Apr\u00e8s Ywoy\u00e8 Bernadette, c&#8217;est Mireille Bitty qui d\u00e9pose \u00e0 jamais son micro. Cette voix \u00e9nigmatique on ne l&#8217;entendra plus jamais. Cette belle dame taquine nous laisse dans l&#8217;\u00e9moi total sans nous avoir pr\u00e9par\u00e9 &hellip;<\/p>\n<p class=\"read-more\"> <a class=\"\" href=\"https:\/\/7culture.ci\/index.php\/2022\/04\/13\/disparition-la-chanteuse-mireille-bitty-a-quitte-la-scene\/\"> <span class=\"screen-reader-text\">Disparition\u00a0: la chanteuse Mireille Bitty a quitt\u00e9 la sc\u00e8ne<\/span> Lire la suite\u00a0\u00bb<\/a><\/p>\n","protected":false},"author":1,"featured_media":20619,"comment_status":"open","ping_status":"open","sticky":false,"template":"","format":"standard","meta":{"_mi_skip_tracking":false,"_monsterinsights_sitenote_active":false,"_monsterinsights_sitenote_note":"","_monsterinsights_sitenote_category":0,"site-sidebar-layout":"default","site-content-layout":"default","ast-global-header-display":"","ast-main-header-display":"","ast-hfb-above-header-display":"","ast-hfb-below-header-display":"","ast-hfb-mobile-header-display":"","site-post-title":"","ast-breadcrumbs-content":"","ast-featured-img":"","footer-sml-layout":"","theme-transparent-header-meta":"","adv-header-id-meta":"","stick-header-meta":"","header-above-stick-meta":"","header-main-stick-meta":"","header-below-stick-meta":"","footnotes":"","jetpack_publicize_message":"","jetpack_is_tweetstorm":false,"jetpack_publicize_feature_enabled":true},"categories":[22],"tags":[],"jetpack_publicize_connections":[],"acf":[],"aioseo_notices":[],"yoast_head":"<!-- This site is optimized with the Yoast SEO plugin v19.6.1 - https:\/\/yoast.com\/wordpress\/plugins\/seo\/ -->\n<title>Disparition\u00a0: la chanteuse Mireille Bitty a quitt\u00e9 la sc\u00e8ne -<\/title>\n<meta name=\"robots\" content=\"index, follow, max-snippet:-1, max-image-preview:large, max-video-preview:-1\" \/>\n<link rel=\"canonical\" href=\"https:\/\/7culture.ci\/index.php\/2022\/04\/13\/disparition-la-chanteuse-mireille-bitty-a-quitte-la-scene\/\" \/>\n<meta property=\"og:locale\" content=\"fr_FR\" \/>\n<meta property=\"og:type\" content=\"article\" \/>\n<meta property=\"og:title\" content=\"Disparition\u00a0: la chanteuse Mireille Bitty a quitt\u00e9 la sc\u00e8ne -\" \/>\n<meta property=\"og:description\" content=\"Une page noire s\u2019est ouverte dans la musique ivoirienne. L\u2019on a appris ce 13 avril, le d\u00e9c\u00e8s de la chanteuse Mireille Bitty. \u00ab&nbsp;Apr\u00e8s Ywoy\u00e8 Bernadette, c&#8217;est Mireille Bitty qui d\u00e9pose \u00e0 jamais son micro. Cette voix \u00e9nigmatique on ne l&#8217;entendra plus jamais. Cette belle dame taquine nous laisse dans l&#8217;\u00e9moi total sans nous avoir pr\u00e9par\u00e9 &hellip; Disparition\u00a0: la chanteuse Mireille Bitty a quitt\u00e9 la sc\u00e8ne Lire la suite\u00a0\u00bb\" \/>\n<meta property=\"og:url\" content=\"https:\/\/7culture.ci\/index.php\/2022\/04\/13\/disparition-la-chanteuse-mireille-bitty-a-quitte-la-scene\/\" \/>\n<meta property=\"og:site_name\" content=\"7culture\" \/>\n<meta property=\"article:publisher\" content=\"https:\/\/www.facebook.com\/redchefclaude\" \/>\n<meta property=\"article:published_time\" content=\"2022-04-13T17:40:17+00:00\" \/>\n<meta property=\"article:modified_time\" content=\"2022-04-14T11:12:28+00:00\" \/>\n<meta property=\"og:image\" content=\"http:\/\/7culture.ci\/wp-content\/uploads\/2022\/04\/mireille2-1.jpg\" \/>\n\t<meta property=\"og:image:width\" content=\"552\" \/>\n\t<meta property=\"og:image:height\" content=\"400\" \/>\n\t<meta property=\"og:image:type\" content=\"image\/jpeg\" \/>\n<meta name=\"author\" content=\"7culture2020\" \/>\n<meta name=\"twitter:card\" content=\"summary_large_image\" \/>\n<meta name=\"twitter:creator\" content=\"@7culturec\" \/>\n<meta name=\"twitter:site\" content=\"@7culturec\" \/>\n<meta name=\"twitter:label1\" content=\"\u00c9crit par\" \/>\n\t<meta name=\"twitter:data1\" content=\"7culture2020\" \/>\n\t<meta name=\"twitter:label2\" content=\"Dur\u00e9e de lecture estim\u00e9e\" \/>\n\t<meta name=\"twitter:data2\" content=\"2 minutes\" \/>\n<script type=\"application\/ld+json\" class=\"yoast-schema-graph\">{\"@context\":\"https:\/\/schema.org\",\"@graph\":[{\"@type\":\"Article\",\"@id\":\"https:\/\/7culture.ci\/index.php\/2022\/04\/13\/disparition-la-chanteuse-mireille-bitty-a-quitte-la-scene\/#article\",\"isPartOf\":{\"@id\":\"https:\/\/7culture.ci\/index.php\/2022\/04\/13\/disparition-la-chanteuse-mireille-bitty-a-quitte-la-scene\/\"},\"author\":{\"name\":\"7culture2020\",\"@id\":\"https:\/\/7culture.ci\/#\/schema\/person\/16150d28d7ef66ba788c1f87f28c4426\"},\"headline\":\"Disparition\u00a0: la chanteuse Mireille Bitty a quitt\u00e9 la sc\u00e8ne\",\"datePublished\":\"2022-04-13T17:40:17+00:00\",\"dateModified\":\"2022-04-14T11:12:28+00:00\",\"mainEntityOfPage\":{\"@id\":\"https:\/\/7culture.ci\/index.php\/2022\/04\/13\/disparition-la-chanteuse-mireille-bitty-a-quitte-la-scene\/\"},\"wordCount\":266,\"commentCount\":0,\"publisher\":{\"@id\":\"https:\/\/7culture.ci\/#organization\"},\"articleSection\":[\"Actualit\u00e9\"],\"inLanguage\":\"fr-FR\",\"potentialAction\":[{\"@type\":\"CommentAction\",\"name\":\"Comment\",\"target\":[\"https:\/\/7culture.ci\/index.php\/2022\/04\/13\/disparition-la-chanteuse-mireille-bitty-a-quitte-la-scene\/#respond\"]}]},{\"@type\":\"WebPage\",\"@id\":\"https:\/\/7culture.ci\/index.php\/2022\/04\/13\/disparition-la-chanteuse-mireille-bitty-a-quitte-la-scene\/\",\"url\":\"https:\/\/7culture.ci\/index.php\/2022\/04\/13\/disparition-la-chanteuse-mireille-bitty-a-quitte-la-scene\/\",\"name\":\"Disparition\u00a0: la chanteuse Mireille Bitty a quitt\u00e9 la sc\u00e8ne -\",\"isPartOf\":{\"@id\":\"https:\/\/7culture.ci\/#website\"},\"datePublished\":\"2022-04-13T17:40:17+00:00\",\"dateModified\":\"2022-04-14T11:12:28+00:00\",\"breadcrumb\":{\"@id\":\"https:\/\/7culture.ci\/index.php\/2022\/04\/13\/disparition-la-chanteuse-mireille-bitty-a-quitte-la-scene\/#breadcrumb\"},\"inLanguage\":\"fr-FR\",\"potentialAction\":[{\"@type\":\"ReadAction\",\"target\":[\"https:\/\/7culture.ci\/index.php\/2022\/04\/13\/disparition-la-chanteuse-mireille-bitty-a-quitte-la-scene\/\"]}]},{\"@type\":\"BreadcrumbList\",\"@id\":\"https:\/\/7culture.ci\/index.php\/2022\/04\/13\/disparition-la-chanteuse-mireille-bitty-a-quitte-la-scene\/#breadcrumb\",\"itemListElement\":[{\"@type\":\"ListItem\",\"position\":1,\"name\":\"Accueil\",\"item\":\"https:\/\/7culture.ci\/\"},{\"@type\":\"ListItem\",\"position\":2,\"name\":\"Disparition\u00a0: la chanteuse Mireille Bitty a quitt\u00e9 la sc\u00e8ne\"}]},{\"@type\":\"WebSite\",\"@id\":\"https:\/\/7culture.ci\/#website\",\"url\":\"https:\/\/7culture.ci\/\",\"name\":\"7culture\",\"description\":\"Tout sur l&#039;actualit\u00e9\",\"publisher\":{\"@id\":\"https:\/\/7culture.ci\/#organization\"},\"potentialAction\":[{\"@type\":\"SearchAction\",\"target\":{\"@type\":\"EntryPoint\",\"urlTemplate\":\"https:\/\/7culture.ci\/?s={search_term_string}\"},\"query-input\":\"required name=search_term_string\"}],\"inLanguage\":\"fr-FR\"},{\"@type\":\"Organization\",\"@id\":\"https:\/\/7culture.ci\/#organization\",\"name\":\"7culture\",\"url\":\"https:\/\/7culture.ci\/\",\"sameAs\":[\"https:\/\/www.facebook.com\/redchefclaude\",\"https:\/\/twitter.com\/7culturec\"],\"logo\":{\"@type\":\"ImageObject\",\"inLanguage\":\"fr-FR\",\"@id\":\"https:\/\/7culture.ci\/#\/schema\/logo\/image\/\",\"url\":\"https:\/\/7culture.ci\/wp-content\/uploads\/2021\/12\/S1a-1.png\",\"contentUrl\":\"https:\/\/7culture.ci\/wp-content\/uploads\/2021\/12\/S1a-1.png\",\"width\":588,\"height\":192,\"caption\":\"7culture\"},\"image\":{\"@id\":\"https:\/\/7culture.ci\/#\/schema\/logo\/image\/\"}},{\"@type\":\"Person\",\"@id\":\"https:\/\/7culture.ci\/#\/schema\/person\/16150d28d7ef66ba788c1f87f28c4426\",\"name\":\"7culture2020\",\"image\":{\"@type\":\"ImageObject\",\"inLanguage\":\"fr-FR\",\"@id\":\"https:\/\/7culture.ci\/#\/schema\/person\/image\/\",\"url\":\"https:\/\/secure.gravatar.com\/avatar\/9a0784f951306c37bcd065f52844ef95?s=96&d=mm&r=g\",\"contentUrl\":\"https:\/\/secure.gravatar.com\/avatar\/9a0784f951306c37bcd065f52844ef95?s=96&d=mm&r=g\",\"caption\":\"7culture2020\"},\"sameAs\":[\"http:\/\/7culture.ci\",\"Claude.kipre\"],\"url\":\"https:\/\/7culture.ci\/index.php\/author\/7culture2020\/\"}]}<\/script>\n<!-- \/ Yoast SEO plugin. -->","yoast_head_json":{"title":"Disparition\u00a0: la chanteuse Mireille Bitty a quitt\u00e9 la sc\u00e8ne -","robots":{"index":"index","follow":"follow","max-snippet":"max-snippet:-1","max-image-preview":"max-image-preview:large","max-video-preview":"max-video-preview:-1"},"canonical":"https:\/\/7culture.ci\/index.php\/2022\/04\/13\/disparition-la-chanteuse-mireille-bitty-a-quitte-la-scene\/","og_locale":"fr_FR","og_type":"article","og_title":"Disparition\u00a0: la chanteuse Mireille Bitty a quitt\u00e9 la sc\u00e8ne -","og_description":"Une page noire s\u2019est ouverte dans la musique ivoirienne. L\u2019on a appris ce 13 avril, le d\u00e9c\u00e8s de la chanteuse Mireille Bitty. \u00ab&nbsp;Apr\u00e8s Ywoy\u00e8 Bernadette, c&#8217;est Mireille Bitty qui d\u00e9pose \u00e0 jamais son micro. Cette voix \u00e9nigmatique on ne l&#8217;entendra plus jamais. Cette belle dame taquine nous laisse dans l&#8217;\u00e9moi total sans nous avoir pr\u00e9par\u00e9 &hellip; Disparition\u00a0: la chanteuse Mireille Bitty a quitt\u00e9 la sc\u00e8ne Lire la suite\u00a0\u00bb","og_url":"https:\/\/7culture.ci\/index.php\/2022\/04\/13\/disparition-la-chanteuse-mireille-bitty-a-quitte-la-scene\/","og_site_name":"7culture","article_publisher":"https:\/\/www.facebook.com\/redchefclaude","article_published_time":"2022-04-13T17:40:17+00:00","article_modified_time":"2022-04-14T11:12:28+00:00","og_image":[{"width":552,"height":400,"url":"http:\/\/7culture.ci\/wp-content\/uploads\/2022\/04\/mireille2-1.jpg","type":"image\/jpeg"}],"author":"7culture2020","twitter_card":"summary_large_image","twitter_creator":"@7culturec","twitter_site":"@7culturec","twitter_misc":{"\u00c9crit par":"7culture2020","Dur\u00e9e de lecture estim\u00e9e":"2 minutes"},"schema":{"@context":"https:\/\/schema.org","@graph":[{"@type":"Article","@id":"https:\/\/7culture.ci\/index.php\/2022\/04\/13\/disparition-la-chanteuse-mireille-bitty-a-quitte-la-scene\/#article","isPartOf":{"@id":"https:\/\/7culture.ci\/index.php\/2022\/04\/13\/disparition-la-chanteuse-mireille-bitty-a-quitte-la-scene\/"},"author":{"name":"7culture2020","@id":"https:\/\/7culture.ci\/#\/schema\/person\/16150d28d7ef66ba788c1f87f28c4426"},"headline":"Disparition\u00a0: la chanteuse Mireille Bitty a quitt\u00e9 la sc\u00e8ne","datePublished":"2022-04-13T17:40:17+00:00","dateModified":"2022-04-14T11:12:28+00:00","mainEntityOfPage":{"@id":"https:\/\/7culture.ci\/index.php\/2022\/04\/13\/disparition-la-chanteuse-mireille-bitty-a-quitte-la-scene\/"},"wordCount":266,"commentCount":0,"publisher":{"@id":"https:\/\/7culture.ci\/#organization"},"articleSection":["Actualit\u00e9"],"inLanguage":"fr-FR","potentialAction":[{"@type":"CommentAction","name":"Comment","target":["https:\/\/7culture.ci\/index.php\/2022\/04\/13\/disparition-la-chanteuse-mireille-bitty-a-quitte-la-scene\/#respond"]}]},{"@type":"WebPage","@id":"https:\/\/7culture.ci\/index.php\/2022\/04\/13\/disparition-la-chanteuse-mireille-bitty-a-quitte-la-scene\/","url":"https:\/\/7culture.ci\/index.php\/2022\/04\/13\/disparition-la-chanteuse-mireille-bitty-a-quitte-la-scene\/","name":"Disparition\u00a0: la chanteuse Mireille Bitty a quitt\u00e9 la sc\u00e8ne -","isPartOf":{"@id":"https:\/\/7culture.ci\/#website"},"datePublished":"2022-04-13T17:40:17+00:00","dateModified":"2022-04-14T11:12:28+00:00","breadcrumb":{"@id":"https:\/\/7culture.ci\/index.php\/2022\/04\/13\/disparition-la-chanteuse-mireille-bitty-a-quitte-la-scene\/#breadcrumb"},"inLanguage":"fr-FR","potentialAction":[{"@type":"ReadAction","target":["https:\/\/7culture.ci\/index.php\/2022\/04\/13\/disparition-la-chanteuse-mireille-bitty-a-quitte-la-scene\/"]}]},{"@type":"BreadcrumbList","@id":"https:\/\/7culture.ci\/index.php\/2022\/04\/13\/disparition-la-chanteuse-mireille-bitty-a-quitte-la-scene\/#breadcrumb","itemListElement":[{"@type":"ListItem","position":1,"name":"Accueil","item":"https:\/\/7culture.ci\/"},{"@type":"ListItem","position":2,"name":"Disparition\u00a0: la chanteuse Mireille Bitty a quitt\u00e9 la sc\u00e8ne"}]},{"@type":"WebSite","@id":"https:\/\/7culture.ci\/#website","url":"https:\/\/7culture.ci\/","name":"7culture","description":"Tout sur l&#039;actualit\u00e9","publisher":{"@id":"https:\/\/7culture.ci\/#organization"},"potentialAction":[{"@type":"SearchAction","target":{"@type":"EntryPoint","urlTemplate":"https:\/\/7culture.ci\/?s={search_term_string}"},"query-input":"required name=search_term_string"}],"inLanguage":"fr-FR"},{"@type":"Organization","@id":"https:\/\/7culture.ci\/#organization","name":"7culture","url":"https:\/\/7culture.ci\/","sameAs":["https:\/\/www.facebook.com\/redchefclaude","https:\/\/twitter.com\/7culturec"],"logo":{"@type":"ImageObject","inLanguage":"fr-FR","@id":"https:\/\/7culture.ci\/#\/schema\/logo\/image\/","url":"https:\/\/7culture.ci\/wp-content\/uploads\/2021\/12\/S1a-1.png","contentUrl":"https:\/\/7culture.ci\/wp-content\/uploads\/2021\/12\/S1a-1.png","width":588,"height":192,"caption":"7culture"},"image":{"@id":"https:\/\/7culture.ci\/#\/schema\/logo\/image\/"}},{"@type":"Person","@id":"https:\/\/7culture.ci\/#\/schema\/person\/16150d28d7ef66ba788c1f87f28c4426","name":"7culture2020","image":{"@type":"ImageObject","inLanguage":"fr-FR","@id":"https:\/\/7culture.ci\/#\/schema\/person\/image\/","url":"https:\/\/secure.gravatar.com\/avatar\/9a0784f951306c37bcd065f52844ef95?s=96&d=mm&r=g","contentUrl":"https:\/\/secure.gravatar.com\/avatar\/9a0784f951306c37bcd065f52844ef95?s=96&d=mm&r=g","caption":"7culture2020"},"sameAs":["http:\/\/7culture.ci","Claude.kipre"],"url":"https:\/\/7culture.ci\/index.php\/author\/7culture2020\/"}]}},"jetpack_featured_media_url":"https:\/\/7culture.ci\/wp-content\/uploads\/2022\/04\/mireille2-1.jpg","jetpack_likes_enabled":true,"jetpack_sharing_enabled":true,"_links":{"self":[{"href":"https:\/\/7culture.ci\/index.php\/wp-json\/wp\/v2\/posts\/20615"}],"collection":[{"href":"https:\/\/7culture.ci\/index.php\/wp-json\/wp\/v2\/posts"}],"about":[{"href":"https:\/\/7culture.ci\/index.php\/wp-json\/wp\/v2\/types\/post"}],"author":[{"embeddable":true,"href":"https:\/\/7culture.ci\/index.php\/wp-json\/wp\/v2\/users\/1"}],"replies":[{"embeddable":true,"href":"https:\/\/7culture.ci\/index.php\/wp-json\/wp\/v2\/comments?post=20615"}],"version-history":[{"count":0,"href":"https:\/\/7culture.ci\/index.php\/wp-json\/wp\/v2\/posts\/20615\/revisions"}],"wp:featuredmedia":[{"embeddable":true,"href":"https:\/\/7culture.ci\/index.php\/wp-json\/wp\/v2\/media\/20619"}],"wp:attachment":[{"href":"https:\/\/7culture.ci\/index.php\/wp-json\/wp\/v2\/media?parent=20615"}],"wp:term":[{"taxonomy":"category","embeddable":true,"href":"https:\/\/7culture.ci\/index.php\/wp-json\/wp\/v2\/categories?post=20615"},{"taxonomy":"post_tag","embeddable":true,"href":"https:\/\/7culture.ci\/index.php\/wp-json\/wp\/v2\/tags?post=20615"}],"curies":[{"name":"wp","href":"https:\/\/api.w.org\/{rel}","templated":true}]}}