{"id":20595,"date":"2022-04-12T19:13:37","date_gmt":"2022-04-12T17:13:37","guid":{"rendered":"https:\/\/7culture.ci\/?p=20595"},"modified":"2022-04-12T19:45:04","modified_gmt":"2022-04-12T17:45:04","slug":"sony-world-photography-awards-2022-voici-laureats","status":"publish","type":"post","link":"https:\/\/7culture.ci\/index.php\/2022\/04\/12\/sony-world-photography-awards-2022-voici-laureats\/","title":{"rendered":"Sony World Photography Awards 2022 : Voici les laur\u00e9ats\u00a0!"},"content":{"rendered":"\n<p><strong><em>Le jury du Sony World Photography Awards a r\u00e9cemment d\u00e9voil\u00e9 les laur\u00e9ats des 10 cat\u00e9gories de son concours \u2018\u2019Open\u2019\u2019 2022. Chacune des photos gagnantes nous offrent leur vision de notre monde, des fa\u00e7ades chaotiques de Hong-Kong aux \u00e9talons sauvages du Colorado.<\/em><\/strong><\/p>\n\n\n\n<p>Pour cette 14e \u00e9dition, ce sont plus de 170 000 images qui ont \u00e9t\u00e9 pr\u00e9sent\u00e9es au concours Open. Ainsi, plus de 100 photographes ont \u00e9t\u00e9 pr\u00e9s\u00e9lectionn\u00e9s, aux c\u00f4t\u00e9s des grands gagnants des dix cat\u00e9gories. Ces derniers entrent d\u00e9sormais en lice pour le titre d\u2019Open Photographer of the Year, accompagn\u00e9 d\u2019un prix de 5000 $ et du mat\u00e9riel photo Sony. Le concours Open de cette ann\u00e9e a \u00e9t\u00e9 jug\u00e9 par Hideko Kataoka, directeur de la photographie de Newsweek Japan. Ce dernier a comment\u00e9 : \u00ab&nbsp;<strong><em>Les photographies de ce concours font chacune une d\u00e9claration visuelle coh\u00e9rente \u00e0 propos d\u2019une situation ou d\u2019une circonstance particuli\u00e8re et ce, avec beaucoup d\u2019\u00e9l\u00e9gance. Comme de nombreuses images retenues cette ann\u00e9e le prouvent, la photographie en noir et blanc occupe une place particuli\u00e8re dans le c\u0153ur de nombreux photographes. La simplicit\u00e9 du noir et blanc a le pouvoir de distiller le contenu d\u2019une image et d\u2019attirer l\u2019attention du spectateur sur le sujet<\/em><\/strong> \u00bb. La suite <strong><a href=\"https:\/\/phototrend.fr\/2022\/03\/sony-world-photography-awards-2022-laureats-open\/\">ICI<\/a><\/strong>.<\/p>\n","protected":false},"excerpt":{"rendered":"<p>Le jury du Sony World Photography Awards a r\u00e9cemment d\u00e9voil\u00e9 les laur\u00e9ats des 10 cat\u00e9gories de son concours \u2018\u2019Open\u2019\u2019 2022. Chacune des photos gagnantes nous offrent leur vision de notre monde, des fa\u00e7ades chaotiques de Hong-Kong aux \u00e9talons sauvages du Colorado. Pour cette 14e \u00e9dition, ce sont plus de 170 000 images qui ont \u00e9t\u00e9 &hellip;<\/p>\n<p class=\"read-more\"> <a class=\"\" href=\"https:\/\/7culture.ci\/index.php\/2022\/04\/12\/sony-world-photography-awards-2022-voici-laureats\/\"> <span class=\"screen-reader-text\">Sony World Photography Awards 2022 : Voici les laur\u00e9ats\u00a0!<\/span> Lire la suite\u00a0\u00bb<\/a><\/p>\n","protected":false},"author":1,"featured_media":20596,"comment_status":"open","ping_status":"open","sticky":false,"template":"","format":"standard","meta":{"_mi_skip_tracking":false,"_monsterinsights_sitenote_active":false,"_monsterinsights_sitenote_note":"","_monsterinsights_sitenote_category":0,"site-sidebar-layout":"default","site-content-layout":"default","ast-global-header-display":"","ast-main-header-display":"","ast-hfb-above-header-display":"","ast-hfb-below-header-display":"","ast-hfb-mobile-header-display":"","site-post-title":"","ast-breadcrumbs-content":"","ast-featured-img":"","footer-sml-layout":"","theme-transparent-header-meta":"","adv-header-id-meta":"","stick-header-meta":"","header-above-stick-meta":"","header-main-stick-meta":"","header-below-stick-meta":"","footnotes":"","jetpack_publicize_message":"","jetpack_is_tweetstorm":false,"jetpack_publicize_feature_enabled":true},"categories":[33],"tags":[],"jetpack_publicize_connections":[],"acf":[],"aioseo_notices":[],"yoast_head":"<!-- This site is optimized with the Yoast SEO plugin v19.6.1 - https:\/\/yoast.com\/wordpress\/plugins\/seo\/ -->\n<title>Sony World Photography Awards 2022 : Voici les laur\u00e9ats\u00a0! - 7culture<\/title>\n<meta name=\"robots\" content=\"index, follow, max-snippet:-1, max-image-preview:large, max-video-preview:-1\" \/>\n<link rel=\"canonical\" href=\"https:\/\/7culture.ci\/index.php\/2022\/04\/12\/sony-world-photography-awards-2022-voici-laureats\/\" \/>\n<meta property=\"og:locale\" content=\"fr_FR\" \/>\n<meta property=\"og:type\" content=\"article\" \/>\n<meta property=\"og:title\" content=\"Sony World Photography Awards 2022 : Voici les laur\u00e9ats\u00a0! - 7culture\" \/>\n<meta property=\"og:description\" content=\"Le jury du Sony World Photography Awards a r\u00e9cemment d\u00e9voil\u00e9 les laur\u00e9ats des 10 cat\u00e9gories de son concours \u2018\u2019Open\u2019\u2019 2022. Chacune des photos gagnantes nous offrent leur vision de notre monde, des fa\u00e7ades chaotiques de Hong-Kong aux \u00e9talons sauvages du Colorado. Pour cette 14e \u00e9dition, ce sont plus de 170 000 images qui ont \u00e9t\u00e9 &hellip; Sony World Photography Awards 2022 : Voici les laur\u00e9ats\u00a0! Lire la suite\u00a0\u00bb\" \/>\n<meta property=\"og:url\" content=\"https:\/\/7culture.ci\/index.php\/2022\/04\/12\/sony-world-photography-awards-2022-voici-laureats\/\" \/>\n<meta property=\"og:site_name\" content=\"7culture\" \/>\n<meta property=\"article:publisher\" content=\"https:\/\/www.facebook.com\/redchefclaude\" \/>\n<meta property=\"article:published_time\" content=\"2022-04-12T17:13:37+00:00\" \/>\n<meta property=\"article:modified_time\" content=\"2022-04-12T17:45:04+00:00\" \/>\n<meta property=\"og:image\" content=\"http:\/\/7culture.ci\/wp-content\/uploads\/2022\/04\/meilleure-photo1.jpg\" \/>\n\t<meta property=\"og:image:width\" content=\"1400\" \/>\n\t<meta property=\"og:image:height\" content=\"1269\" \/>\n\t<meta property=\"og:image:type\" content=\"image\/jpeg\" \/>\n<meta name=\"author\" content=\"7culture2020\" \/>\n<meta name=\"twitter:card\" content=\"summary_large_image\" \/>\n<meta name=\"twitter:creator\" content=\"@7culturec\" \/>\n<meta name=\"twitter:site\" content=\"@7culturec\" \/>\n<meta name=\"twitter:label1\" content=\"\u00c9crit par\" \/>\n\t<meta name=\"twitter:data1\" content=\"7culture2020\" \/>\n\t<meta name=\"twitter:label2\" content=\"Dur\u00e9e de lecture estim\u00e9e\" \/>\n\t<meta name=\"twitter:data2\" content=\"2 minutes\" \/>\n<script type=\"application\/ld+json\" class=\"yoast-schema-graph\">{\"@context\":\"https:\/\/schema.org\",\"@graph\":[{\"@type\":\"Article\",\"@id\":\"https:\/\/7culture.ci\/index.php\/2022\/04\/12\/sony-world-photography-awards-2022-voici-laureats\/#article\",\"isPartOf\":{\"@id\":\"https:\/\/7culture.ci\/index.php\/2022\/04\/12\/sony-world-photography-awards-2022-voici-laureats\/\"},\"author\":{\"name\":\"7culture2020\",\"@id\":\"https:\/\/7culture.ci\/#\/schema\/person\/16150d28d7ef66ba788c1f87f28c4426\"},\"headline\":\"Sony World Photography Awards 2022 : Voici les laur\u00e9ats\u00a0!\",\"datePublished\":\"2022-04-12T17:13:37+00:00\",\"dateModified\":\"2022-04-12T17:45:04+00:00\",\"mainEntityOfPage\":{\"@id\":\"https:\/\/7culture.ci\/index.php\/2022\/04\/12\/sony-world-photography-awards-2022-voici-laureats\/\"},\"wordCount\":230,\"commentCount\":0,\"publisher\":{\"@id\":\"https:\/\/7culture.ci\/#organization\"},\"articleSection\":[\"M\u00e9dia\"],\"inLanguage\":\"fr-FR\",\"potentialAction\":[{\"@type\":\"CommentAction\",\"name\":\"Comment\",\"target\":[\"https:\/\/7culture.ci\/index.php\/2022\/04\/12\/sony-world-photography-awards-2022-voici-laureats\/#respond\"]}]},{\"@type\":\"WebPage\",\"@id\":\"https:\/\/7culture.ci\/index.php\/2022\/04\/12\/sony-world-photography-awards-2022-voici-laureats\/\",\"url\":\"https:\/\/7culture.ci\/index.php\/2022\/04\/12\/sony-world-photography-awards-2022-voici-laureats\/\",\"name\":\"Sony World Photography Awards 2022 : Voici les laur\u00e9ats\u00a0! - 7culture\",\"isPartOf\":{\"@id\":\"https:\/\/7culture.ci\/#website\"},\"datePublished\":\"2022-04-12T17:13:37+00:00\",\"dateModified\":\"2022-04-12T17:45:04+00:00\",\"breadcrumb\":{\"@id\":\"https:\/\/7culture.ci\/index.php\/2022\/04\/12\/sony-world-photography-awards-2022-voici-laureats\/#breadcrumb\"},\"inLanguage\":\"fr-FR\",\"potentialAction\":[{\"@type\":\"ReadAction\",\"target\":[\"https:\/\/7culture.ci\/index.php\/2022\/04\/12\/sony-world-photography-awards-2022-voici-laureats\/\"]}]},{\"@type\":\"BreadcrumbList\",\"@id\":\"https:\/\/7culture.ci\/index.php\/2022\/04\/12\/sony-world-photography-awards-2022-voici-laureats\/#breadcrumb\",\"itemListElement\":[{\"@type\":\"ListItem\",\"position\":1,\"name\":\"Accueil\",\"item\":\"https:\/\/7culture.ci\/\"},{\"@type\":\"ListItem\",\"position\":2,\"name\":\"Sony World Photography Awards 2022 : Voici les laur\u00e9ats\u00a0!\"}]},{\"@type\":\"WebSite\",\"@id\":\"https:\/\/7culture.ci\/#website\",\"url\":\"https:\/\/7culture.ci\/\",\"name\":\"7culture\",\"description\":\"Tout sur l&#039;actualit\u00e9\",\"publisher\":{\"@id\":\"https:\/\/7culture.ci\/#organization\"},\"potentialAction\":[{\"@type\":\"SearchAction\",\"target\":{\"@type\":\"EntryPoint\",\"urlTemplate\":\"https:\/\/7culture.ci\/?s={search_term_string}\"},\"query-input\":\"required name=search_term_string\"}],\"inLanguage\":\"fr-FR\"},{\"@type\":\"Organization\",\"@id\":\"https:\/\/7culture.ci\/#organization\",\"name\":\"7culture\",\"url\":\"https:\/\/7culture.ci\/\",\"sameAs\":[\"https:\/\/www.facebook.com\/redchefclaude\",\"https:\/\/twitter.com\/7culturec\"],\"logo\":{\"@type\":\"ImageObject\",\"inLanguage\":\"fr-FR\",\"@id\":\"https:\/\/7culture.ci\/#\/schema\/logo\/image\/\",\"url\":\"https:\/\/7culture.ci\/wp-content\/uploads\/2021\/12\/S1a-1.png\",\"contentUrl\":\"https:\/\/7culture.ci\/wp-content\/uploads\/2021\/12\/S1a-1.png\",\"width\":588,\"height\":192,\"caption\":\"7culture\"},\"image\":{\"@id\":\"https:\/\/7culture.ci\/#\/schema\/logo\/image\/\"}},{\"@type\":\"Person\",\"@id\":\"https:\/\/7culture.ci\/#\/schema\/person\/16150d28d7ef66ba788c1f87f28c4426\",\"name\":\"7culture2020\",\"image\":{\"@type\":\"ImageObject\",\"inLanguage\":\"fr-FR\",\"@id\":\"https:\/\/7culture.ci\/#\/schema\/person\/image\/\",\"url\":\"https:\/\/secure.gravatar.com\/avatar\/9a0784f951306c37bcd065f52844ef95?s=96&d=mm&r=g\",\"contentUrl\":\"https:\/\/secure.gravatar.com\/avatar\/9a0784f951306c37bcd065f52844ef95?s=96&d=mm&r=g\",\"caption\":\"7culture2020\"},\"sameAs\":[\"http:\/\/7culture.ci\",\"Claude.kipre\"],\"url\":\"https:\/\/7culture.ci\/index.php\/author\/7culture2020\/\"}]}<\/script>\n<!-- \/ Yoast SEO plugin. -->","yoast_head_json":{"title":"Sony World Photography Awards 2022 : Voici les laur\u00e9ats\u00a0! - 7culture","robots":{"index":"index","follow":"follow","max-snippet":"max-snippet:-1","max-image-preview":"max-image-preview:large","max-video-preview":"max-video-preview:-1"},"canonical":"https:\/\/7culture.ci\/index.php\/2022\/04\/12\/sony-world-photography-awards-2022-voici-laureats\/","og_locale":"fr_FR","og_type":"article","og_title":"Sony World Photography Awards 2022 : Voici les laur\u00e9ats\u00a0! - 7culture","og_description":"Le jury du Sony World Photography Awards a r\u00e9cemment d\u00e9voil\u00e9 les laur\u00e9ats des 10 cat\u00e9gories de son concours \u2018\u2019Open\u2019\u2019 2022. Chacune des photos gagnantes nous offrent leur vision de notre monde, des fa\u00e7ades chaotiques de Hong-Kong aux \u00e9talons sauvages du Colorado. Pour cette 14e \u00e9dition, ce sont plus de 170 000 images qui ont \u00e9t\u00e9 &hellip; Sony World Photography Awards 2022 : Voici les laur\u00e9ats\u00a0! Lire la suite\u00a0\u00bb","og_url":"https:\/\/7culture.ci\/index.php\/2022\/04\/12\/sony-world-photography-awards-2022-voici-laureats\/","og_site_name":"7culture","article_publisher":"https:\/\/www.facebook.com\/redchefclaude","article_published_time":"2022-04-12T17:13:37+00:00","article_modified_time":"2022-04-12T17:45:04+00:00","og_image":[{"width":1400,"height":1269,"url":"http:\/\/7culture.ci\/wp-content\/uploads\/2022\/04\/meilleure-photo1.jpg","type":"image\/jpeg"}],"author":"7culture2020","twitter_card":"summary_large_image","twitter_creator":"@7culturec","twitter_site":"@7culturec","twitter_misc":{"\u00c9crit par":"7culture2020","Dur\u00e9e de lecture estim\u00e9e":"2 minutes"},"schema":{"@context":"https:\/\/schema.org","@graph":[{"@type":"Article","@id":"https:\/\/7culture.ci\/index.php\/2022\/04\/12\/sony-world-photography-awards-2022-voici-laureats\/#article","isPartOf":{"@id":"https:\/\/7culture.ci\/index.php\/2022\/04\/12\/sony-world-photography-awards-2022-voici-laureats\/"},"author":{"name":"7culture2020","@id":"https:\/\/7culture.ci\/#\/schema\/person\/16150d28d7ef66ba788c1f87f28c4426"},"headline":"Sony World Photography Awards 2022 : Voici les laur\u00e9ats\u00a0!","datePublished":"2022-04-12T17:13:37+00:00","dateModified":"2022-04-12T17:45:04+00:00","mainEntityOfPage":{"@id":"https:\/\/7culture.ci\/index.php\/2022\/04\/12\/sony-world-photography-awards-2022-voici-laureats\/"},"wordCount":230,"commentCount":0,"publisher":{"@id":"https:\/\/7culture.ci\/#organization"},"articleSection":["M\u00e9dia"],"inLanguage":"fr-FR","potentialAction":[{"@type":"CommentAction","name":"Comment","target":["https:\/\/7culture.ci\/index.php\/2022\/04\/12\/sony-world-photography-awards-2022-voici-laureats\/#respond"]}]},{"@type":"WebPage","@id":"https:\/\/7culture.ci\/index.php\/2022\/04\/12\/sony-world-photography-awards-2022-voici-laureats\/","url":"https:\/\/7culture.ci\/index.php\/2022\/04\/12\/sony-world-photography-awards-2022-voici-laureats\/","name":"Sony World Photography Awards 2022 : Voici les laur\u00e9ats\u00a0! - 7culture","isPartOf":{"@id":"https:\/\/7culture.ci\/#website"},"datePublished":"2022-04-12T17:13:37+00:00","dateModified":"2022-04-12T17:45:04+00:00","breadcrumb":{"@id":"https:\/\/7culture.ci\/index.php\/2022\/04\/12\/sony-world-photography-awards-2022-voici-laureats\/#breadcrumb"},"inLanguage":"fr-FR","potentialAction":[{"@type":"ReadAction","target":["https:\/\/7culture.ci\/index.php\/2022\/04\/12\/sony-world-photography-awards-2022-voici-laureats\/"]}]},{"@type":"BreadcrumbList","@id":"https:\/\/7culture.ci\/index.php\/2022\/04\/12\/sony-world-photography-awards-2022-voici-laureats\/#breadcrumb","itemListElement":[{"@type":"ListItem","position":1,"name":"Accueil","item":"https:\/\/7culture.ci\/"},{"@type":"ListItem","position":2,"name":"Sony World Photography Awards 2022 : Voici les laur\u00e9ats\u00a0!"}]},{"@type":"WebSite","@id":"https:\/\/7culture.ci\/#website","url":"https:\/\/7culture.ci\/","name":"7culture","description":"Tout sur l&#039;actualit\u00e9","publisher":{"@id":"https:\/\/7culture.ci\/#organization"},"potentialAction":[{"@type":"SearchAction","target":{"@type":"EntryPoint","urlTemplate":"https:\/\/7culture.ci\/?s={search_term_string}"},"query-input":"required name=search_term_string"}],"inLanguage":"fr-FR"},{"@type":"Organization","@id":"https:\/\/7culture.ci\/#organization","name":"7culture","url":"https:\/\/7culture.ci\/","sameAs":["https:\/\/www.facebook.com\/redchefclaude","https:\/\/twitter.com\/7culturec"],"logo":{"@type":"ImageObject","inLanguage":"fr-FR","@id":"https:\/\/7culture.ci\/#\/schema\/logo\/image\/","url":"https:\/\/7culture.ci\/wp-content\/uploads\/2021\/12\/S1a-1.png","contentUrl":"https:\/\/7culture.ci\/wp-content\/uploads\/2021\/12\/S1a-1.png","width":588,"height":192,"caption":"7culture"},"image":{"@id":"https:\/\/7culture.ci\/#\/schema\/logo\/image\/"}},{"@type":"Person","@id":"https:\/\/7culture.ci\/#\/schema\/person\/16150d28d7ef66ba788c1f87f28c4426","name":"7culture2020","image":{"@type":"ImageObject","inLanguage":"fr-FR","@id":"https:\/\/7culture.ci\/#\/schema\/person\/image\/","url":"https:\/\/secure.gravatar.com\/avatar\/9a0784f951306c37bcd065f52844ef95?s=96&d=mm&r=g","contentUrl":"https:\/\/secure.gravatar.com\/avatar\/9a0784f951306c37bcd065f52844ef95?s=96&d=mm&r=g","caption":"7culture2020"},"sameAs":["http:\/\/7culture.ci","Claude.kipre"],"url":"https:\/\/7culture.ci\/index.php\/author\/7culture2020\/"}]}},"jetpack_featured_media_url":"https:\/\/7culture.ci\/wp-content\/uploads\/2022\/04\/meilleure-photo1.jpg","jetpack_likes_enabled":true,"jetpack_sharing_enabled":true,"_links":{"self":[{"href":"https:\/\/7culture.ci\/index.php\/wp-json\/wp\/v2\/posts\/20595"}],"collection":[{"href":"https:\/\/7culture.ci\/index.php\/wp-json\/wp\/v2\/posts"}],"about":[{"href":"https:\/\/7culture.ci\/index.php\/wp-json\/wp\/v2\/types\/post"}],"author":[{"embeddable":true,"href":"https:\/\/7culture.ci\/index.php\/wp-json\/wp\/v2\/users\/1"}],"replies":[{"embeddable":true,"href":"https:\/\/7culture.ci\/index.php\/wp-json\/wp\/v2\/comments?post=20595"}],"version-history":[{"count":0,"href":"https:\/\/7culture.ci\/index.php\/wp-json\/wp\/v2\/posts\/20595\/revisions"}],"wp:featuredmedia":[{"embeddable":true,"href":"https:\/\/7culture.ci\/index.php\/wp-json\/wp\/v2\/media\/20596"}],"wp:attachment":[{"href":"https:\/\/7culture.ci\/index.php\/wp-json\/wp\/v2\/media?parent=20595"}],"wp:term":[{"taxonomy":"category","embeddable":true,"href":"https:\/\/7culture.ci\/index.php\/wp-json\/wp\/v2\/categories?post=20595"},{"taxonomy":"post_tag","embeddable":true,"href":"https:\/\/7culture.ci\/index.php\/wp-json\/wp\/v2\/tags?post=20595"}],"curies":[{"name":"wp","href":"https:\/\/api.w.org\/{rel}","templated":true}]}}